{"id":44855,"date":"2020-07-29T23:26:45","date_gmt":"2020-07-30T04:26:45","guid":{"rendered":"https:\/\/www.dev.nitu.mx\/?p=44855"},"modified":"2020-07-30T01:22:34","modified_gmt":"2020-07-30T06:22:34","slug":"desestiman-problema-de-visitmexico-en-sesion-del-cdt","status":"publish","type":"post","link":"https:\/\/nitu.mx\/index.php\/2020\/07\/29\/desestiman-problema-de-visitmexico-en-sesion-del-cdt\/","title":{"rendered":"Desestiman problema de VisitMexico en sesi\u00f3n del CDT"},"content":{"rendered":"\n<p>En la Segunda Sesi\u00f3n Ordinaria 2020 del Consejo de Diplomacia Tur\u00edstica (CDT), el problema que existe entre las empresas a cargo de la plataforma VisitMexico pareci\u00f3 no ser relevante en la agenda del d\u00eda.<\/p>\n\n\n\n<p>Como hemos informado en NITU.mx, Tecnocen, empresa encargada de la parte t\u00e9cnica de la p\u00e1gina VisitMexico.com solicit\u00f3 a Braintivity el pago de nueve meses pendientes de los 13 en los que ha ofrecido el servicio, y al no tener respuesta, suspendi\u00f3 la p\u00e1gina durante casi cinco d\u00edas. <a href=\"https:\/\/www.dev.nitu.mx\/index.php\/2020\/07\/27\/por-descuido-de-sectur-visitmexico-com-es-disputada-entre-dos-particulares\/\">(Por descuido de Sectur, VisitMexico es disputada entre dos particulares<\/a>)<\/p>\n\n\n\n<p>El impacto en las m\u00e9tricas y posicionamiento en internet por esta \u2018ca\u00edda\u2019 es may\u00fasculo al considerar que VisitMexico es la segunda p\u00e1gina de promoci\u00f3n tur\u00edstica m\u00e1s importante del mundo despu\u00e9s de Australia, en cuanto al ranking digital.<\/p>\n\n\n\n<p>De no atender debidamente este problema, se corre el riesgo de perder un terreno ganado en los 14 a\u00f1os de operaci\u00f3n que tiene esta p\u00e1gina, que de manera org\u00e1nica ya recib\u00eda entre 700 mil y un mill\u00f3n de visitantes al d\u00eda.<\/p>\n\n\n\n<p>Pero el conflicto parece no quedar del todo claro en el CDT pues en el encuentro virtual VisitMexico sigue figurando como la carta fuerte de la promoci\u00f3n tur\u00edstica, que como parte de la segunda fase de la estrategia digital lanz\u00f3 la campa\u00f1a \u201cPiensa en M\u00e9xico\u201d, con videos que promueven los 32 estados del pa\u00eds.<\/p>\n\n\n\n<p>Otra iniciativa de VisitMexico es \u201cHistorias que reflejan lo mejor de todos\u201d, que echar\u00e1 mano de reconocidos directores mexicanos de cine, entre otras acciones de difusi\u00f3n y relaciones p\u00fablicas para promover la plataforma.<\/p>\n\n\n\n<p>Los resultados de la estrategia integral para la reactivaci\u00f3n del sector tur\u00edstico fueron presentados por Marcos Achar, presidente de VisitMexico, en los que todav\u00eda no se refleja el impacto del cierre del sitio web.<\/p>\n\n\n\n<p>Por ahora, los activos digitales de VisitMexico.com siguen en manos de Sergio Loredo, director de Tecnocen, quien propone entregarlos directamente al presidente Andr\u00e9s Manuel L\u00f3pez Obrador, ante el incumplimiento de la empresa de Achar. (<a href=\"https:\/\/www.dev.nitu.mx\/index.php\/2020\/07\/27\/visitmexico-com-ya-esta-nuevamente-en-linea-pese-a-falta-de-pago\/\">VisitMexico.com ya est\u00e1 nuevamente en l\u00ednea pese a falta de pago<\/a>)<\/p>\n","protected":false},"excerpt":{"rendered":"<p>En la Segunda Sesi\u00f3n Ordinaria 2020 del Consejo de Diplomacia Tur\u00edstica (CDT), el problema que existe entre las empresas a cargo de la plataforma VisitMexico pareci\u00f3 no ser relevante en la agenda del d\u00eda. Como hemos informado en NITU.mx, Tecnocen, empresa encargada de la parte t\u00e9cnica de la p\u00e1gina VisitMexico.com solicit\u00f3 a Braintivity el pago [&hellip;]<\/p>\n","protected":false},"author":5,"featured_media":44862,"comment_status":"open","ping_status":"open","sticky":false,"template":"","format":"standard","meta":{"footnotes":""},"categories":[12],"tags":[18411,16460,93,17143],"yoast_head":"<!-- This site is optimized with the Yoast SEO plugin v22.2 - https:\/\/yoast.com\/wordpress\/plugins\/seo\/ -->\n<title>Desestiman problema de VisitMexico en sesi\u00f3n del CDT - Nitu - Noticias de la Industria Turistica<\/title>\n<meta name=\"robots\" content=\"index, follow, max-snippet:-1, max-image-preview:large, max-video-preview:-1\" \/>\n<link rel=\"canonical\" href=\"https:\/\/nitu.mx\/index.php\/2020\/07\/29\/desestiman-problema-de-visitmexico-en-sesion-del-cdt\/\" \/>\n<meta name=\"twitter:card\" content=\"summary_large_image\" \/>\n<meta name=\"twitter:title\" content=\"Desestiman problema de VisitMexico en sesi\u00f3n del CDT - Nitu - Noticias de la Industria Turistica\" \/>\n<meta name=\"twitter:description\" content=\"En la Segunda Sesi\u00f3n Ordinaria 2020 del Consejo de Diplomacia Tur\u00edstica (CDT), el problema que existe entre las empresas a cargo de la plataforma VisitMexico pareci\u00f3 no ser relevante en la agenda del d\u00eda. Como hemos informado en NITU.mx, Tecnocen, empresa encargada de la parte t\u00e9cnica de la p\u00e1gina VisitMexico.com solicit\u00f3 a Braintivity el pago [&hellip;]\" \/>\n<meta name=\"twitter:image\" content=\"https:\/\/nitu.mx\/wp-content\/uploads\/2020\/07\/CDT-Torruco.jpg\" \/>\n<meta name=\"twitter:creator\" content=\"@NITUmx\" \/>\n<meta name=\"twitter:site\" content=\"@Arturo_Medina_G\" \/>\n<meta name=\"twitter:label1\" content=\"Escrito por\" \/>\n\t<meta name=\"twitter:data1\" content=\"Mari Soto\" \/>\n\t<meta name=\"twitter:label2\" content=\"Tiempo de lectura\" \/>\n\t<meta name=\"twitter:data2\" content=\"2 minutos\" \/>\n<script type=\"application\/ld+json\" class=\"yoast-schema-graph\">{\"@context\":\"https:\/\/schema.org\",\"@graph\":[{\"@type\":\"Article\",\"@id\":\"https:\/\/nitu.mx\/index.php\/2020\/07\/29\/desestiman-problema-de-visitmexico-en-sesion-del-cdt\/#article\",\"isPartOf\":{\"@id\":\"https:\/\/nitu.mx\/index.php\/2020\/07\/29\/desestiman-problema-de-visitmexico-en-sesion-del-cdt\/\"},\"author\":{\"name\":\"Mari Soto\",\"@id\":\"https:\/\/nitu.mx\/#\/schema\/person\/afc52e313e27e660739556d421d3d6b4\"},\"headline\":\"Desestiman problema de VisitMexico en sesi\u00f3n del CDT\",\"datePublished\":\"2020-07-30T04:26:45+00:00\",\"dateModified\":\"2020-07-30T06:22:34+00:00\",\"mainEntityOfPage\":{\"@id\":\"https:\/\/nitu.mx\/index.php\/2020\/07\/29\/desestiman-problema-de-visitmexico-en-sesion-del-cdt\/\"},\"wordCount\":378,\"commentCount\":0,\"publisher\":{\"@id\":\"https:\/\/nitu.mx\/#\/schema\/person\/ae7a53426417292d3dd07b45a33e01bc\"},\"image\":{\"@id\":\"https:\/\/nitu.mx\/index.php\/2020\/07\/29\/desestiman-problema-de-visitmexico-en-sesion-del-cdt\/#primaryimage\"},\"thumbnailUrl\":\"https:\/\/nitu.mx\/wp-content\/uploads\/2020\/07\/CDT-Torruco.jpg\",\"keywords\":[\"CDT\",\"Consejo de Diplomacia Tur\u00edstica\",\"Sectur\",\"VisitMexico\"],\"articleSection\":[\"Marketing\"],\"inLanguage\":\"es-MX\",\"potentialAction\":[{\"@type\":\"CommentAction\",\"name\":\"Comment\",\"target\":[\"https:\/\/nitu.mx\/index.php\/2020\/07\/29\/desestiman-problema-de-visitmexico-en-sesion-del-cdt\/#respond\"]}]},{\"@type\":\"WebPage\",\"@id\":\"https:\/\/nitu.mx\/index.php\/2020\/07\/29\/desestiman-problema-de-visitmexico-en-sesion-del-cdt\/\",\"url\":\"https:\/\/nitu.mx\/index.php\/2020\/07\/29\/desestiman-problema-de-visitmexico-en-sesion-del-cdt\/\",\"name\":\"Desestiman problema de VisitMexico en sesi\u00f3n del CDT - Nitu - Noticias de la Industria Turistica\",\"isPartOf\":{\"@id\":\"https:\/\/nitu.mx\/#website\"},\"primaryImageOfPage\":{\"@id\":\"https:\/\/nitu.mx\/index.php\/2020\/07\/29\/desestiman-problema-de-visitmexico-en-sesion-del-cdt\/#primaryimage\"},\"image\":{\"@id\":\"https:\/\/nitu.mx\/index.php\/2020\/07\/29\/desestiman-problema-de-visitmexico-en-sesion-del-cdt\/#primaryimage\"},\"thumbnailUrl\":\"https:\/\/nitu.mx\/wp-content\/uploads\/2020\/07\/CDT-Torruco.jpg\",\"datePublished\":\"2020-07-30T04:26:45+00:00\",\"dateModified\":\"2020-07-30T06:22:34+00:00\",\"breadcrumb\":{\"@id\":\"https:\/\/nitu.mx\/index.php\/2020\/07\/29\/desestiman-problema-de-visitmexico-en-sesion-del-cdt\/#breadcrumb\"},\"inLanguage\":\"es-MX\",\"potentialAction\":[{\"@type\":\"ReadAction\",\"target\":[\"https:\/\/nitu.mx\/index.php\/2020\/07\/29\/desestiman-problema-de-visitmexico-en-sesion-del-cdt\/\"]}]},{\"@type\":\"ImageObject\",\"inLanguage\":\"es-MX\",\"@id\":\"https:\/\/nitu.mx\/index.php\/2020\/07\/29\/desestiman-problema-de-visitmexico-en-sesion-del-cdt\/#primaryimage\",\"url\":\"https:\/\/nitu.mx\/wp-content\/uploads\/2020\/07\/CDT-Torruco.jpg\",\"contentUrl\":\"https:\/\/nitu.mx\/wp-content\/uploads\/2020\/07\/CDT-Torruco.jpg\",\"width\":850,\"height\":480},{\"@type\":\"BreadcrumbList\",\"@id\":\"https:\/\/nitu.mx\/index.php\/2020\/07\/29\/desestiman-problema-de-visitmexico-en-sesion-del-cdt\/#breadcrumb\",\"itemListElement\":[{\"@type\":\"ListItem\",\"position\":1,\"name\":\"Inicio\",\"item\":\"https:\/\/nitu.mx\/\"},{\"@type\":\"ListItem\",\"position\":2,\"name\":\"Desestiman problema de VisitMexico en sesi\u00f3n del CDT\"}]},{\"@type\":\"WebSite\",\"@id\":\"https:\/\/nitu.mx\/#website\",\"url\":\"https:\/\/nitu.mx\/\",\"name\":\"Nitu - Noticias de la Industria Turistica\",\"description\":\"Noticias de la Industria Turistica\",\"publisher\":{\"@id\":\"https:\/\/nitu.mx\/#\/schema\/person\/ae7a53426417292d3dd07b45a33e01bc\"},\"alternateName\":\"Noticias de la Industria Turistica\",\"potentialAction\":[{\"@type\":\"SearchAction\",\"target\":{\"@type\":\"EntryPoint\",\"urlTemplate\":\"https:\/\/nitu.mx\/?s={search_term_string}\"},\"query-input\":\"required name=search_term_string\"}],\"inLanguage\":\"es-MX\"},{\"@type\":[\"Person\",\"Organization\"],\"@id\":\"https:\/\/nitu.mx\/#\/schema\/person\/ae7a53426417292d3dd07b45a33e01bc\",\"name\":\"Arturo Medina\",\"image\":{\"@type\":\"ImageObject\",\"inLanguage\":\"es-MX\",\"@id\":\"https:\/\/nitu.mx\/#\/schema\/person\/image\/\",\"url\":\"https:\/\/nitu.mx\/wp-content\/uploads\/2024\/04\/4A315622-1904-4D5C-B022-878CDC840E04-90x90-1.jpeg\",\"contentUrl\":\"https:\/\/nitu.mx\/wp-content\/uploads\/2024\/04\/4A315622-1904-4D5C-B022-878CDC840E04-90x90-1.jpeg\",\"width\":90,\"height\":90,\"caption\":\"Arturo Medina\"},\"logo\":{\"@id\":\"https:\/\/nitu.mx\/#\/schema\/person\/image\/\"},\"description\":\"Director NITU.mx, Egresado de la Escuela de Periodismo Carlos Septi\u00e9n Garc\u00eda. Periodista y analista especializado en turismo desde hace 35 a\u00f1os, radicado en Canc\u00fan Q.Roo. arturo@nitu.mx\",\"sameAs\":[\"https:\/\/nitu.mx\",\"https:\/\/www.facebook.com\/NITUmx\/\",\"medinacancun\",\"https:\/\/twitter.com\/@Arturo_Medina_G\"]},{\"@type\":\"Person\",\"@id\":\"https:\/\/nitu.mx\/#\/schema\/person\/afc52e313e27e660739556d421d3d6b4\",\"name\":\"Mari Soto\",\"image\":{\"@type\":\"ImageObject\",\"inLanguage\":\"es-MX\",\"@id\":\"https:\/\/nitu.mx\/#\/schema\/person\/image\/\",\"url\":\"https:\/\/secure.gravatar.com\/avatar\/2619c282a180a20d89fcaea82a6736e2?s=96&d=mm&r=g\",\"contentUrl\":\"https:\/\/secure.gravatar.com\/avatar\/2619c282a180a20d89fcaea82a6736e2?s=96&d=mm&r=g\",\"caption\":\"Mari Soto\"},\"sameAs\":[\"https:\/\/nitu.mx\"],\"url\":\"https:\/\/nitu.mx\/index.php\/author\/guadalupe\/\"}]}<\/script>\n<!-- \/ Yoast SEO plugin. -->","yoast_head_json":{"title":"Desestiman problema de VisitMexico en sesi\u00f3n del CDT - Nitu - Noticias de la Industria Turistica","robots":{"index":"index","follow":"follow","max-snippet":"max-snippet:-1","max-image-preview":"max-image-preview:large","max-video-preview":"max-video-preview:-1"},"canonical":"https:\/\/nitu.mx\/index.php\/2020\/07\/29\/desestiman-problema-de-visitmexico-en-sesion-del-cdt\/","twitter_card":"summary_large_image","twitter_title":"Desestiman problema de VisitMexico en sesi\u00f3n del CDT - Nitu - Noticias de la Industria Turistica","twitter_description":"En la Segunda Sesi\u00f3n Ordinaria 2020 del Consejo de Diplomacia Tur\u00edstica (CDT), el problema que existe entre las empresas a cargo de la plataforma VisitMexico pareci\u00f3 no ser relevante en la agenda del d\u00eda. Como hemos informado en NITU.mx, Tecnocen, empresa encargada de la parte t\u00e9cnica de la p\u00e1gina VisitMexico.com solicit\u00f3 a Braintivity el pago [&hellip;]","twitter_image":"https:\/\/nitu.mx\/wp-content\/uploads\/2020\/07\/CDT-Torruco.jpg","twitter_creator":"@NITUmx","twitter_site":"@Arturo_Medina_G","twitter_misc":{"Escrito por":"Mari Soto","Tiempo de lectura":"2 minutos"},"schema":{"@context":"https:\/\/schema.org","@graph":[{"@type":"Article","@id":"https:\/\/nitu.mx\/index.php\/2020\/07\/29\/desestiman-problema-de-visitmexico-en-sesion-del-cdt\/#article","isPartOf":{"@id":"https:\/\/nitu.mx\/index.php\/2020\/07\/29\/desestiman-problema-de-visitmexico-en-sesion-del-cdt\/"},"author":{"name":"Mari Soto","@id":"https:\/\/nitu.mx\/#\/schema\/person\/afc52e313e27e660739556d421d3d6b4"},"headline":"Desestiman problema de VisitMexico en sesi\u00f3n del CDT","datePublished":"2020-07-30T04:26:45+00:00","dateModified":"2020-07-30T06:22:34+00:00","mainEntityOfPage":{"@id":"https:\/\/nitu.mx\/index.php\/2020\/07\/29\/desestiman-problema-de-visitmexico-en-sesion-del-cdt\/"},"wordCount":378,"commentCount":0,"publisher":{"@id":"https:\/\/nitu.mx\/#\/schema\/person\/ae7a53426417292d3dd07b45a33e01bc"},"image":{"@id":"https:\/\/nitu.mx\/index.php\/2020\/07\/29\/desestiman-problema-de-visitmexico-en-sesion-del-cdt\/#primaryimage"},"thumbnailUrl":"https:\/\/nitu.mx\/wp-content\/uploads\/2020\/07\/CDT-Torruco.jpg","keywords":["CDT","Consejo de Diplomacia Tur\u00edstica","Sectur","VisitMexico"],"articleSection":["Marketing"],"inLanguage":"es-MX","potentialAction":[{"@type":"CommentAction","name":"Comment","target":["https:\/\/nitu.mx\/index.php\/2020\/07\/29\/desestiman-problema-de-visitmexico-en-sesion-del-cdt\/#respond"]}]},{"@type":"WebPage","@id":"https:\/\/nitu.mx\/index.php\/2020\/07\/29\/desestiman-problema-de-visitmexico-en-sesion-del-cdt\/","url":"https:\/\/nitu.mx\/index.php\/2020\/07\/29\/desestiman-problema-de-visitmexico-en-sesion-del-cdt\/","name":"Desestiman problema de VisitMexico en sesi\u00f3n del CDT - Nitu - Noticias de la Industria Turistica","isPartOf":{"@id":"https:\/\/nitu.mx\/#website"},"primaryImageOfPage":{"@id":"https:\/\/nitu.mx\/index.php\/2020\/07\/29\/desestiman-problema-de-visitmexico-en-sesion-del-cdt\/#primaryimage"},"image":{"@id":"https:\/\/nitu.mx\/index.php\/2020\/07\/29\/desestiman-problema-de-visitmexico-en-sesion-del-cdt\/#primaryimage"},"thumbnailUrl":"https:\/\/nitu.mx\/wp-content\/uploads\/2020\/07\/CDT-Torruco.jpg","datePublished":"2020-07-30T04:26:45+00:00","dateModified":"2020-07-30T06:22:34+00:00","breadcrumb":{"@id":"https:\/\/nitu.mx\/index.php\/2020\/07\/29\/desestiman-problema-de-visitmexico-en-sesion-del-cdt\/#breadcrumb"},"inLanguage":"es-MX","potentialAction":[{"@type":"ReadAction","target":["https:\/\/nitu.mx\/index.php\/2020\/07\/29\/desestiman-problema-de-visitmexico-en-sesion-del-cdt\/"]}]},{"@type":"ImageObject","inLanguage":"es-MX","@id":"https:\/\/nitu.mx\/index.php\/2020\/07\/29\/desestiman-problema-de-visitmexico-en-sesion-del-cdt\/#primaryimage","url":"https:\/\/nitu.mx\/wp-content\/uploads\/2020\/07\/CDT-Torruco.jpg","contentUrl":"https:\/\/nitu.mx\/wp-content\/uploads\/2020\/07\/CDT-Torruco.jpg","width":850,"height":480},{"@type":"BreadcrumbList","@id":"https:\/\/nitu.mx\/index.php\/2020\/07\/29\/desestiman-problema-de-visitmexico-en-sesion-del-cdt\/#breadcrumb","itemListElement":[{"@type":"ListItem","position":1,"name":"Inicio","item":"https:\/\/nitu.mx\/"},{"@type":"ListItem","position":2,"name":"Desestiman problema de VisitMexico en sesi\u00f3n del CDT"}]},{"@type":"WebSite","@id":"https:\/\/nitu.mx\/#website","url":"https:\/\/nitu.mx\/","name":"Nitu - Noticias de la Industria Turistica","description":"Noticias de la Industria Turistica","publisher":{"@id":"https:\/\/nitu.mx\/#\/schema\/person\/ae7a53426417292d3dd07b45a33e01bc"},"alternateName":"Noticias de la Industria Turistica","potentialAction":[{"@type":"SearchAction","target":{"@type":"EntryPoint","urlTemplate":"https:\/\/nitu.mx\/?s={search_term_string}"},"query-input":"required name=search_term_string"}],"inLanguage":"es-MX"},{"@type":["Person","Organization"],"@id":"https:\/\/nitu.mx\/#\/schema\/person\/ae7a53426417292d3dd07b45a33e01bc","name":"Arturo Medina","image":{"@type":"ImageObject","inLanguage":"es-MX","@id":"https:\/\/nitu.mx\/#\/schema\/person\/image\/","url":"https:\/\/nitu.mx\/wp-content\/uploads\/2024\/04\/4A315622-1904-4D5C-B022-878CDC840E04-90x90-1.jpeg","contentUrl":"https:\/\/nitu.mx\/wp-content\/uploads\/2024\/04\/4A315622-1904-4D5C-B022-878CDC840E04-90x90-1.jpeg","width":90,"height":90,"caption":"Arturo Medina"},"logo":{"@id":"https:\/\/nitu.mx\/#\/schema\/person\/image\/"},"description":"Director NITU.mx, Egresado de la Escuela de Periodismo Carlos Septi\u00e9n Garc\u00eda. Periodista y analista especializado en turismo desde hace 35 a\u00f1os, radicado en Canc\u00fan Q.Roo. arturo@nitu.mx","sameAs":["https:\/\/nitu.mx","https:\/\/www.facebook.com\/NITUmx\/","medinacancun","https:\/\/twitter.com\/@Arturo_Medina_G"]},{"@type":"Person","@id":"https:\/\/nitu.mx\/#\/schema\/person\/afc52e313e27e660739556d421d3d6b4","name":"Mari Soto","image":{"@type":"ImageObject","inLanguage":"es-MX","@id":"https:\/\/nitu.mx\/#\/schema\/person\/image\/","url":"https:\/\/secure.gravatar.com\/avatar\/2619c282a180a20d89fcaea82a6736e2?s=96&d=mm&r=g","contentUrl":"https:\/\/secure.gravatar.com\/avatar\/2619c282a180a20d89fcaea82a6736e2?s=96&d=mm&r=g","caption":"Mari Soto"},"sameAs":["https:\/\/nitu.mx"],"url":"https:\/\/nitu.mx\/index.php\/author\/guadalupe\/"}]}},"views":309,"_links":{"self":[{"href":"https:\/\/nitu.mx\/index.php\/wp-json\/wp\/v2\/posts\/44855"}],"collection":[{"href":"https:\/\/nitu.mx\/index.php\/wp-json\/wp\/v2\/posts"}],"about":[{"href":"https:\/\/nitu.mx\/index.php\/wp-json\/wp\/v2\/types\/post"}],"author":[{"embeddable":true,"href":"https:\/\/nitu.mx\/index.php\/wp-json\/wp\/v2\/users\/5"}],"replies":[{"embeddable":true,"href":"https:\/\/nitu.mx\/index.php\/wp-json\/wp\/v2\/comments?post=44855"}],"version-history":[{"count":2,"href":"https:\/\/nitu.mx\/index.php\/wp-json\/wp\/v2\/posts\/44855\/revisions"}],"predecessor-version":[{"id":44861,"href":"https:\/\/nitu.mx\/index.php\/wp-json\/wp\/v2\/posts\/44855\/revisions\/44861"}],"wp:featuredmedia":[{"embeddable":true,"href":"https:\/\/nitu.mx\/index.php\/wp-json\/wp\/v2\/media\/44862"}],"wp:attachment":[{"href":"https:\/\/nitu.mx\/index.php\/wp-json\/wp\/v2\/media?parent=44855"}],"wp:term":[{"taxonomy":"category","embeddable":true,"href":"https:\/\/nitu.mx\/index.php\/wp-json\/wp\/v2\/categories?post=44855"},{"taxonomy":"post_tag","embeddable":true,"href":"https:\/\/nitu.mx\/index.php\/wp-json\/wp\/v2\/tags?post=44855"}],"curies":[{"name":"wp","href":"https:\/\/api.w.org\/{rel}","templated":true}]}}