{"id":44849,"date":"2020-07-30T00:39:52","date_gmt":"2020-07-30T05:39:52","guid":{"rendered":"https:\/\/www.dev.nitu.mx\/?p=44849"},"modified":"2020-07-30T03:16:34","modified_gmt":"2020-07-30T08:16:34","slug":"sustentur-pide-a-ip-reconocer-valor-de-ecosistemas-en-el-turismo-e-invertir","status":"publish","type":"post","link":"https:\/\/nitu.mx\/index.php\/2020\/07\/30\/sustentur-pide-a-ip-reconocer-valor-de-ecosistemas-en-el-turismo-e-invertir\/","title":{"rendered":"Sustentur pide a IP reconocer valor de ecosistemas en el turismo e invertir"},"content":{"rendered":"\n<p>El proceso que vive la Riviera Maya a ra\u00edz del covid-19 es un hito que marcar\u00e1 el camino de la regi\u00f3n en materia de adaptaci\u00f3n al cambio clim\u00e1tico y otros temas ambientales; si bien la pandemia tuvo impactos que rebasaron cualquier escenario previsible, con el tiempo ha quedado claro que \u00e9sta tuvo su origen en las malas pr\u00e1cticas ambientales que hemos reproducido durante a\u00f1os, destac\u00f3 Vicente Ferreyra, director general de Sustentur.<\/p>\n\n\n\n<p>Destac\u00f3 que el sector privado tiene la oportunidad y la responsabilidad de tomar acciones que prevengan una crisis semejante en el futuro, entre ellas reconocer el valor de los ecosistemas para la protecci\u00f3n del turismo e invertir en soluciones basadas en la naturaleza.<\/p>\n\n\n\n<p>\u201cEs momento de invertir en la conservaci\u00f3n y la regeneraci\u00f3n de los activos naturales que nos permiten beneficiarnos econ\u00f3micamente de la regi\u00f3n. S\u00f3lo esta visi\u00f3n de largo plazo har\u00e1 posible un turismo sostenible en la Riviera Maya\u201d, manifest\u00f3.<\/p>\n\n\n\n<p>Se requiere, manifest\u00f3, proteger los arrecifes de coral, las zonas selv\u00e1ticas y los pastos marinos, que permiten el desarrollo de la actividad tur\u00edstica: \u201cLa inversi\u00f3n en estas soluciones es una tendencia global\u201d.<\/p>\n\n\n\n<p>Para Ferreyra Acosta la crisis sanitaria es tambi\u00e9n un tiempo de replantear el rumbo del destino, en especial ante un futuro incierto. (<a href=\"https:\/\/www.dev.nitu.mx\/index.php\/2020\/02\/25\/tendencia-mundial-de-turismo-ecologico-crece-afirma-sustentur\/\">Tendencia mundial de turismo ecol\u00f3gico crece afirma Sustentur<\/a>).<\/p>\n\n\n\n<p>\u201cEl contexto actual pone sobre la mesa, una vez m\u00e1s, la necesidad de replantear y programar con visi\u00f3n a futuro el tipo de turismo que queremos. Por las nuevas condiciones de convivencia, \u00e9ste deber\u00e1 ser sustentable, de naturaleza, de retiro y con involucramiento de las comunidades rurales\u201d, dijo.<\/p>\n\n\n\n<p>El trabajo de las empresas privadas en temas de cambio clim\u00e1tico y de adaptaci\u00f3n basada en ecosistemas disminuye el riesgo percibido por inversionistas y les permite acceder a recursos financieros que las auxilian en la reconstrucci\u00f3n econ\u00f3mica post COVID-19, as\u00ed como en el fortalecimiento del sector tur\u00edstico en el futuro. (La Jornada Maya)<\/p>\n","protected":false},"excerpt":{"rendered":"<p>El proceso que vive la Riviera Maya a ra\u00edz del covid-19 es un hito que marcar\u00e1 el camino de la regi\u00f3n en materia de adaptaci\u00f3n al cambio clim\u00e1tico y otros temas ambientales; si bien la pandemia tuvo impactos que rebasaron cualquier escenario previsible, con el tiempo ha quedado claro que \u00e9sta tuvo su origen en [&hellip;]<\/p>\n","protected":false},"author":17,"featured_media":44866,"comment_status":"open","ping_status":"open","sticky":false,"template":"","format":"standard","meta":{"footnotes":""},"categories":[18475,6],"tags":[80,8224,1038,1040],"yoast_head":"<!-- This site is optimized with the Yoast SEO plugin v22.2 - https:\/\/yoast.com\/wordpress\/plugins\/seo\/ -->\n<title>Sustentur pide a IP reconocer valor de ecosistemas en el turismo e invertir - Nitu - Noticias de la Industria Turistica<\/title>\n<meta name=\"robots\" content=\"index, follow, max-snippet:-1, max-image-preview:large, max-video-preview:-1\" \/>\n<link rel=\"canonical\" href=\"https:\/\/nitu.mx\/index.php\/2020\/07\/30\/sustentur-pide-a-ip-reconocer-valor-de-ecosistemas-en-el-turismo-e-invertir\/\" \/>\n<meta name=\"twitter:card\" content=\"summary_large_image\" \/>\n<meta name=\"twitter:title\" content=\"Sustentur pide a IP reconocer valor de ecosistemas en el turismo e invertir - Nitu - Noticias de la Industria Turistica\" \/>\n<meta name=\"twitter:description\" content=\"El proceso que vive la Riviera Maya a ra\u00edz del covid-19 es un hito que marcar\u00e1 el camino de la regi\u00f3n en materia de adaptaci\u00f3n al cambio clim\u00e1tico y otros temas ambientales; si bien la pandemia tuvo impactos que rebasaron cualquier escenario previsible, con el tiempo ha quedado claro que \u00e9sta tuvo su origen en [&hellip;]\" \/>\n<meta name=\"twitter:image\" content=\"https:\/\/nitu.mx\/wp-content\/uploads\/2020\/07\/Vicente-Ferreyra-Sustentur.jpg\" \/>\n<meta name=\"twitter:creator\" content=\"@NITUmx\" \/>\n<meta name=\"twitter:site\" content=\"@Arturo_Medina_G\" \/>\n<meta name=\"twitter:label1\" content=\"Escrito por\" \/>\n\t<meta name=\"twitter:data1\" content=\"Redacci\u00f3n\" \/>\n\t<meta name=\"twitter:label2\" content=\"Tiempo de lectura\" \/>\n\t<meta name=\"twitter:data2\" content=\"2 minutos\" \/>\n<script type=\"application\/ld+json\" class=\"yoast-schema-graph\">{\"@context\":\"https:\/\/schema.org\",\"@graph\":[{\"@type\":\"Article\",\"@id\":\"https:\/\/nitu.mx\/index.php\/2020\/07\/30\/sustentur-pide-a-ip-reconocer-valor-de-ecosistemas-en-el-turismo-e-invertir\/#article\",\"isPartOf\":{\"@id\":\"https:\/\/nitu.mx\/index.php\/2020\/07\/30\/sustentur-pide-a-ip-reconocer-valor-de-ecosistemas-en-el-turismo-e-invertir\/\"},\"author\":{\"name\":\"Redacci\u00f3n\",\"@id\":\"https:\/\/nitu.mx\/#\/schema\/person\/4a28fe9bd65924f7c90623773daf1b0b\"},\"headline\":\"Sustentur pide a IP reconocer valor de ecosistemas en el turismo e invertir\",\"datePublished\":\"2020-07-30T05:39:52+00:00\",\"dateModified\":\"2020-07-30T08:16:34+00:00\",\"mainEntityOfPage\":{\"@id\":\"https:\/\/nitu.mx\/index.php\/2020\/07\/30\/sustentur-pide-a-ip-reconocer-valor-de-ecosistemas-en-el-turismo-e-invertir\/\"},\"wordCount\":353,\"commentCount\":0,\"publisher\":{\"@id\":\"https:\/\/nitu.mx\/#\/schema\/person\/ae7a53426417292d3dd07b45a33e01bc\"},\"image\":{\"@id\":\"https:\/\/nitu.mx\/index.php\/2020\/07\/30\/sustentur-pide-a-ip-reconocer-valor-de-ecosistemas-en-el-turismo-e-invertir\/#primaryimage\"},\"thumbnailUrl\":\"https:\/\/nitu.mx\/wp-content\/uploads\/2020\/07\/Vicente-Ferreyra-Sustentur.jpg\",\"keywords\":[\"Riviera Maya\",\"sector privado\",\"Sustentur\",\"Vicente Ferreyra\"],\"articleSection\":[\"Caribe Mexicano\",\"M\u00e9xico\"],\"inLanguage\":\"es-MX\",\"potentialAction\":[{\"@type\":\"CommentAction\",\"name\":\"Comment\",\"target\":[\"https:\/\/nitu.mx\/index.php\/2020\/07\/30\/sustentur-pide-a-ip-reconocer-valor-de-ecosistemas-en-el-turismo-e-invertir\/#respond\"]}]},{\"@type\":\"WebPage\",\"@id\":\"https:\/\/nitu.mx\/index.php\/2020\/07\/30\/sustentur-pide-a-ip-reconocer-valor-de-ecosistemas-en-el-turismo-e-invertir\/\",\"url\":\"https:\/\/nitu.mx\/index.php\/2020\/07\/30\/sustentur-pide-a-ip-reconocer-valor-de-ecosistemas-en-el-turismo-e-invertir\/\",\"name\":\"Sustentur pide a IP reconocer valor de ecosistemas en el turismo e invertir - Nitu - Noticias de la Industria Turistica\",\"isPartOf\":{\"@id\":\"https:\/\/nitu.mx\/#website\"},\"primaryImageOfPage\":{\"@id\":\"https:\/\/nitu.mx\/index.php\/2020\/07\/30\/sustentur-pide-a-ip-reconocer-valor-de-ecosistemas-en-el-turismo-e-invertir\/#primaryimage\"},\"image\":{\"@id\":\"https:\/\/nitu.mx\/index.php\/2020\/07\/30\/sustentur-pide-a-ip-reconocer-valor-de-ecosistemas-en-el-turismo-e-invertir\/#primaryimage\"},\"thumbnailUrl\":\"https:\/\/nitu.mx\/wp-content\/uploads\/2020\/07\/Vicente-Ferreyra-Sustentur.jpg\",\"datePublished\":\"2020-07-30T05:39:52+00:00\",\"dateModified\":\"2020-07-30T08:16:34+00:00\",\"breadcrumb\":{\"@id\":\"https:\/\/nitu.mx\/index.php\/2020\/07\/30\/sustentur-pide-a-ip-reconocer-valor-de-ecosistemas-en-el-turismo-e-invertir\/#breadcrumb\"},\"inLanguage\":\"es-MX\",\"potentialAction\":[{\"@type\":\"ReadAction\",\"target\":[\"https:\/\/nitu.mx\/index.php\/2020\/07\/30\/sustentur-pide-a-ip-reconocer-valor-de-ecosistemas-en-el-turismo-e-invertir\/\"]}]},{\"@type\":\"ImageObject\",\"inLanguage\":\"es-MX\",\"@id\":\"https:\/\/nitu.mx\/index.php\/2020\/07\/30\/sustentur-pide-a-ip-reconocer-valor-de-ecosistemas-en-el-turismo-e-invertir\/#primaryimage\",\"url\":\"https:\/\/nitu.mx\/wp-content\/uploads\/2020\/07\/Vicente-Ferreyra-Sustentur.jpg\",\"contentUrl\":\"https:\/\/nitu.mx\/wp-content\/uploads\/2020\/07\/Vicente-Ferreyra-Sustentur.jpg\",\"width\":850,\"height\":480},{\"@type\":\"BreadcrumbList\",\"@id\":\"https:\/\/nitu.mx\/index.php\/2020\/07\/30\/sustentur-pide-a-ip-reconocer-valor-de-ecosistemas-en-el-turismo-e-invertir\/#breadcrumb\",\"itemListElement\":[{\"@type\":\"ListItem\",\"position\":1,\"name\":\"Inicio\",\"item\":\"https:\/\/nitu.mx\/\"},{\"@type\":\"ListItem\",\"position\":2,\"name\":\"Sustentur pide a IP reconocer valor de ecosistemas en el turismo e invertir\"}]},{\"@type\":\"WebSite\",\"@id\":\"https:\/\/nitu.mx\/#website\",\"url\":\"https:\/\/nitu.mx\/\",\"name\":\"Nitu - Noticias de la Industria Turistica\",\"description\":\"Noticias de la Industria Turistica\",\"publisher\":{\"@id\":\"https:\/\/nitu.mx\/#\/schema\/person\/ae7a53426417292d3dd07b45a33e01bc\"},\"alternateName\":\"Noticias de la Industria Turistica\",\"potentialAction\":[{\"@type\":\"SearchAction\",\"target\":{\"@type\":\"EntryPoint\",\"urlTemplate\":\"https:\/\/nitu.mx\/?s={search_term_string}\"},\"query-input\":\"required name=search_term_string\"}],\"inLanguage\":\"es-MX\"},{\"@type\":[\"Person\",\"Organization\"],\"@id\":\"https:\/\/nitu.mx\/#\/schema\/person\/ae7a53426417292d3dd07b45a33e01bc\",\"name\":\"Arturo Medina\",\"image\":{\"@type\":\"ImageObject\",\"inLanguage\":\"es-MX\",\"@id\":\"https:\/\/nitu.mx\/#\/schema\/person\/image\/\",\"url\":\"https:\/\/nitu.mx\/wp-content\/uploads\/2024\/04\/4A315622-1904-4D5C-B022-878CDC840E04-90x90-1.jpeg\",\"contentUrl\":\"https:\/\/nitu.mx\/wp-content\/uploads\/2024\/04\/4A315622-1904-4D5C-B022-878CDC840E04-90x90-1.jpeg\",\"width\":90,\"height\":90,\"caption\":\"Arturo Medina\"},\"logo\":{\"@id\":\"https:\/\/nitu.mx\/#\/schema\/person\/image\/\"},\"description\":\"Director NITU.mx, Egresado de la Escuela de Periodismo Carlos Septi\u00e9n Garc\u00eda. Periodista y analista especializado en turismo desde hace 35 a\u00f1os, radicado en Canc\u00fan Q.Roo. arturo@nitu.mx\",\"sameAs\":[\"https:\/\/nitu.mx\",\"https:\/\/www.facebook.com\/NITUmx\/\",\"medinacancun\",\"https:\/\/twitter.com\/@Arturo_Medina_G\"]},{\"@type\":\"Person\",\"@id\":\"https:\/\/nitu.mx\/#\/schema\/person\/4a28fe9bd65924f7c90623773daf1b0b\",\"name\":\"Redacci\u00f3n\",\"image\":{\"@type\":\"ImageObject\",\"inLanguage\":\"es-MX\",\"@id\":\"https:\/\/nitu.mx\/#\/schema\/person\/image\/\",\"url\":\"https:\/\/secure.gravatar.com\/avatar\/5dd011c8ccfc5cd7e4c81e42252aab38?s=96&d=mm&r=g\",\"contentUrl\":\"https:\/\/secure.gravatar.com\/avatar\/5dd011c8ccfc5cd7e4c81e42252aab38?s=96&d=mm&r=g\",\"caption\":\"Redacci\u00f3n\"},\"url\":\"https:\/\/nitu.mx\/index.php\/author\/redaccion\/\"}]}<\/script>\n<!-- \/ Yoast SEO plugin. -->","yoast_head_json":{"title":"Sustentur pide a IP reconocer valor de ecosistemas en el turismo e invertir - Nitu - Noticias de la Industria Turistica","robots":{"index":"index","follow":"follow","max-snippet":"max-snippet:-1","max-image-preview":"max-image-preview:large","max-video-preview":"max-video-preview:-1"},"canonical":"https:\/\/nitu.mx\/index.php\/2020\/07\/30\/sustentur-pide-a-ip-reconocer-valor-de-ecosistemas-en-el-turismo-e-invertir\/","twitter_card":"summary_large_image","twitter_title":"Sustentur pide a IP reconocer valor de ecosistemas en el turismo e invertir - Nitu - Noticias de la Industria Turistica","twitter_description":"El proceso que vive la Riviera Maya a ra\u00edz del covid-19 es un hito que marcar\u00e1 el camino de la regi\u00f3n en materia de adaptaci\u00f3n al cambio clim\u00e1tico y otros temas ambientales; si bien la pandemia tuvo impactos que rebasaron cualquier escenario previsible, con el tiempo ha quedado claro que \u00e9sta tuvo su origen en [&hellip;]","twitter_image":"https:\/\/nitu.mx\/wp-content\/uploads\/2020\/07\/Vicente-Ferreyra-Sustentur.jpg","twitter_creator":"@NITUmx","twitter_site":"@Arturo_Medina_G","twitter_misc":{"Escrito por":"Redacci\u00f3n","Tiempo de lectura":"2 minutos"},"schema":{"@context":"https:\/\/schema.org","@graph":[{"@type":"Article","@id":"https:\/\/nitu.mx\/index.php\/2020\/07\/30\/sustentur-pide-a-ip-reconocer-valor-de-ecosistemas-en-el-turismo-e-invertir\/#article","isPartOf":{"@id":"https:\/\/nitu.mx\/index.php\/2020\/07\/30\/sustentur-pide-a-ip-reconocer-valor-de-ecosistemas-en-el-turismo-e-invertir\/"},"author":{"name":"Redacci\u00f3n","@id":"https:\/\/nitu.mx\/#\/schema\/person\/4a28fe9bd65924f7c90623773daf1b0b"},"headline":"Sustentur pide a IP reconocer valor de ecosistemas en el turismo e invertir","datePublished":"2020-07-30T05:39:52+00:00","dateModified":"2020-07-30T08:16:34+00:00","mainEntityOfPage":{"@id":"https:\/\/nitu.mx\/index.php\/2020\/07\/30\/sustentur-pide-a-ip-reconocer-valor-de-ecosistemas-en-el-turismo-e-invertir\/"},"wordCount":353,"commentCount":0,"publisher":{"@id":"https:\/\/nitu.mx\/#\/schema\/person\/ae7a53426417292d3dd07b45a33e01bc"},"image":{"@id":"https:\/\/nitu.mx\/index.php\/2020\/07\/30\/sustentur-pide-a-ip-reconocer-valor-de-ecosistemas-en-el-turismo-e-invertir\/#primaryimage"},"thumbnailUrl":"https:\/\/nitu.mx\/wp-content\/uploads\/2020\/07\/Vicente-Ferreyra-Sustentur.jpg","keywords":["Riviera Maya","sector privado","Sustentur","Vicente Ferreyra"],"articleSection":["Caribe Mexicano","M\u00e9xico"],"inLanguage":"es-MX","potentialAction":[{"@type":"CommentAction","name":"Comment","target":["https:\/\/nitu.mx\/index.php\/2020\/07\/30\/sustentur-pide-a-ip-reconocer-valor-de-ecosistemas-en-el-turismo-e-invertir\/#respond"]}]},{"@type":"WebPage","@id":"https:\/\/nitu.mx\/index.php\/2020\/07\/30\/sustentur-pide-a-ip-reconocer-valor-de-ecosistemas-en-el-turismo-e-invertir\/","url":"https:\/\/nitu.mx\/index.php\/2020\/07\/30\/sustentur-pide-a-ip-reconocer-valor-de-ecosistemas-en-el-turismo-e-invertir\/","name":"Sustentur pide a IP reconocer valor de ecosistemas en el turismo e invertir - Nitu - Noticias de la Industria Turistica","isPartOf":{"@id":"https:\/\/nitu.mx\/#website"},"primaryImageOfPage":{"@id":"https:\/\/nitu.mx\/index.php\/2020\/07\/30\/sustentur-pide-a-ip-reconocer-valor-de-ecosistemas-en-el-turismo-e-invertir\/#primaryimage"},"image":{"@id":"https:\/\/nitu.mx\/index.php\/2020\/07\/30\/sustentur-pide-a-ip-reconocer-valor-de-ecosistemas-en-el-turismo-e-invertir\/#primaryimage"},"thumbnailUrl":"https:\/\/nitu.mx\/wp-content\/uploads\/2020\/07\/Vicente-Ferreyra-Sustentur.jpg","datePublished":"2020-07-30T05:39:52+00:00","dateModified":"2020-07-30T08:16:34+00:00","breadcrumb":{"@id":"https:\/\/nitu.mx\/index.php\/2020\/07\/30\/sustentur-pide-a-ip-reconocer-valor-de-ecosistemas-en-el-turismo-e-invertir\/#breadcrumb"},"inLanguage":"es-MX","potentialAction":[{"@type":"ReadAction","target":["https:\/\/nitu.mx\/index.php\/2020\/07\/30\/sustentur-pide-a-ip-reconocer-valor-de-ecosistemas-en-el-turismo-e-invertir\/"]}]},{"@type":"ImageObject","inLanguage":"es-MX","@id":"https:\/\/nitu.mx\/index.php\/2020\/07\/30\/sustentur-pide-a-ip-reconocer-valor-de-ecosistemas-en-el-turismo-e-invertir\/#primaryimage","url":"https:\/\/nitu.mx\/wp-content\/uploads\/2020\/07\/Vicente-Ferreyra-Sustentur.jpg","contentUrl":"https:\/\/nitu.mx\/wp-content\/uploads\/2020\/07\/Vicente-Ferreyra-Sustentur.jpg","width":850,"height":480},{"@type":"BreadcrumbList","@id":"https:\/\/nitu.mx\/index.php\/2020\/07\/30\/sustentur-pide-a-ip-reconocer-valor-de-ecosistemas-en-el-turismo-e-invertir\/#breadcrumb","itemListElement":[{"@type":"ListItem","position":1,"name":"Inicio","item":"https:\/\/nitu.mx\/"},{"@type":"ListItem","position":2,"name":"Sustentur pide a IP reconocer valor de ecosistemas en el turismo e invertir"}]},{"@type":"WebSite","@id":"https:\/\/nitu.mx\/#website","url":"https:\/\/nitu.mx\/","name":"Nitu - Noticias de la Industria Turistica","description":"Noticias de la Industria Turistica","publisher":{"@id":"https:\/\/nitu.mx\/#\/schema\/person\/ae7a53426417292d3dd07b45a33e01bc"},"alternateName":"Noticias de la Industria Turistica","potentialAction":[{"@type":"SearchAction","target":{"@type":"EntryPoint","urlTemplate":"https:\/\/nitu.mx\/?s={search_term_string}"},"query-input":"required name=search_term_string"}],"inLanguage":"es-MX"},{"@type":["Person","Organization"],"@id":"https:\/\/nitu.mx\/#\/schema\/person\/ae7a53426417292d3dd07b45a33e01bc","name":"Arturo Medina","image":{"@type":"ImageObject","inLanguage":"es-MX","@id":"https:\/\/nitu.mx\/#\/schema\/person\/image\/","url":"https:\/\/nitu.mx\/wp-content\/uploads\/2024\/04\/4A315622-1904-4D5C-B022-878CDC840E04-90x90-1.jpeg","contentUrl":"https:\/\/nitu.mx\/wp-content\/uploads\/2024\/04\/4A315622-1904-4D5C-B022-878CDC840E04-90x90-1.jpeg","width":90,"height":90,"caption":"Arturo Medina"},"logo":{"@id":"https:\/\/nitu.mx\/#\/schema\/person\/image\/"},"description":"Director NITU.mx, Egresado de la Escuela de Periodismo Carlos Septi\u00e9n Garc\u00eda. Periodista y analista especializado en turismo desde hace 35 a\u00f1os, radicado en Canc\u00fan Q.Roo. arturo@nitu.mx","sameAs":["https:\/\/nitu.mx","https:\/\/www.facebook.com\/NITUmx\/","medinacancun","https:\/\/twitter.com\/@Arturo_Medina_G"]},{"@type":"Person","@id":"https:\/\/nitu.mx\/#\/schema\/person\/4a28fe9bd65924f7c90623773daf1b0b","name":"Redacci\u00f3n","image":{"@type":"ImageObject","inLanguage":"es-MX","@id":"https:\/\/nitu.mx\/#\/schema\/person\/image\/","url":"https:\/\/secure.gravatar.com\/avatar\/5dd011c8ccfc5cd7e4c81e42252aab38?s=96&d=mm&r=g","contentUrl":"https:\/\/secure.gravatar.com\/avatar\/5dd011c8ccfc5cd7e4c81e42252aab38?s=96&d=mm&r=g","caption":"Redacci\u00f3n"},"url":"https:\/\/nitu.mx\/index.php\/author\/redaccion\/"}]}},"views":301,"_links":{"self":[{"href":"https:\/\/nitu.mx\/index.php\/wp-json\/wp\/v2\/posts\/44849"}],"collection":[{"href":"https:\/\/nitu.mx\/index.php\/wp-json\/wp\/v2\/posts"}],"about":[{"href":"https:\/\/nitu.mx\/index.php\/wp-json\/wp\/v2\/types\/post"}],"author":[{"embeddable":true,"href":"https:\/\/nitu.mx\/index.php\/wp-json\/wp\/v2\/users\/17"}],"replies":[{"embeddable":true,"href":"https:\/\/nitu.mx\/index.php\/wp-json\/wp\/v2\/comments?post=44849"}],"version-history":[{"count":4,"href":"https:\/\/nitu.mx\/index.php\/wp-json\/wp\/v2\/posts\/44849\/revisions"}],"predecessor-version":[{"id":44876,"href":"https:\/\/nitu.mx\/index.php\/wp-json\/wp\/v2\/posts\/44849\/revisions\/44876"}],"wp:featuredmedia":[{"embeddable":true,"href":"https:\/\/nitu.mx\/index.php\/wp-json\/wp\/v2\/media\/44866"}],"wp:attachment":[{"href":"https:\/\/nitu.mx\/index.php\/wp-json\/wp\/v2\/media?parent=44849"}],"wp:term":[{"taxonomy":"category","embeddable":true,"href":"https:\/\/nitu.mx\/index.php\/wp-json\/wp\/v2\/categories?post=44849"},{"taxonomy":"post_tag","embeddable":true,"href":"https:\/\/nitu.mx\/index.php\/wp-json\/wp\/v2\/tags?post=44849"}],"curies":[{"name":"wp","href":"https:\/\/api.w.org\/{rel}","templated":true}]}}