{"id":44832,"date":"2020-07-29T00:37:21","date_gmt":"2020-07-29T05:37:21","guid":{"rendered":"https:\/\/www.dev.nitu.mx\/?p=44832"},"modified":"2020-07-29T00:57:19","modified_gmt":"2020-07-29T05:57:19","slug":"itm-y-fundacion-cancun-center-solicitan-apoyo-solidario-en-contingencia","status":"publish","type":"post","link":"https:\/\/nitu.mx\/index.php\/2020\/07\/29\/itm-y-fundacion-cancun-center-solicitan-apoyo-solidario-en-contingencia\/","title":{"rendered":"ITM y Fundaci\u00f3n Canc\u00fan Center solicitan apoyo solidario en contingencia"},"content":{"rendered":"<p>Mariana Perrilliat General Counsel at ITM Group y Mariana Claver\u00e1n de la Fundaci\u00f3n Canc\u00fan Center ofrecieron un recuento de las acciones que la organizaci\u00f3n que cuenta con m\u00e1s de 10 a\u00f1os de integrada, realiz\u00f3 en apoyo a la comunidad durante este periodo de pandemia y pidi\u00f3 la contribuci\u00f3n de la sociedad para seguir ayudando a quienes lo necesitan en esta contingencia.<\/p>\n<p>Dentro de las acciones que ha realizado la Fundaci\u00f3n Canc\u00fan Center en los diferentes \u00e1reas de la comunidad est\u00e1n las Brigadas de salud que en colaboraci\u00f3n con el movimiento Quintana Roo M\u00e9xico Makers, que junto con el apoyo de IMP Canc\u00fan y sociedad civil recaudaron 28,000 pesos que fueron utilizados para fabricar equipo de protecci\u00f3n m\u00e9dica: 6 cajas de acr\u00edlico transparente para entubar pacientes, 220 caretas te PEGMX y 2,197 caretas de acr\u00edlico con acetato insumos; donados a los hospitales asignados como covid-19 en el municipio de Benito Ju\u00e1rez.<\/p>\n<p>Tambi\u00e9n repartieron despensas para comunidades en la zona maya. Las comunidades de artesanos de varias zonas de Felipe Carrillo Puerto entre otras. Tambi\u00e9n realizaron alianzas estrat\u00e9gicas para fortalecer la posici\u00f3n competitiva de las organizaciones de producci\u00f3n rural de Felipe Carrillo Puerto y Foresta (plataforma de cooperaci\u00f3n comercial), que establecen una alianza cuyos valores y objetivos son afines.<\/p>\n<p>Tambi\u00e9n dieron apoyo a comedores comunitarios; la buena pr\u00e1ctica que ha llevado a cabo la instituci\u00f3n de brindar alimentos a comedores comunitarios de Canc\u00fan se mantuvo y pudieron trasladar 3,545 kg de alimento congelado a dos comedores comunitarios que han emergido y sobresalido por su destacada labor humanitaria, empat\u00eda y generosidad: el Comedor de Dios en Canc\u00fan a cargo de Ricardo Villalba donde se benefician 600 personas diarias y Comedor una mano amiga en Playa del Carmen a cargo de Lupita L\u00f3pez S\u00e1nchez donde las personas beneficiadas son 3,500,<br \/>\nTambi\u00e9n se dio apoyo a comunidades mayas y colonias afectadas por la tormenta Cristobal.<\/p>\n<p>A\u00f1adieron que a\u00fan falta mucho para superar esta complicada contingencia, que ha derivado en otras situaciones cr\u00edticas tambi\u00e9n importantes, por la cual agradecieron y solicitaron empresarios organizaciones y sociedad civil, seguir apoyando los diferentes frentes que realiza esta asociaci\u00f3n civil. Para informes de c\u00f3mo apoyar el contacto es Mariana Claver\u00e1n al 9982141173 y Fundaci\u00f3n Canc\u00fan Center.<\/p>\n","protected":false},"excerpt":{"rendered":"<p>Mariana Perrilliat General Counsel at ITM Group y Mariana Claver\u00e1n de la Fundaci\u00f3n Canc\u00fan Center ofrecieron un recuento de las acciones que la organizaci\u00f3n que cuenta con m\u00e1s de 10 a\u00f1os de integrada, realiz\u00f3 en apoyo a la comunidad durante este periodo de pandemia y pidi\u00f3 la contribuci\u00f3n de la sociedad para seguir ayudando a [&hellip;]<\/p>\n","protected":false},"author":3,"featured_media":41919,"comment_status":"open","ping_status":"open","sticky":false,"template":"","format":"standard","meta":{"footnotes":""},"categories":[18475,6],"tags":[20160,15253,20157,20161],"yoast_head":"<!-- This site is optimized with the Yoast SEO plugin v22.2 - https:\/\/yoast.com\/wordpress\/plugins\/seo\/ -->\n<title>ITM y Fundaci\u00f3n Canc\u00fan Center solicitan apoyo solidario en contingencia - Nitu - Noticias de la Industria Turistica<\/title>\n<meta name=\"robots\" content=\"index, follow, max-snippet:-1, max-image-preview:large, max-video-preview:-1\" \/>\n<link rel=\"canonical\" href=\"https:\/\/nitu.mx\/index.php\/2020\/07\/29\/itm-y-fundacion-cancun-center-solicitan-apoyo-solidario-en-contingencia\/\" \/>\n<meta name=\"twitter:card\" content=\"summary_large_image\" \/>\n<meta name=\"twitter:title\" content=\"ITM y Fundaci\u00f3n Canc\u00fan Center solicitan apoyo solidario en contingencia - Nitu - Noticias de la Industria Turistica\" \/>\n<meta name=\"twitter:description\" content=\"Mariana Perrilliat General Counsel at ITM Group y Mariana Claver\u00e1n de la Fundaci\u00f3n Canc\u00fan Center ofrecieron un recuento de las acciones que la organizaci\u00f3n que cuenta con m\u00e1s de 10 a\u00f1os de integrada, realiz\u00f3 en apoyo a la comunidad durante este periodo de pandemia y pidi\u00f3 la contribuci\u00f3n de la sociedad para seguir ayudando a [&hellip;]\" \/>\n<meta name=\"twitter:image\" content=\"https:\/\/nitu.mx\/wp-content\/uploads\/2020\/04\/cancun-50-aniversario.jpg\" \/>\n<meta name=\"twitter:creator\" content=\"@NITUmx\" \/>\n<meta name=\"twitter:site\" content=\"@Arturo_Medina_G\" \/>\n<meta name=\"twitter:label1\" content=\"Escrito por\" \/>\n\t<meta name=\"twitter:data1\" content=\"Alejandra Moncisbays\" \/>\n\t<meta name=\"twitter:label2\" content=\"Tiempo de lectura\" \/>\n\t<meta name=\"twitter:data2\" content=\"2 minutos\" \/>\n<script type=\"application\/ld+json\" class=\"yoast-schema-graph\">{\"@context\":\"https:\/\/schema.org\",\"@graph\":[{\"@type\":\"Article\",\"@id\":\"https:\/\/nitu.mx\/index.php\/2020\/07\/29\/itm-y-fundacion-cancun-center-solicitan-apoyo-solidario-en-contingencia\/#article\",\"isPartOf\":{\"@id\":\"https:\/\/nitu.mx\/index.php\/2020\/07\/29\/itm-y-fundacion-cancun-center-solicitan-apoyo-solidario-en-contingencia\/\"},\"author\":{\"name\":\"Alejandra Moncisbays\",\"@id\":\"https:\/\/nitu.mx\/#\/schema\/person\/2ecd887b19dfd3382d1f14fc5acf24a8\"},\"headline\":\"ITM y Fundaci\u00f3n Canc\u00fan Center solicitan apoyo solidario en contingencia\",\"datePublished\":\"2020-07-29T05:37:21+00:00\",\"dateModified\":\"2020-07-29T05:57:19+00:00\",\"mainEntityOfPage\":{\"@id\":\"https:\/\/nitu.mx\/index.php\/2020\/07\/29\/itm-y-fundacion-cancun-center-solicitan-apoyo-solidario-en-contingencia\/\"},\"wordCount\":411,\"commentCount\":0,\"publisher\":{\"@id\":\"https:\/\/nitu.mx\/#\/schema\/person\/ae7a53426417292d3dd07b45a33e01bc\"},\"image\":{\"@id\":\"https:\/\/nitu.mx\/index.php\/2020\/07\/29\/itm-y-fundacion-cancun-center-solicitan-apoyo-solidario-en-contingencia\/#primaryimage\"},\"thumbnailUrl\":\"https:\/\/nitu.mx\/wp-content\/uploads\/2020\/04\/cancun-50-aniversario.jpg\",\"keywords\":[\"Fundaci\u00f3n Cancun Center\",\"ITM Group\",\"Mariana Claver\u00e1n\",\"Mariana Perrilliat\"],\"articleSection\":[\"Caribe Mexicano\",\"M\u00e9xico\"],\"inLanguage\":\"es-MX\",\"potentialAction\":[{\"@type\":\"CommentAction\",\"name\":\"Comment\",\"target\":[\"https:\/\/nitu.mx\/index.php\/2020\/07\/29\/itm-y-fundacion-cancun-center-solicitan-apoyo-solidario-en-contingencia\/#respond\"]}]},{\"@type\":\"WebPage\",\"@id\":\"https:\/\/nitu.mx\/index.php\/2020\/07\/29\/itm-y-fundacion-cancun-center-solicitan-apoyo-solidario-en-contingencia\/\",\"url\":\"https:\/\/nitu.mx\/index.php\/2020\/07\/29\/itm-y-fundacion-cancun-center-solicitan-apoyo-solidario-en-contingencia\/\",\"name\":\"ITM y Fundaci\u00f3n Canc\u00fan Center solicitan apoyo solidario en contingencia - Nitu - Noticias de la Industria Turistica\",\"isPartOf\":{\"@id\":\"https:\/\/nitu.mx\/#website\"},\"primaryImageOfPage\":{\"@id\":\"https:\/\/nitu.mx\/index.php\/2020\/07\/29\/itm-y-fundacion-cancun-center-solicitan-apoyo-solidario-en-contingencia\/#primaryimage\"},\"image\":{\"@id\":\"https:\/\/nitu.mx\/index.php\/2020\/07\/29\/itm-y-fundacion-cancun-center-solicitan-apoyo-solidario-en-contingencia\/#primaryimage\"},\"thumbnailUrl\":\"https:\/\/nitu.mx\/wp-content\/uploads\/2020\/04\/cancun-50-aniversario.jpg\",\"datePublished\":\"2020-07-29T05:37:21+00:00\",\"dateModified\":\"2020-07-29T05:57:19+00:00\",\"breadcrumb\":{\"@id\":\"https:\/\/nitu.mx\/index.php\/2020\/07\/29\/itm-y-fundacion-cancun-center-solicitan-apoyo-solidario-en-contingencia\/#breadcrumb\"},\"inLanguage\":\"es-MX\",\"potentialAction\":[{\"@type\":\"ReadAction\",\"target\":[\"https:\/\/nitu.mx\/index.php\/2020\/07\/29\/itm-y-fundacion-cancun-center-solicitan-apoyo-solidario-en-contingencia\/\"]}]},{\"@type\":\"ImageObject\",\"inLanguage\":\"es-MX\",\"@id\":\"https:\/\/nitu.mx\/index.php\/2020\/07\/29\/itm-y-fundacion-cancun-center-solicitan-apoyo-solidario-en-contingencia\/#primaryimage\",\"url\":\"https:\/\/nitu.mx\/wp-content\/uploads\/2020\/04\/cancun-50-aniversario.jpg\",\"contentUrl\":\"https:\/\/nitu.mx\/wp-content\/uploads\/2020\/04\/cancun-50-aniversario.jpg\",\"width\":850,\"height\":480,\"caption\":\"cancun 50 aniversario WTTC\"},{\"@type\":\"BreadcrumbList\",\"@id\":\"https:\/\/nitu.mx\/index.php\/2020\/07\/29\/itm-y-fundacion-cancun-center-solicitan-apoyo-solidario-en-contingencia\/#breadcrumb\",\"itemListElement\":[{\"@type\":\"ListItem\",\"position\":1,\"name\":\"Inicio\",\"item\":\"https:\/\/nitu.mx\/\"},{\"@type\":\"ListItem\",\"position\":2,\"name\":\"ITM y Fundaci\u00f3n Canc\u00fan Center solicitan apoyo solidario en contingencia\"}]},{\"@type\":\"WebSite\",\"@id\":\"https:\/\/nitu.mx\/#website\",\"url\":\"https:\/\/nitu.mx\/\",\"name\":\"Nitu - Noticias de la Industria Turistica\",\"description\":\"Noticias de la Industria Turistica\",\"publisher\":{\"@id\":\"https:\/\/nitu.mx\/#\/schema\/person\/ae7a53426417292d3dd07b45a33e01bc\"},\"alternateName\":\"Noticias de la Industria Turistica\",\"potentialAction\":[{\"@type\":\"SearchAction\",\"target\":{\"@type\":\"EntryPoint\",\"urlTemplate\":\"https:\/\/nitu.mx\/?s={search_term_string}\"},\"query-input\":\"required name=search_term_string\"}],\"inLanguage\":\"es-MX\"},{\"@type\":[\"Person\",\"Organization\"],\"@id\":\"https:\/\/nitu.mx\/#\/schema\/person\/ae7a53426417292d3dd07b45a33e01bc\",\"name\":\"Arturo Medina\",\"image\":{\"@type\":\"ImageObject\",\"inLanguage\":\"es-MX\",\"@id\":\"https:\/\/nitu.mx\/#\/schema\/person\/image\/\",\"url\":\"https:\/\/nitu.mx\/wp-content\/uploads\/2024\/04\/4A315622-1904-4D5C-B022-878CDC840E04-90x90-1.jpeg\",\"contentUrl\":\"https:\/\/nitu.mx\/wp-content\/uploads\/2024\/04\/4A315622-1904-4D5C-B022-878CDC840E04-90x90-1.jpeg\",\"width\":90,\"height\":90,\"caption\":\"Arturo Medina\"},\"logo\":{\"@id\":\"https:\/\/nitu.mx\/#\/schema\/person\/image\/\"},\"description\":\"Director NITU.mx, Egresado de la Escuela de Periodismo Carlos Septi\u00e9n Garc\u00eda. Periodista y analista especializado en turismo desde hace 35 a\u00f1os, radicado en Canc\u00fan Q.Roo. arturo@nitu.mx\",\"sameAs\":[\"https:\/\/nitu.mx\",\"https:\/\/www.facebook.com\/NITUmx\/\",\"medinacancun\",\"https:\/\/twitter.com\/@Arturo_Medina_G\"]},{\"@type\":\"Person\",\"@id\":\"https:\/\/nitu.mx\/#\/schema\/person\/2ecd887b19dfd3382d1f14fc5acf24a8\",\"name\":\"Alejandra Moncisbays\",\"image\":{\"@type\":\"ImageObject\",\"inLanguage\":\"es-MX\",\"@id\":\"https:\/\/nitu.mx\/#\/schema\/person\/image\/\",\"url\":\"https:\/\/secure.gravatar.com\/avatar\/e74f7af0be172b7804dacfd0bfbef787?s=96&d=mm&r=g\",\"contentUrl\":\"https:\/\/secure.gravatar.com\/avatar\/e74f7af0be172b7804dacfd0bfbef787?s=96&d=mm&r=g\",\"caption\":\"Alejandra Moncisbays\"},\"description\":\"Curs\u00e9 la carrera de Periodismo y Comunicaci\u00f3n en la Facultad de Estudios Profesionales Acatl\u00e1n. Vivo en Canc\u00fan desde hace 24 a\u00f1os. Fui reportera de La Tarde de Canc\u00fan, y Novedades de Quintana Roo, colabor\u00e9 en TVCUN, edit\u00e9 Cancun\u00edssimo y colabor\u00e9 en las revistas Latitud21, entre otras, con principal enfoque en los sectores empresarial y tur\u00edstico. Desde hace varios a\u00f1os soy Agente de Seguros con c\u00e9dula de la Comisi\u00f3n Nacional de Seguros y Fianzas. Actualmente, me desarrollo en los \u00e1mbitos del periodismo y el sector asegurador.\",\"sameAs\":[\"https:\/\/nitu.mx\"],\"url\":\"https:\/\/nitu.mx\/index.php\/author\/alejandra\/\"}]}<\/script>\n<!-- \/ Yoast SEO plugin. -->","yoast_head_json":{"title":"ITM y Fundaci\u00f3n Canc\u00fan Center solicitan apoyo solidario en contingencia - Nitu - Noticias de la Industria Turistica","robots":{"index":"index","follow":"follow","max-snippet":"max-snippet:-1","max-image-preview":"max-image-preview:large","max-video-preview":"max-video-preview:-1"},"canonical":"https:\/\/nitu.mx\/index.php\/2020\/07\/29\/itm-y-fundacion-cancun-center-solicitan-apoyo-solidario-en-contingencia\/","twitter_card":"summary_large_image","twitter_title":"ITM y Fundaci\u00f3n Canc\u00fan Center solicitan apoyo solidario en contingencia - Nitu - Noticias de la Industria Turistica","twitter_description":"Mariana Perrilliat General Counsel at ITM Group y Mariana Claver\u00e1n de la Fundaci\u00f3n Canc\u00fan Center ofrecieron un recuento de las acciones que la organizaci\u00f3n que cuenta con m\u00e1s de 10 a\u00f1os de integrada, realiz\u00f3 en apoyo a la comunidad durante este periodo de pandemia y pidi\u00f3 la contribuci\u00f3n de la sociedad para seguir ayudando a [&hellip;]","twitter_image":"https:\/\/nitu.mx\/wp-content\/uploads\/2020\/04\/cancun-50-aniversario.jpg","twitter_creator":"@NITUmx","twitter_site":"@Arturo_Medina_G","twitter_misc":{"Escrito por":"Alejandra Moncisbays","Tiempo de lectura":"2 minutos"},"schema":{"@context":"https:\/\/schema.org","@graph":[{"@type":"Article","@id":"https:\/\/nitu.mx\/index.php\/2020\/07\/29\/itm-y-fundacion-cancun-center-solicitan-apoyo-solidario-en-contingencia\/#article","isPartOf":{"@id":"https:\/\/nitu.mx\/index.php\/2020\/07\/29\/itm-y-fundacion-cancun-center-solicitan-apoyo-solidario-en-contingencia\/"},"author":{"name":"Alejandra Moncisbays","@id":"https:\/\/nitu.mx\/#\/schema\/person\/2ecd887b19dfd3382d1f14fc5acf24a8"},"headline":"ITM y Fundaci\u00f3n Canc\u00fan Center solicitan apoyo solidario en contingencia","datePublished":"2020-07-29T05:37:21+00:00","dateModified":"2020-07-29T05:57:19+00:00","mainEntityOfPage":{"@id":"https:\/\/nitu.mx\/index.php\/2020\/07\/29\/itm-y-fundacion-cancun-center-solicitan-apoyo-solidario-en-contingencia\/"},"wordCount":411,"commentCount":0,"publisher":{"@id":"https:\/\/nitu.mx\/#\/schema\/person\/ae7a53426417292d3dd07b45a33e01bc"},"image":{"@id":"https:\/\/nitu.mx\/index.php\/2020\/07\/29\/itm-y-fundacion-cancun-center-solicitan-apoyo-solidario-en-contingencia\/#primaryimage"},"thumbnailUrl":"https:\/\/nitu.mx\/wp-content\/uploads\/2020\/04\/cancun-50-aniversario.jpg","keywords":["Fundaci\u00f3n Cancun Center","ITM Group","Mariana Claver\u00e1n","Mariana Perrilliat"],"articleSection":["Caribe Mexicano","M\u00e9xico"],"inLanguage":"es-MX","potentialAction":[{"@type":"CommentAction","name":"Comment","target":["https:\/\/nitu.mx\/index.php\/2020\/07\/29\/itm-y-fundacion-cancun-center-solicitan-apoyo-solidario-en-contingencia\/#respond"]}]},{"@type":"WebPage","@id":"https:\/\/nitu.mx\/index.php\/2020\/07\/29\/itm-y-fundacion-cancun-center-solicitan-apoyo-solidario-en-contingencia\/","url":"https:\/\/nitu.mx\/index.php\/2020\/07\/29\/itm-y-fundacion-cancun-center-solicitan-apoyo-solidario-en-contingencia\/","name":"ITM y Fundaci\u00f3n Canc\u00fan Center solicitan apoyo solidario en contingencia - Nitu - Noticias de la Industria Turistica","isPartOf":{"@id":"https:\/\/nitu.mx\/#website"},"primaryImageOfPage":{"@id":"https:\/\/nitu.mx\/index.php\/2020\/07\/29\/itm-y-fundacion-cancun-center-solicitan-apoyo-solidario-en-contingencia\/#primaryimage"},"image":{"@id":"https:\/\/nitu.mx\/index.php\/2020\/07\/29\/itm-y-fundacion-cancun-center-solicitan-apoyo-solidario-en-contingencia\/#primaryimage"},"thumbnailUrl":"https:\/\/nitu.mx\/wp-content\/uploads\/2020\/04\/cancun-50-aniversario.jpg","datePublished":"2020-07-29T05:37:21+00:00","dateModified":"2020-07-29T05:57:19+00:00","breadcrumb":{"@id":"https:\/\/nitu.mx\/index.php\/2020\/07\/29\/itm-y-fundacion-cancun-center-solicitan-apoyo-solidario-en-contingencia\/#breadcrumb"},"inLanguage":"es-MX","potentialAction":[{"@type":"ReadAction","target":["https:\/\/nitu.mx\/index.php\/2020\/07\/29\/itm-y-fundacion-cancun-center-solicitan-apoyo-solidario-en-contingencia\/"]}]},{"@type":"ImageObject","inLanguage":"es-MX","@id":"https:\/\/nitu.mx\/index.php\/2020\/07\/29\/itm-y-fundacion-cancun-center-solicitan-apoyo-solidario-en-contingencia\/#primaryimage","url":"https:\/\/nitu.mx\/wp-content\/uploads\/2020\/04\/cancun-50-aniversario.jpg","contentUrl":"https:\/\/nitu.mx\/wp-content\/uploads\/2020\/04\/cancun-50-aniversario.jpg","width":850,"height":480,"caption":"cancun 50 aniversario WTTC"},{"@type":"BreadcrumbList","@id":"https:\/\/nitu.mx\/index.php\/2020\/07\/29\/itm-y-fundacion-cancun-center-solicitan-apoyo-solidario-en-contingencia\/#breadcrumb","itemListElement":[{"@type":"ListItem","position":1,"name":"Inicio","item":"https:\/\/nitu.mx\/"},{"@type":"ListItem","position":2,"name":"ITM y Fundaci\u00f3n Canc\u00fan Center solicitan apoyo solidario en contingencia"}]},{"@type":"WebSite","@id":"https:\/\/nitu.mx\/#website","url":"https:\/\/nitu.mx\/","name":"Nitu - Noticias de la Industria Turistica","description":"Noticias de la Industria Turistica","publisher":{"@id":"https:\/\/nitu.mx\/#\/schema\/person\/ae7a53426417292d3dd07b45a33e01bc"},"alternateName":"Noticias de la Industria Turistica","potentialAction":[{"@type":"SearchAction","target":{"@type":"EntryPoint","urlTemplate":"https:\/\/nitu.mx\/?s={search_term_string}"},"query-input":"required name=search_term_string"}],"inLanguage":"es-MX"},{"@type":["Person","Organization"],"@id":"https:\/\/nitu.mx\/#\/schema\/person\/ae7a53426417292d3dd07b45a33e01bc","name":"Arturo Medina","image":{"@type":"ImageObject","inLanguage":"es-MX","@id":"https:\/\/nitu.mx\/#\/schema\/person\/image\/","url":"https:\/\/nitu.mx\/wp-content\/uploads\/2024\/04\/4A315622-1904-4D5C-B022-878CDC840E04-90x90-1.jpeg","contentUrl":"https:\/\/nitu.mx\/wp-content\/uploads\/2024\/04\/4A315622-1904-4D5C-B022-878CDC840E04-90x90-1.jpeg","width":90,"height":90,"caption":"Arturo Medina"},"logo":{"@id":"https:\/\/nitu.mx\/#\/schema\/person\/image\/"},"description":"Director NITU.mx, Egresado de la Escuela de Periodismo Carlos Septi\u00e9n Garc\u00eda. Periodista y analista especializado en turismo desde hace 35 a\u00f1os, radicado en Canc\u00fan Q.Roo. arturo@nitu.mx","sameAs":["https:\/\/nitu.mx","https:\/\/www.facebook.com\/NITUmx\/","medinacancun","https:\/\/twitter.com\/@Arturo_Medina_G"]},{"@type":"Person","@id":"https:\/\/nitu.mx\/#\/schema\/person\/2ecd887b19dfd3382d1f14fc5acf24a8","name":"Alejandra Moncisbays","image":{"@type":"ImageObject","inLanguage":"es-MX","@id":"https:\/\/nitu.mx\/#\/schema\/person\/image\/","url":"https:\/\/secure.gravatar.com\/avatar\/e74f7af0be172b7804dacfd0bfbef787?s=96&d=mm&r=g","contentUrl":"https:\/\/secure.gravatar.com\/avatar\/e74f7af0be172b7804dacfd0bfbef787?s=96&d=mm&r=g","caption":"Alejandra Moncisbays"},"description":"Curs\u00e9 la carrera de Periodismo y Comunicaci\u00f3n en la Facultad de Estudios Profesionales Acatl\u00e1n. Vivo en Canc\u00fan desde hace 24 a\u00f1os. Fui reportera de La Tarde de Canc\u00fan, y Novedades de Quintana Roo, colabor\u00e9 en TVCUN, edit\u00e9 Cancun\u00edssimo y colabor\u00e9 en las revistas Latitud21, entre otras, con principal enfoque en los sectores empresarial y tur\u00edstico. Desde hace varios a\u00f1os soy Agente de Seguros con c\u00e9dula de la Comisi\u00f3n Nacional de Seguros y Fianzas. Actualmente, me desarrollo en los \u00e1mbitos del periodismo y el sector asegurador.","sameAs":["https:\/\/nitu.mx"],"url":"https:\/\/nitu.mx\/index.php\/author\/alejandra\/"}]}},"views":428,"_links":{"self":[{"href":"https:\/\/nitu.mx\/index.php\/wp-json\/wp\/v2\/posts\/44832"}],"collection":[{"href":"https:\/\/nitu.mx\/index.php\/wp-json\/wp\/v2\/posts"}],"about":[{"href":"https:\/\/nitu.mx\/index.php\/wp-json\/wp\/v2\/types\/post"}],"author":[{"embeddable":true,"href":"https:\/\/nitu.mx\/index.php\/wp-json\/wp\/v2\/users\/3"}],"replies":[{"embeddable":true,"href":"https:\/\/nitu.mx\/index.php\/wp-json\/wp\/v2\/comments?post=44832"}],"version-history":[{"count":2,"href":"https:\/\/nitu.mx\/index.php\/wp-json\/wp\/v2\/posts\/44832\/revisions"}],"predecessor-version":[{"id":44838,"href":"https:\/\/nitu.mx\/index.php\/wp-json\/wp\/v2\/posts\/44832\/revisions\/44838"}],"wp:featuredmedia":[{"embeddable":true,"href":"https:\/\/nitu.mx\/index.php\/wp-json\/wp\/v2\/media\/41919"}],"wp:attachment":[{"href":"https:\/\/nitu.mx\/index.php\/wp-json\/wp\/v2\/media?parent=44832"}],"wp:term":[{"taxonomy":"category","embeddable":true,"href":"https:\/\/nitu.mx\/index.php\/wp-json\/wp\/v2\/categories?post=44832"},{"taxonomy":"post_tag","embeddable":true,"href":"https:\/\/nitu.mx\/index.php\/wp-json\/wp\/v2\/tags?post=44832"}],"curies":[{"name":"wp","href":"https:\/\/api.w.org\/{rel}","templated":true}]}}