{"id":44830,"date":"2020-07-29T00:17:20","date_gmt":"2020-07-29T05:17:20","guid":{"rendered":"https:\/\/www.dev.nitu.mx\/?p=44830"},"modified":"2020-07-29T00:57:09","modified_gmt":"2020-07-29T05:57:09","slug":"con-protocolos-de-higiene-y-medidas-sanitarias-alianza-punta-cancun-va-por-turismo-mice","status":"publish","type":"post","link":"https:\/\/nitu.mx\/index.php\/2020\/07\/29\/con-protocolos-de-higiene-y-medidas-sanitarias-alianza-punta-cancun-va-por-turismo-mice\/","title":{"rendered":"Con protocolos de higiene y medidas sanitarias Alianza Punta Canc\u00fan va por turismo MICE"},"content":{"rendered":"<p>Alianza Punta Canc\u00fan con un inventario de nueve hoteles que suman m\u00e1s de mil 500 cuartos en el coraz\u00f3n de la zona hotelera, busca retomar el segmento de congresos y convenciones MICE (Meetings, Incentives, Conventions and Exhibitions) (Turismo MICE por siglas en ingl\u00e9s), con protocolos de higiene y medidas sanitarias, por lo que el ICC proyecta iniciar operaciones el pr\u00f3ximo mes de octubre.<\/p>\n<p>En M\u00e9xico el segmento de eventos y convenciones representa una derrama econ\u00f3mica anual de 25 millones de d\u00f3lares lo que equivale a 1.5 del Producto Interno Bruto y el gasto promedio es de 773 d\u00f3lares. Adem\u00e1s genera} m\u00e1s de 440 mil empleos directos y cerca de 350 mil indirectos.<\/p>\n<p>Jair L\u00f3pez Montes, presidente de la Alianza Punta Canc\u00fan, detall\u00f3 que antes de la pandemia el segmento ten\u00eda proyectada una derrama econ\u00f3mica de 31 millones de d\u00f3lares en la entidad, por lo que se calcula una p\u00e9rdida de 7 mil millones de d\u00f3lares a nivel nacional por la pandemia.<\/p>\n<p>Aunque Canc\u00fan, ha sido afectado al igual que todo el pa\u00eds, la gran mayor\u00eda de los s\u00f3lo se pospusieron, se recataron cerca de 90 millones de pesos al conservar los eventos para pr\u00f3ximas fechas.<\/p>\n<p>Entre los que se reprogramaron para el mes de noviembre est\u00e1: el Congreso de Urolog\u00eda, Redes y Tecnolog\u00eda, Congreso Bienal ISAAC 2020 de la Sociedad internacional para la comunicaci\u00f3n Aumentativa y Alternativa y el foro mundial de nutrici\u00f3n.<\/p>\n<p>Para este regrese a la actividad se establecieron una serie de protocolos sanitarios ; primero lo de las marcas y franquicias propias de los hoteles nacionales e internacionales con el objetivo de garantizar la realizaci\u00f3n de los congresos.<\/p>\n<p>El Canc\u00fan Center tiene en lista realizar 16 eventos en lo que resta del a\u00f1o, entre ellos; el congreso mundial de top\u00f3grafos con la presencia de 500 personas que representa una derrama aproximadamente de 7.7 millones de pesos y el congreso mundial de medicina interna de m\u00e1s de m\u00e1s de mil 300 personas que representa una derrama aproximadamente de 20 millones de pesos, adicionalmente se tienen contemplados la Expo Hotel, Deconarq y otros eventos locales.<\/p>\n","protected":false},"excerpt":{"rendered":"<p>Alianza Punta Canc\u00fan con un inventario de nueve hoteles que suman m\u00e1s de mil 500 cuartos en el coraz\u00f3n de la zona hotelera, busca retomar el segmento de congresos y convenciones MICE (Meetings, Incentives, Conventions and Exhibitions) (Turismo MICE por siglas en ingl\u00e9s), con protocolos de higiene y medidas sanitarias, por lo que el ICC [&hellip;]<\/p>\n","protected":false},"author":3,"featured_media":44836,"comment_status":"open","ping_status":"open","sticky":false,"template":"","format":"standard","meta":{"footnotes":""},"categories":[18475,5],"tags":[5802,7700,20155,68,20156],"yoast_head":"<!-- This site is optimized with the Yoast SEO plugin v22.2 - https:\/\/yoast.com\/wordpress\/plugins\/seo\/ -->\n<title>Con protocolos de higiene y medidas sanitarias Alianza Punta Canc\u00fan va por turismo MICE - Nitu - Noticias de la Industria Turistica<\/title>\n<meta name=\"robots\" content=\"index, follow, max-snippet:-1, max-image-preview:large, max-video-preview:-1\" \/>\n<link rel=\"canonical\" href=\"https:\/\/nitu.mx\/index.php\/2020\/07\/29\/con-protocolos-de-higiene-y-medidas-sanitarias-alianza-punta-cancun-va-por-turismo-mice\/\" \/>\n<meta name=\"twitter:card\" content=\"summary_large_image\" \/>\n<meta name=\"twitter:title\" content=\"Con protocolos de higiene y medidas sanitarias Alianza Punta Canc\u00fan va por turismo MICE - Nitu - Noticias de la Industria Turistica\" \/>\n<meta name=\"twitter:description\" content=\"Alianza Punta Canc\u00fan con un inventario de nueve hoteles que suman m\u00e1s de mil 500 cuartos en el coraz\u00f3n de la zona hotelera, busca retomar el segmento de congresos y convenciones MICE (Meetings, Incentives, Conventions and Exhibitions) (Turismo MICE por siglas en ingl\u00e9s), con protocolos de higiene y medidas sanitarias, por lo que el ICC [&hellip;]\" \/>\n<meta name=\"twitter:image\" content=\"https:\/\/nitu.mx\/wp-content\/uploads\/2020\/07\/Alianza-Punta-Cancu\u0301n.jpg\" \/>\n<meta name=\"twitter:creator\" content=\"@NITUmx\" \/>\n<meta name=\"twitter:site\" content=\"@Arturo_Medina_G\" \/>\n<meta name=\"twitter:label1\" content=\"Escrito por\" \/>\n\t<meta name=\"twitter:data1\" content=\"Alejandra Moncisbays\" \/>\n\t<meta name=\"twitter:label2\" content=\"Tiempo de lectura\" \/>\n\t<meta name=\"twitter:data2\" content=\"2 minutos\" \/>\n<script type=\"application\/ld+json\" class=\"yoast-schema-graph\">{\"@context\":\"https:\/\/schema.org\",\"@graph\":[{\"@type\":\"Article\",\"@id\":\"https:\/\/nitu.mx\/index.php\/2020\/07\/29\/con-protocolos-de-higiene-y-medidas-sanitarias-alianza-punta-cancun-va-por-turismo-mice\/#article\",\"isPartOf\":{\"@id\":\"https:\/\/nitu.mx\/index.php\/2020\/07\/29\/con-protocolos-de-higiene-y-medidas-sanitarias-alianza-punta-cancun-va-por-turismo-mice\/\"},\"author\":{\"name\":\"Alejandra Moncisbays\",\"@id\":\"https:\/\/nitu.mx\/#\/schema\/person\/2ecd887b19dfd3382d1f14fc5acf24a8\"},\"headline\":\"Con protocolos de higiene y medidas sanitarias Alianza Punta Canc\u00fan va por turismo MICE\",\"datePublished\":\"2020-07-29T05:17:20+00:00\",\"dateModified\":\"2020-07-29T05:57:09+00:00\",\"mainEntityOfPage\":{\"@id\":\"https:\/\/nitu.mx\/index.php\/2020\/07\/29\/con-protocolos-de-higiene-y-medidas-sanitarias-alianza-punta-cancun-va-por-turismo-mice\/\"},\"wordCount\":378,\"commentCount\":0,\"publisher\":{\"@id\":\"https:\/\/nitu.mx\/#\/schema\/person\/ae7a53426417292d3dd07b45a33e01bc\"},\"image\":{\"@id\":\"https:\/\/nitu.mx\/index.php\/2020\/07\/29\/con-protocolos-de-higiene-y-medidas-sanitarias-alianza-punta-cancun-va-por-turismo-mice\/#primaryimage\"},\"thumbnailUrl\":\"https:\/\/nitu.mx\/wp-content\/uploads\/2020\/07\/Alianza-Punta-Cancu\u0301n.jpg\",\"keywords\":[\"convenciones\",\"Eventos\",\"Jair L\u00f3pez Montes\",\"M\u00e9xico\",\"presidente de la Alianza Punta Canc\u00fan\"],\"articleSection\":[\"Caribe Mexicano\",\"Destinos\"],\"inLanguage\":\"es-MX\",\"potentialAction\":[{\"@type\":\"CommentAction\",\"name\":\"Comment\",\"target\":[\"https:\/\/nitu.mx\/index.php\/2020\/07\/29\/con-protocolos-de-higiene-y-medidas-sanitarias-alianza-punta-cancun-va-por-turismo-mice\/#respond\"]}]},{\"@type\":\"WebPage\",\"@id\":\"https:\/\/nitu.mx\/index.php\/2020\/07\/29\/con-protocolos-de-higiene-y-medidas-sanitarias-alianza-punta-cancun-va-por-turismo-mice\/\",\"url\":\"https:\/\/nitu.mx\/index.php\/2020\/07\/29\/con-protocolos-de-higiene-y-medidas-sanitarias-alianza-punta-cancun-va-por-turismo-mice\/\",\"name\":\"Con protocolos de higiene y medidas sanitarias Alianza Punta Canc\u00fan va por turismo MICE - Nitu - Noticias de la Industria Turistica\",\"isPartOf\":{\"@id\":\"https:\/\/nitu.mx\/#website\"},\"primaryImageOfPage\":{\"@id\":\"https:\/\/nitu.mx\/index.php\/2020\/07\/29\/con-protocolos-de-higiene-y-medidas-sanitarias-alianza-punta-cancun-va-por-turismo-mice\/#primaryimage\"},\"image\":{\"@id\":\"https:\/\/nitu.mx\/index.php\/2020\/07\/29\/con-protocolos-de-higiene-y-medidas-sanitarias-alianza-punta-cancun-va-por-turismo-mice\/#primaryimage\"},\"thumbnailUrl\":\"https:\/\/nitu.mx\/wp-content\/uploads\/2020\/07\/Alianza-Punta-Cancu\u0301n.jpg\",\"datePublished\":\"2020-07-29T05:17:20+00:00\",\"dateModified\":\"2020-07-29T05:57:09+00:00\",\"breadcrumb\":{\"@id\":\"https:\/\/nitu.mx\/index.php\/2020\/07\/29\/con-protocolos-de-higiene-y-medidas-sanitarias-alianza-punta-cancun-va-por-turismo-mice\/#breadcrumb\"},\"inLanguage\":\"es-MX\",\"potentialAction\":[{\"@type\":\"ReadAction\",\"target\":[\"https:\/\/nitu.mx\/index.php\/2020\/07\/29\/con-protocolos-de-higiene-y-medidas-sanitarias-alianza-punta-cancun-va-por-turismo-mice\/\"]}]},{\"@type\":\"ImageObject\",\"inLanguage\":\"es-MX\",\"@id\":\"https:\/\/nitu.mx\/index.php\/2020\/07\/29\/con-protocolos-de-higiene-y-medidas-sanitarias-alianza-punta-cancun-va-por-turismo-mice\/#primaryimage\",\"url\":\"https:\/\/nitu.mx\/wp-content\/uploads\/2020\/07\/Alianza-Punta-Cancu\u0301n.jpg\",\"contentUrl\":\"https:\/\/nitu.mx\/wp-content\/uploads\/2020\/07\/Alianza-Punta-Cancu\u0301n.jpg\",\"width\":850,\"height\":480},{\"@type\":\"BreadcrumbList\",\"@id\":\"https:\/\/nitu.mx\/index.php\/2020\/07\/29\/con-protocolos-de-higiene-y-medidas-sanitarias-alianza-punta-cancun-va-por-turismo-mice\/#breadcrumb\",\"itemListElement\":[{\"@type\":\"ListItem\",\"position\":1,\"name\":\"Inicio\",\"item\":\"https:\/\/nitu.mx\/\"},{\"@type\":\"ListItem\",\"position\":2,\"name\":\"Con protocolos de higiene y medidas sanitarias Alianza Punta Canc\u00fan va por turismo MICE\"}]},{\"@type\":\"WebSite\",\"@id\":\"https:\/\/nitu.mx\/#website\",\"url\":\"https:\/\/nitu.mx\/\",\"name\":\"Nitu - Noticias de la Industria Turistica\",\"description\":\"Noticias de la Industria Turistica\",\"publisher\":{\"@id\":\"https:\/\/nitu.mx\/#\/schema\/person\/ae7a53426417292d3dd07b45a33e01bc\"},\"alternateName\":\"Noticias de la Industria Turistica\",\"potentialAction\":[{\"@type\":\"SearchAction\",\"target\":{\"@type\":\"EntryPoint\",\"urlTemplate\":\"https:\/\/nitu.mx\/?s={search_term_string}\"},\"query-input\":\"required name=search_term_string\"}],\"inLanguage\":\"es-MX\"},{\"@type\":[\"Person\",\"Organization\"],\"@id\":\"https:\/\/nitu.mx\/#\/schema\/person\/ae7a53426417292d3dd07b45a33e01bc\",\"name\":\"Arturo Medina\",\"image\":{\"@type\":\"ImageObject\",\"inLanguage\":\"es-MX\",\"@id\":\"https:\/\/nitu.mx\/#\/schema\/person\/image\/\",\"url\":\"https:\/\/nitu.mx\/wp-content\/uploads\/2024\/04\/4A315622-1904-4D5C-B022-878CDC840E04-90x90-1.jpeg\",\"contentUrl\":\"https:\/\/nitu.mx\/wp-content\/uploads\/2024\/04\/4A315622-1904-4D5C-B022-878CDC840E04-90x90-1.jpeg\",\"width\":90,\"height\":90,\"caption\":\"Arturo Medina\"},\"logo\":{\"@id\":\"https:\/\/nitu.mx\/#\/schema\/person\/image\/\"},\"description\":\"Director NITU.mx, Egresado de la Escuela de Periodismo Carlos Septi\u00e9n Garc\u00eda. Periodista y analista especializado en turismo desde hace 35 a\u00f1os, radicado en Canc\u00fan Q.Roo. arturo@nitu.mx\",\"sameAs\":[\"https:\/\/nitu.mx\",\"https:\/\/www.facebook.com\/NITUmx\/\",\"medinacancun\",\"https:\/\/twitter.com\/@Arturo_Medina_G\"]},{\"@type\":\"Person\",\"@id\":\"https:\/\/nitu.mx\/#\/schema\/person\/2ecd887b19dfd3382d1f14fc5acf24a8\",\"name\":\"Alejandra Moncisbays\",\"image\":{\"@type\":\"ImageObject\",\"inLanguage\":\"es-MX\",\"@id\":\"https:\/\/nitu.mx\/#\/schema\/person\/image\/\",\"url\":\"https:\/\/secure.gravatar.com\/avatar\/e74f7af0be172b7804dacfd0bfbef787?s=96&d=mm&r=g\",\"contentUrl\":\"https:\/\/secure.gravatar.com\/avatar\/e74f7af0be172b7804dacfd0bfbef787?s=96&d=mm&r=g\",\"caption\":\"Alejandra Moncisbays\"},\"description\":\"Curs\u00e9 la carrera de Periodismo y Comunicaci\u00f3n en la Facultad de Estudios Profesionales Acatl\u00e1n. Vivo en Canc\u00fan desde hace 24 a\u00f1os. Fui reportera de La Tarde de Canc\u00fan, y Novedades de Quintana Roo, colabor\u00e9 en TVCUN, edit\u00e9 Cancun\u00edssimo y colabor\u00e9 en las revistas Latitud21, entre otras, con principal enfoque en los sectores empresarial y tur\u00edstico. Desde hace varios a\u00f1os soy Agente de Seguros con c\u00e9dula de la Comisi\u00f3n Nacional de Seguros y Fianzas. Actualmente, me desarrollo en los \u00e1mbitos del periodismo y el sector asegurador.\",\"sameAs\":[\"https:\/\/nitu.mx\"],\"url\":\"https:\/\/nitu.mx\/index.php\/author\/alejandra\/\"}]}<\/script>\n<!-- \/ Yoast SEO plugin. -->","yoast_head_json":{"title":"Con protocolos de higiene y medidas sanitarias Alianza Punta Canc\u00fan va por turismo MICE - Nitu - Noticias de la Industria Turistica","robots":{"index":"index","follow":"follow","max-snippet":"max-snippet:-1","max-image-preview":"max-image-preview:large","max-video-preview":"max-video-preview:-1"},"canonical":"https:\/\/nitu.mx\/index.php\/2020\/07\/29\/con-protocolos-de-higiene-y-medidas-sanitarias-alianza-punta-cancun-va-por-turismo-mice\/","twitter_card":"summary_large_image","twitter_title":"Con protocolos de higiene y medidas sanitarias Alianza Punta Canc\u00fan va por turismo MICE - Nitu - Noticias de la Industria Turistica","twitter_description":"Alianza Punta Canc\u00fan con un inventario de nueve hoteles que suman m\u00e1s de mil 500 cuartos en el coraz\u00f3n de la zona hotelera, busca retomar el segmento de congresos y convenciones MICE (Meetings, Incentives, Conventions and Exhibitions) (Turismo MICE por siglas en ingl\u00e9s), con protocolos de higiene y medidas sanitarias, por lo que el ICC [&hellip;]","twitter_image":"https:\/\/nitu.mx\/wp-content\/uploads\/2020\/07\/Alianza-Punta-Cancu\u0301n.jpg","twitter_creator":"@NITUmx","twitter_site":"@Arturo_Medina_G","twitter_misc":{"Escrito por":"Alejandra Moncisbays","Tiempo de lectura":"2 minutos"},"schema":{"@context":"https:\/\/schema.org","@graph":[{"@type":"Article","@id":"https:\/\/nitu.mx\/index.php\/2020\/07\/29\/con-protocolos-de-higiene-y-medidas-sanitarias-alianza-punta-cancun-va-por-turismo-mice\/#article","isPartOf":{"@id":"https:\/\/nitu.mx\/index.php\/2020\/07\/29\/con-protocolos-de-higiene-y-medidas-sanitarias-alianza-punta-cancun-va-por-turismo-mice\/"},"author":{"name":"Alejandra Moncisbays","@id":"https:\/\/nitu.mx\/#\/schema\/person\/2ecd887b19dfd3382d1f14fc5acf24a8"},"headline":"Con protocolos de higiene y medidas sanitarias Alianza Punta Canc\u00fan va por turismo MICE","datePublished":"2020-07-29T05:17:20+00:00","dateModified":"2020-07-29T05:57:09+00:00","mainEntityOfPage":{"@id":"https:\/\/nitu.mx\/index.php\/2020\/07\/29\/con-protocolos-de-higiene-y-medidas-sanitarias-alianza-punta-cancun-va-por-turismo-mice\/"},"wordCount":378,"commentCount":0,"publisher":{"@id":"https:\/\/nitu.mx\/#\/schema\/person\/ae7a53426417292d3dd07b45a33e01bc"},"image":{"@id":"https:\/\/nitu.mx\/index.php\/2020\/07\/29\/con-protocolos-de-higiene-y-medidas-sanitarias-alianza-punta-cancun-va-por-turismo-mice\/#primaryimage"},"thumbnailUrl":"https:\/\/nitu.mx\/wp-content\/uploads\/2020\/07\/Alianza-Punta-Cancu\u0301n.jpg","keywords":["convenciones","Eventos","Jair L\u00f3pez Montes","M\u00e9xico","presidente de la Alianza Punta Canc\u00fan"],"articleSection":["Caribe Mexicano","Destinos"],"inLanguage":"es-MX","potentialAction":[{"@type":"CommentAction","name":"Comment","target":["https:\/\/nitu.mx\/index.php\/2020\/07\/29\/con-protocolos-de-higiene-y-medidas-sanitarias-alianza-punta-cancun-va-por-turismo-mice\/#respond"]}]},{"@type":"WebPage","@id":"https:\/\/nitu.mx\/index.php\/2020\/07\/29\/con-protocolos-de-higiene-y-medidas-sanitarias-alianza-punta-cancun-va-por-turismo-mice\/","url":"https:\/\/nitu.mx\/index.php\/2020\/07\/29\/con-protocolos-de-higiene-y-medidas-sanitarias-alianza-punta-cancun-va-por-turismo-mice\/","name":"Con protocolos de higiene y medidas sanitarias Alianza Punta Canc\u00fan va por turismo MICE - Nitu - Noticias de la Industria Turistica","isPartOf":{"@id":"https:\/\/nitu.mx\/#website"},"primaryImageOfPage":{"@id":"https:\/\/nitu.mx\/index.php\/2020\/07\/29\/con-protocolos-de-higiene-y-medidas-sanitarias-alianza-punta-cancun-va-por-turismo-mice\/#primaryimage"},"image":{"@id":"https:\/\/nitu.mx\/index.php\/2020\/07\/29\/con-protocolos-de-higiene-y-medidas-sanitarias-alianza-punta-cancun-va-por-turismo-mice\/#primaryimage"},"thumbnailUrl":"https:\/\/nitu.mx\/wp-content\/uploads\/2020\/07\/Alianza-Punta-Cancu\u0301n.jpg","datePublished":"2020-07-29T05:17:20+00:00","dateModified":"2020-07-29T05:57:09+00:00","breadcrumb":{"@id":"https:\/\/nitu.mx\/index.php\/2020\/07\/29\/con-protocolos-de-higiene-y-medidas-sanitarias-alianza-punta-cancun-va-por-turismo-mice\/#breadcrumb"},"inLanguage":"es-MX","potentialAction":[{"@type":"ReadAction","target":["https:\/\/nitu.mx\/index.php\/2020\/07\/29\/con-protocolos-de-higiene-y-medidas-sanitarias-alianza-punta-cancun-va-por-turismo-mice\/"]}]},{"@type":"ImageObject","inLanguage":"es-MX","@id":"https:\/\/nitu.mx\/index.php\/2020\/07\/29\/con-protocolos-de-higiene-y-medidas-sanitarias-alianza-punta-cancun-va-por-turismo-mice\/#primaryimage","url":"https:\/\/nitu.mx\/wp-content\/uploads\/2020\/07\/Alianza-Punta-Cancu\u0301n.jpg","contentUrl":"https:\/\/nitu.mx\/wp-content\/uploads\/2020\/07\/Alianza-Punta-Cancu\u0301n.jpg","width":850,"height":480},{"@type":"BreadcrumbList","@id":"https:\/\/nitu.mx\/index.php\/2020\/07\/29\/con-protocolos-de-higiene-y-medidas-sanitarias-alianza-punta-cancun-va-por-turismo-mice\/#breadcrumb","itemListElement":[{"@type":"ListItem","position":1,"name":"Inicio","item":"https:\/\/nitu.mx\/"},{"@type":"ListItem","position":2,"name":"Con protocolos de higiene y medidas sanitarias Alianza Punta Canc\u00fan va por turismo MICE"}]},{"@type":"WebSite","@id":"https:\/\/nitu.mx\/#website","url":"https:\/\/nitu.mx\/","name":"Nitu - Noticias de la Industria Turistica","description":"Noticias de la Industria Turistica","publisher":{"@id":"https:\/\/nitu.mx\/#\/schema\/person\/ae7a53426417292d3dd07b45a33e01bc"},"alternateName":"Noticias de la Industria Turistica","potentialAction":[{"@type":"SearchAction","target":{"@type":"EntryPoint","urlTemplate":"https:\/\/nitu.mx\/?s={search_term_string}"},"query-input":"required name=search_term_string"}],"inLanguage":"es-MX"},{"@type":["Person","Organization"],"@id":"https:\/\/nitu.mx\/#\/schema\/person\/ae7a53426417292d3dd07b45a33e01bc","name":"Arturo Medina","image":{"@type":"ImageObject","inLanguage":"es-MX","@id":"https:\/\/nitu.mx\/#\/schema\/person\/image\/","url":"https:\/\/nitu.mx\/wp-content\/uploads\/2024\/04\/4A315622-1904-4D5C-B022-878CDC840E04-90x90-1.jpeg","contentUrl":"https:\/\/nitu.mx\/wp-content\/uploads\/2024\/04\/4A315622-1904-4D5C-B022-878CDC840E04-90x90-1.jpeg","width":90,"height":90,"caption":"Arturo Medina"},"logo":{"@id":"https:\/\/nitu.mx\/#\/schema\/person\/image\/"},"description":"Director NITU.mx, Egresado de la Escuela de Periodismo Carlos Septi\u00e9n Garc\u00eda. Periodista y analista especializado en turismo desde hace 35 a\u00f1os, radicado en Canc\u00fan Q.Roo. arturo@nitu.mx","sameAs":["https:\/\/nitu.mx","https:\/\/www.facebook.com\/NITUmx\/","medinacancun","https:\/\/twitter.com\/@Arturo_Medina_G"]},{"@type":"Person","@id":"https:\/\/nitu.mx\/#\/schema\/person\/2ecd887b19dfd3382d1f14fc5acf24a8","name":"Alejandra Moncisbays","image":{"@type":"ImageObject","inLanguage":"es-MX","@id":"https:\/\/nitu.mx\/#\/schema\/person\/image\/","url":"https:\/\/secure.gravatar.com\/avatar\/e74f7af0be172b7804dacfd0bfbef787?s=96&d=mm&r=g","contentUrl":"https:\/\/secure.gravatar.com\/avatar\/e74f7af0be172b7804dacfd0bfbef787?s=96&d=mm&r=g","caption":"Alejandra Moncisbays"},"description":"Curs\u00e9 la carrera de Periodismo y Comunicaci\u00f3n en la Facultad de Estudios Profesionales Acatl\u00e1n. Vivo en Canc\u00fan desde hace 24 a\u00f1os. Fui reportera de La Tarde de Canc\u00fan, y Novedades de Quintana Roo, colabor\u00e9 en TVCUN, edit\u00e9 Cancun\u00edssimo y colabor\u00e9 en las revistas Latitud21, entre otras, con principal enfoque en los sectores empresarial y tur\u00edstico. Desde hace varios a\u00f1os soy Agente de Seguros con c\u00e9dula de la Comisi\u00f3n Nacional de Seguros y Fianzas. Actualmente, me desarrollo en los \u00e1mbitos del periodismo y el sector asegurador.","sameAs":["https:\/\/nitu.mx"],"url":"https:\/\/nitu.mx\/index.php\/author\/alejandra\/"}]}},"views":328,"_links":{"self":[{"href":"https:\/\/nitu.mx\/index.php\/wp-json\/wp\/v2\/posts\/44830"}],"collection":[{"href":"https:\/\/nitu.mx\/index.php\/wp-json\/wp\/v2\/posts"}],"about":[{"href":"https:\/\/nitu.mx\/index.php\/wp-json\/wp\/v2\/types\/post"}],"author":[{"embeddable":true,"href":"https:\/\/nitu.mx\/index.php\/wp-json\/wp\/v2\/users\/3"}],"replies":[{"embeddable":true,"href":"https:\/\/nitu.mx\/index.php\/wp-json\/wp\/v2\/comments?post=44830"}],"version-history":[{"count":3,"href":"https:\/\/nitu.mx\/index.php\/wp-json\/wp\/v2\/posts\/44830\/revisions"}],"predecessor-version":[{"id":44837,"href":"https:\/\/nitu.mx\/index.php\/wp-json\/wp\/v2\/posts\/44830\/revisions\/44837"}],"wp:featuredmedia":[{"embeddable":true,"href":"https:\/\/nitu.mx\/index.php\/wp-json\/wp\/v2\/media\/44836"}],"wp:attachment":[{"href":"https:\/\/nitu.mx\/index.php\/wp-json\/wp\/v2\/media?parent=44830"}],"wp:term":[{"taxonomy":"category","embeddable":true,"href":"https:\/\/nitu.mx\/index.php\/wp-json\/wp\/v2\/categories?post=44830"},{"taxonomy":"post_tag","embeddable":true,"href":"https:\/\/nitu.mx\/index.php\/wp-json\/wp\/v2\/tags?post=44830"}],"curies":[{"name":"wp","href":"https:\/\/api.w.org\/{rel}","templated":true}]}}