{"id":44402,"date":"2020-07-14T00:50:56","date_gmt":"2020-07-14T05:50:56","guid":{"rendered":"https:\/\/www.dev.nitu.mx\/?p=44402"},"modified":"2020-07-14T01:03:48","modified_gmt":"2020-07-14T06:03:48","slug":"wttc-lanza-nueva-campana-para-el-uso-de-mascaras-protectoras","status":"publish","type":"post","link":"https:\/\/nitu.mx\/index.php\/2020\/07\/14\/wttc-lanza-nueva-campana-para-el-uso-de-mascaras-protectoras\/","title":{"rendered":"WTTC lanza nueva campa\u00f1a para el uso de m\u00e1scaras protectoras"},"content":{"rendered":"\n<p>El Consejo Mundial de Viajes y Turismo (WTTC, por sus siglas en ingl\u00e9s) solicita a todos los viajeros que utilicen m\u00e1scaras protectoras para el cuidado de la salud durante sus recorridos, como parte de la llamada \u201cnueva normalidad\u201d de los viajes.<\/p>\n\n\n\n<p>A medida que los pa\u00edses pasan de los bloqueos a la reapertura de sus fronteras, el uso de mascarillas ayudar\u00e1 a promover viajes m\u00e1s seguros, al brindar protecci\u00f3n personal a los usuarios y a quienes los rodean.<\/p>\n\n\n\n<p>\u201cEl WTTC recomienda el uso de mascarillas. Los pa\u00edses que se est\u00e1n recuperando m\u00e1s r\u00e1pido y evitan los segundos picos de COVID-19 son aquellos en los que el uso de m\u00e1scaras faciales se ha aplicado y alentado ampliamente\u201d, afirm\u00f3 Gloria Guevara Manzo, presidenta y CEO del WTTC.<\/p>\n\n\n\n<p>\u201cSiguiendo la orientaci\u00f3n m\u00e9dica de Harvard T.H. Chan School of Public Health, el WTTC aconseja el uso de mascarillas en todas las formas de transporte, a lo largo de todo el viaje, y en todo momento durante sus recorridos en los diferentes destinos, as\u00ed como mantener la sana distancia\u201d, indic\u00f3.<\/p>\n\n\n\n<p>Guevara Manzo dijo que el WTTC alienta a los viajeros de todo el mundo a unirse a la campa\u00f1a de redes sociales que se est\u00e1 lanzando con el hashtag #Wear2Care. \u201cEl WTTC ha pedido a los gobiernos de todo el mundo que impulsen el uso de mascarillas, y que soliciten el apoyo del sector privado para recordar a los clientes sus obligaciones de proteger su salud y la de los dem\u00e1s viajeros\u201d, a\u00f1adi\u00f3.<\/p>\n\n\n\n<p>Adoptar el uso de m\u00e1scaras faciales reducir\u00e1 el riesgo de transmisi\u00f3n, proteger\u00e1 al usuario y a quienes lo rodean, a medida que aprendemos a vivir con el virus hasta que se encuentre una vacuna para el cuidado de la salud.<\/p>\n\n\n\n<p>El lavado frecuente de manos y el uso de gel desinfectante complementan el uso de m\u00e1scaras faciales que pueden reducir significativamente el riesgo de transmisi\u00f3n de Covid-19.<\/p>\n\n\n\n<p>El WTTC considera que la seguridad e higiene de los viajeros y de quienes trabajan en el sector de viajes y turismo es de suma importancia, por lo que recomendamos que las mascarillas sean obligatorias.<\/p>\n\n\n\n<p>La campa\u00f1a #Wear2Care promueve la protecci\u00f3n de los turistas y trabajadores del sector de viajes y turismo mediante el uso de las mascarillas, lo que ayudar\u00e1 a salvar vidas y alentar\u00e1 el regreso de Safe Travels.<\/p>\n\n\n\n<p>El uso de m\u00e1scaras debe formar parte de la vida cotidiana para garantizar que todos disfruten de viajar con seguridad hasta que se encuentre una vacuna para COVID-19. El WTTC exhort\u00f3 al sector privado y a los gobiernos para que fomenten su uso.<\/p>\n\n\n\n<p>Ramon S\u00e1nchez, investigador de la Universidad de Harvard, T.H. Chan School of Public Health, se\u00f1al\u00f3 que \u201cse ha demostrado que usar m\u00e1scaras faciales proporciona el m\u00e1s alto nivel de protecci\u00f3n contra la transmisi\u00f3n con un 82 por ciento. La higiene constante de las manos y la limpieza de la superficie, que mata m\u00e1s de 90 por ciento de los virus que se encuentran en las superficies, tambi\u00e9n evita que el virus llegue a la cara desde las manos\u201d.<\/p>\n\n\n\n<p>El WTTC ha liderado una serie de iniciativas dise\u00f1adas para reconstruir la confianza global de los consumidores y alentar el regreso de los viajes seguros, tal es el caso de los protocolos de higiene en establecimientos, as\u00ed como el Sello de Viaje Seguro.<\/p>\n\n\n\n<p>El bienestar de los viajeros y los millones de personas que trabajan en el sector de viajes y turismo es fundamental. Adem\u00e1s de contar con el respaldo de la Organizaci\u00f3n Mundial del Turismo de las Naciones Unidas (OMT), tambi\u00e9n fueron ampliamente acogidos por miles de empresas de todo el mundo.<\/p>\n","protected":false},"excerpt":{"rendered":"<p>El Consejo Mundial de Viajes y Turismo (WTTC, por sus siglas en ingl\u00e9s) solicita a todos los viajeros que utilicen m\u00e1scaras protectoras para el cuidado de la salud durante sus recorridos, como parte de la llamada \u201cnueva normalidad\u201d de los viajes. A medida que los pa\u00edses pasan de los bloqueos a la reapertura de sus [&hellip;]<\/p>\n","protected":false},"author":17,"featured_media":44416,"comment_status":"open","ping_status":"open","sticky":false,"template":"","format":"standard","meta":{"footnotes":""},"categories":[19057,374],"tags":[20022,4931],"yoast_head":"<!-- This site is optimized with the Yoast SEO plugin v22.2 - https:\/\/yoast.com\/wordpress\/plugins\/seo\/ -->\n<title>WTTC lanza nueva campa\u00f1a para el uso de m\u00e1scaras protectoras - Nitu - Noticias de la Industria Turistica<\/title>\n<meta name=\"robots\" content=\"index, follow, max-snippet:-1, max-image-preview:large, max-video-preview:-1\" \/>\n<link rel=\"canonical\" href=\"https:\/\/nitu.mx\/index.php\/2020\/07\/14\/wttc-lanza-nueva-campana-para-el-uso-de-mascaras-protectoras\/\" \/>\n<meta name=\"twitter:card\" content=\"summary_large_image\" \/>\n<meta name=\"twitter:title\" content=\"WTTC lanza nueva campa\u00f1a para el uso de m\u00e1scaras protectoras - Nitu - Noticias de la Industria Turistica\" \/>\n<meta name=\"twitter:description\" content=\"El Consejo Mundial de Viajes y Turismo (WTTC, por sus siglas en ingl\u00e9s) solicita a todos los viajeros que utilicen m\u00e1scaras protectoras para el cuidado de la salud durante sus recorridos, como parte de la llamada \u201cnueva normalidad\u201d de los viajes. A medida que los pa\u00edses pasan de los bloqueos a la reapertura de sus [&hellip;]\" \/>\n<meta name=\"twitter:image\" content=\"https:\/\/nitu.mx\/wp-content\/uploads\/2020\/07\/mascarillas-WTTC.jpg\" \/>\n<meta name=\"twitter:creator\" content=\"@NITUmx\" \/>\n<meta name=\"twitter:site\" content=\"@Arturo_Medina_G\" \/>\n<meta name=\"twitter:label1\" content=\"Escrito por\" \/>\n\t<meta name=\"twitter:data1\" content=\"Redacci\u00f3n\" \/>\n\t<meta name=\"twitter:label2\" content=\"Tiempo de lectura\" \/>\n\t<meta name=\"twitter:data2\" content=\"3 minutos\" \/>\n<script type=\"application\/ld+json\" class=\"yoast-schema-graph\">{\"@context\":\"https:\/\/schema.org\",\"@graph\":[{\"@type\":\"Article\",\"@id\":\"https:\/\/nitu.mx\/index.php\/2020\/07\/14\/wttc-lanza-nueva-campana-para-el-uso-de-mascaras-protectoras\/#article\",\"isPartOf\":{\"@id\":\"https:\/\/nitu.mx\/index.php\/2020\/07\/14\/wttc-lanza-nueva-campana-para-el-uso-de-mascaras-protectoras\/\"},\"author\":{\"name\":\"Redacci\u00f3n\",\"@id\":\"https:\/\/nitu.mx\/#\/schema\/person\/4a28fe9bd65924f7c90623773daf1b0b\"},\"headline\":\"WTTC lanza nueva campa\u00f1a para el uso de m\u00e1scaras protectoras\",\"datePublished\":\"2020-07-14T05:50:56+00:00\",\"dateModified\":\"2020-07-14T06:03:48+00:00\",\"mainEntityOfPage\":{\"@id\":\"https:\/\/nitu.mx\/index.php\/2020\/07\/14\/wttc-lanza-nueva-campana-para-el-uso-de-mascaras-protectoras\/\"},\"wordCount\":648,\"commentCount\":0,\"publisher\":{\"@id\":\"https:\/\/nitu.mx\/#\/schema\/person\/ae7a53426417292d3dd07b45a33e01bc\"},\"image\":{\"@id\":\"https:\/\/nitu.mx\/index.php\/2020\/07\/14\/wttc-lanza-nueva-campana-para-el-uso-de-mascaras-protectoras\/#primaryimage\"},\"thumbnailUrl\":\"https:\/\/nitu.mx\/wp-content\/uploads\/2020\/07\/mascarillas-WTTC.jpg\",\"keywords\":[\"M\u00e1scaras protectoras\",\"WTTC\"],\"articleSection\":[\"COVID-19 CORONAVIRUS\",\"Internacional\"],\"inLanguage\":\"es-MX\",\"potentialAction\":[{\"@type\":\"CommentAction\",\"name\":\"Comment\",\"target\":[\"https:\/\/nitu.mx\/index.php\/2020\/07\/14\/wttc-lanza-nueva-campana-para-el-uso-de-mascaras-protectoras\/#respond\"]}]},{\"@type\":\"WebPage\",\"@id\":\"https:\/\/nitu.mx\/index.php\/2020\/07\/14\/wttc-lanza-nueva-campana-para-el-uso-de-mascaras-protectoras\/\",\"url\":\"https:\/\/nitu.mx\/index.php\/2020\/07\/14\/wttc-lanza-nueva-campana-para-el-uso-de-mascaras-protectoras\/\",\"name\":\"WTTC lanza nueva campa\u00f1a para el uso de m\u00e1scaras protectoras - Nitu - Noticias de la Industria Turistica\",\"isPartOf\":{\"@id\":\"https:\/\/nitu.mx\/#website\"},\"primaryImageOfPage\":{\"@id\":\"https:\/\/nitu.mx\/index.php\/2020\/07\/14\/wttc-lanza-nueva-campana-para-el-uso-de-mascaras-protectoras\/#primaryimage\"},\"image\":{\"@id\":\"https:\/\/nitu.mx\/index.php\/2020\/07\/14\/wttc-lanza-nueva-campana-para-el-uso-de-mascaras-protectoras\/#primaryimage\"},\"thumbnailUrl\":\"https:\/\/nitu.mx\/wp-content\/uploads\/2020\/07\/mascarillas-WTTC.jpg\",\"datePublished\":\"2020-07-14T05:50:56+00:00\",\"dateModified\":\"2020-07-14T06:03:48+00:00\",\"breadcrumb\":{\"@id\":\"https:\/\/nitu.mx\/index.php\/2020\/07\/14\/wttc-lanza-nueva-campana-para-el-uso-de-mascaras-protectoras\/#breadcrumb\"},\"inLanguage\":\"es-MX\",\"potentialAction\":[{\"@type\":\"ReadAction\",\"target\":[\"https:\/\/nitu.mx\/index.php\/2020\/07\/14\/wttc-lanza-nueva-campana-para-el-uso-de-mascaras-protectoras\/\"]}]},{\"@type\":\"ImageObject\",\"inLanguage\":\"es-MX\",\"@id\":\"https:\/\/nitu.mx\/index.php\/2020\/07\/14\/wttc-lanza-nueva-campana-para-el-uso-de-mascaras-protectoras\/#primaryimage\",\"url\":\"https:\/\/nitu.mx\/wp-content\/uploads\/2020\/07\/mascarillas-WTTC.jpg\",\"contentUrl\":\"https:\/\/nitu.mx\/wp-content\/uploads\/2020\/07\/mascarillas-WTTC.jpg\",\"width\":850,\"height\":480},{\"@type\":\"BreadcrumbList\",\"@id\":\"https:\/\/nitu.mx\/index.php\/2020\/07\/14\/wttc-lanza-nueva-campana-para-el-uso-de-mascaras-protectoras\/#breadcrumb\",\"itemListElement\":[{\"@type\":\"ListItem\",\"position\":1,\"name\":\"Inicio\",\"item\":\"https:\/\/nitu.mx\/\"},{\"@type\":\"ListItem\",\"position\":2,\"name\":\"WTTC lanza nueva campa\u00f1a para el uso de m\u00e1scaras protectoras\"}]},{\"@type\":\"WebSite\",\"@id\":\"https:\/\/nitu.mx\/#website\",\"url\":\"https:\/\/nitu.mx\/\",\"name\":\"Nitu - Noticias de la Industria Turistica\",\"description\":\"Noticias de la Industria Turistica\",\"publisher\":{\"@id\":\"https:\/\/nitu.mx\/#\/schema\/person\/ae7a53426417292d3dd07b45a33e01bc\"},\"alternateName\":\"Noticias de la Industria Turistica\",\"potentialAction\":[{\"@type\":\"SearchAction\",\"target\":{\"@type\":\"EntryPoint\",\"urlTemplate\":\"https:\/\/nitu.mx\/?s={search_term_string}\"},\"query-input\":\"required name=search_term_string\"}],\"inLanguage\":\"es-MX\"},{\"@type\":[\"Person\",\"Organization\"],\"@id\":\"https:\/\/nitu.mx\/#\/schema\/person\/ae7a53426417292d3dd07b45a33e01bc\",\"name\":\"Arturo Medina\",\"image\":{\"@type\":\"ImageObject\",\"inLanguage\":\"es-MX\",\"@id\":\"https:\/\/nitu.mx\/#\/schema\/person\/image\/\",\"url\":\"https:\/\/nitu.mx\/wp-content\/uploads\/2024\/04\/4A315622-1904-4D5C-B022-878CDC840E04-90x90-1.jpeg\",\"contentUrl\":\"https:\/\/nitu.mx\/wp-content\/uploads\/2024\/04\/4A315622-1904-4D5C-B022-878CDC840E04-90x90-1.jpeg\",\"width\":90,\"height\":90,\"caption\":\"Arturo Medina\"},\"logo\":{\"@id\":\"https:\/\/nitu.mx\/#\/schema\/person\/image\/\"},\"description\":\"Director NITU.mx, Egresado de la Escuela de Periodismo Carlos Septi\u00e9n Garc\u00eda. Periodista y analista especializado en turismo desde hace 35 a\u00f1os, radicado en Canc\u00fan Q.Roo. arturo@nitu.mx\",\"sameAs\":[\"https:\/\/nitu.mx\",\"https:\/\/www.facebook.com\/NITUmx\/\",\"medinacancun\",\"https:\/\/twitter.com\/@Arturo_Medina_G\"]},{\"@type\":\"Person\",\"@id\":\"https:\/\/nitu.mx\/#\/schema\/person\/4a28fe9bd65924f7c90623773daf1b0b\",\"name\":\"Redacci\u00f3n\",\"image\":{\"@type\":\"ImageObject\",\"inLanguage\":\"es-MX\",\"@id\":\"https:\/\/nitu.mx\/#\/schema\/person\/image\/\",\"url\":\"https:\/\/secure.gravatar.com\/avatar\/5dd011c8ccfc5cd7e4c81e42252aab38?s=96&d=mm&r=g\",\"contentUrl\":\"https:\/\/secure.gravatar.com\/avatar\/5dd011c8ccfc5cd7e4c81e42252aab38?s=96&d=mm&r=g\",\"caption\":\"Redacci\u00f3n\"},\"url\":\"https:\/\/nitu.mx\/index.php\/author\/redaccion\/\"}]}<\/script>\n<!-- \/ Yoast SEO plugin. -->","yoast_head_json":{"title":"WTTC lanza nueva campa\u00f1a para el uso de m\u00e1scaras protectoras - Nitu - Noticias de la Industria Turistica","robots":{"index":"index","follow":"follow","max-snippet":"max-snippet:-1","max-image-preview":"max-image-preview:large","max-video-preview":"max-video-preview:-1"},"canonical":"https:\/\/nitu.mx\/index.php\/2020\/07\/14\/wttc-lanza-nueva-campana-para-el-uso-de-mascaras-protectoras\/","twitter_card":"summary_large_image","twitter_title":"WTTC lanza nueva campa\u00f1a para el uso de m\u00e1scaras protectoras - Nitu - Noticias de la Industria Turistica","twitter_description":"El Consejo Mundial de Viajes y Turismo (WTTC, por sus siglas en ingl\u00e9s) solicita a todos los viajeros que utilicen m\u00e1scaras protectoras para el cuidado de la salud durante sus recorridos, como parte de la llamada \u201cnueva normalidad\u201d de los viajes. A medida que los pa\u00edses pasan de los bloqueos a la reapertura de sus [&hellip;]","twitter_image":"https:\/\/nitu.mx\/wp-content\/uploads\/2020\/07\/mascarillas-WTTC.jpg","twitter_creator":"@NITUmx","twitter_site":"@Arturo_Medina_G","twitter_misc":{"Escrito por":"Redacci\u00f3n","Tiempo de lectura":"3 minutos"},"schema":{"@context":"https:\/\/schema.org","@graph":[{"@type":"Article","@id":"https:\/\/nitu.mx\/index.php\/2020\/07\/14\/wttc-lanza-nueva-campana-para-el-uso-de-mascaras-protectoras\/#article","isPartOf":{"@id":"https:\/\/nitu.mx\/index.php\/2020\/07\/14\/wttc-lanza-nueva-campana-para-el-uso-de-mascaras-protectoras\/"},"author":{"name":"Redacci\u00f3n","@id":"https:\/\/nitu.mx\/#\/schema\/person\/4a28fe9bd65924f7c90623773daf1b0b"},"headline":"WTTC lanza nueva campa\u00f1a para el uso de m\u00e1scaras protectoras","datePublished":"2020-07-14T05:50:56+00:00","dateModified":"2020-07-14T06:03:48+00:00","mainEntityOfPage":{"@id":"https:\/\/nitu.mx\/index.php\/2020\/07\/14\/wttc-lanza-nueva-campana-para-el-uso-de-mascaras-protectoras\/"},"wordCount":648,"commentCount":0,"publisher":{"@id":"https:\/\/nitu.mx\/#\/schema\/person\/ae7a53426417292d3dd07b45a33e01bc"},"image":{"@id":"https:\/\/nitu.mx\/index.php\/2020\/07\/14\/wttc-lanza-nueva-campana-para-el-uso-de-mascaras-protectoras\/#primaryimage"},"thumbnailUrl":"https:\/\/nitu.mx\/wp-content\/uploads\/2020\/07\/mascarillas-WTTC.jpg","keywords":["M\u00e1scaras protectoras","WTTC"],"articleSection":["COVID-19 CORONAVIRUS","Internacional"],"inLanguage":"es-MX","potentialAction":[{"@type":"CommentAction","name":"Comment","target":["https:\/\/nitu.mx\/index.php\/2020\/07\/14\/wttc-lanza-nueva-campana-para-el-uso-de-mascaras-protectoras\/#respond"]}]},{"@type":"WebPage","@id":"https:\/\/nitu.mx\/index.php\/2020\/07\/14\/wttc-lanza-nueva-campana-para-el-uso-de-mascaras-protectoras\/","url":"https:\/\/nitu.mx\/index.php\/2020\/07\/14\/wttc-lanza-nueva-campana-para-el-uso-de-mascaras-protectoras\/","name":"WTTC lanza nueva campa\u00f1a para el uso de m\u00e1scaras protectoras - Nitu - Noticias de la Industria Turistica","isPartOf":{"@id":"https:\/\/nitu.mx\/#website"},"primaryImageOfPage":{"@id":"https:\/\/nitu.mx\/index.php\/2020\/07\/14\/wttc-lanza-nueva-campana-para-el-uso-de-mascaras-protectoras\/#primaryimage"},"image":{"@id":"https:\/\/nitu.mx\/index.php\/2020\/07\/14\/wttc-lanza-nueva-campana-para-el-uso-de-mascaras-protectoras\/#primaryimage"},"thumbnailUrl":"https:\/\/nitu.mx\/wp-content\/uploads\/2020\/07\/mascarillas-WTTC.jpg","datePublished":"2020-07-14T05:50:56+00:00","dateModified":"2020-07-14T06:03:48+00:00","breadcrumb":{"@id":"https:\/\/nitu.mx\/index.php\/2020\/07\/14\/wttc-lanza-nueva-campana-para-el-uso-de-mascaras-protectoras\/#breadcrumb"},"inLanguage":"es-MX","potentialAction":[{"@type":"ReadAction","target":["https:\/\/nitu.mx\/index.php\/2020\/07\/14\/wttc-lanza-nueva-campana-para-el-uso-de-mascaras-protectoras\/"]}]},{"@type":"ImageObject","inLanguage":"es-MX","@id":"https:\/\/nitu.mx\/index.php\/2020\/07\/14\/wttc-lanza-nueva-campana-para-el-uso-de-mascaras-protectoras\/#primaryimage","url":"https:\/\/nitu.mx\/wp-content\/uploads\/2020\/07\/mascarillas-WTTC.jpg","contentUrl":"https:\/\/nitu.mx\/wp-content\/uploads\/2020\/07\/mascarillas-WTTC.jpg","width":850,"height":480},{"@type":"BreadcrumbList","@id":"https:\/\/nitu.mx\/index.php\/2020\/07\/14\/wttc-lanza-nueva-campana-para-el-uso-de-mascaras-protectoras\/#breadcrumb","itemListElement":[{"@type":"ListItem","position":1,"name":"Inicio","item":"https:\/\/nitu.mx\/"},{"@type":"ListItem","position":2,"name":"WTTC lanza nueva campa\u00f1a para el uso de m\u00e1scaras protectoras"}]},{"@type":"WebSite","@id":"https:\/\/nitu.mx\/#website","url":"https:\/\/nitu.mx\/","name":"Nitu - Noticias de la Industria Turistica","description":"Noticias de la Industria Turistica","publisher":{"@id":"https:\/\/nitu.mx\/#\/schema\/person\/ae7a53426417292d3dd07b45a33e01bc"},"alternateName":"Noticias de la Industria Turistica","potentialAction":[{"@type":"SearchAction","target":{"@type":"EntryPoint","urlTemplate":"https:\/\/nitu.mx\/?s={search_term_string}"},"query-input":"required name=search_term_string"}],"inLanguage":"es-MX"},{"@type":["Person","Organization"],"@id":"https:\/\/nitu.mx\/#\/schema\/person\/ae7a53426417292d3dd07b45a33e01bc","name":"Arturo Medina","image":{"@type":"ImageObject","inLanguage":"es-MX","@id":"https:\/\/nitu.mx\/#\/schema\/person\/image\/","url":"https:\/\/nitu.mx\/wp-content\/uploads\/2024\/04\/4A315622-1904-4D5C-B022-878CDC840E04-90x90-1.jpeg","contentUrl":"https:\/\/nitu.mx\/wp-content\/uploads\/2024\/04\/4A315622-1904-4D5C-B022-878CDC840E04-90x90-1.jpeg","width":90,"height":90,"caption":"Arturo Medina"},"logo":{"@id":"https:\/\/nitu.mx\/#\/schema\/person\/image\/"},"description":"Director NITU.mx, Egresado de la Escuela de Periodismo Carlos Septi\u00e9n Garc\u00eda. Periodista y analista especializado en turismo desde hace 35 a\u00f1os, radicado en Canc\u00fan Q.Roo. arturo@nitu.mx","sameAs":["https:\/\/nitu.mx","https:\/\/www.facebook.com\/NITUmx\/","medinacancun","https:\/\/twitter.com\/@Arturo_Medina_G"]},{"@type":"Person","@id":"https:\/\/nitu.mx\/#\/schema\/person\/4a28fe9bd65924f7c90623773daf1b0b","name":"Redacci\u00f3n","image":{"@type":"ImageObject","inLanguage":"es-MX","@id":"https:\/\/nitu.mx\/#\/schema\/person\/image\/","url":"https:\/\/secure.gravatar.com\/avatar\/5dd011c8ccfc5cd7e4c81e42252aab38?s=96&d=mm&r=g","contentUrl":"https:\/\/secure.gravatar.com\/avatar\/5dd011c8ccfc5cd7e4c81e42252aab38?s=96&d=mm&r=g","caption":"Redacci\u00f3n"},"url":"https:\/\/nitu.mx\/index.php\/author\/redaccion\/"}]}},"views":233,"_links":{"self":[{"href":"https:\/\/nitu.mx\/index.php\/wp-json\/wp\/v2\/posts\/44402"}],"collection":[{"href":"https:\/\/nitu.mx\/index.php\/wp-json\/wp\/v2\/posts"}],"about":[{"href":"https:\/\/nitu.mx\/index.php\/wp-json\/wp\/v2\/types\/post"}],"author":[{"embeddable":true,"href":"https:\/\/nitu.mx\/index.php\/wp-json\/wp\/v2\/users\/17"}],"replies":[{"embeddable":true,"href":"https:\/\/nitu.mx\/index.php\/wp-json\/wp\/v2\/comments?post=44402"}],"version-history":[{"count":1,"href":"https:\/\/nitu.mx\/index.php\/wp-json\/wp\/v2\/posts\/44402\/revisions"}],"predecessor-version":[{"id":44403,"href":"https:\/\/nitu.mx\/index.php\/wp-json\/wp\/v2\/posts\/44402\/revisions\/44403"}],"wp:featuredmedia":[{"embeddable":true,"href":"https:\/\/nitu.mx\/index.php\/wp-json\/wp\/v2\/media\/44416"}],"wp:attachment":[{"href":"https:\/\/nitu.mx\/index.php\/wp-json\/wp\/v2\/media?parent=44402"}],"wp:term":[{"taxonomy":"category","embeddable":true,"href":"https:\/\/nitu.mx\/index.php\/wp-json\/wp\/v2\/categories?post=44402"},{"taxonomy":"post_tag","embeddable":true,"href":"https:\/\/nitu.mx\/index.php\/wp-json\/wp\/v2\/tags?post=44402"}],"curies":[{"name":"wp","href":"https:\/\/api.w.org\/{rel}","templated":true}]}}