{"id":44250,"date":"2020-07-08T23:08:49","date_gmt":"2020-07-09T04:08:49","guid":{"rendered":"https:\/\/www.dev.nitu.mx\/?p=44250"},"modified":"2020-07-09T01:34:15","modified_gmt":"2020-07-09T06:34:15","slug":"american-airlines-reanuda-vuelos-a-distintos-destinos-del-caribe-mexicano","status":"publish","type":"post","link":"https:\/\/nitu.mx\/index.php\/2020\/07\/08\/american-airlines-reanuda-vuelos-a-distintos-destinos-del-caribe-mexicano\/","title":{"rendered":"American Airlines reanuda vuelos a distintos destinos del Caribe Mexicano"},"content":{"rendered":"\n<p>American Airlines inici\u00f3 el martes un importante relanzamiento del servicio al Caribe, reanudando los vuelos a una gran cantidad de destinos reabiertos en toda la regi\u00f3n.<\/p>\n\n\n\n<p>American reanud\u00f3 ocho rutas desde Miami el 7 de julio, incluido el servicio a Santo Domingo, Santiago, Punta Cana y Puerto Plata en la Rep\u00fablica Dominicana; Puerto Pr\u00edncipe, Hait\u00ed; junto con vuelos a Eleuthera, Georgetown, Exuma y Nassau, todos en las Bahamas.<\/p>\n\n\n\n<p>En las pr\u00f3ximas semanas, American relanzar\u00e1 el servicio a Santa Luc\u00eda, Aruba, San Vicente, San Mart\u00edn y Providenciales en las Islas Turcas y Caicos.<\/p>\n\n\n\n<p>La gran mayor\u00eda de los vuelos relanzados ser\u00e1n desde Miami; el resto se relanzar\u00e1 desde Charlotte.<\/p>\n\n\n\n<p>&#8220;American tiene una larga y orgullosa historia en el Caribe y estamos encantados de continuar reanudando nuestras operaciones, volando este mes con un horario que incluye hasta 42 vuelos diarios a 19 destinos en la regi\u00f3n&#8221;, dijo Jos\u00e9 Freig, Director Gerente para el Caribe y Am\u00e9rica Latina &#8220;Esperamos servir de manera segura a nuestros clientes en el Caribe y ayudar a reiniciar los viajes y el turismo en la regi\u00f3n&#8221;. (<a href=\"https:\/\/www.dev.nitu.mx\/index.php\/2020\/03\/27\/american-airlines-retirara-aviones-boeing-757-y-767-por-covid-19\/\">American Airlines retirara aviones Boeing 757 y 767 por COVID-19<\/a>).<\/p>\n\n\n\n<p>Santo Domingo ver\u00e1 el mayor relanzamiento, con tres vuelos diarios, seguido de Nassau con dos vuelos cada d\u00eda y la ruta Miami-Providenciales, que tambi\u00e9n operar\u00e1 dos veces al d\u00eda.<\/p>\n\n\n\n<p>American ya hab\u00eda estado volando en un horario limitado en la regi\u00f3n, con vuelos a San Juan, St Thomas y St Croix.<\/p>\n\n\n\n<p>El mes pasado, American reanud\u00f3 los vuelos a Antigua, Kingston y Montego Bay.<\/p>\n\n\n\n<p>La aerol\u00ednea operar\u00e1 42 vuelos diarios al Caribe en julio, y se esperan m\u00e1s vuelos para agosto. (Caribbean Journal)<\/p>\n","protected":false},"excerpt":{"rendered":"<p>American Airlines inici\u00f3 el martes un importante relanzamiento del servicio al Caribe, reanudando los vuelos a una gran cantidad de destinos reabiertos en toda la regi\u00f3n. American reanud\u00f3 ocho rutas desde Miami el 7 de julio, incluido el servicio a Santo Domingo, Santiago, Punta Cana y Puerto Plata en la Rep\u00fablica Dominicana; Puerto Pr\u00edncipe, Hait\u00ed; [&hellip;]<\/p>\n","protected":false},"author":17,"featured_media":27065,"comment_status":"open","ping_status":"open","sticky":false,"template":"","format":"standard","meta":{"footnotes":""},"categories":[29,18475],"tags":[481,404,4042],"yoast_head":"<!-- This site is optimized with the Yoast SEO plugin v22.2 - https:\/\/yoast.com\/wordpress\/plugins\/seo\/ -->\n<title>American Airlines reanuda vuelos a distintos destinos del Caribe Mexicano - Nitu - Noticias de la Industria Turistica<\/title>\n<meta name=\"robots\" content=\"index, follow, max-snippet:-1, max-image-preview:large, max-video-preview:-1\" \/>\n<link rel=\"canonical\" href=\"https:\/\/nitu.mx\/index.php\/2020\/07\/08\/american-airlines-reanuda-vuelos-a-distintos-destinos-del-caribe-mexicano\/\" \/>\n<meta name=\"twitter:card\" content=\"summary_large_image\" \/>\n<meta name=\"twitter:title\" content=\"American Airlines reanuda vuelos a distintos destinos del Caribe Mexicano - Nitu - Noticias de la Industria Turistica\" \/>\n<meta name=\"twitter:description\" content=\"American Airlines inici\u00f3 el martes un importante relanzamiento del servicio al Caribe, reanudando los vuelos a una gran cantidad de destinos reabiertos en toda la regi\u00f3n. American reanud\u00f3 ocho rutas desde Miami el 7 de julio, incluido el servicio a Santo Domingo, Santiago, Punta Cana y Puerto Plata en la Rep\u00fablica Dominicana; Puerto Pr\u00edncipe, Hait\u00ed; [&hellip;]\" \/>\n<meta name=\"twitter:image\" content=\"https:\/\/nitu.mx\/wp-content\/uploads\/2018\/11\/american-airlines-cancun.jpg\" \/>\n<meta name=\"twitter:creator\" content=\"@NITUmx\" \/>\n<meta name=\"twitter:site\" content=\"@Arturo_Medina_G\" \/>\n<meta name=\"twitter:label1\" content=\"Escrito por\" \/>\n\t<meta name=\"twitter:data1\" content=\"Redacci\u00f3n\" \/>\n\t<meta name=\"twitter:label2\" content=\"Tiempo de lectura\" \/>\n\t<meta name=\"twitter:data2\" content=\"1 minuto\" \/>\n<script type=\"application\/ld+json\" class=\"yoast-schema-graph\">{\"@context\":\"https:\/\/schema.org\",\"@graph\":[{\"@type\":\"Article\",\"@id\":\"https:\/\/nitu.mx\/index.php\/2020\/07\/08\/american-airlines-reanuda-vuelos-a-distintos-destinos-del-caribe-mexicano\/#article\",\"isPartOf\":{\"@id\":\"https:\/\/nitu.mx\/index.php\/2020\/07\/08\/american-airlines-reanuda-vuelos-a-distintos-destinos-del-caribe-mexicano\/\"},\"author\":{\"name\":\"Redacci\u00f3n\",\"@id\":\"https:\/\/nitu.mx\/#\/schema\/person\/4a28fe9bd65924f7c90623773daf1b0b\"},\"headline\":\"American Airlines reanuda vuelos a distintos destinos del Caribe Mexicano\",\"datePublished\":\"2020-07-09T04:08:49+00:00\",\"dateModified\":\"2020-07-09T06:34:15+00:00\",\"mainEntityOfPage\":{\"@id\":\"https:\/\/nitu.mx\/index.php\/2020\/07\/08\/american-airlines-reanuda-vuelos-a-distintos-destinos-del-caribe-mexicano\/\"},\"wordCount\":293,\"commentCount\":0,\"publisher\":{\"@id\":\"https:\/\/nitu.mx\/#\/schema\/person\/ae7a53426417292d3dd07b45a33e01bc\"},\"image\":{\"@id\":\"https:\/\/nitu.mx\/index.php\/2020\/07\/08\/american-airlines-reanuda-vuelos-a-distintos-destinos-del-caribe-mexicano\/#primaryimage\"},\"thumbnailUrl\":\"https:\/\/nitu.mx\/wp-content\/uploads\/2018\/11\/american-airlines-cancun.jpg\",\"keywords\":[\"American AIrlines\",\"Caribe\",\"Vuelos\"],\"articleSection\":[\"Aerol\u00edneas\",\"Caribe Mexicano\"],\"inLanguage\":\"es-MX\",\"potentialAction\":[{\"@type\":\"CommentAction\",\"name\":\"Comment\",\"target\":[\"https:\/\/nitu.mx\/index.php\/2020\/07\/08\/american-airlines-reanuda-vuelos-a-distintos-destinos-del-caribe-mexicano\/#respond\"]}]},{\"@type\":\"WebPage\",\"@id\":\"https:\/\/nitu.mx\/index.php\/2020\/07\/08\/american-airlines-reanuda-vuelos-a-distintos-destinos-del-caribe-mexicano\/\",\"url\":\"https:\/\/nitu.mx\/index.php\/2020\/07\/08\/american-airlines-reanuda-vuelos-a-distintos-destinos-del-caribe-mexicano\/\",\"name\":\"American Airlines reanuda vuelos a distintos destinos del Caribe Mexicano - Nitu - Noticias de la Industria Turistica\",\"isPartOf\":{\"@id\":\"https:\/\/nitu.mx\/#website\"},\"primaryImageOfPage\":{\"@id\":\"https:\/\/nitu.mx\/index.php\/2020\/07\/08\/american-airlines-reanuda-vuelos-a-distintos-destinos-del-caribe-mexicano\/#primaryimage\"},\"image\":{\"@id\":\"https:\/\/nitu.mx\/index.php\/2020\/07\/08\/american-airlines-reanuda-vuelos-a-distintos-destinos-del-caribe-mexicano\/#primaryimage\"},\"thumbnailUrl\":\"https:\/\/nitu.mx\/wp-content\/uploads\/2018\/11\/american-airlines-cancun.jpg\",\"datePublished\":\"2020-07-09T04:08:49+00:00\",\"dateModified\":\"2020-07-09T06:34:15+00:00\",\"breadcrumb\":{\"@id\":\"https:\/\/nitu.mx\/index.php\/2020\/07\/08\/american-airlines-reanuda-vuelos-a-distintos-destinos-del-caribe-mexicano\/#breadcrumb\"},\"inLanguage\":\"es-MX\",\"potentialAction\":[{\"@type\":\"ReadAction\",\"target\":[\"https:\/\/nitu.mx\/index.php\/2020\/07\/08\/american-airlines-reanuda-vuelos-a-distintos-destinos-del-caribe-mexicano\/\"]}]},{\"@type\":\"ImageObject\",\"inLanguage\":\"es-MX\",\"@id\":\"https:\/\/nitu.mx\/index.php\/2020\/07\/08\/american-airlines-reanuda-vuelos-a-distintos-destinos-del-caribe-mexicano\/#primaryimage\",\"url\":\"https:\/\/nitu.mx\/wp-content\/uploads\/2018\/11\/american-airlines-cancun.jpg\",\"contentUrl\":\"https:\/\/nitu.mx\/wp-content\/uploads\/2018\/11\/american-airlines-cancun.jpg\",\"width\":850,\"height\":480,\"caption\":\"american airlines cancun\"},{\"@type\":\"BreadcrumbList\",\"@id\":\"https:\/\/nitu.mx\/index.php\/2020\/07\/08\/american-airlines-reanuda-vuelos-a-distintos-destinos-del-caribe-mexicano\/#breadcrumb\",\"itemListElement\":[{\"@type\":\"ListItem\",\"position\":1,\"name\":\"Inicio\",\"item\":\"https:\/\/nitu.mx\/\"},{\"@type\":\"ListItem\",\"position\":2,\"name\":\"American Airlines reanuda vuelos a distintos destinos del Caribe Mexicano\"}]},{\"@type\":\"WebSite\",\"@id\":\"https:\/\/nitu.mx\/#website\",\"url\":\"https:\/\/nitu.mx\/\",\"name\":\"Nitu - Noticias de la Industria Turistica\",\"description\":\"Noticias de la Industria Turistica\",\"publisher\":{\"@id\":\"https:\/\/nitu.mx\/#\/schema\/person\/ae7a53426417292d3dd07b45a33e01bc\"},\"alternateName\":\"Noticias de la Industria Turistica\",\"potentialAction\":[{\"@type\":\"SearchAction\",\"target\":{\"@type\":\"EntryPoint\",\"urlTemplate\":\"https:\/\/nitu.mx\/?s={search_term_string}\"},\"query-input\":\"required name=search_term_string\"}],\"inLanguage\":\"es-MX\"},{\"@type\":[\"Person\",\"Organization\"],\"@id\":\"https:\/\/nitu.mx\/#\/schema\/person\/ae7a53426417292d3dd07b45a33e01bc\",\"name\":\"Arturo Medina\",\"image\":{\"@type\":\"ImageObject\",\"inLanguage\":\"es-MX\",\"@id\":\"https:\/\/nitu.mx\/#\/schema\/person\/image\/\",\"url\":\"https:\/\/nitu.mx\/wp-content\/uploads\/2024\/04\/4A315622-1904-4D5C-B022-878CDC840E04-90x90-1.jpeg\",\"contentUrl\":\"https:\/\/nitu.mx\/wp-content\/uploads\/2024\/04\/4A315622-1904-4D5C-B022-878CDC840E04-90x90-1.jpeg\",\"width\":90,\"height\":90,\"caption\":\"Arturo Medina\"},\"logo\":{\"@id\":\"https:\/\/nitu.mx\/#\/schema\/person\/image\/\"},\"description\":\"Director NITU.mx, Egresado de la Escuela de Periodismo Carlos Septi\u00e9n Garc\u00eda. Periodista y analista especializado en turismo desde hace 35 a\u00f1os, radicado en Canc\u00fan Q.Roo. arturo@nitu.mx\",\"sameAs\":[\"https:\/\/nitu.mx\",\"https:\/\/www.facebook.com\/NITUmx\/\",\"medinacancun\",\"https:\/\/twitter.com\/@Arturo_Medina_G\"]},{\"@type\":\"Person\",\"@id\":\"https:\/\/nitu.mx\/#\/schema\/person\/4a28fe9bd65924f7c90623773daf1b0b\",\"name\":\"Redacci\u00f3n\",\"image\":{\"@type\":\"ImageObject\",\"inLanguage\":\"es-MX\",\"@id\":\"https:\/\/nitu.mx\/#\/schema\/person\/image\/\",\"url\":\"https:\/\/secure.gravatar.com\/avatar\/5dd011c8ccfc5cd7e4c81e42252aab38?s=96&d=mm&r=g\",\"contentUrl\":\"https:\/\/secure.gravatar.com\/avatar\/5dd011c8ccfc5cd7e4c81e42252aab38?s=96&d=mm&r=g\",\"caption\":\"Redacci\u00f3n\"},\"url\":\"https:\/\/nitu.mx\/index.php\/author\/redaccion\/\"}]}<\/script>\n<!-- \/ Yoast SEO plugin. -->","yoast_head_json":{"title":"American Airlines reanuda vuelos a distintos destinos del Caribe Mexicano - Nitu - Noticias de la Industria Turistica","robots":{"index":"index","follow":"follow","max-snippet":"max-snippet:-1","max-image-preview":"max-image-preview:large","max-video-preview":"max-video-preview:-1"},"canonical":"https:\/\/nitu.mx\/index.php\/2020\/07\/08\/american-airlines-reanuda-vuelos-a-distintos-destinos-del-caribe-mexicano\/","twitter_card":"summary_large_image","twitter_title":"American Airlines reanuda vuelos a distintos destinos del Caribe Mexicano - Nitu - Noticias de la Industria Turistica","twitter_description":"American Airlines inici\u00f3 el martes un importante relanzamiento del servicio al Caribe, reanudando los vuelos a una gran cantidad de destinos reabiertos en toda la regi\u00f3n. American reanud\u00f3 ocho rutas desde Miami el 7 de julio, incluido el servicio a Santo Domingo, Santiago, Punta Cana y Puerto Plata en la Rep\u00fablica Dominicana; Puerto Pr\u00edncipe, Hait\u00ed; [&hellip;]","twitter_image":"https:\/\/nitu.mx\/wp-content\/uploads\/2018\/11\/american-airlines-cancun.jpg","twitter_creator":"@NITUmx","twitter_site":"@Arturo_Medina_G","twitter_misc":{"Escrito por":"Redacci\u00f3n","Tiempo de lectura":"1 minuto"},"schema":{"@context":"https:\/\/schema.org","@graph":[{"@type":"Article","@id":"https:\/\/nitu.mx\/index.php\/2020\/07\/08\/american-airlines-reanuda-vuelos-a-distintos-destinos-del-caribe-mexicano\/#article","isPartOf":{"@id":"https:\/\/nitu.mx\/index.php\/2020\/07\/08\/american-airlines-reanuda-vuelos-a-distintos-destinos-del-caribe-mexicano\/"},"author":{"name":"Redacci\u00f3n","@id":"https:\/\/nitu.mx\/#\/schema\/person\/4a28fe9bd65924f7c90623773daf1b0b"},"headline":"American Airlines reanuda vuelos a distintos destinos del Caribe Mexicano","datePublished":"2020-07-09T04:08:49+00:00","dateModified":"2020-07-09T06:34:15+00:00","mainEntityOfPage":{"@id":"https:\/\/nitu.mx\/index.php\/2020\/07\/08\/american-airlines-reanuda-vuelos-a-distintos-destinos-del-caribe-mexicano\/"},"wordCount":293,"commentCount":0,"publisher":{"@id":"https:\/\/nitu.mx\/#\/schema\/person\/ae7a53426417292d3dd07b45a33e01bc"},"image":{"@id":"https:\/\/nitu.mx\/index.php\/2020\/07\/08\/american-airlines-reanuda-vuelos-a-distintos-destinos-del-caribe-mexicano\/#primaryimage"},"thumbnailUrl":"https:\/\/nitu.mx\/wp-content\/uploads\/2018\/11\/american-airlines-cancun.jpg","keywords":["American AIrlines","Caribe","Vuelos"],"articleSection":["Aerol\u00edneas","Caribe Mexicano"],"inLanguage":"es-MX","potentialAction":[{"@type":"CommentAction","name":"Comment","target":["https:\/\/nitu.mx\/index.php\/2020\/07\/08\/american-airlines-reanuda-vuelos-a-distintos-destinos-del-caribe-mexicano\/#respond"]}]},{"@type":"WebPage","@id":"https:\/\/nitu.mx\/index.php\/2020\/07\/08\/american-airlines-reanuda-vuelos-a-distintos-destinos-del-caribe-mexicano\/","url":"https:\/\/nitu.mx\/index.php\/2020\/07\/08\/american-airlines-reanuda-vuelos-a-distintos-destinos-del-caribe-mexicano\/","name":"American Airlines reanuda vuelos a distintos destinos del Caribe Mexicano - Nitu - Noticias de la Industria Turistica","isPartOf":{"@id":"https:\/\/nitu.mx\/#website"},"primaryImageOfPage":{"@id":"https:\/\/nitu.mx\/index.php\/2020\/07\/08\/american-airlines-reanuda-vuelos-a-distintos-destinos-del-caribe-mexicano\/#primaryimage"},"image":{"@id":"https:\/\/nitu.mx\/index.php\/2020\/07\/08\/american-airlines-reanuda-vuelos-a-distintos-destinos-del-caribe-mexicano\/#primaryimage"},"thumbnailUrl":"https:\/\/nitu.mx\/wp-content\/uploads\/2018\/11\/american-airlines-cancun.jpg","datePublished":"2020-07-09T04:08:49+00:00","dateModified":"2020-07-09T06:34:15+00:00","breadcrumb":{"@id":"https:\/\/nitu.mx\/index.php\/2020\/07\/08\/american-airlines-reanuda-vuelos-a-distintos-destinos-del-caribe-mexicano\/#breadcrumb"},"inLanguage":"es-MX","potentialAction":[{"@type":"ReadAction","target":["https:\/\/nitu.mx\/index.php\/2020\/07\/08\/american-airlines-reanuda-vuelos-a-distintos-destinos-del-caribe-mexicano\/"]}]},{"@type":"ImageObject","inLanguage":"es-MX","@id":"https:\/\/nitu.mx\/index.php\/2020\/07\/08\/american-airlines-reanuda-vuelos-a-distintos-destinos-del-caribe-mexicano\/#primaryimage","url":"https:\/\/nitu.mx\/wp-content\/uploads\/2018\/11\/american-airlines-cancun.jpg","contentUrl":"https:\/\/nitu.mx\/wp-content\/uploads\/2018\/11\/american-airlines-cancun.jpg","width":850,"height":480,"caption":"american airlines cancun"},{"@type":"BreadcrumbList","@id":"https:\/\/nitu.mx\/index.php\/2020\/07\/08\/american-airlines-reanuda-vuelos-a-distintos-destinos-del-caribe-mexicano\/#breadcrumb","itemListElement":[{"@type":"ListItem","position":1,"name":"Inicio","item":"https:\/\/nitu.mx\/"},{"@type":"ListItem","position":2,"name":"American Airlines reanuda vuelos a distintos destinos del Caribe Mexicano"}]},{"@type":"WebSite","@id":"https:\/\/nitu.mx\/#website","url":"https:\/\/nitu.mx\/","name":"Nitu - Noticias de la Industria Turistica","description":"Noticias de la Industria Turistica","publisher":{"@id":"https:\/\/nitu.mx\/#\/schema\/person\/ae7a53426417292d3dd07b45a33e01bc"},"alternateName":"Noticias de la Industria Turistica","potentialAction":[{"@type":"SearchAction","target":{"@type":"EntryPoint","urlTemplate":"https:\/\/nitu.mx\/?s={search_term_string}"},"query-input":"required name=search_term_string"}],"inLanguage":"es-MX"},{"@type":["Person","Organization"],"@id":"https:\/\/nitu.mx\/#\/schema\/person\/ae7a53426417292d3dd07b45a33e01bc","name":"Arturo Medina","image":{"@type":"ImageObject","inLanguage":"es-MX","@id":"https:\/\/nitu.mx\/#\/schema\/person\/image\/","url":"https:\/\/nitu.mx\/wp-content\/uploads\/2024\/04\/4A315622-1904-4D5C-B022-878CDC840E04-90x90-1.jpeg","contentUrl":"https:\/\/nitu.mx\/wp-content\/uploads\/2024\/04\/4A315622-1904-4D5C-B022-878CDC840E04-90x90-1.jpeg","width":90,"height":90,"caption":"Arturo Medina"},"logo":{"@id":"https:\/\/nitu.mx\/#\/schema\/person\/image\/"},"description":"Director NITU.mx, Egresado de la Escuela de Periodismo Carlos Septi\u00e9n Garc\u00eda. Periodista y analista especializado en turismo desde hace 35 a\u00f1os, radicado en Canc\u00fan Q.Roo. arturo@nitu.mx","sameAs":["https:\/\/nitu.mx","https:\/\/www.facebook.com\/NITUmx\/","medinacancun","https:\/\/twitter.com\/@Arturo_Medina_G"]},{"@type":"Person","@id":"https:\/\/nitu.mx\/#\/schema\/person\/4a28fe9bd65924f7c90623773daf1b0b","name":"Redacci\u00f3n","image":{"@type":"ImageObject","inLanguage":"es-MX","@id":"https:\/\/nitu.mx\/#\/schema\/person\/image\/","url":"https:\/\/secure.gravatar.com\/avatar\/5dd011c8ccfc5cd7e4c81e42252aab38?s=96&d=mm&r=g","contentUrl":"https:\/\/secure.gravatar.com\/avatar\/5dd011c8ccfc5cd7e4c81e42252aab38?s=96&d=mm&r=g","caption":"Redacci\u00f3n"},"url":"https:\/\/nitu.mx\/index.php\/author\/redaccion\/"}]}},"views":345,"_links":{"self":[{"href":"https:\/\/nitu.mx\/index.php\/wp-json\/wp\/v2\/posts\/44250"}],"collection":[{"href":"https:\/\/nitu.mx\/index.php\/wp-json\/wp\/v2\/posts"}],"about":[{"href":"https:\/\/nitu.mx\/index.php\/wp-json\/wp\/v2\/types\/post"}],"author":[{"embeddable":true,"href":"https:\/\/nitu.mx\/index.php\/wp-json\/wp\/v2\/users\/17"}],"replies":[{"embeddable":true,"href":"https:\/\/nitu.mx\/index.php\/wp-json\/wp\/v2\/comments?post=44250"}],"version-history":[{"count":3,"href":"https:\/\/nitu.mx\/index.php\/wp-json\/wp\/v2\/posts\/44250\/revisions"}],"predecessor-version":[{"id":44264,"href":"https:\/\/nitu.mx\/index.php\/wp-json\/wp\/v2\/posts\/44250\/revisions\/44264"}],"wp:featuredmedia":[{"embeddable":true,"href":"https:\/\/nitu.mx\/index.php\/wp-json\/wp\/v2\/media\/27065"}],"wp:attachment":[{"href":"https:\/\/nitu.mx\/index.php\/wp-json\/wp\/v2\/media?parent=44250"}],"wp:term":[{"taxonomy":"category","embeddable":true,"href":"https:\/\/nitu.mx\/index.php\/wp-json\/wp\/v2\/categories?post=44250"},{"taxonomy":"post_tag","embeddable":true,"href":"https:\/\/nitu.mx\/index.php\/wp-json\/wp\/v2\/tags?post=44250"}],"curies":[{"name":"wp","href":"https:\/\/api.w.org\/{rel}","templated":true}]}}