{"id":4402,"date":"2016-11-28T22:43:27","date_gmt":"2016-11-29T03:43:27","guid":{"rendered":"http:\/\/www.dev.nitu.mx\/?p=4402"},"modified":"2016-11-29T00:59:58","modified_gmt":"2016-11-29T05:59:58","slug":"aeromexico-le-gana-a-volaris-en-bajar-su-tarifa","status":"publish","type":"post","link":"https:\/\/nitu.mx\/index.php\/2016\/11\/28\/aeromexico-le-gana-a-volaris-en-bajar-su-tarifa\/","title":{"rendered":"Aerom\u00e9xico le gana a Volaris en bajar su tarifa"},"content":{"rendered":"<p>Andr\u00e9s Conesa, director de Aerom\u00e9xico, expuso que pese a la reducci\u00f3n en su tarifa, en el consejo de la empresa no contemplan hacer una aerol\u00ednea de bajo costo en M\u00e9xico como ha ocurrido en otros casos, por ejemplo Wingo y Copa Airlines.<br \/>\nEn la Bolsa Mexicana de Valores, Aerom\u00e9xico redujo su <em>yield,<\/em> tarifa por pasajero, de mil 572 pesos en el tercer trimestre de 2012, a mil 400 pesos en el tercer cuarto de 2016, es decir, una baja de 10.9 por ciento.<br \/>\nEn tanto, la tarifa de Volaris pas\u00f3 de mil 437 pesos por pasajero en el mismo periodo de 2012, a mil 316 pesos entre julio y septiembre de 2016, lo que significa una reducci\u00f3n de 8.4 por ciento.<br \/>\nAndr\u00e9s Conesa, director de Grupo Aerom\u00e9xico, descart\u00f3 cualquier idea de volver a alguna de sus subsidiarias en aerol\u00ednea de bajo costo, sin embargo, s\u00ed ve posible que algunos de los clientes de las empresas como Volaris y VivaAerobus comiencen a migrar a l\u00edneas a\u00e9reas denominadas \u2018legacy\u2019, da a conocer El Financiero.<br \/>\n\u201cHace 12 a\u00f1os no exist\u00edan Volaris, Interjet, VivaAerobus, el d\u00f3lar estaba en siete pesos, ahora somos una aerol\u00ednea m\u00e1s fuerte que en ese entonces. Tambi\u00e9n esas aerol\u00edneas est\u00e1n creando un mercado, que si bien a lo mejor no lo desarrollamos en primera instancia, estos pasajeros que antes se transportaban en autob\u00fas y que ahora utilizan aerol\u00edneas de bajo costo, volar\u00e1n m\u00e1s adelante con nosotros, algunos ya lo est\u00e1n haciendo\u201d, explic\u00f3 Conesa.<br \/>\nPara el directivo de la firma, el grado de competencia que existe entre las aerol\u00edneas mexicanas es muy alto.<\/p>\n","protected":false},"excerpt":{"rendered":"<p>Andr\u00e9s Conesa, director de Aerom\u00e9xico, expuso que pese a la reducci\u00f3n en su tarifa, en el consejo de la empresa no contemplan hacer una aerol\u00ednea de bajo costo en M\u00e9xico como ha ocurrido en otros casos, por ejemplo Wingo y Copa Airlines. En la Bolsa Mexicana de Valores, Aerom\u00e9xico redujo su yield, tarifa por pasajero, [&hellip;]<\/p>\n","protected":false},"author":3,"featured_media":4420,"comment_status":"open","ping_status":"open","sticky":false,"template":"","format":"standard","meta":{"footnotes":""},"categories":[29,6],"tags":[30,1341,436,253,131,1256],"yoast_head":"<!-- This site is optimized with the Yoast SEO plugin v22.2 - https:\/\/yoast.com\/wordpress\/plugins\/seo\/ -->\n<title>Aerom\u00e9xico le gana a Volaris en bajar su tarifa - Nitu - Noticias de la Industria Turistica<\/title>\n<meta name=\"description\" content=\"Aerom\u00e9xico expuso que pese a la reducci\u00f3n en su tarifa, no contemplan hacer una aerol\u00ednea de bajo costo en M\u00e9xico como ha ocurrido en otros casos.\" \/>\n<meta name=\"robots\" content=\"index, follow, max-snippet:-1, max-image-preview:large, max-video-preview:-1\" \/>\n<link rel=\"canonical\" href=\"https:\/\/nitu.mx\/index.php\/2016\/11\/28\/aeromexico-le-gana-a-volaris-en-bajar-su-tarifa\/\" \/>\n<meta name=\"twitter:card\" content=\"summary_large_image\" \/>\n<meta name=\"twitter:title\" content=\"Aerom\u00e9xico le gana a Volaris en bajar su tarifa - Nitu - Noticias de la Industria Turistica\" \/>\n<meta name=\"twitter:description\" content=\"Aerom\u00e9xico expuso que pese a la reducci\u00f3n en su tarifa, no contemplan hacer una aerol\u00ednea de bajo costo en M\u00e9xico como ha ocurrido en otros casos.\" \/>\n<meta name=\"twitter:image\" content=\"https:\/\/nitu.mx\/wp-content\/uploads\/2016\/11\/aeromexico-tarifas.jpg\" \/>\n<meta name=\"twitter:creator\" content=\"@NITUmx\" \/>\n<meta name=\"twitter:site\" content=\"@Arturo_Medina_G\" \/>\n<meta name=\"twitter:label1\" content=\"Escrito por\" \/>\n\t<meta name=\"twitter:data1\" content=\"Alejandra Moncisbays\" \/>\n\t<meta name=\"twitter:label2\" content=\"Tiempo de lectura\" \/>\n\t<meta name=\"twitter:data2\" content=\"1 minuto\" \/>\n<script type=\"application\/ld+json\" class=\"yoast-schema-graph\">{\"@context\":\"https:\/\/schema.org\",\"@graph\":[{\"@type\":\"Article\",\"@id\":\"https:\/\/nitu.mx\/index.php\/2016\/11\/28\/aeromexico-le-gana-a-volaris-en-bajar-su-tarifa\/#article\",\"isPartOf\":{\"@id\":\"https:\/\/nitu.mx\/index.php\/2016\/11\/28\/aeromexico-le-gana-a-volaris-en-bajar-su-tarifa\/\"},\"author\":{\"name\":\"Alejandra Moncisbays\",\"@id\":\"https:\/\/nitu.mx\/#\/schema\/person\/2ecd887b19dfd3382d1f14fc5acf24a8\"},\"headline\":\"Aerom\u00e9xico le gana a Volaris en bajar su tarifa\",\"datePublished\":\"2016-11-29T03:43:27+00:00\",\"dateModified\":\"2016-11-29T05:59:58+00:00\",\"mainEntityOfPage\":{\"@id\":\"https:\/\/nitu.mx\/index.php\/2016\/11\/28\/aeromexico-le-gana-a-volaris-en-bajar-su-tarifa\/\"},\"wordCount\":287,\"commentCount\":0,\"publisher\":{\"@id\":\"https:\/\/nitu.mx\/#\/schema\/person\/ae7a53426417292d3dd07b45a33e01bc\"},\"image\":{\"@id\":\"https:\/\/nitu.mx\/index.php\/2016\/11\/28\/aeromexico-le-gana-a-volaris-en-bajar-su-tarifa\/#primaryimage\"},\"thumbnailUrl\":\"https:\/\/nitu.mx\/wp-content\/uploads\/2016\/11\/aeromexico-tarifas.jpg\",\"keywords\":[\"Aerom\u00e9xico\",\"Aerom\u00e9xico Connect\",\"Gerardo Ruiz Esparza\",\"Secretar\u00eda de Comunicaciones y Transportes\",\"Volaris\",\"Wingo\"],\"articleSection\":[\"Aerol\u00edneas\",\"M\u00e9xico\"],\"inLanguage\":\"es-MX\",\"potentialAction\":[{\"@type\":\"CommentAction\",\"name\":\"Comment\",\"target\":[\"https:\/\/nitu.mx\/index.php\/2016\/11\/28\/aeromexico-le-gana-a-volaris-en-bajar-su-tarifa\/#respond\"]}]},{\"@type\":\"WebPage\",\"@id\":\"https:\/\/nitu.mx\/index.php\/2016\/11\/28\/aeromexico-le-gana-a-volaris-en-bajar-su-tarifa\/\",\"url\":\"https:\/\/nitu.mx\/index.php\/2016\/11\/28\/aeromexico-le-gana-a-volaris-en-bajar-su-tarifa\/\",\"name\":\"Aerom\u00e9xico le gana a Volaris en bajar su tarifa - Nitu - Noticias de la Industria Turistica\",\"isPartOf\":{\"@id\":\"https:\/\/nitu.mx\/#website\"},\"primaryImageOfPage\":{\"@id\":\"https:\/\/nitu.mx\/index.php\/2016\/11\/28\/aeromexico-le-gana-a-volaris-en-bajar-su-tarifa\/#primaryimage\"},\"image\":{\"@id\":\"https:\/\/nitu.mx\/index.php\/2016\/11\/28\/aeromexico-le-gana-a-volaris-en-bajar-su-tarifa\/#primaryimage\"},\"thumbnailUrl\":\"https:\/\/nitu.mx\/wp-content\/uploads\/2016\/11\/aeromexico-tarifas.jpg\",\"datePublished\":\"2016-11-29T03:43:27+00:00\",\"dateModified\":\"2016-11-29T05:59:58+00:00\",\"description\":\"Aerom\u00e9xico expuso que pese a la reducci\u00f3n en su tarifa, no contemplan hacer una aerol\u00ednea de bajo costo en M\u00e9xico como ha ocurrido en otros casos.\",\"breadcrumb\":{\"@id\":\"https:\/\/nitu.mx\/index.php\/2016\/11\/28\/aeromexico-le-gana-a-volaris-en-bajar-su-tarifa\/#breadcrumb\"},\"inLanguage\":\"es-MX\",\"potentialAction\":[{\"@type\":\"ReadAction\",\"target\":[\"https:\/\/nitu.mx\/index.php\/2016\/11\/28\/aeromexico-le-gana-a-volaris-en-bajar-su-tarifa\/\"]}]},{\"@type\":\"ImageObject\",\"inLanguage\":\"es-MX\",\"@id\":\"https:\/\/nitu.mx\/index.php\/2016\/11\/28\/aeromexico-le-gana-a-volaris-en-bajar-su-tarifa\/#primaryimage\",\"url\":\"https:\/\/nitu.mx\/wp-content\/uploads\/2016\/11\/aeromexico-tarifas.jpg\",\"contentUrl\":\"https:\/\/nitu.mx\/wp-content\/uploads\/2016\/11\/aeromexico-tarifas.jpg\",\"width\":968,\"height\":666,\"caption\":\"aeromexico tarifas\"},{\"@type\":\"BreadcrumbList\",\"@id\":\"https:\/\/nitu.mx\/index.php\/2016\/11\/28\/aeromexico-le-gana-a-volaris-en-bajar-su-tarifa\/#breadcrumb\",\"itemListElement\":[{\"@type\":\"ListItem\",\"position\":1,\"name\":\"Inicio\",\"item\":\"https:\/\/nitu.mx\/\"},{\"@type\":\"ListItem\",\"position\":2,\"name\":\"Aerom\u00e9xico le gana a Volaris en bajar su tarifa\"}]},{\"@type\":\"WebSite\",\"@id\":\"https:\/\/nitu.mx\/#website\",\"url\":\"https:\/\/nitu.mx\/\",\"name\":\"Nitu - Noticias de la Industria Turistica\",\"description\":\"Noticias de la Industria Turistica\",\"publisher\":{\"@id\":\"https:\/\/nitu.mx\/#\/schema\/person\/ae7a53426417292d3dd07b45a33e01bc\"},\"alternateName\":\"Noticias de la Industria Turistica\",\"potentialAction\":[{\"@type\":\"SearchAction\",\"target\":{\"@type\":\"EntryPoint\",\"urlTemplate\":\"https:\/\/nitu.mx\/?s={search_term_string}\"},\"query-input\":\"required name=search_term_string\"}],\"inLanguage\":\"es-MX\"},{\"@type\":[\"Person\",\"Organization\"],\"@id\":\"https:\/\/nitu.mx\/#\/schema\/person\/ae7a53426417292d3dd07b45a33e01bc\",\"name\":\"Arturo Medina\",\"image\":{\"@type\":\"ImageObject\",\"inLanguage\":\"es-MX\",\"@id\":\"https:\/\/nitu.mx\/#\/schema\/person\/image\/\",\"url\":\"https:\/\/nitu.mx\/wp-content\/uploads\/2024\/04\/4A315622-1904-4D5C-B022-878CDC840E04-90x90-1.jpeg\",\"contentUrl\":\"https:\/\/nitu.mx\/wp-content\/uploads\/2024\/04\/4A315622-1904-4D5C-B022-878CDC840E04-90x90-1.jpeg\",\"width\":90,\"height\":90,\"caption\":\"Arturo Medina\"},\"logo\":{\"@id\":\"https:\/\/nitu.mx\/#\/schema\/person\/image\/\"},\"description\":\"Director NITU.mx, Egresado de la Escuela de Periodismo Carlos Septi\u00e9n Garc\u00eda. Periodista y analista especializado en turismo desde hace 35 a\u00f1os, radicado en Canc\u00fan Q.Roo. arturo@nitu.mx\",\"sameAs\":[\"https:\/\/nitu.mx\",\"https:\/\/www.facebook.com\/NITUmx\/\",\"medinacancun\",\"https:\/\/twitter.com\/@Arturo_Medina_G\"]},{\"@type\":\"Person\",\"@id\":\"https:\/\/nitu.mx\/#\/schema\/person\/2ecd887b19dfd3382d1f14fc5acf24a8\",\"name\":\"Alejandra Moncisbays\",\"image\":{\"@type\":\"ImageObject\",\"inLanguage\":\"es-MX\",\"@id\":\"https:\/\/nitu.mx\/#\/schema\/person\/image\/\",\"url\":\"https:\/\/secure.gravatar.com\/avatar\/e74f7af0be172b7804dacfd0bfbef787?s=96&d=mm&r=g\",\"contentUrl\":\"https:\/\/secure.gravatar.com\/avatar\/e74f7af0be172b7804dacfd0bfbef787?s=96&d=mm&r=g\",\"caption\":\"Alejandra Moncisbays\"},\"description\":\"Curs\u00e9 la carrera de Periodismo y Comunicaci\u00f3n en la Facultad de Estudios Profesionales Acatl\u00e1n. Vivo en Canc\u00fan desde hace 24 a\u00f1os. Fui reportera de La Tarde de Canc\u00fan, y Novedades de Quintana Roo, colabor\u00e9 en TVCUN, edit\u00e9 Cancun\u00edssimo y colabor\u00e9 en las revistas Latitud21, entre otras, con principal enfoque en los sectores empresarial y tur\u00edstico. Desde hace varios a\u00f1os soy Agente de Seguros con c\u00e9dula de la Comisi\u00f3n Nacional de Seguros y Fianzas. Actualmente, me desarrollo en los \u00e1mbitos del periodismo y el sector asegurador.\",\"sameAs\":[\"https:\/\/nitu.mx\"],\"url\":\"https:\/\/nitu.mx\/index.php\/author\/alejandra\/\"}]}<\/script>\n<!-- \/ Yoast SEO plugin. -->","yoast_head_json":{"title":"Aerom\u00e9xico le gana a Volaris en bajar su tarifa - Nitu - Noticias de la Industria Turistica","description":"Aerom\u00e9xico expuso que pese a la reducci\u00f3n en su tarifa, no contemplan hacer una aerol\u00ednea de bajo costo en M\u00e9xico como ha ocurrido en otros casos.","robots":{"index":"index","follow":"follow","max-snippet":"max-snippet:-1","max-image-preview":"max-image-preview:large","max-video-preview":"max-video-preview:-1"},"canonical":"https:\/\/nitu.mx\/index.php\/2016\/11\/28\/aeromexico-le-gana-a-volaris-en-bajar-su-tarifa\/","twitter_card":"summary_large_image","twitter_title":"Aerom\u00e9xico le gana a Volaris en bajar su tarifa - Nitu - Noticias de la Industria Turistica","twitter_description":"Aerom\u00e9xico expuso que pese a la reducci\u00f3n en su tarifa, no contemplan hacer una aerol\u00ednea de bajo costo en M\u00e9xico como ha ocurrido en otros casos.","twitter_image":"https:\/\/nitu.mx\/wp-content\/uploads\/2016\/11\/aeromexico-tarifas.jpg","twitter_creator":"@NITUmx","twitter_site":"@Arturo_Medina_G","twitter_misc":{"Escrito por":"Alejandra Moncisbays","Tiempo de lectura":"1 minuto"},"schema":{"@context":"https:\/\/schema.org","@graph":[{"@type":"Article","@id":"https:\/\/nitu.mx\/index.php\/2016\/11\/28\/aeromexico-le-gana-a-volaris-en-bajar-su-tarifa\/#article","isPartOf":{"@id":"https:\/\/nitu.mx\/index.php\/2016\/11\/28\/aeromexico-le-gana-a-volaris-en-bajar-su-tarifa\/"},"author":{"name":"Alejandra Moncisbays","@id":"https:\/\/nitu.mx\/#\/schema\/person\/2ecd887b19dfd3382d1f14fc5acf24a8"},"headline":"Aerom\u00e9xico le gana a Volaris en bajar su tarifa","datePublished":"2016-11-29T03:43:27+00:00","dateModified":"2016-11-29T05:59:58+00:00","mainEntityOfPage":{"@id":"https:\/\/nitu.mx\/index.php\/2016\/11\/28\/aeromexico-le-gana-a-volaris-en-bajar-su-tarifa\/"},"wordCount":287,"commentCount":0,"publisher":{"@id":"https:\/\/nitu.mx\/#\/schema\/person\/ae7a53426417292d3dd07b45a33e01bc"},"image":{"@id":"https:\/\/nitu.mx\/index.php\/2016\/11\/28\/aeromexico-le-gana-a-volaris-en-bajar-su-tarifa\/#primaryimage"},"thumbnailUrl":"https:\/\/nitu.mx\/wp-content\/uploads\/2016\/11\/aeromexico-tarifas.jpg","keywords":["Aerom\u00e9xico","Aerom\u00e9xico Connect","Gerardo Ruiz Esparza","Secretar\u00eda de Comunicaciones y Transportes","Volaris","Wingo"],"articleSection":["Aerol\u00edneas","M\u00e9xico"],"inLanguage":"es-MX","potentialAction":[{"@type":"CommentAction","name":"Comment","target":["https:\/\/nitu.mx\/index.php\/2016\/11\/28\/aeromexico-le-gana-a-volaris-en-bajar-su-tarifa\/#respond"]}]},{"@type":"WebPage","@id":"https:\/\/nitu.mx\/index.php\/2016\/11\/28\/aeromexico-le-gana-a-volaris-en-bajar-su-tarifa\/","url":"https:\/\/nitu.mx\/index.php\/2016\/11\/28\/aeromexico-le-gana-a-volaris-en-bajar-su-tarifa\/","name":"Aerom\u00e9xico le gana a Volaris en bajar su tarifa - Nitu - Noticias de la Industria Turistica","isPartOf":{"@id":"https:\/\/nitu.mx\/#website"},"primaryImageOfPage":{"@id":"https:\/\/nitu.mx\/index.php\/2016\/11\/28\/aeromexico-le-gana-a-volaris-en-bajar-su-tarifa\/#primaryimage"},"image":{"@id":"https:\/\/nitu.mx\/index.php\/2016\/11\/28\/aeromexico-le-gana-a-volaris-en-bajar-su-tarifa\/#primaryimage"},"thumbnailUrl":"https:\/\/nitu.mx\/wp-content\/uploads\/2016\/11\/aeromexico-tarifas.jpg","datePublished":"2016-11-29T03:43:27+00:00","dateModified":"2016-11-29T05:59:58+00:00","description":"Aerom\u00e9xico expuso que pese a la reducci\u00f3n en su tarifa, no contemplan hacer una aerol\u00ednea de bajo costo en M\u00e9xico como ha ocurrido en otros casos.","breadcrumb":{"@id":"https:\/\/nitu.mx\/index.php\/2016\/11\/28\/aeromexico-le-gana-a-volaris-en-bajar-su-tarifa\/#breadcrumb"},"inLanguage":"es-MX","potentialAction":[{"@type":"ReadAction","target":["https:\/\/nitu.mx\/index.php\/2016\/11\/28\/aeromexico-le-gana-a-volaris-en-bajar-su-tarifa\/"]}]},{"@type":"ImageObject","inLanguage":"es-MX","@id":"https:\/\/nitu.mx\/index.php\/2016\/11\/28\/aeromexico-le-gana-a-volaris-en-bajar-su-tarifa\/#primaryimage","url":"https:\/\/nitu.mx\/wp-content\/uploads\/2016\/11\/aeromexico-tarifas.jpg","contentUrl":"https:\/\/nitu.mx\/wp-content\/uploads\/2016\/11\/aeromexico-tarifas.jpg","width":968,"height":666,"caption":"aeromexico tarifas"},{"@type":"BreadcrumbList","@id":"https:\/\/nitu.mx\/index.php\/2016\/11\/28\/aeromexico-le-gana-a-volaris-en-bajar-su-tarifa\/#breadcrumb","itemListElement":[{"@type":"ListItem","position":1,"name":"Inicio","item":"https:\/\/nitu.mx\/"},{"@type":"ListItem","position":2,"name":"Aerom\u00e9xico le gana a Volaris en bajar su tarifa"}]},{"@type":"WebSite","@id":"https:\/\/nitu.mx\/#website","url":"https:\/\/nitu.mx\/","name":"Nitu - Noticias de la Industria Turistica","description":"Noticias de la Industria Turistica","publisher":{"@id":"https:\/\/nitu.mx\/#\/schema\/person\/ae7a53426417292d3dd07b45a33e01bc"},"alternateName":"Noticias de la Industria Turistica","potentialAction":[{"@type":"SearchAction","target":{"@type":"EntryPoint","urlTemplate":"https:\/\/nitu.mx\/?s={search_term_string}"},"query-input":"required name=search_term_string"}],"inLanguage":"es-MX"},{"@type":["Person","Organization"],"@id":"https:\/\/nitu.mx\/#\/schema\/person\/ae7a53426417292d3dd07b45a33e01bc","name":"Arturo Medina","image":{"@type":"ImageObject","inLanguage":"es-MX","@id":"https:\/\/nitu.mx\/#\/schema\/person\/image\/","url":"https:\/\/nitu.mx\/wp-content\/uploads\/2024\/04\/4A315622-1904-4D5C-B022-878CDC840E04-90x90-1.jpeg","contentUrl":"https:\/\/nitu.mx\/wp-content\/uploads\/2024\/04\/4A315622-1904-4D5C-B022-878CDC840E04-90x90-1.jpeg","width":90,"height":90,"caption":"Arturo Medina"},"logo":{"@id":"https:\/\/nitu.mx\/#\/schema\/person\/image\/"},"description":"Director NITU.mx, Egresado de la Escuela de Periodismo Carlos Septi\u00e9n Garc\u00eda. Periodista y analista especializado en turismo desde hace 35 a\u00f1os, radicado en Canc\u00fan Q.Roo. arturo@nitu.mx","sameAs":["https:\/\/nitu.mx","https:\/\/www.facebook.com\/NITUmx\/","medinacancun","https:\/\/twitter.com\/@Arturo_Medina_G"]},{"@type":"Person","@id":"https:\/\/nitu.mx\/#\/schema\/person\/2ecd887b19dfd3382d1f14fc5acf24a8","name":"Alejandra Moncisbays","image":{"@type":"ImageObject","inLanguage":"es-MX","@id":"https:\/\/nitu.mx\/#\/schema\/person\/image\/","url":"https:\/\/secure.gravatar.com\/avatar\/e74f7af0be172b7804dacfd0bfbef787?s=96&d=mm&r=g","contentUrl":"https:\/\/secure.gravatar.com\/avatar\/e74f7af0be172b7804dacfd0bfbef787?s=96&d=mm&r=g","caption":"Alejandra Moncisbays"},"description":"Curs\u00e9 la carrera de Periodismo y Comunicaci\u00f3n en la Facultad de Estudios Profesionales Acatl\u00e1n. Vivo en Canc\u00fan desde hace 24 a\u00f1os. Fui reportera de La Tarde de Canc\u00fan, y Novedades de Quintana Roo, colabor\u00e9 en TVCUN, edit\u00e9 Cancun\u00edssimo y colabor\u00e9 en las revistas Latitud21, entre otras, con principal enfoque en los sectores empresarial y tur\u00edstico. Desde hace varios a\u00f1os soy Agente de Seguros con c\u00e9dula de la Comisi\u00f3n Nacional de Seguros y Fianzas. Actualmente, me desarrollo en los \u00e1mbitos del periodismo y el sector asegurador.","sameAs":["https:\/\/nitu.mx"],"url":"https:\/\/nitu.mx\/index.php\/author\/alejandra\/"}]}},"views":322,"_links":{"self":[{"href":"https:\/\/nitu.mx\/index.php\/wp-json\/wp\/v2\/posts\/4402"}],"collection":[{"href":"https:\/\/nitu.mx\/index.php\/wp-json\/wp\/v2\/posts"}],"about":[{"href":"https:\/\/nitu.mx\/index.php\/wp-json\/wp\/v2\/types\/post"}],"author":[{"embeddable":true,"href":"https:\/\/nitu.mx\/index.php\/wp-json\/wp\/v2\/users\/3"}],"replies":[{"embeddable":true,"href":"https:\/\/nitu.mx\/index.php\/wp-json\/wp\/v2\/comments?post=4402"}],"version-history":[{"count":3,"href":"https:\/\/nitu.mx\/index.php\/wp-json\/wp\/v2\/posts\/4402\/revisions"}],"predecessor-version":[{"id":4421,"href":"https:\/\/nitu.mx\/index.php\/wp-json\/wp\/v2\/posts\/4402\/revisions\/4421"}],"wp:featuredmedia":[{"embeddable":true,"href":"https:\/\/nitu.mx\/index.php\/wp-json\/wp\/v2\/media\/4420"}],"wp:attachment":[{"href":"https:\/\/nitu.mx\/index.php\/wp-json\/wp\/v2\/media?parent=4402"}],"wp:term":[{"taxonomy":"category","embeddable":true,"href":"https:\/\/nitu.mx\/index.php\/wp-json\/wp\/v2\/categories?post=4402"},{"taxonomy":"post_tag","embeddable":true,"href":"https:\/\/nitu.mx\/index.php\/wp-json\/wp\/v2\/tags?post=4402"}],"curies":[{"name":"wp","href":"https:\/\/api.w.org\/{rel}","templated":true}]}}