{"id":43994,"date":"2020-06-30T16:56:33","date_gmt":"2020-06-30T21:56:33","guid":{"rendered":"https:\/\/www.dev.nitu.mx\/?p=43994"},"modified":"2020-07-01T00:39:12","modified_gmt":"2020-07-01T05:39:12","slug":"hoy-reabren-hoteles-y-restaurantes-en-cdmx-al-30-de-capacidad","status":"publish","type":"post","link":"https:\/\/nitu.mx\/index.php\/2020\/06\/30\/hoy-reabren-hoteles-y-restaurantes-en-cdmx-al-30-de-capacidad\/","title":{"rendered":"Hoy reabren hoteles y restaurantes en CDMX al 30% de capacidad"},"content":{"rendered":"\n<p>Este 1\u00ba de julio inicia la reapertura de hoteles y restaurantes de Ciudad de M\u00e9xico, luego del cambio del sem\u00e1foro epidemiol\u00f3gico a color naranja, lo que les permite tener una ocupaci\u00f3n m\u00e1xima de 30 por ciento.<\/p>\n\n\n\n<p>El secretario de Turismo de CDMX, Carlos Macnkinlay, dijo que con esta reapertura 350 mil personas regresar\u00e1n a su trabajo en 670 hoteles y tres mil 500 restaurantes considerados de calidad tur\u00edstica.<\/p>\n\n\n\n<p>\u201cNo son todos los hoteles que hay, ni todos los restaurantes. En total tenemos como 900 hoteles y 55 mil restaurantes, pero nosotros tomamos como referencia en la estad\u00edstica a los que tienen calidad tur\u00edstica\u201d, coment\u00f3 Mackinlay.<\/p>\n\n\n\n<p>De estos establecimientos, la mayor\u00eda se concentran en las alcald\u00edas Cuauht\u00e9moc, Miguel Hidalgo, Benito Ju\u00e1rez, y en menor proporci\u00f3n de restaurantes en Coyoac\u00e1n, todos ellos deber\u00e1n sujetarse al protocolo que desarrollaron en conjunto autoridades y asociaciones del sector tur\u00edstico.<\/p>\n\n\n\n<p>Para desarrollar los 15 protocolos espec\u00edficos para cada segmento, participaron entre otros la Asociaci\u00f3n de Hoteles de la Ciudad de M\u00e9xico, la Asociaci\u00f3n Nacional de Cadenas Hoteleras, Canirac nacional y CDMX, y el titular de Sectur CDMX hizo un especial reconocimiento a la Asociaci\u00f3n de Hoteles del Valle de M\u00e9xico.<\/p>\n\n\n\n<p>\u201cEsta asociaci\u00f3n cuenta con 400 socios, principalmente moteles, e hicieron una excelente labor al alojar a los miembros de la comunidad m\u00e9dica\u201d, dijo Carlos Mackinlay, quien agreg\u00f3 que cada noche han hospedado entre mil 800 y dos mil personas del sector m\u00e9dico en la capital mexicana.<\/p>\n\n\n\n<p>El secretario de Turismo de CDMX dijo que por el momento no est\u00e1n contempladas estrategias de promoci\u00f3n, pues por ahora se debe calibrar el regreso. \u201cNo es momento de hacer campa\u00f1as, nosotros vamos con cautela, primero tenemos que reactivar el negocio progresivamente, no hay que echar campanas al vuelo\u201d.<\/p>\n\n\n\n<p>Sin embargo, coment\u00f3 que m\u00e1s adelante se har\u00e1 un relanzamiento del destino, y se trabaja en ofrecer promociones para el viajero de turismo de reuniones y de negocios, uno de los segmentos que se ver\u00e1 m\u00e1s afectado pasada la pandemia.<\/p>\n\n\n\n<p>Al cuestionarle sobre los recursos que le quitaron al Fondo Mixto de Promoci\u00f3n Tur\u00edstica de Ciudad de M\u00e9xico (FMPT CDMX), Mackinlay respald\u00f3 la decisi\u00f3n ya que ese dinero se us\u00f3 para que el sector salud atendiera la pandemia y se apoyara a la poblaci\u00f3n vulnerable, y asegur\u00f3 que el Fondo cuenta con recursos para seguir operando y seguir\u00e1 recuper\u00e1ndolos.<a href=\"https:\/\/www.dev.nitu.mx\/index.php\/2020\/06\/09\/__trashed-16\/\"> (Golpe al turismo en CDMX: Retiran presupuesto del Fondo Mixto de Promoci\u00f3n<\/a>)<\/p>\n","protected":false},"excerpt":{"rendered":"<p>Este 1\u00ba de julio inicia la reapertura de hoteles y restaurantes de Ciudad de M\u00e9xico, luego del cambio del sem\u00e1foro epidemiol\u00f3gico a color naranja, lo que les permite tener una ocupaci\u00f3n m\u00e1xima de 30 por ciento. El secretario de Turismo de CDMX, Carlos Macnkinlay, dijo que con esta reapertura 350 mil personas regresar\u00e1n a su [&hellip;]<\/p>\n","protected":false},"author":18,"featured_media":9641,"comment_status":"open","ping_status":"open","sticky":false,"template":"","format":"standard","meta":{"footnotes":""},"categories":[5],"tags":[11944,587,19915,3591,18863,19298],"yoast_head":"<!-- This site is optimized with the Yoast SEO plugin v22.2 - https:\/\/yoast.com\/wordpress\/plugins\/seo\/ -->\n<title>Hoy reabren hoteles y restaurantes en CDMX al 30% de capacidad - Nitu - Noticias de la Industria Turistica<\/title>\n<meta name=\"robots\" content=\"index, follow, max-snippet:-1, max-image-preview:large, max-video-preview:-1\" \/>\n<link rel=\"canonical\" href=\"https:\/\/nitu.mx\/index.php\/2020\/06\/30\/hoy-reabren-hoteles-y-restaurantes-en-cdmx-al-30-de-capacidad\/\" \/>\n<meta name=\"twitter:card\" content=\"summary_large_image\" \/>\n<meta name=\"twitter:title\" content=\"Hoy reabren hoteles y restaurantes en CDMX al 30% de capacidad - Nitu - Noticias de la Industria Turistica\" \/>\n<meta name=\"twitter:description\" content=\"Este 1\u00ba de julio inicia la reapertura de hoteles y restaurantes de Ciudad de M\u00e9xico, luego del cambio del sem\u00e1foro epidemiol\u00f3gico a color naranja, lo que les permite tener una ocupaci\u00f3n m\u00e1xima de 30 por ciento. El secretario de Turismo de CDMX, Carlos Macnkinlay, dijo que con esta reapertura 350 mil personas regresar\u00e1n a su [&hellip;]\" \/>\n<meta name=\"twitter:image\" content=\"https:\/\/nitu.mx\/wp-content\/uploads\/2017\/05\/CDMX-Reforma.jpg\" \/>\n<meta name=\"twitter:creator\" content=\"@NITUmx\" \/>\n<meta name=\"twitter:site\" content=\"@Arturo_Medina_G\" \/>\n<meta name=\"twitter:label1\" content=\"Escrito por\" \/>\n\t<meta name=\"twitter:data1\" content=\"Guadalupe Sixto\" \/>\n\t<meta name=\"twitter:label2\" content=\"Tiempo de lectura\" \/>\n\t<meta name=\"twitter:data2\" content=\"2 minutos\" \/>\n<script type=\"application\/ld+json\" class=\"yoast-schema-graph\">{\"@context\":\"https:\/\/schema.org\",\"@graph\":[{\"@type\":\"Article\",\"@id\":\"https:\/\/nitu.mx\/index.php\/2020\/06\/30\/hoy-reabren-hoteles-y-restaurantes-en-cdmx-al-30-de-capacidad\/#article\",\"isPartOf\":{\"@id\":\"https:\/\/nitu.mx\/index.php\/2020\/06\/30\/hoy-reabren-hoteles-y-restaurantes-en-cdmx-al-30-de-capacidad\/\"},\"author\":{\"name\":\"Guadalupe Sixto\",\"@id\":\"https:\/\/nitu.mx\/#\/schema\/person\/3df3082b5e46037e3f13614d28ee0b77\"},\"headline\":\"Hoy reabren hoteles y restaurantes en CDMX al 30% de capacidad\",\"datePublished\":\"2020-06-30T21:56:33+00:00\",\"dateModified\":\"2020-07-01T05:39:12+00:00\",\"mainEntityOfPage\":{\"@id\":\"https:\/\/nitu.mx\/index.php\/2020\/06\/30\/hoy-reabren-hoteles-y-restaurantes-en-cdmx-al-30-de-capacidad\/\"},\"wordCount\":438,\"commentCount\":0,\"publisher\":{\"@id\":\"https:\/\/nitu.mx\/#\/schema\/person\/ae7a53426417292d3dd07b45a33e01bc\"},\"image\":{\"@id\":\"https:\/\/nitu.mx\/index.php\/2020\/06\/30\/hoy-reabren-hoteles-y-restaurantes-en-cdmx-al-30-de-capacidad\/#primaryimage\"},\"thumbnailUrl\":\"https:\/\/nitu.mx\/wp-content\/uploads\/2017\/05\/CDMX-Reforma.jpg\",\"keywords\":[\"Carlos Mackinlay\",\"CDMX\",\"FMPT\",\"Hoteles\",\"Reapertura\",\"Sectur CDMX\"],\"articleSection\":[\"Destinos\"],\"inLanguage\":\"es-MX\",\"potentialAction\":[{\"@type\":\"CommentAction\",\"name\":\"Comment\",\"target\":[\"https:\/\/nitu.mx\/index.php\/2020\/06\/30\/hoy-reabren-hoteles-y-restaurantes-en-cdmx-al-30-de-capacidad\/#respond\"]}]},{\"@type\":\"WebPage\",\"@id\":\"https:\/\/nitu.mx\/index.php\/2020\/06\/30\/hoy-reabren-hoteles-y-restaurantes-en-cdmx-al-30-de-capacidad\/\",\"url\":\"https:\/\/nitu.mx\/index.php\/2020\/06\/30\/hoy-reabren-hoteles-y-restaurantes-en-cdmx-al-30-de-capacidad\/\",\"name\":\"Hoy reabren hoteles y restaurantes en CDMX al 30% de capacidad - Nitu - Noticias de la Industria Turistica\",\"isPartOf\":{\"@id\":\"https:\/\/nitu.mx\/#website\"},\"primaryImageOfPage\":{\"@id\":\"https:\/\/nitu.mx\/index.php\/2020\/06\/30\/hoy-reabren-hoteles-y-restaurantes-en-cdmx-al-30-de-capacidad\/#primaryimage\"},\"image\":{\"@id\":\"https:\/\/nitu.mx\/index.php\/2020\/06\/30\/hoy-reabren-hoteles-y-restaurantes-en-cdmx-al-30-de-capacidad\/#primaryimage\"},\"thumbnailUrl\":\"https:\/\/nitu.mx\/wp-content\/uploads\/2017\/05\/CDMX-Reforma.jpg\",\"datePublished\":\"2020-06-30T21:56:33+00:00\",\"dateModified\":\"2020-07-01T05:39:12+00:00\",\"breadcrumb\":{\"@id\":\"https:\/\/nitu.mx\/index.php\/2020\/06\/30\/hoy-reabren-hoteles-y-restaurantes-en-cdmx-al-30-de-capacidad\/#breadcrumb\"},\"inLanguage\":\"es-MX\",\"potentialAction\":[{\"@type\":\"ReadAction\",\"target\":[\"https:\/\/nitu.mx\/index.php\/2020\/06\/30\/hoy-reabren-hoteles-y-restaurantes-en-cdmx-al-30-de-capacidad\/\"]}]},{\"@type\":\"ImageObject\",\"inLanguage\":\"es-MX\",\"@id\":\"https:\/\/nitu.mx\/index.php\/2020\/06\/30\/hoy-reabren-hoteles-y-restaurantes-en-cdmx-al-30-de-capacidad\/#primaryimage\",\"url\":\"https:\/\/nitu.mx\/wp-content\/uploads\/2017\/05\/CDMX-Reforma.jpg\",\"contentUrl\":\"https:\/\/nitu.mx\/wp-content\/uploads\/2017\/05\/CDMX-Reforma.jpg\",\"width\":850,\"height\":480,\"caption\":\"CDMX Reforma Turismo Gu\u00eda Michelin\"},{\"@type\":\"BreadcrumbList\",\"@id\":\"https:\/\/nitu.mx\/index.php\/2020\/06\/30\/hoy-reabren-hoteles-y-restaurantes-en-cdmx-al-30-de-capacidad\/#breadcrumb\",\"itemListElement\":[{\"@type\":\"ListItem\",\"position\":1,\"name\":\"Inicio\",\"item\":\"https:\/\/nitu.mx\/\"},{\"@type\":\"ListItem\",\"position\":2,\"name\":\"Hoy reabren hoteles y restaurantes en CDMX al 30% de capacidad\"}]},{\"@type\":\"WebSite\",\"@id\":\"https:\/\/nitu.mx\/#website\",\"url\":\"https:\/\/nitu.mx\/\",\"name\":\"Nitu - Noticias de la Industria Turistica\",\"description\":\"Noticias de la Industria Turistica\",\"publisher\":{\"@id\":\"https:\/\/nitu.mx\/#\/schema\/person\/ae7a53426417292d3dd07b45a33e01bc\"},\"alternateName\":\"Noticias de la Industria Turistica\",\"potentialAction\":[{\"@type\":\"SearchAction\",\"target\":{\"@type\":\"EntryPoint\",\"urlTemplate\":\"https:\/\/nitu.mx\/?s={search_term_string}\"},\"query-input\":\"required name=search_term_string\"}],\"inLanguage\":\"es-MX\"},{\"@type\":[\"Person\",\"Organization\"],\"@id\":\"https:\/\/nitu.mx\/#\/schema\/person\/ae7a53426417292d3dd07b45a33e01bc\",\"name\":\"Arturo Medina\",\"image\":{\"@type\":\"ImageObject\",\"inLanguage\":\"es-MX\",\"@id\":\"https:\/\/nitu.mx\/#\/schema\/person\/image\/\",\"url\":\"https:\/\/nitu.mx\/wp-content\/uploads\/2024\/04\/4A315622-1904-4D5C-B022-878CDC840E04-90x90-1.jpeg\",\"contentUrl\":\"https:\/\/nitu.mx\/wp-content\/uploads\/2024\/04\/4A315622-1904-4D5C-B022-878CDC840E04-90x90-1.jpeg\",\"width\":90,\"height\":90,\"caption\":\"Arturo Medina\"},\"logo\":{\"@id\":\"https:\/\/nitu.mx\/#\/schema\/person\/image\/\"},\"description\":\"Director NITU.mx, Egresado de la Escuela de Periodismo Carlos Septi\u00e9n Garc\u00eda. Periodista y analista especializado en turismo desde hace 35 a\u00f1os, radicado en Canc\u00fan Q.Roo. arturo@nitu.mx\",\"sameAs\":[\"https:\/\/nitu.mx\",\"https:\/\/www.facebook.com\/NITUmx\/\",\"medinacancun\",\"https:\/\/twitter.com\/@Arturo_Medina_G\"]},{\"@type\":\"Person\",\"@id\":\"https:\/\/nitu.mx\/#\/schema\/person\/3df3082b5e46037e3f13614d28ee0b77\",\"name\":\"Guadalupe Sixto\",\"image\":{\"@type\":\"ImageObject\",\"inLanguage\":\"es-MX\",\"@id\":\"https:\/\/nitu.mx\/#\/schema\/person\/image\/\",\"url\":\"https:\/\/secure.gravatar.com\/avatar\/13914e1b0e1919e91f9539de4dc584c4?s=96&d=mm&r=g\",\"contentUrl\":\"https:\/\/secure.gravatar.com\/avatar\/13914e1b0e1919e91f9539de4dc584c4?s=96&d=mm&r=g\",\"caption\":\"Guadalupe Sixto\"},\"url\":\"https:\/\/nitu.mx\/index.php\/author\/gsixto\/\"}]}<\/script>\n<!-- \/ Yoast SEO plugin. -->","yoast_head_json":{"title":"Hoy reabren hoteles y restaurantes en CDMX al 30% de capacidad - Nitu - Noticias de la Industria Turistica","robots":{"index":"index","follow":"follow","max-snippet":"max-snippet:-1","max-image-preview":"max-image-preview:large","max-video-preview":"max-video-preview:-1"},"canonical":"https:\/\/nitu.mx\/index.php\/2020\/06\/30\/hoy-reabren-hoteles-y-restaurantes-en-cdmx-al-30-de-capacidad\/","twitter_card":"summary_large_image","twitter_title":"Hoy reabren hoteles y restaurantes en CDMX al 30% de capacidad - Nitu - Noticias de la Industria Turistica","twitter_description":"Este 1\u00ba de julio inicia la reapertura de hoteles y restaurantes de Ciudad de M\u00e9xico, luego del cambio del sem\u00e1foro epidemiol\u00f3gico a color naranja, lo que les permite tener una ocupaci\u00f3n m\u00e1xima de 30 por ciento. El secretario de Turismo de CDMX, Carlos Macnkinlay, dijo que con esta reapertura 350 mil personas regresar\u00e1n a su [&hellip;]","twitter_image":"https:\/\/nitu.mx\/wp-content\/uploads\/2017\/05\/CDMX-Reforma.jpg","twitter_creator":"@NITUmx","twitter_site":"@Arturo_Medina_G","twitter_misc":{"Escrito por":"Guadalupe Sixto","Tiempo de lectura":"2 minutos"},"schema":{"@context":"https:\/\/schema.org","@graph":[{"@type":"Article","@id":"https:\/\/nitu.mx\/index.php\/2020\/06\/30\/hoy-reabren-hoteles-y-restaurantes-en-cdmx-al-30-de-capacidad\/#article","isPartOf":{"@id":"https:\/\/nitu.mx\/index.php\/2020\/06\/30\/hoy-reabren-hoteles-y-restaurantes-en-cdmx-al-30-de-capacidad\/"},"author":{"name":"Guadalupe Sixto","@id":"https:\/\/nitu.mx\/#\/schema\/person\/3df3082b5e46037e3f13614d28ee0b77"},"headline":"Hoy reabren hoteles y restaurantes en CDMX al 30% de capacidad","datePublished":"2020-06-30T21:56:33+00:00","dateModified":"2020-07-01T05:39:12+00:00","mainEntityOfPage":{"@id":"https:\/\/nitu.mx\/index.php\/2020\/06\/30\/hoy-reabren-hoteles-y-restaurantes-en-cdmx-al-30-de-capacidad\/"},"wordCount":438,"commentCount":0,"publisher":{"@id":"https:\/\/nitu.mx\/#\/schema\/person\/ae7a53426417292d3dd07b45a33e01bc"},"image":{"@id":"https:\/\/nitu.mx\/index.php\/2020\/06\/30\/hoy-reabren-hoteles-y-restaurantes-en-cdmx-al-30-de-capacidad\/#primaryimage"},"thumbnailUrl":"https:\/\/nitu.mx\/wp-content\/uploads\/2017\/05\/CDMX-Reforma.jpg","keywords":["Carlos Mackinlay","CDMX","FMPT","Hoteles","Reapertura","Sectur CDMX"],"articleSection":["Destinos"],"inLanguage":"es-MX","potentialAction":[{"@type":"CommentAction","name":"Comment","target":["https:\/\/nitu.mx\/index.php\/2020\/06\/30\/hoy-reabren-hoteles-y-restaurantes-en-cdmx-al-30-de-capacidad\/#respond"]}]},{"@type":"WebPage","@id":"https:\/\/nitu.mx\/index.php\/2020\/06\/30\/hoy-reabren-hoteles-y-restaurantes-en-cdmx-al-30-de-capacidad\/","url":"https:\/\/nitu.mx\/index.php\/2020\/06\/30\/hoy-reabren-hoteles-y-restaurantes-en-cdmx-al-30-de-capacidad\/","name":"Hoy reabren hoteles y restaurantes en CDMX al 30% de capacidad - Nitu - Noticias de la Industria Turistica","isPartOf":{"@id":"https:\/\/nitu.mx\/#website"},"primaryImageOfPage":{"@id":"https:\/\/nitu.mx\/index.php\/2020\/06\/30\/hoy-reabren-hoteles-y-restaurantes-en-cdmx-al-30-de-capacidad\/#primaryimage"},"image":{"@id":"https:\/\/nitu.mx\/index.php\/2020\/06\/30\/hoy-reabren-hoteles-y-restaurantes-en-cdmx-al-30-de-capacidad\/#primaryimage"},"thumbnailUrl":"https:\/\/nitu.mx\/wp-content\/uploads\/2017\/05\/CDMX-Reforma.jpg","datePublished":"2020-06-30T21:56:33+00:00","dateModified":"2020-07-01T05:39:12+00:00","breadcrumb":{"@id":"https:\/\/nitu.mx\/index.php\/2020\/06\/30\/hoy-reabren-hoteles-y-restaurantes-en-cdmx-al-30-de-capacidad\/#breadcrumb"},"inLanguage":"es-MX","potentialAction":[{"@type":"ReadAction","target":["https:\/\/nitu.mx\/index.php\/2020\/06\/30\/hoy-reabren-hoteles-y-restaurantes-en-cdmx-al-30-de-capacidad\/"]}]},{"@type":"ImageObject","inLanguage":"es-MX","@id":"https:\/\/nitu.mx\/index.php\/2020\/06\/30\/hoy-reabren-hoteles-y-restaurantes-en-cdmx-al-30-de-capacidad\/#primaryimage","url":"https:\/\/nitu.mx\/wp-content\/uploads\/2017\/05\/CDMX-Reforma.jpg","contentUrl":"https:\/\/nitu.mx\/wp-content\/uploads\/2017\/05\/CDMX-Reforma.jpg","width":850,"height":480,"caption":"CDMX Reforma Turismo Gu\u00eda Michelin"},{"@type":"BreadcrumbList","@id":"https:\/\/nitu.mx\/index.php\/2020\/06\/30\/hoy-reabren-hoteles-y-restaurantes-en-cdmx-al-30-de-capacidad\/#breadcrumb","itemListElement":[{"@type":"ListItem","position":1,"name":"Inicio","item":"https:\/\/nitu.mx\/"},{"@type":"ListItem","position":2,"name":"Hoy reabren hoteles y restaurantes en CDMX al 30% de capacidad"}]},{"@type":"WebSite","@id":"https:\/\/nitu.mx\/#website","url":"https:\/\/nitu.mx\/","name":"Nitu - Noticias de la Industria Turistica","description":"Noticias de la Industria Turistica","publisher":{"@id":"https:\/\/nitu.mx\/#\/schema\/person\/ae7a53426417292d3dd07b45a33e01bc"},"alternateName":"Noticias de la Industria Turistica","potentialAction":[{"@type":"SearchAction","target":{"@type":"EntryPoint","urlTemplate":"https:\/\/nitu.mx\/?s={search_term_string}"},"query-input":"required name=search_term_string"}],"inLanguage":"es-MX"},{"@type":["Person","Organization"],"@id":"https:\/\/nitu.mx\/#\/schema\/person\/ae7a53426417292d3dd07b45a33e01bc","name":"Arturo Medina","image":{"@type":"ImageObject","inLanguage":"es-MX","@id":"https:\/\/nitu.mx\/#\/schema\/person\/image\/","url":"https:\/\/nitu.mx\/wp-content\/uploads\/2024\/04\/4A315622-1904-4D5C-B022-878CDC840E04-90x90-1.jpeg","contentUrl":"https:\/\/nitu.mx\/wp-content\/uploads\/2024\/04\/4A315622-1904-4D5C-B022-878CDC840E04-90x90-1.jpeg","width":90,"height":90,"caption":"Arturo Medina"},"logo":{"@id":"https:\/\/nitu.mx\/#\/schema\/person\/image\/"},"description":"Director NITU.mx, Egresado de la Escuela de Periodismo Carlos Septi\u00e9n Garc\u00eda. Periodista y analista especializado en turismo desde hace 35 a\u00f1os, radicado en Canc\u00fan Q.Roo. arturo@nitu.mx","sameAs":["https:\/\/nitu.mx","https:\/\/www.facebook.com\/NITUmx\/","medinacancun","https:\/\/twitter.com\/@Arturo_Medina_G"]},{"@type":"Person","@id":"https:\/\/nitu.mx\/#\/schema\/person\/3df3082b5e46037e3f13614d28ee0b77","name":"Guadalupe Sixto","image":{"@type":"ImageObject","inLanguage":"es-MX","@id":"https:\/\/nitu.mx\/#\/schema\/person\/image\/","url":"https:\/\/secure.gravatar.com\/avatar\/13914e1b0e1919e91f9539de4dc584c4?s=96&d=mm&r=g","contentUrl":"https:\/\/secure.gravatar.com\/avatar\/13914e1b0e1919e91f9539de4dc584c4?s=96&d=mm&r=g","caption":"Guadalupe Sixto"},"url":"https:\/\/nitu.mx\/index.php\/author\/gsixto\/"}]}},"views":323,"_links":{"self":[{"href":"https:\/\/nitu.mx\/index.php\/wp-json\/wp\/v2\/posts\/43994"}],"collection":[{"href":"https:\/\/nitu.mx\/index.php\/wp-json\/wp\/v2\/posts"}],"about":[{"href":"https:\/\/nitu.mx\/index.php\/wp-json\/wp\/v2\/types\/post"}],"author":[{"embeddable":true,"href":"https:\/\/nitu.mx\/index.php\/wp-json\/wp\/v2\/users\/18"}],"replies":[{"embeddable":true,"href":"https:\/\/nitu.mx\/index.php\/wp-json\/wp\/v2\/comments?post=43994"}],"version-history":[{"count":2,"href":"https:\/\/nitu.mx\/index.php\/wp-json\/wp\/v2\/posts\/43994\/revisions"}],"predecessor-version":[{"id":43996,"href":"https:\/\/nitu.mx\/index.php\/wp-json\/wp\/v2\/posts\/43994\/revisions\/43996"}],"wp:featuredmedia":[{"embeddable":true,"href":"https:\/\/nitu.mx\/index.php\/wp-json\/wp\/v2\/media\/9641"}],"wp:attachment":[{"href":"https:\/\/nitu.mx\/index.php\/wp-json\/wp\/v2\/media?parent=43994"}],"wp:term":[{"taxonomy":"category","embeddable":true,"href":"https:\/\/nitu.mx\/index.php\/wp-json\/wp\/v2\/categories?post=43994"},{"taxonomy":"post_tag","embeddable":true,"href":"https:\/\/nitu.mx\/index.php\/wp-json\/wp\/v2\/tags?post=43994"}],"curies":[{"name":"wp","href":"https:\/\/api.w.org\/{rel}","templated":true}]}}