{"id":43913,"date":"2020-06-28T15:16:17","date_gmt":"2020-06-28T20:16:17","guid":{"rendered":"https:\/\/www.dev.nitu.mx\/?p=43913"},"modified":"2020-06-29T00:38:56","modified_gmt":"2020-06-29T05:38:56","slug":"la-paz-incrementara-su-conectividad-aerea-en-mas-del-doble-durante-julio","status":"publish","type":"post","link":"https:\/\/nitu.mx\/index.php\/2020\/06\/28\/la-paz-incrementara-su-conectividad-aerea-en-mas-del-doble-durante-julio\/","title":{"rendered":"La Paz incrementar\u00e1 su conectividad a\u00e9rea en m\u00e1s del doble durante julio"},"content":{"rendered":"\n<p>Como parte de la estrategia de reactivaci\u00f3n del turismo, La Paz tendr\u00e1 un incremento en la conectividad a\u00e9rea nacional que ser\u00e1 de m\u00e1s del doble de lo que report\u00f3 en junio, al pasar de 88 vuelos a 196.<\/p>\n\n\n\n<p>La capital de Baja California Sur ser\u00e1 un sitio muy atractivo para los viajeros nacionales en la etapa post covid, al ser un destino poco saturado que permite el distanciamiento y la relajaci\u00f3n, afirm\u00f3 el presidente de la Asociaci\u00f3n de Empresas Hoteleras y Tur\u00edsticas de La Paz (EMPRHOTUR), Agust\u00edn Olachea.<\/p>\n\n\n\n<p>Para ello ser\u00e1 clave la conectividad a\u00e9rea que ha visto incrementos desde la primera quincena de junio y seguir\u00e1 as\u00ed durante el pr\u00f3ximo mes, toda vez que desde el 15 de junio, reiniciaron las actividades con ocupaciones m\u00e1ximas de 30 por ciento. (<a href=\"https:\/\/www.dev.nitu.mx\/index.php\/2020\/06\/16\/baja-california-sur-celebra-reinicio-de-actividades-turisticas\/\">Baja California Sur celebra reinicio de actividades tur\u00edsticas<\/a>)<\/p>\n\n\n\n<p>Al cierre de julio, Aerom\u00e9xico tendr\u00e1 en operaci\u00f3n 62 vuelos desde CDMX a La Paz, Volaris operar\u00e1 31 desde la capital nacional, misma cantidad para Tijuana y Guadalajara, y Viva Aerobus llevar\u00e1 17 vuelos de Culiac\u00e1n, 16 de Guadalajara y ocho de Monterrey.<\/p>\n\n\n\n<p>El secretario de Turismo, Econom\u00eda y Sustentabilidad de Baja California Sur, Luis Humberto Araiza L\u00f3pez, destac\u00f3 tambi\u00e9n que ya est\u00e1n en pl\u00e1ticas para traer rutas internacionales directas a este destino, sin embargo reconoci\u00f3 que se apoyan mucho de la llegada de viajeros a Los Cabos para traerlos v\u00eda carretera; adem\u00e1s del puente internacional del Aeropuerto Internacional de Tijuana.<\/p>\n\n\n\n<p>El titular de Setues reiter\u00f3 que Baja California Sur cuenta con el certificado Safe Travel del WTTC, que garantiza a los viajeros el cumplimiento de est\u00e1ndares internacionales de limpieza e higiene. Tambi\u00e9n coment\u00f3 que este retorno ser\u00e1 de manera responsable y ordenada.<\/p>\n\n\n\n<p>Otra de las estrategias en el destino es la promoci\u00f3n tur\u00edstica, para lo cual lanzaron la campa\u00f1a \u201cDe La Paz para ti\u201d. F\u00e1tima Avil\u00e9s, directora del Fideicomiso de Turismo de La Paz (FITUPAZ), present\u00f3 las im\u00e1genes cuyo principal mensaje es mostrar los atractivos que invitan a la relajaci\u00f3n y el descanso.<\/p>\n\n\n\n<p>Avil\u00e9s describe a La Paz como un conjunto de peque\u00f1os destinos, en donde se puede disfrutar del contacto con la naturaleza, espacios poco concurridos, aventura, \u00e1reas naturales protegidas y eso es lo que busca el viajero actual.<\/p>\n\n\n\n<p>Para el sector tur\u00edstico de La Paz, julio ser\u00e1 un mes de prueba para ver el comportamiento del viajero y c\u00f3mo recuperar\u00e1 los niveles que hab\u00eda logrado antes de la pandemia.<\/p>\n","protected":false},"excerpt":{"rendered":"<p>Como parte de la estrategia de reactivaci\u00f3n del turismo, La Paz tendr\u00e1 un incremento en la conectividad a\u00e9rea nacional que ser\u00e1 de m\u00e1s del doble de lo que report\u00f3 en junio, al pasar de 88 vuelos a 196. La capital de Baja California Sur ser\u00e1 un sitio muy atractivo para los viajeros nacionales en la [&hellip;]<\/p>\n","protected":false},"author":18,"featured_media":43914,"comment_status":"open","ping_status":"open","sticky":false,"template":"","format":"standard","meta":{"footnotes":""},"categories":[5],"tags":[167,132,11798,19886,4931],"yoast_head":"<!-- This site is optimized with the Yoast SEO plugin v22.2 - https:\/\/yoast.com\/wordpress\/plugins\/seo\/ -->\n<title>La Paz incrementar\u00e1 su conectividad a\u00e9rea en m\u00e1s del doble durante julio - Nitu - Noticias de la Industria Turistica<\/title>\n<meta name=\"robots\" content=\"index, follow, max-snippet:-1, max-image-preview:large, max-video-preview:-1\" \/>\n<link rel=\"canonical\" href=\"https:\/\/nitu.mx\/index.php\/2020\/06\/28\/la-paz-incrementara-su-conectividad-aerea-en-mas-del-doble-durante-julio\/\" \/>\n<meta name=\"twitter:card\" content=\"summary_large_image\" \/>\n<meta name=\"twitter:title\" content=\"La Paz incrementar\u00e1 su conectividad a\u00e9rea en m\u00e1s del doble durante julio - Nitu - Noticias de la Industria Turistica\" \/>\n<meta name=\"twitter:description\" content=\"Como parte de la estrategia de reactivaci\u00f3n del turismo, La Paz tendr\u00e1 un incremento en la conectividad a\u00e9rea nacional que ser\u00e1 de m\u00e1s del doble de lo que report\u00f3 en junio, al pasar de 88 vuelos a 196. La capital de Baja California Sur ser\u00e1 un sitio muy atractivo para los viajeros nacionales en la [&hellip;]\" \/>\n<meta name=\"twitter:image\" content=\"https:\/\/nitu.mx\/wp-content\/uploads\/2020\/06\/La-PAZ-mar.jpg\" \/>\n<meta name=\"twitter:creator\" content=\"@NITUmx\" \/>\n<meta name=\"twitter:site\" content=\"@Arturo_Medina_G\" \/>\n<meta name=\"twitter:label1\" content=\"Escrito por\" \/>\n\t<meta name=\"twitter:data1\" content=\"Guadalupe Sixto\" \/>\n\t<meta name=\"twitter:label2\" content=\"Tiempo de lectura\" \/>\n\t<meta name=\"twitter:data2\" content=\"2 minutos\" \/>\n<script type=\"application\/ld+json\" class=\"yoast-schema-graph\">{\"@context\":\"https:\/\/schema.org\",\"@graph\":[{\"@type\":\"Article\",\"@id\":\"https:\/\/nitu.mx\/index.php\/2020\/06\/28\/la-paz-incrementara-su-conectividad-aerea-en-mas-del-doble-durante-julio\/#article\",\"isPartOf\":{\"@id\":\"https:\/\/nitu.mx\/index.php\/2020\/06\/28\/la-paz-incrementara-su-conectividad-aerea-en-mas-del-doble-durante-julio\/\"},\"author\":{\"name\":\"Guadalupe Sixto\",\"@id\":\"https:\/\/nitu.mx\/#\/schema\/person\/3df3082b5e46037e3f13614d28ee0b77\"},\"headline\":\"La Paz incrementar\u00e1 su conectividad a\u00e9rea en m\u00e1s del doble durante julio\",\"datePublished\":\"2020-06-28T20:16:17+00:00\",\"dateModified\":\"2020-06-29T05:38:56+00:00\",\"mainEntityOfPage\":{\"@id\":\"https:\/\/nitu.mx\/index.php\/2020\/06\/28\/la-paz-incrementara-su-conectividad-aerea-en-mas-del-doble-durante-julio\/\"},\"wordCount\":441,\"commentCount\":0,\"publisher\":{\"@id\":\"https:\/\/nitu.mx\/#\/schema\/person\/ae7a53426417292d3dd07b45a33e01bc\"},\"image\":{\"@id\":\"https:\/\/nitu.mx\/index.php\/2020\/06\/28\/la-paz-incrementara-su-conectividad-aerea-en-mas-del-doble-durante-julio\/#primaryimage\"},\"thumbnailUrl\":\"https:\/\/nitu.mx\/wp-content\/uploads\/2020\/06\/La-PAZ-mar.jpg\",\"keywords\":[\"Baja California Sur\",\"La Paz\",\"Luis Humberto Araiza\",\"Safe Travel\",\"WTTC\"],\"articleSection\":[\"Destinos\"],\"inLanguage\":\"es-MX\",\"potentialAction\":[{\"@type\":\"CommentAction\",\"name\":\"Comment\",\"target\":[\"https:\/\/nitu.mx\/index.php\/2020\/06\/28\/la-paz-incrementara-su-conectividad-aerea-en-mas-del-doble-durante-julio\/#respond\"]}]},{\"@type\":\"WebPage\",\"@id\":\"https:\/\/nitu.mx\/index.php\/2020\/06\/28\/la-paz-incrementara-su-conectividad-aerea-en-mas-del-doble-durante-julio\/\",\"url\":\"https:\/\/nitu.mx\/index.php\/2020\/06\/28\/la-paz-incrementara-su-conectividad-aerea-en-mas-del-doble-durante-julio\/\",\"name\":\"La Paz incrementar\u00e1 su conectividad a\u00e9rea en m\u00e1s del doble durante julio - Nitu - Noticias de la Industria Turistica\",\"isPartOf\":{\"@id\":\"https:\/\/nitu.mx\/#website\"},\"primaryImageOfPage\":{\"@id\":\"https:\/\/nitu.mx\/index.php\/2020\/06\/28\/la-paz-incrementara-su-conectividad-aerea-en-mas-del-doble-durante-julio\/#primaryimage\"},\"image\":{\"@id\":\"https:\/\/nitu.mx\/index.php\/2020\/06\/28\/la-paz-incrementara-su-conectividad-aerea-en-mas-del-doble-durante-julio\/#primaryimage\"},\"thumbnailUrl\":\"https:\/\/nitu.mx\/wp-content\/uploads\/2020\/06\/La-PAZ-mar.jpg\",\"datePublished\":\"2020-06-28T20:16:17+00:00\",\"dateModified\":\"2020-06-29T05:38:56+00:00\",\"breadcrumb\":{\"@id\":\"https:\/\/nitu.mx\/index.php\/2020\/06\/28\/la-paz-incrementara-su-conectividad-aerea-en-mas-del-doble-durante-julio\/#breadcrumb\"},\"inLanguage\":\"es-MX\",\"potentialAction\":[{\"@type\":\"ReadAction\",\"target\":[\"https:\/\/nitu.mx\/index.php\/2020\/06\/28\/la-paz-incrementara-su-conectividad-aerea-en-mas-del-doble-durante-julio\/\"]}]},{\"@type\":\"ImageObject\",\"inLanguage\":\"es-MX\",\"@id\":\"https:\/\/nitu.mx\/index.php\/2020\/06\/28\/la-paz-incrementara-su-conectividad-aerea-en-mas-del-doble-durante-julio\/#primaryimage\",\"url\":\"https:\/\/nitu.mx\/wp-content\/uploads\/2020\/06\/La-PAZ-mar.jpg\",\"contentUrl\":\"https:\/\/nitu.mx\/wp-content\/uploads\/2020\/06\/La-PAZ-mar.jpg\",\"width\":850,\"height\":480,\"caption\":\"La Paz\"},{\"@type\":\"BreadcrumbList\",\"@id\":\"https:\/\/nitu.mx\/index.php\/2020\/06\/28\/la-paz-incrementara-su-conectividad-aerea-en-mas-del-doble-durante-julio\/#breadcrumb\",\"itemListElement\":[{\"@type\":\"ListItem\",\"position\":1,\"name\":\"Inicio\",\"item\":\"https:\/\/nitu.mx\/\"},{\"@type\":\"ListItem\",\"position\":2,\"name\":\"La Paz incrementar\u00e1 su conectividad a\u00e9rea en m\u00e1s del doble durante julio\"}]},{\"@type\":\"WebSite\",\"@id\":\"https:\/\/nitu.mx\/#website\",\"url\":\"https:\/\/nitu.mx\/\",\"name\":\"Nitu - Noticias de la Industria Turistica\",\"description\":\"Noticias de la Industria Turistica\",\"publisher\":{\"@id\":\"https:\/\/nitu.mx\/#\/schema\/person\/ae7a53426417292d3dd07b45a33e01bc\"},\"alternateName\":\"Noticias de la Industria Turistica\",\"potentialAction\":[{\"@type\":\"SearchAction\",\"target\":{\"@type\":\"EntryPoint\",\"urlTemplate\":\"https:\/\/nitu.mx\/?s={search_term_string}\"},\"query-input\":\"required name=search_term_string\"}],\"inLanguage\":\"es-MX\"},{\"@type\":[\"Person\",\"Organization\"],\"@id\":\"https:\/\/nitu.mx\/#\/schema\/person\/ae7a53426417292d3dd07b45a33e01bc\",\"name\":\"Arturo Medina\",\"image\":{\"@type\":\"ImageObject\",\"inLanguage\":\"es-MX\",\"@id\":\"https:\/\/nitu.mx\/#\/schema\/person\/image\/\",\"url\":\"https:\/\/nitu.mx\/wp-content\/uploads\/2024\/04\/4A315622-1904-4D5C-B022-878CDC840E04-90x90-1.jpeg\",\"contentUrl\":\"https:\/\/nitu.mx\/wp-content\/uploads\/2024\/04\/4A315622-1904-4D5C-B022-878CDC840E04-90x90-1.jpeg\",\"width\":90,\"height\":90,\"caption\":\"Arturo Medina\"},\"logo\":{\"@id\":\"https:\/\/nitu.mx\/#\/schema\/person\/image\/\"},\"description\":\"Director NITU.mx, Egresado de la Escuela de Periodismo Carlos Septi\u00e9n Garc\u00eda. Periodista y analista especializado en turismo desde hace 35 a\u00f1os, radicado en Canc\u00fan Q.Roo. arturo@nitu.mx\",\"sameAs\":[\"https:\/\/nitu.mx\",\"https:\/\/www.facebook.com\/NITUmx\/\",\"medinacancun\",\"https:\/\/twitter.com\/@Arturo_Medina_G\"]},{\"@type\":\"Person\",\"@id\":\"https:\/\/nitu.mx\/#\/schema\/person\/3df3082b5e46037e3f13614d28ee0b77\",\"name\":\"Guadalupe Sixto\",\"image\":{\"@type\":\"ImageObject\",\"inLanguage\":\"es-MX\",\"@id\":\"https:\/\/nitu.mx\/#\/schema\/person\/image\/\",\"url\":\"https:\/\/secure.gravatar.com\/avatar\/13914e1b0e1919e91f9539de4dc584c4?s=96&d=mm&r=g\",\"contentUrl\":\"https:\/\/secure.gravatar.com\/avatar\/13914e1b0e1919e91f9539de4dc584c4?s=96&d=mm&r=g\",\"caption\":\"Guadalupe Sixto\"},\"url\":\"https:\/\/nitu.mx\/index.php\/author\/gsixto\/\"}]}<\/script>\n<!-- \/ Yoast SEO plugin. -->","yoast_head_json":{"title":"La Paz incrementar\u00e1 su conectividad a\u00e9rea en m\u00e1s del doble durante julio - Nitu - Noticias de la Industria Turistica","robots":{"index":"index","follow":"follow","max-snippet":"max-snippet:-1","max-image-preview":"max-image-preview:large","max-video-preview":"max-video-preview:-1"},"canonical":"https:\/\/nitu.mx\/index.php\/2020\/06\/28\/la-paz-incrementara-su-conectividad-aerea-en-mas-del-doble-durante-julio\/","twitter_card":"summary_large_image","twitter_title":"La Paz incrementar\u00e1 su conectividad a\u00e9rea en m\u00e1s del doble durante julio - Nitu - Noticias de la Industria Turistica","twitter_description":"Como parte de la estrategia de reactivaci\u00f3n del turismo, La Paz tendr\u00e1 un incremento en la conectividad a\u00e9rea nacional que ser\u00e1 de m\u00e1s del doble de lo que report\u00f3 en junio, al pasar de 88 vuelos a 196. La capital de Baja California Sur ser\u00e1 un sitio muy atractivo para los viajeros nacionales en la [&hellip;]","twitter_image":"https:\/\/nitu.mx\/wp-content\/uploads\/2020\/06\/La-PAZ-mar.jpg","twitter_creator":"@NITUmx","twitter_site":"@Arturo_Medina_G","twitter_misc":{"Escrito por":"Guadalupe Sixto","Tiempo de lectura":"2 minutos"},"schema":{"@context":"https:\/\/schema.org","@graph":[{"@type":"Article","@id":"https:\/\/nitu.mx\/index.php\/2020\/06\/28\/la-paz-incrementara-su-conectividad-aerea-en-mas-del-doble-durante-julio\/#article","isPartOf":{"@id":"https:\/\/nitu.mx\/index.php\/2020\/06\/28\/la-paz-incrementara-su-conectividad-aerea-en-mas-del-doble-durante-julio\/"},"author":{"name":"Guadalupe Sixto","@id":"https:\/\/nitu.mx\/#\/schema\/person\/3df3082b5e46037e3f13614d28ee0b77"},"headline":"La Paz incrementar\u00e1 su conectividad a\u00e9rea en m\u00e1s del doble durante julio","datePublished":"2020-06-28T20:16:17+00:00","dateModified":"2020-06-29T05:38:56+00:00","mainEntityOfPage":{"@id":"https:\/\/nitu.mx\/index.php\/2020\/06\/28\/la-paz-incrementara-su-conectividad-aerea-en-mas-del-doble-durante-julio\/"},"wordCount":441,"commentCount":0,"publisher":{"@id":"https:\/\/nitu.mx\/#\/schema\/person\/ae7a53426417292d3dd07b45a33e01bc"},"image":{"@id":"https:\/\/nitu.mx\/index.php\/2020\/06\/28\/la-paz-incrementara-su-conectividad-aerea-en-mas-del-doble-durante-julio\/#primaryimage"},"thumbnailUrl":"https:\/\/nitu.mx\/wp-content\/uploads\/2020\/06\/La-PAZ-mar.jpg","keywords":["Baja California Sur","La Paz","Luis Humberto Araiza","Safe Travel","WTTC"],"articleSection":["Destinos"],"inLanguage":"es-MX","potentialAction":[{"@type":"CommentAction","name":"Comment","target":["https:\/\/nitu.mx\/index.php\/2020\/06\/28\/la-paz-incrementara-su-conectividad-aerea-en-mas-del-doble-durante-julio\/#respond"]}]},{"@type":"WebPage","@id":"https:\/\/nitu.mx\/index.php\/2020\/06\/28\/la-paz-incrementara-su-conectividad-aerea-en-mas-del-doble-durante-julio\/","url":"https:\/\/nitu.mx\/index.php\/2020\/06\/28\/la-paz-incrementara-su-conectividad-aerea-en-mas-del-doble-durante-julio\/","name":"La Paz incrementar\u00e1 su conectividad a\u00e9rea en m\u00e1s del doble durante julio - Nitu - Noticias de la Industria Turistica","isPartOf":{"@id":"https:\/\/nitu.mx\/#website"},"primaryImageOfPage":{"@id":"https:\/\/nitu.mx\/index.php\/2020\/06\/28\/la-paz-incrementara-su-conectividad-aerea-en-mas-del-doble-durante-julio\/#primaryimage"},"image":{"@id":"https:\/\/nitu.mx\/index.php\/2020\/06\/28\/la-paz-incrementara-su-conectividad-aerea-en-mas-del-doble-durante-julio\/#primaryimage"},"thumbnailUrl":"https:\/\/nitu.mx\/wp-content\/uploads\/2020\/06\/La-PAZ-mar.jpg","datePublished":"2020-06-28T20:16:17+00:00","dateModified":"2020-06-29T05:38:56+00:00","breadcrumb":{"@id":"https:\/\/nitu.mx\/index.php\/2020\/06\/28\/la-paz-incrementara-su-conectividad-aerea-en-mas-del-doble-durante-julio\/#breadcrumb"},"inLanguage":"es-MX","potentialAction":[{"@type":"ReadAction","target":["https:\/\/nitu.mx\/index.php\/2020\/06\/28\/la-paz-incrementara-su-conectividad-aerea-en-mas-del-doble-durante-julio\/"]}]},{"@type":"ImageObject","inLanguage":"es-MX","@id":"https:\/\/nitu.mx\/index.php\/2020\/06\/28\/la-paz-incrementara-su-conectividad-aerea-en-mas-del-doble-durante-julio\/#primaryimage","url":"https:\/\/nitu.mx\/wp-content\/uploads\/2020\/06\/La-PAZ-mar.jpg","contentUrl":"https:\/\/nitu.mx\/wp-content\/uploads\/2020\/06\/La-PAZ-mar.jpg","width":850,"height":480,"caption":"La Paz"},{"@type":"BreadcrumbList","@id":"https:\/\/nitu.mx\/index.php\/2020\/06\/28\/la-paz-incrementara-su-conectividad-aerea-en-mas-del-doble-durante-julio\/#breadcrumb","itemListElement":[{"@type":"ListItem","position":1,"name":"Inicio","item":"https:\/\/nitu.mx\/"},{"@type":"ListItem","position":2,"name":"La Paz incrementar\u00e1 su conectividad a\u00e9rea en m\u00e1s del doble durante julio"}]},{"@type":"WebSite","@id":"https:\/\/nitu.mx\/#website","url":"https:\/\/nitu.mx\/","name":"Nitu - Noticias de la Industria Turistica","description":"Noticias de la Industria Turistica","publisher":{"@id":"https:\/\/nitu.mx\/#\/schema\/person\/ae7a53426417292d3dd07b45a33e01bc"},"alternateName":"Noticias de la Industria Turistica","potentialAction":[{"@type":"SearchAction","target":{"@type":"EntryPoint","urlTemplate":"https:\/\/nitu.mx\/?s={search_term_string}"},"query-input":"required name=search_term_string"}],"inLanguage":"es-MX"},{"@type":["Person","Organization"],"@id":"https:\/\/nitu.mx\/#\/schema\/person\/ae7a53426417292d3dd07b45a33e01bc","name":"Arturo Medina","image":{"@type":"ImageObject","inLanguage":"es-MX","@id":"https:\/\/nitu.mx\/#\/schema\/person\/image\/","url":"https:\/\/nitu.mx\/wp-content\/uploads\/2024\/04\/4A315622-1904-4D5C-B022-878CDC840E04-90x90-1.jpeg","contentUrl":"https:\/\/nitu.mx\/wp-content\/uploads\/2024\/04\/4A315622-1904-4D5C-B022-878CDC840E04-90x90-1.jpeg","width":90,"height":90,"caption":"Arturo Medina"},"logo":{"@id":"https:\/\/nitu.mx\/#\/schema\/person\/image\/"},"description":"Director NITU.mx, Egresado de la Escuela de Periodismo Carlos Septi\u00e9n Garc\u00eda. Periodista y analista especializado en turismo desde hace 35 a\u00f1os, radicado en Canc\u00fan Q.Roo. arturo@nitu.mx","sameAs":["https:\/\/nitu.mx","https:\/\/www.facebook.com\/NITUmx\/","medinacancun","https:\/\/twitter.com\/@Arturo_Medina_G"]},{"@type":"Person","@id":"https:\/\/nitu.mx\/#\/schema\/person\/3df3082b5e46037e3f13614d28ee0b77","name":"Guadalupe Sixto","image":{"@type":"ImageObject","inLanguage":"es-MX","@id":"https:\/\/nitu.mx\/#\/schema\/person\/image\/","url":"https:\/\/secure.gravatar.com\/avatar\/13914e1b0e1919e91f9539de4dc584c4?s=96&d=mm&r=g","contentUrl":"https:\/\/secure.gravatar.com\/avatar\/13914e1b0e1919e91f9539de4dc584c4?s=96&d=mm&r=g","caption":"Guadalupe Sixto"},"url":"https:\/\/nitu.mx\/index.php\/author\/gsixto\/"}]}},"views":221,"_links":{"self":[{"href":"https:\/\/nitu.mx\/index.php\/wp-json\/wp\/v2\/posts\/43913"}],"collection":[{"href":"https:\/\/nitu.mx\/index.php\/wp-json\/wp\/v2\/posts"}],"about":[{"href":"https:\/\/nitu.mx\/index.php\/wp-json\/wp\/v2\/types\/post"}],"author":[{"embeddable":true,"href":"https:\/\/nitu.mx\/index.php\/wp-json\/wp\/v2\/users\/18"}],"replies":[{"embeddable":true,"href":"https:\/\/nitu.mx\/index.php\/wp-json\/wp\/v2\/comments?post=43913"}],"version-history":[{"count":1,"href":"https:\/\/nitu.mx\/index.php\/wp-json\/wp\/v2\/posts\/43913\/revisions"}],"predecessor-version":[{"id":43915,"href":"https:\/\/nitu.mx\/index.php\/wp-json\/wp\/v2\/posts\/43913\/revisions\/43915"}],"wp:featuredmedia":[{"embeddable":true,"href":"https:\/\/nitu.mx\/index.php\/wp-json\/wp\/v2\/media\/43914"}],"wp:attachment":[{"href":"https:\/\/nitu.mx\/index.php\/wp-json\/wp\/v2\/media?parent=43913"}],"wp:term":[{"taxonomy":"category","embeddable":true,"href":"https:\/\/nitu.mx\/index.php\/wp-json\/wp\/v2\/categories?post=43913"},{"taxonomy":"post_tag","embeddable":true,"href":"https:\/\/nitu.mx\/index.php\/wp-json\/wp\/v2\/tags?post=43913"}],"curies":[{"name":"wp","href":"https:\/\/api.w.org\/{rel}","templated":true}]}}