{"id":43783,"date":"2020-06-24T00:17:29","date_gmt":"2020-06-24T05:17:29","guid":{"rendered":"https:\/\/www.dev.nitu.mx\/?p=43783"},"modified":"2020-06-24T00:43:58","modified_gmt":"2020-06-24T05:43:58","slug":"torruco-pide-a-secretarios-de-turismo-usar-al-turismo-para-la-reconciliacion-social","status":"publish","type":"post","link":"https:\/\/nitu.mx\/index.php\/2020\/06\/24\/torruco-pide-a-secretarios-de-turismo-usar-al-turismo-para-la-reconciliacion-social\/","title":{"rendered":"Torruco pide a secretarios de Turismo usar al turismo para la reconciliaci\u00f3n social"},"content":{"rendered":"\n<p>El titular de la Secretar\u00eda de Turismo (Sectur), Miguel Torruco Marqu\u00e9s, llam\u00f3 a sus hom\u00f3logos del continente a adoptar al turismo como una herramienta de reconciliaci\u00f3n social, durante la LXV Reuni\u00f3n de la Comisi\u00f3n Regional para Am\u00e9rica de la Organizaci\u00f3n Mundial del Turismo (OMT).<\/p>\n\n\n\n<p>El funcionario destac\u00f3 que la crisis sanitaria por la pandemia de Covid-19 gener\u00f3 la oportunidad de construir una nueva era para la industria tur\u00edstica; alejada de las pr\u00e1cticas de masividad, sobreexplotaci\u00f3n y deterioro ambiental.<\/p>\n\n\n\n<p>\u201cAhora, en tiempos de transformaci\u00f3n, asumimos que el turismo es una actividad totalmente interdependiente. Que las fronteras que conocemos tienen que esmerarse m\u00e1s en mostrar al viajero un contenido m\u00e1s cultural y de idiosincrasia que meramente econ\u00f3mico. Lo que implica que el sector deba afrontar mayores retos con productos tur\u00edsticos innovadores y de mayor calidad, para responder a las necesidades de un turista cada vez m\u00e1s informado y exigente; en las que al binomio calidad y servicio deber\u00e1 sumarse los protocolos de sanidad, legado de esta amarga experiencia que es el Covid-19\u201d, dijo.<\/p>\n\n\n\n<p>A\u00f1adi\u00f3 que, aunque la actividad tur\u00edstica se ensombreci\u00f3 al ser uno de los principales veh\u00edculos de contagio de Covid-19, otorgarle un nuevo sentido a la palabra turismo requiere construir significados m\u00e1s amplios que recuperen todo lo positivo, a partir de criterios de seguridad, responsabilidad y confianza.<\/p>\n\n\n\n<p>\u201cEsto nos coloca ante la oportunidad hist\u00f3rica de construir una nueva era para el turismo; que no est\u00e9 centrada en la exclusividad y que no dependa de factores externos. Tenemos que evitar repetir pr\u00e1cticas de masividad, sobreexplotaci\u00f3n y deterioro ambiental\u201d, puntualiz\u00f3.<\/p>\n\n\n\n<p>El secretario afirm\u00f3 que este es el momento adecuado para entender al turismo de manera diferente, tomar decisiones concretas y asumir compromisos y responsabilidades para salvaguardar su futuro.<\/p>\n\n\n\n<p>\u201cPor ello, en la Secretar\u00eda de Turismo del Gobierno de M\u00e9xico hemos establecido entre nuestras prioridades la realizaci\u00f3n de un turismo diferente. Con un enfoque social, que privilegie el desarrollo y crecimiento de los sectores m\u00e1s desprotegidos de la sociedad; principalmente de aquellos que habitan en los destinos tur\u00edsticos del pa\u00eds\u201d, precis\u00f3.<\/p>\n\n\n\n<p>Torruco propuso a sus hom\u00f3logos la utilizaci\u00f3n de herramientas de promoci\u00f3n tur\u00edstica digital, con enfoque en la recuperaci\u00f3n y regeneraci\u00f3n del patrimonio tur\u00edstico; as\u00ed como crear destinos seguros, con un nuevo pacto social para cambiar los viejos enfoques.<\/p>\n\n\n\n<p>\u201cConstruyamos juntos una nueva realidad, un turismo nuevo que sea motor econ\u00f3mico y fuente de reconciliaci\u00f3n social, que apoye a quienes se han quedado atr\u00e1s, que proteja el medio ambiente, que respete nuestra identidad hist\u00f3rica, cultural y gastron\u00f3mica, y que consolide la actividad empresarias en todos los niveles\u201d, finaliz\u00f3.<\/p>\n","protected":false},"excerpt":{"rendered":"<p>El titular de la Secretar\u00eda de Turismo (Sectur), Miguel Torruco Marqu\u00e9s, llam\u00f3 a sus hom\u00f3logos del continente a adoptar al turismo como una herramienta de reconciliaci\u00f3n social, durante la LXV Reuni\u00f3n de la Comisi\u00f3n Regional para Am\u00e9rica de la Organizaci\u00f3n Mundial del Turismo (OMT). El funcionario destac\u00f3 que la crisis sanitaria por la pandemia de [&hellip;]<\/p>\n","protected":false},"author":17,"featured_media":43797,"comment_status":"open","ping_status":"open","sticky":false,"template":"","format":"standard","meta":{"footnotes":""},"categories":[12,6],"tags":[910,1238,1960],"yoast_head":"<!-- This site is optimized with the Yoast SEO plugin v22.2 - https:\/\/yoast.com\/wordpress\/plugins\/seo\/ -->\n<title>Torruco pide a secretarios de Turismo usar al turismo para la reconciliaci\u00f3n social - Nitu - Noticias de la Industria Turistica<\/title>\n<meta name=\"robots\" content=\"index, follow, max-snippet:-1, max-image-preview:large, max-video-preview:-1\" \/>\n<link rel=\"canonical\" href=\"https:\/\/nitu.mx\/index.php\/2020\/06\/24\/torruco-pide-a-secretarios-de-turismo-usar-al-turismo-para-la-reconciliacion-social\/\" \/>\n<meta name=\"twitter:card\" content=\"summary_large_image\" \/>\n<meta name=\"twitter:title\" content=\"Torruco pide a secretarios de Turismo usar al turismo para la reconciliaci\u00f3n social - Nitu - Noticias de la Industria Turistica\" \/>\n<meta name=\"twitter:description\" content=\"El titular de la Secretar\u00eda de Turismo (Sectur), Miguel Torruco Marqu\u00e9s, llam\u00f3 a sus hom\u00f3logos del continente a adoptar al turismo como una herramienta de reconciliaci\u00f3n social, durante la LXV Reuni\u00f3n de la Comisi\u00f3n Regional para Am\u00e9rica de la Organizaci\u00f3n Mundial del Turismo (OMT). El funcionario destac\u00f3 que la crisis sanitaria por la pandemia de [&hellip;]\" \/>\n<meta name=\"twitter:image\" content=\"https:\/\/nitu.mx\/wp-content\/uploads\/2020\/06\/Torruco-secretarios-de-Turismo.jpg\" \/>\n<meta name=\"twitter:creator\" content=\"@NITUmx\" \/>\n<meta name=\"twitter:site\" content=\"@Arturo_Medina_G\" \/>\n<meta name=\"twitter:label1\" content=\"Escrito por\" \/>\n\t<meta name=\"twitter:data1\" content=\"Redacci\u00f3n\" \/>\n\t<meta name=\"twitter:label2\" content=\"Tiempo de lectura\" \/>\n\t<meta name=\"twitter:data2\" content=\"2 minutos\" \/>\n<script type=\"application\/ld+json\" class=\"yoast-schema-graph\">{\"@context\":\"https:\/\/schema.org\",\"@graph\":[{\"@type\":\"Article\",\"@id\":\"https:\/\/nitu.mx\/index.php\/2020\/06\/24\/torruco-pide-a-secretarios-de-turismo-usar-al-turismo-para-la-reconciliacion-social\/#article\",\"isPartOf\":{\"@id\":\"https:\/\/nitu.mx\/index.php\/2020\/06\/24\/torruco-pide-a-secretarios-de-turismo-usar-al-turismo-para-la-reconciliacion-social\/\"},\"author\":{\"name\":\"Redacci\u00f3n\",\"@id\":\"https:\/\/nitu.mx\/#\/schema\/person\/4a28fe9bd65924f7c90623773daf1b0b\"},\"headline\":\"Torruco pide a secretarios de Turismo usar al turismo para la reconciliaci\u00f3n social\",\"datePublished\":\"2020-06-24T05:17:29+00:00\",\"dateModified\":\"2020-06-24T05:43:58+00:00\",\"mainEntityOfPage\":{\"@id\":\"https:\/\/nitu.mx\/index.php\/2020\/06\/24\/torruco-pide-a-secretarios-de-turismo-usar-al-turismo-para-la-reconciliacion-social\/\"},\"wordCount\":481,\"commentCount\":0,\"publisher\":{\"@id\":\"https:\/\/nitu.mx\/#\/schema\/person\/ae7a53426417292d3dd07b45a33e01bc\"},\"image\":{\"@id\":\"https:\/\/nitu.mx\/index.php\/2020\/06\/24\/torruco-pide-a-secretarios-de-turismo-usar-al-turismo-para-la-reconciliacion-social\/#primaryimage\"},\"thumbnailUrl\":\"https:\/\/nitu.mx\/wp-content\/uploads\/2020\/06\/Torruco-secretarios-de-Turismo.jpg\",\"keywords\":[\"Miguel Torruco\",\"Miguel Torruco Marqu\u00e9s\",\"OMT\"],\"articleSection\":[\"Marketing\",\"M\u00e9xico\"],\"inLanguage\":\"es-MX\",\"potentialAction\":[{\"@type\":\"CommentAction\",\"name\":\"Comment\",\"target\":[\"https:\/\/nitu.mx\/index.php\/2020\/06\/24\/torruco-pide-a-secretarios-de-turismo-usar-al-turismo-para-la-reconciliacion-social\/#respond\"]}]},{\"@type\":\"WebPage\",\"@id\":\"https:\/\/nitu.mx\/index.php\/2020\/06\/24\/torruco-pide-a-secretarios-de-turismo-usar-al-turismo-para-la-reconciliacion-social\/\",\"url\":\"https:\/\/nitu.mx\/index.php\/2020\/06\/24\/torruco-pide-a-secretarios-de-turismo-usar-al-turismo-para-la-reconciliacion-social\/\",\"name\":\"Torruco pide a secretarios de Turismo usar al turismo para la reconciliaci\u00f3n social - Nitu - Noticias de la Industria Turistica\",\"isPartOf\":{\"@id\":\"https:\/\/nitu.mx\/#website\"},\"primaryImageOfPage\":{\"@id\":\"https:\/\/nitu.mx\/index.php\/2020\/06\/24\/torruco-pide-a-secretarios-de-turismo-usar-al-turismo-para-la-reconciliacion-social\/#primaryimage\"},\"image\":{\"@id\":\"https:\/\/nitu.mx\/index.php\/2020\/06\/24\/torruco-pide-a-secretarios-de-turismo-usar-al-turismo-para-la-reconciliacion-social\/#primaryimage\"},\"thumbnailUrl\":\"https:\/\/nitu.mx\/wp-content\/uploads\/2020\/06\/Torruco-secretarios-de-Turismo.jpg\",\"datePublished\":\"2020-06-24T05:17:29+00:00\",\"dateModified\":\"2020-06-24T05:43:58+00:00\",\"breadcrumb\":{\"@id\":\"https:\/\/nitu.mx\/index.php\/2020\/06\/24\/torruco-pide-a-secretarios-de-turismo-usar-al-turismo-para-la-reconciliacion-social\/#breadcrumb\"},\"inLanguage\":\"es-MX\",\"potentialAction\":[{\"@type\":\"ReadAction\",\"target\":[\"https:\/\/nitu.mx\/index.php\/2020\/06\/24\/torruco-pide-a-secretarios-de-turismo-usar-al-turismo-para-la-reconciliacion-social\/\"]}]},{\"@type\":\"ImageObject\",\"inLanguage\":\"es-MX\",\"@id\":\"https:\/\/nitu.mx\/index.php\/2020\/06\/24\/torruco-pide-a-secretarios-de-turismo-usar-al-turismo-para-la-reconciliacion-social\/#primaryimage\",\"url\":\"https:\/\/nitu.mx\/wp-content\/uploads\/2020\/06\/Torruco-secretarios-de-Turismo.jpg\",\"contentUrl\":\"https:\/\/nitu.mx\/wp-content\/uploads\/2020\/06\/Torruco-secretarios-de-Turismo.jpg\",\"width\":850,\"height\":480},{\"@type\":\"BreadcrumbList\",\"@id\":\"https:\/\/nitu.mx\/index.php\/2020\/06\/24\/torruco-pide-a-secretarios-de-turismo-usar-al-turismo-para-la-reconciliacion-social\/#breadcrumb\",\"itemListElement\":[{\"@type\":\"ListItem\",\"position\":1,\"name\":\"Inicio\",\"item\":\"https:\/\/nitu.mx\/\"},{\"@type\":\"ListItem\",\"position\":2,\"name\":\"Torruco pide a secretarios de Turismo usar al turismo para la reconciliaci\u00f3n social\"}]},{\"@type\":\"WebSite\",\"@id\":\"https:\/\/nitu.mx\/#website\",\"url\":\"https:\/\/nitu.mx\/\",\"name\":\"Nitu - Noticias de la Industria Turistica\",\"description\":\"Noticias de la Industria Turistica\",\"publisher\":{\"@id\":\"https:\/\/nitu.mx\/#\/schema\/person\/ae7a53426417292d3dd07b45a33e01bc\"},\"alternateName\":\"Noticias de la Industria Turistica\",\"potentialAction\":[{\"@type\":\"SearchAction\",\"target\":{\"@type\":\"EntryPoint\",\"urlTemplate\":\"https:\/\/nitu.mx\/?s={search_term_string}\"},\"query-input\":\"required name=search_term_string\"}],\"inLanguage\":\"es-MX\"},{\"@type\":[\"Person\",\"Organization\"],\"@id\":\"https:\/\/nitu.mx\/#\/schema\/person\/ae7a53426417292d3dd07b45a33e01bc\",\"name\":\"Arturo Medina\",\"image\":{\"@type\":\"ImageObject\",\"inLanguage\":\"es-MX\",\"@id\":\"https:\/\/nitu.mx\/#\/schema\/person\/image\/\",\"url\":\"https:\/\/nitu.mx\/wp-content\/uploads\/2024\/04\/4A315622-1904-4D5C-B022-878CDC840E04-90x90-1.jpeg\",\"contentUrl\":\"https:\/\/nitu.mx\/wp-content\/uploads\/2024\/04\/4A315622-1904-4D5C-B022-878CDC840E04-90x90-1.jpeg\",\"width\":90,\"height\":90,\"caption\":\"Arturo Medina\"},\"logo\":{\"@id\":\"https:\/\/nitu.mx\/#\/schema\/person\/image\/\"},\"description\":\"Director NITU.mx, Egresado de la Escuela de Periodismo Carlos Septi\u00e9n Garc\u00eda. Periodista y analista especializado en turismo desde hace 35 a\u00f1os, radicado en Canc\u00fan Q.Roo. arturo@nitu.mx\",\"sameAs\":[\"https:\/\/nitu.mx\",\"https:\/\/www.facebook.com\/NITUmx\/\",\"medinacancun\",\"https:\/\/twitter.com\/@Arturo_Medina_G\"]},{\"@type\":\"Person\",\"@id\":\"https:\/\/nitu.mx\/#\/schema\/person\/4a28fe9bd65924f7c90623773daf1b0b\",\"name\":\"Redacci\u00f3n\",\"image\":{\"@type\":\"ImageObject\",\"inLanguage\":\"es-MX\",\"@id\":\"https:\/\/nitu.mx\/#\/schema\/person\/image\/\",\"url\":\"https:\/\/secure.gravatar.com\/avatar\/5dd011c8ccfc5cd7e4c81e42252aab38?s=96&d=mm&r=g\",\"contentUrl\":\"https:\/\/secure.gravatar.com\/avatar\/5dd011c8ccfc5cd7e4c81e42252aab38?s=96&d=mm&r=g\",\"caption\":\"Redacci\u00f3n\"},\"url\":\"https:\/\/nitu.mx\/index.php\/author\/redaccion\/\"}]}<\/script>\n<!-- \/ Yoast SEO plugin. -->","yoast_head_json":{"title":"Torruco pide a secretarios de Turismo usar al turismo para la reconciliaci\u00f3n social - Nitu - Noticias de la Industria Turistica","robots":{"index":"index","follow":"follow","max-snippet":"max-snippet:-1","max-image-preview":"max-image-preview:large","max-video-preview":"max-video-preview:-1"},"canonical":"https:\/\/nitu.mx\/index.php\/2020\/06\/24\/torruco-pide-a-secretarios-de-turismo-usar-al-turismo-para-la-reconciliacion-social\/","twitter_card":"summary_large_image","twitter_title":"Torruco pide a secretarios de Turismo usar al turismo para la reconciliaci\u00f3n social - Nitu - Noticias de la Industria Turistica","twitter_description":"El titular de la Secretar\u00eda de Turismo (Sectur), Miguel Torruco Marqu\u00e9s, llam\u00f3 a sus hom\u00f3logos del continente a adoptar al turismo como una herramienta de reconciliaci\u00f3n social, durante la LXV Reuni\u00f3n de la Comisi\u00f3n Regional para Am\u00e9rica de la Organizaci\u00f3n Mundial del Turismo (OMT). El funcionario destac\u00f3 que la crisis sanitaria por la pandemia de [&hellip;]","twitter_image":"https:\/\/nitu.mx\/wp-content\/uploads\/2020\/06\/Torruco-secretarios-de-Turismo.jpg","twitter_creator":"@NITUmx","twitter_site":"@Arturo_Medina_G","twitter_misc":{"Escrito por":"Redacci\u00f3n","Tiempo de lectura":"2 minutos"},"schema":{"@context":"https:\/\/schema.org","@graph":[{"@type":"Article","@id":"https:\/\/nitu.mx\/index.php\/2020\/06\/24\/torruco-pide-a-secretarios-de-turismo-usar-al-turismo-para-la-reconciliacion-social\/#article","isPartOf":{"@id":"https:\/\/nitu.mx\/index.php\/2020\/06\/24\/torruco-pide-a-secretarios-de-turismo-usar-al-turismo-para-la-reconciliacion-social\/"},"author":{"name":"Redacci\u00f3n","@id":"https:\/\/nitu.mx\/#\/schema\/person\/4a28fe9bd65924f7c90623773daf1b0b"},"headline":"Torruco pide a secretarios de Turismo usar al turismo para la reconciliaci\u00f3n social","datePublished":"2020-06-24T05:17:29+00:00","dateModified":"2020-06-24T05:43:58+00:00","mainEntityOfPage":{"@id":"https:\/\/nitu.mx\/index.php\/2020\/06\/24\/torruco-pide-a-secretarios-de-turismo-usar-al-turismo-para-la-reconciliacion-social\/"},"wordCount":481,"commentCount":0,"publisher":{"@id":"https:\/\/nitu.mx\/#\/schema\/person\/ae7a53426417292d3dd07b45a33e01bc"},"image":{"@id":"https:\/\/nitu.mx\/index.php\/2020\/06\/24\/torruco-pide-a-secretarios-de-turismo-usar-al-turismo-para-la-reconciliacion-social\/#primaryimage"},"thumbnailUrl":"https:\/\/nitu.mx\/wp-content\/uploads\/2020\/06\/Torruco-secretarios-de-Turismo.jpg","keywords":["Miguel Torruco","Miguel Torruco Marqu\u00e9s","OMT"],"articleSection":["Marketing","M\u00e9xico"],"inLanguage":"es-MX","potentialAction":[{"@type":"CommentAction","name":"Comment","target":["https:\/\/nitu.mx\/index.php\/2020\/06\/24\/torruco-pide-a-secretarios-de-turismo-usar-al-turismo-para-la-reconciliacion-social\/#respond"]}]},{"@type":"WebPage","@id":"https:\/\/nitu.mx\/index.php\/2020\/06\/24\/torruco-pide-a-secretarios-de-turismo-usar-al-turismo-para-la-reconciliacion-social\/","url":"https:\/\/nitu.mx\/index.php\/2020\/06\/24\/torruco-pide-a-secretarios-de-turismo-usar-al-turismo-para-la-reconciliacion-social\/","name":"Torruco pide a secretarios de Turismo usar al turismo para la reconciliaci\u00f3n social - Nitu - Noticias de la Industria Turistica","isPartOf":{"@id":"https:\/\/nitu.mx\/#website"},"primaryImageOfPage":{"@id":"https:\/\/nitu.mx\/index.php\/2020\/06\/24\/torruco-pide-a-secretarios-de-turismo-usar-al-turismo-para-la-reconciliacion-social\/#primaryimage"},"image":{"@id":"https:\/\/nitu.mx\/index.php\/2020\/06\/24\/torruco-pide-a-secretarios-de-turismo-usar-al-turismo-para-la-reconciliacion-social\/#primaryimage"},"thumbnailUrl":"https:\/\/nitu.mx\/wp-content\/uploads\/2020\/06\/Torruco-secretarios-de-Turismo.jpg","datePublished":"2020-06-24T05:17:29+00:00","dateModified":"2020-06-24T05:43:58+00:00","breadcrumb":{"@id":"https:\/\/nitu.mx\/index.php\/2020\/06\/24\/torruco-pide-a-secretarios-de-turismo-usar-al-turismo-para-la-reconciliacion-social\/#breadcrumb"},"inLanguage":"es-MX","potentialAction":[{"@type":"ReadAction","target":["https:\/\/nitu.mx\/index.php\/2020\/06\/24\/torruco-pide-a-secretarios-de-turismo-usar-al-turismo-para-la-reconciliacion-social\/"]}]},{"@type":"ImageObject","inLanguage":"es-MX","@id":"https:\/\/nitu.mx\/index.php\/2020\/06\/24\/torruco-pide-a-secretarios-de-turismo-usar-al-turismo-para-la-reconciliacion-social\/#primaryimage","url":"https:\/\/nitu.mx\/wp-content\/uploads\/2020\/06\/Torruco-secretarios-de-Turismo.jpg","contentUrl":"https:\/\/nitu.mx\/wp-content\/uploads\/2020\/06\/Torruco-secretarios-de-Turismo.jpg","width":850,"height":480},{"@type":"BreadcrumbList","@id":"https:\/\/nitu.mx\/index.php\/2020\/06\/24\/torruco-pide-a-secretarios-de-turismo-usar-al-turismo-para-la-reconciliacion-social\/#breadcrumb","itemListElement":[{"@type":"ListItem","position":1,"name":"Inicio","item":"https:\/\/nitu.mx\/"},{"@type":"ListItem","position":2,"name":"Torruco pide a secretarios de Turismo usar al turismo para la reconciliaci\u00f3n social"}]},{"@type":"WebSite","@id":"https:\/\/nitu.mx\/#website","url":"https:\/\/nitu.mx\/","name":"Nitu - Noticias de la Industria Turistica","description":"Noticias de la Industria Turistica","publisher":{"@id":"https:\/\/nitu.mx\/#\/schema\/person\/ae7a53426417292d3dd07b45a33e01bc"},"alternateName":"Noticias de la Industria Turistica","potentialAction":[{"@type":"SearchAction","target":{"@type":"EntryPoint","urlTemplate":"https:\/\/nitu.mx\/?s={search_term_string}"},"query-input":"required name=search_term_string"}],"inLanguage":"es-MX"},{"@type":["Person","Organization"],"@id":"https:\/\/nitu.mx\/#\/schema\/person\/ae7a53426417292d3dd07b45a33e01bc","name":"Arturo Medina","image":{"@type":"ImageObject","inLanguage":"es-MX","@id":"https:\/\/nitu.mx\/#\/schema\/person\/image\/","url":"https:\/\/nitu.mx\/wp-content\/uploads\/2024\/04\/4A315622-1904-4D5C-B022-878CDC840E04-90x90-1.jpeg","contentUrl":"https:\/\/nitu.mx\/wp-content\/uploads\/2024\/04\/4A315622-1904-4D5C-B022-878CDC840E04-90x90-1.jpeg","width":90,"height":90,"caption":"Arturo Medina"},"logo":{"@id":"https:\/\/nitu.mx\/#\/schema\/person\/image\/"},"description":"Director NITU.mx, Egresado de la Escuela de Periodismo Carlos Septi\u00e9n Garc\u00eda. Periodista y analista especializado en turismo desde hace 35 a\u00f1os, radicado en Canc\u00fan Q.Roo. arturo@nitu.mx","sameAs":["https:\/\/nitu.mx","https:\/\/www.facebook.com\/NITUmx\/","medinacancun","https:\/\/twitter.com\/@Arturo_Medina_G"]},{"@type":"Person","@id":"https:\/\/nitu.mx\/#\/schema\/person\/4a28fe9bd65924f7c90623773daf1b0b","name":"Redacci\u00f3n","image":{"@type":"ImageObject","inLanguage":"es-MX","@id":"https:\/\/nitu.mx\/#\/schema\/person\/image\/","url":"https:\/\/secure.gravatar.com\/avatar\/5dd011c8ccfc5cd7e4c81e42252aab38?s=96&d=mm&r=g","contentUrl":"https:\/\/secure.gravatar.com\/avatar\/5dd011c8ccfc5cd7e4c81e42252aab38?s=96&d=mm&r=g","caption":"Redacci\u00f3n"},"url":"https:\/\/nitu.mx\/index.php\/author\/redaccion\/"}]}},"views":259,"_links":{"self":[{"href":"https:\/\/nitu.mx\/index.php\/wp-json\/wp\/v2\/posts\/43783"}],"collection":[{"href":"https:\/\/nitu.mx\/index.php\/wp-json\/wp\/v2\/posts"}],"about":[{"href":"https:\/\/nitu.mx\/index.php\/wp-json\/wp\/v2\/types\/post"}],"author":[{"embeddable":true,"href":"https:\/\/nitu.mx\/index.php\/wp-json\/wp\/v2\/users\/17"}],"replies":[{"embeddable":true,"href":"https:\/\/nitu.mx\/index.php\/wp-json\/wp\/v2\/comments?post=43783"}],"version-history":[{"count":2,"href":"https:\/\/nitu.mx\/index.php\/wp-json\/wp\/v2\/posts\/43783\/revisions"}],"predecessor-version":[{"id":43798,"href":"https:\/\/nitu.mx\/index.php\/wp-json\/wp\/v2\/posts\/43783\/revisions\/43798"}],"wp:featuredmedia":[{"embeddable":true,"href":"https:\/\/nitu.mx\/index.php\/wp-json\/wp\/v2\/media\/43797"}],"wp:attachment":[{"href":"https:\/\/nitu.mx\/index.php\/wp-json\/wp\/v2\/media?parent=43783"}],"wp:term":[{"taxonomy":"category","embeddable":true,"href":"https:\/\/nitu.mx\/index.php\/wp-json\/wp\/v2\/categories?post=43783"},{"taxonomy":"post_tag","embeddable":true,"href":"https:\/\/nitu.mx\/index.php\/wp-json\/wp\/v2\/tags?post=43783"}],"curies":[{"name":"wp","href":"https:\/\/api.w.org\/{rel}","templated":true}]}}