{"id":43779,"date":"2020-06-24T00:07:12","date_gmt":"2020-06-24T05:07:12","guid":{"rendered":"https:\/\/www.dev.nitu.mx\/?p=43779"},"modified":"2020-06-24T00:44:13","modified_gmt":"2020-06-24T05:44:13","slug":"nueva-alianza-turistica-renovara-y-fortalecera-al-turismo-luis-araiza","status":"publish","type":"post","link":"https:\/\/nitu.mx\/index.php\/2020\/06\/24\/nueva-alianza-turistica-renovara-y-fortalecera-al-turismo-luis-araiza\/","title":{"rendered":"Nueva alianza tur\u00edstica renovar\u00e1 y fortalecer\u00e1 al turismo: Luis Araiza"},"content":{"rendered":"\n<p>La industria tur\u00edstica genera beneficios econ\u00f3micos y sociales para todos, y al ser uno de los sectores m\u00e1s da\u00f1ados por la pandemia del Covid-19, es fundamental que todos los actores y l\u00edderes del ramo sumen esfuerzos para su recuperaci\u00f3n y reactivaci\u00f3n en todo el pa\u00eds, asegur\u00f3 Luis Humberto Araiza L\u00f3pez, presidente de la Asociaci\u00f3n de Secretarios de Turismo de M\u00e9xico (ASETUR), luego de suscribirse la \u201cAlianza Nacional Emergente por el Turismo\u201d.<\/p>\n\n\n\n<p>El tambi\u00e9n Secretario de Turismo, Econom\u00eda y Sustentabilidad (SETUES) de Baja California Sur, particip\u00f3 en la reuni\u00f3n virtual encabezada por el presidente de la Conferencia Nacional de Gobernadores (CONAGO), Carlos Mendoza Davis, en la que el presidente del Consejo Nacional Empresarial Tur\u00edstico (CNET), Braulio Arsuaga, present\u00f3 la estrategia \u201cAlianza Nacional Emergente por el Turismo\u201d, misma que fue aprobada y suscrita por los miembros de la CONAGO.<\/p>\n\n\n\n<p>Araiza L\u00f3pez destac\u00f3 que el convenio permitir\u00e1 renovar y fortalecer la industria, al considerar que integra propuestas y acciones estrat\u00e9gicas de gran alcance, por lo que dijo que someter\u00e1 esta iniciativa a consideraci\u00f3n de los secretarios estatales de turismo, para su decidida participaci\u00f3n en caso de obtener el consenso.<\/p>\n\n\n\n<p>Adem\u00e1s, ratific\u00f3 el inter\u00e9s y compromiso de sus hom\u00f3logos de trabajar de la mano del sector empresarial y de organismos camarales para recuperar la presencia de los destinos mexicanos en los principales mercados tur\u00edsticos del mundo, as\u00ed como para posicionar la marca M\u00e9xico.<\/p>\n\n\n\n<p>\u201cEl turismo representa el 8.7% del Producto Interno Bruto, genera m\u00e1s de 4.2 millones de empleos directos y es la tercera fuente de divisas en nuestro pa\u00eds. Es necesario y urgente que busquemos los mecanismos y establezcamos una estrecha comunicaci\u00f3n y coordinaci\u00f3n con la iniciativa privada a fin de rescatar esta industria que es tambi\u00e9n motor estrat\u00e9gico para otros sectores productivos\u201d, indic\u00f3 el presidente de la ASETUR.<\/p>\n\n\n\n<p>La Alianza Nacional Emergente por el Turismo comprende 7 ejes tem\u00e1ticos: Protecci\u00f3n a la Salud de Turistas y del Personal, Reapertura y Relanzamiento de los Destinos, Seguridad de los Destinos, Impulso de la Innovaci\u00f3n y Competitividad de los Destinos, Impulso de la Conectividad y Facilitaci\u00f3n de Ingreso al Pa\u00eds, Estrategia de Promoci\u00f3n Tur\u00edstica y Propuesta Legislativa; as\u00ed como dos ejes transversales: Mantener la Trasparencia y Asegurar la Coordinaci\u00f3n y Comunicaci\u00f3n.<\/p>\n","protected":false},"excerpt":{"rendered":"<p>La industria tur\u00edstica genera beneficios econ\u00f3micos y sociales para todos, y al ser uno de los sectores m\u00e1s da\u00f1ados por la pandemia del Covid-19, es fundamental que todos los actores y l\u00edderes del ramo sumen esfuerzos para su recuperaci\u00f3n y reactivaci\u00f3n en todo el pa\u00eds, asegur\u00f3 Luis Humberto Araiza L\u00f3pez, presidente de la Asociaci\u00f3n de [&hellip;]<\/p>\n","protected":false},"author":17,"featured_media":42002,"comment_status":"open","ping_status":"open","sticky":false,"template":"","format":"standard","meta":{"footnotes":""},"categories":[12,6],"tags":[19508,1118,834,18354],"yoast_head":"<!-- This site is optimized with the Yoast SEO plugin v22.2 - https:\/\/yoast.com\/wordpress\/plugins\/seo\/ -->\n<title>Nueva alianza tur\u00edstica renovar\u00e1 y fortalecer\u00e1 al turismo: Luis Araiza - Nitu - Noticias de la Industria Turistica<\/title>\n<meta name=\"robots\" content=\"index, follow, max-snippet:-1, max-image-preview:large, max-video-preview:-1\" \/>\n<link rel=\"canonical\" href=\"https:\/\/nitu.mx\/index.php\/2020\/06\/24\/nueva-alianza-turistica-renovara-y-fortalecera-al-turismo-luis-araiza\/\" \/>\n<meta name=\"twitter:card\" content=\"summary_large_image\" \/>\n<meta name=\"twitter:title\" content=\"Nueva alianza tur\u00edstica renovar\u00e1 y fortalecer\u00e1 al turismo: Luis Araiza - Nitu - Noticias de la Industria Turistica\" \/>\n<meta name=\"twitter:description\" content=\"La industria tur\u00edstica genera beneficios econ\u00f3micos y sociales para todos, y al ser uno de los sectores m\u00e1s da\u00f1ados por la pandemia del Covid-19, es fundamental que todos los actores y l\u00edderes del ramo sumen esfuerzos para su recuperaci\u00f3n y reactivaci\u00f3n en todo el pa\u00eds, asegur\u00f3 Luis Humberto Araiza L\u00f3pez, presidente de la Asociaci\u00f3n de [&hellip;]\" \/>\n<meta name=\"twitter:image\" content=\"https:\/\/nitu.mx\/wp-content\/uploads\/2020\/04\/Luis-Araiza-Asetur.jpg\" \/>\n<meta name=\"twitter:creator\" content=\"@NITUmx\" \/>\n<meta name=\"twitter:site\" content=\"@Arturo_Medina_G\" \/>\n<meta name=\"twitter:label1\" content=\"Escrito por\" \/>\n\t<meta name=\"twitter:data1\" content=\"Redacci\u00f3n\" \/>\n\t<meta name=\"twitter:label2\" content=\"Tiempo de lectura\" \/>\n\t<meta name=\"twitter:data2\" content=\"2 minutos\" \/>\n<script type=\"application\/ld+json\" class=\"yoast-schema-graph\">{\"@context\":\"https:\/\/schema.org\",\"@graph\":[{\"@type\":\"Article\",\"@id\":\"https:\/\/nitu.mx\/index.php\/2020\/06\/24\/nueva-alianza-turistica-renovara-y-fortalecera-al-turismo-luis-araiza\/#article\",\"isPartOf\":{\"@id\":\"https:\/\/nitu.mx\/index.php\/2020\/06\/24\/nueva-alianza-turistica-renovara-y-fortalecera-al-turismo-luis-araiza\/\"},\"author\":{\"name\":\"Redacci\u00f3n\",\"@id\":\"https:\/\/nitu.mx\/#\/schema\/person\/4a28fe9bd65924f7c90623773daf1b0b\"},\"headline\":\"Nueva alianza tur\u00edstica renovar\u00e1 y fortalecer\u00e1 al turismo: Luis Araiza\",\"datePublished\":\"2020-06-24T05:07:12+00:00\",\"dateModified\":\"2020-06-24T05:44:13+00:00\",\"mainEntityOfPage\":{\"@id\":\"https:\/\/nitu.mx\/index.php\/2020\/06\/24\/nueva-alianza-turistica-renovara-y-fortalecera-al-turismo-luis-araiza\/\"},\"wordCount\":413,\"commentCount\":0,\"publisher\":{\"@id\":\"https:\/\/nitu.mx\/#\/schema\/person\/ae7a53426417292d3dd07b45a33e01bc\"},\"image\":{\"@id\":\"https:\/\/nitu.mx\/index.php\/2020\/06\/24\/nueva-alianza-turistica-renovara-y-fortalecera-al-turismo-luis-araiza\/#primaryimage\"},\"thumbnailUrl\":\"https:\/\/nitu.mx\/wp-content\/uploads\/2020\/04\/Luis-Araiza-Asetur.jpg\",\"keywords\":[\"Alianza Nacional Emergente por el Turismo\",\"Asetur\",\"CNET\",\"Luis Araiza\"],\"articleSection\":[\"Marketing\",\"M\u00e9xico\"],\"inLanguage\":\"es-MX\",\"potentialAction\":[{\"@type\":\"CommentAction\",\"name\":\"Comment\",\"target\":[\"https:\/\/nitu.mx\/index.php\/2020\/06\/24\/nueva-alianza-turistica-renovara-y-fortalecera-al-turismo-luis-araiza\/#respond\"]}]},{\"@type\":\"WebPage\",\"@id\":\"https:\/\/nitu.mx\/index.php\/2020\/06\/24\/nueva-alianza-turistica-renovara-y-fortalecera-al-turismo-luis-araiza\/\",\"url\":\"https:\/\/nitu.mx\/index.php\/2020\/06\/24\/nueva-alianza-turistica-renovara-y-fortalecera-al-turismo-luis-araiza\/\",\"name\":\"Nueva alianza tur\u00edstica renovar\u00e1 y fortalecer\u00e1 al turismo: Luis Araiza - Nitu - Noticias de la Industria Turistica\",\"isPartOf\":{\"@id\":\"https:\/\/nitu.mx\/#website\"},\"primaryImageOfPage\":{\"@id\":\"https:\/\/nitu.mx\/index.php\/2020\/06\/24\/nueva-alianza-turistica-renovara-y-fortalecera-al-turismo-luis-araiza\/#primaryimage\"},\"image\":{\"@id\":\"https:\/\/nitu.mx\/index.php\/2020\/06\/24\/nueva-alianza-turistica-renovara-y-fortalecera-al-turismo-luis-araiza\/#primaryimage\"},\"thumbnailUrl\":\"https:\/\/nitu.mx\/wp-content\/uploads\/2020\/04\/Luis-Araiza-Asetur.jpg\",\"datePublished\":\"2020-06-24T05:07:12+00:00\",\"dateModified\":\"2020-06-24T05:44:13+00:00\",\"breadcrumb\":{\"@id\":\"https:\/\/nitu.mx\/index.php\/2020\/06\/24\/nueva-alianza-turistica-renovara-y-fortalecera-al-turismo-luis-araiza\/#breadcrumb\"},\"inLanguage\":\"es-MX\",\"potentialAction\":[{\"@type\":\"ReadAction\",\"target\":[\"https:\/\/nitu.mx\/index.php\/2020\/06\/24\/nueva-alianza-turistica-renovara-y-fortalecera-al-turismo-luis-araiza\/\"]}]},{\"@type\":\"ImageObject\",\"inLanguage\":\"es-MX\",\"@id\":\"https:\/\/nitu.mx\/index.php\/2020\/06\/24\/nueva-alianza-turistica-renovara-y-fortalecera-al-turismo-luis-araiza\/#primaryimage\",\"url\":\"https:\/\/nitu.mx\/wp-content\/uploads\/2020\/04\/Luis-Araiza-Asetur.jpg\",\"contentUrl\":\"https:\/\/nitu.mx\/wp-content\/uploads\/2020\/04\/Luis-Araiza-Asetur.jpg\",\"width\":850,\"height\":480},{\"@type\":\"BreadcrumbList\",\"@id\":\"https:\/\/nitu.mx\/index.php\/2020\/06\/24\/nueva-alianza-turistica-renovara-y-fortalecera-al-turismo-luis-araiza\/#breadcrumb\",\"itemListElement\":[{\"@type\":\"ListItem\",\"position\":1,\"name\":\"Inicio\",\"item\":\"https:\/\/nitu.mx\/\"},{\"@type\":\"ListItem\",\"position\":2,\"name\":\"Nueva alianza tur\u00edstica renovar\u00e1 y fortalecer\u00e1 al turismo: Luis Araiza\"}]},{\"@type\":\"WebSite\",\"@id\":\"https:\/\/nitu.mx\/#website\",\"url\":\"https:\/\/nitu.mx\/\",\"name\":\"Nitu - Noticias de la Industria Turistica\",\"description\":\"Noticias de la Industria Turistica\",\"publisher\":{\"@id\":\"https:\/\/nitu.mx\/#\/schema\/person\/ae7a53426417292d3dd07b45a33e01bc\"},\"alternateName\":\"Noticias de la Industria Turistica\",\"potentialAction\":[{\"@type\":\"SearchAction\",\"target\":{\"@type\":\"EntryPoint\",\"urlTemplate\":\"https:\/\/nitu.mx\/?s={search_term_string}\"},\"query-input\":\"required name=search_term_string\"}],\"inLanguage\":\"es-MX\"},{\"@type\":[\"Person\",\"Organization\"],\"@id\":\"https:\/\/nitu.mx\/#\/schema\/person\/ae7a53426417292d3dd07b45a33e01bc\",\"name\":\"Arturo Medina\",\"image\":{\"@type\":\"ImageObject\",\"inLanguage\":\"es-MX\",\"@id\":\"https:\/\/nitu.mx\/#\/schema\/person\/image\/\",\"url\":\"https:\/\/nitu.mx\/wp-content\/uploads\/2024\/04\/4A315622-1904-4D5C-B022-878CDC840E04-90x90-1.jpeg\",\"contentUrl\":\"https:\/\/nitu.mx\/wp-content\/uploads\/2024\/04\/4A315622-1904-4D5C-B022-878CDC840E04-90x90-1.jpeg\",\"width\":90,\"height\":90,\"caption\":\"Arturo Medina\"},\"logo\":{\"@id\":\"https:\/\/nitu.mx\/#\/schema\/person\/image\/\"},\"description\":\"Director NITU.mx, Egresado de la Escuela de Periodismo Carlos Septi\u00e9n Garc\u00eda. Periodista y analista especializado en turismo desde hace 35 a\u00f1os, radicado en Canc\u00fan Q.Roo. arturo@nitu.mx\",\"sameAs\":[\"https:\/\/nitu.mx\",\"https:\/\/www.facebook.com\/NITUmx\/\",\"medinacancun\",\"https:\/\/twitter.com\/@Arturo_Medina_G\"]},{\"@type\":\"Person\",\"@id\":\"https:\/\/nitu.mx\/#\/schema\/person\/4a28fe9bd65924f7c90623773daf1b0b\",\"name\":\"Redacci\u00f3n\",\"image\":{\"@type\":\"ImageObject\",\"inLanguage\":\"es-MX\",\"@id\":\"https:\/\/nitu.mx\/#\/schema\/person\/image\/\",\"url\":\"https:\/\/secure.gravatar.com\/avatar\/5dd011c8ccfc5cd7e4c81e42252aab38?s=96&d=mm&r=g\",\"contentUrl\":\"https:\/\/secure.gravatar.com\/avatar\/5dd011c8ccfc5cd7e4c81e42252aab38?s=96&d=mm&r=g\",\"caption\":\"Redacci\u00f3n\"},\"url\":\"https:\/\/nitu.mx\/index.php\/author\/redaccion\/\"}]}<\/script>\n<!-- \/ Yoast SEO plugin. -->","yoast_head_json":{"title":"Nueva alianza tur\u00edstica renovar\u00e1 y fortalecer\u00e1 al turismo: Luis Araiza - Nitu - Noticias de la Industria Turistica","robots":{"index":"index","follow":"follow","max-snippet":"max-snippet:-1","max-image-preview":"max-image-preview:large","max-video-preview":"max-video-preview:-1"},"canonical":"https:\/\/nitu.mx\/index.php\/2020\/06\/24\/nueva-alianza-turistica-renovara-y-fortalecera-al-turismo-luis-araiza\/","twitter_card":"summary_large_image","twitter_title":"Nueva alianza tur\u00edstica renovar\u00e1 y fortalecer\u00e1 al turismo: Luis Araiza - Nitu - Noticias de la Industria Turistica","twitter_description":"La industria tur\u00edstica genera beneficios econ\u00f3micos y sociales para todos, y al ser uno de los sectores m\u00e1s da\u00f1ados por la pandemia del Covid-19, es fundamental que todos los actores y l\u00edderes del ramo sumen esfuerzos para su recuperaci\u00f3n y reactivaci\u00f3n en todo el pa\u00eds, asegur\u00f3 Luis Humberto Araiza L\u00f3pez, presidente de la Asociaci\u00f3n de [&hellip;]","twitter_image":"https:\/\/nitu.mx\/wp-content\/uploads\/2020\/04\/Luis-Araiza-Asetur.jpg","twitter_creator":"@NITUmx","twitter_site":"@Arturo_Medina_G","twitter_misc":{"Escrito por":"Redacci\u00f3n","Tiempo de lectura":"2 minutos"},"schema":{"@context":"https:\/\/schema.org","@graph":[{"@type":"Article","@id":"https:\/\/nitu.mx\/index.php\/2020\/06\/24\/nueva-alianza-turistica-renovara-y-fortalecera-al-turismo-luis-araiza\/#article","isPartOf":{"@id":"https:\/\/nitu.mx\/index.php\/2020\/06\/24\/nueva-alianza-turistica-renovara-y-fortalecera-al-turismo-luis-araiza\/"},"author":{"name":"Redacci\u00f3n","@id":"https:\/\/nitu.mx\/#\/schema\/person\/4a28fe9bd65924f7c90623773daf1b0b"},"headline":"Nueva alianza tur\u00edstica renovar\u00e1 y fortalecer\u00e1 al turismo: Luis Araiza","datePublished":"2020-06-24T05:07:12+00:00","dateModified":"2020-06-24T05:44:13+00:00","mainEntityOfPage":{"@id":"https:\/\/nitu.mx\/index.php\/2020\/06\/24\/nueva-alianza-turistica-renovara-y-fortalecera-al-turismo-luis-araiza\/"},"wordCount":413,"commentCount":0,"publisher":{"@id":"https:\/\/nitu.mx\/#\/schema\/person\/ae7a53426417292d3dd07b45a33e01bc"},"image":{"@id":"https:\/\/nitu.mx\/index.php\/2020\/06\/24\/nueva-alianza-turistica-renovara-y-fortalecera-al-turismo-luis-araiza\/#primaryimage"},"thumbnailUrl":"https:\/\/nitu.mx\/wp-content\/uploads\/2020\/04\/Luis-Araiza-Asetur.jpg","keywords":["Alianza Nacional Emergente por el Turismo","Asetur","CNET","Luis Araiza"],"articleSection":["Marketing","M\u00e9xico"],"inLanguage":"es-MX","potentialAction":[{"@type":"CommentAction","name":"Comment","target":["https:\/\/nitu.mx\/index.php\/2020\/06\/24\/nueva-alianza-turistica-renovara-y-fortalecera-al-turismo-luis-araiza\/#respond"]}]},{"@type":"WebPage","@id":"https:\/\/nitu.mx\/index.php\/2020\/06\/24\/nueva-alianza-turistica-renovara-y-fortalecera-al-turismo-luis-araiza\/","url":"https:\/\/nitu.mx\/index.php\/2020\/06\/24\/nueva-alianza-turistica-renovara-y-fortalecera-al-turismo-luis-araiza\/","name":"Nueva alianza tur\u00edstica renovar\u00e1 y fortalecer\u00e1 al turismo: Luis Araiza - Nitu - Noticias de la Industria Turistica","isPartOf":{"@id":"https:\/\/nitu.mx\/#website"},"primaryImageOfPage":{"@id":"https:\/\/nitu.mx\/index.php\/2020\/06\/24\/nueva-alianza-turistica-renovara-y-fortalecera-al-turismo-luis-araiza\/#primaryimage"},"image":{"@id":"https:\/\/nitu.mx\/index.php\/2020\/06\/24\/nueva-alianza-turistica-renovara-y-fortalecera-al-turismo-luis-araiza\/#primaryimage"},"thumbnailUrl":"https:\/\/nitu.mx\/wp-content\/uploads\/2020\/04\/Luis-Araiza-Asetur.jpg","datePublished":"2020-06-24T05:07:12+00:00","dateModified":"2020-06-24T05:44:13+00:00","breadcrumb":{"@id":"https:\/\/nitu.mx\/index.php\/2020\/06\/24\/nueva-alianza-turistica-renovara-y-fortalecera-al-turismo-luis-araiza\/#breadcrumb"},"inLanguage":"es-MX","potentialAction":[{"@type":"ReadAction","target":["https:\/\/nitu.mx\/index.php\/2020\/06\/24\/nueva-alianza-turistica-renovara-y-fortalecera-al-turismo-luis-araiza\/"]}]},{"@type":"ImageObject","inLanguage":"es-MX","@id":"https:\/\/nitu.mx\/index.php\/2020\/06\/24\/nueva-alianza-turistica-renovara-y-fortalecera-al-turismo-luis-araiza\/#primaryimage","url":"https:\/\/nitu.mx\/wp-content\/uploads\/2020\/04\/Luis-Araiza-Asetur.jpg","contentUrl":"https:\/\/nitu.mx\/wp-content\/uploads\/2020\/04\/Luis-Araiza-Asetur.jpg","width":850,"height":480},{"@type":"BreadcrumbList","@id":"https:\/\/nitu.mx\/index.php\/2020\/06\/24\/nueva-alianza-turistica-renovara-y-fortalecera-al-turismo-luis-araiza\/#breadcrumb","itemListElement":[{"@type":"ListItem","position":1,"name":"Inicio","item":"https:\/\/nitu.mx\/"},{"@type":"ListItem","position":2,"name":"Nueva alianza tur\u00edstica renovar\u00e1 y fortalecer\u00e1 al turismo: Luis Araiza"}]},{"@type":"WebSite","@id":"https:\/\/nitu.mx\/#website","url":"https:\/\/nitu.mx\/","name":"Nitu - Noticias de la Industria Turistica","description":"Noticias de la Industria Turistica","publisher":{"@id":"https:\/\/nitu.mx\/#\/schema\/person\/ae7a53426417292d3dd07b45a33e01bc"},"alternateName":"Noticias de la Industria Turistica","potentialAction":[{"@type":"SearchAction","target":{"@type":"EntryPoint","urlTemplate":"https:\/\/nitu.mx\/?s={search_term_string}"},"query-input":"required name=search_term_string"}],"inLanguage":"es-MX"},{"@type":["Person","Organization"],"@id":"https:\/\/nitu.mx\/#\/schema\/person\/ae7a53426417292d3dd07b45a33e01bc","name":"Arturo Medina","image":{"@type":"ImageObject","inLanguage":"es-MX","@id":"https:\/\/nitu.mx\/#\/schema\/person\/image\/","url":"https:\/\/nitu.mx\/wp-content\/uploads\/2024\/04\/4A315622-1904-4D5C-B022-878CDC840E04-90x90-1.jpeg","contentUrl":"https:\/\/nitu.mx\/wp-content\/uploads\/2024\/04\/4A315622-1904-4D5C-B022-878CDC840E04-90x90-1.jpeg","width":90,"height":90,"caption":"Arturo Medina"},"logo":{"@id":"https:\/\/nitu.mx\/#\/schema\/person\/image\/"},"description":"Director NITU.mx, Egresado de la Escuela de Periodismo Carlos Septi\u00e9n Garc\u00eda. Periodista y analista especializado en turismo desde hace 35 a\u00f1os, radicado en Canc\u00fan Q.Roo. arturo@nitu.mx","sameAs":["https:\/\/nitu.mx","https:\/\/www.facebook.com\/NITUmx\/","medinacancun","https:\/\/twitter.com\/@Arturo_Medina_G"]},{"@type":"Person","@id":"https:\/\/nitu.mx\/#\/schema\/person\/4a28fe9bd65924f7c90623773daf1b0b","name":"Redacci\u00f3n","image":{"@type":"ImageObject","inLanguage":"es-MX","@id":"https:\/\/nitu.mx\/#\/schema\/person\/image\/","url":"https:\/\/secure.gravatar.com\/avatar\/5dd011c8ccfc5cd7e4c81e42252aab38?s=96&d=mm&r=g","contentUrl":"https:\/\/secure.gravatar.com\/avatar\/5dd011c8ccfc5cd7e4c81e42252aab38?s=96&d=mm&r=g","caption":"Redacci\u00f3n"},"url":"https:\/\/nitu.mx\/index.php\/author\/redaccion\/"}]}},"views":307,"_links":{"self":[{"href":"https:\/\/nitu.mx\/index.php\/wp-json\/wp\/v2\/posts\/43779"}],"collection":[{"href":"https:\/\/nitu.mx\/index.php\/wp-json\/wp\/v2\/posts"}],"about":[{"href":"https:\/\/nitu.mx\/index.php\/wp-json\/wp\/v2\/types\/post"}],"author":[{"embeddable":true,"href":"https:\/\/nitu.mx\/index.php\/wp-json\/wp\/v2\/users\/17"}],"replies":[{"embeddable":true,"href":"https:\/\/nitu.mx\/index.php\/wp-json\/wp\/v2\/comments?post=43779"}],"version-history":[{"count":2,"href":"https:\/\/nitu.mx\/index.php\/wp-json\/wp\/v2\/posts\/43779\/revisions"}],"predecessor-version":[{"id":43795,"href":"https:\/\/nitu.mx\/index.php\/wp-json\/wp\/v2\/posts\/43779\/revisions\/43795"}],"wp:featuredmedia":[{"embeddable":true,"href":"https:\/\/nitu.mx\/index.php\/wp-json\/wp\/v2\/media\/42002"}],"wp:attachment":[{"href":"https:\/\/nitu.mx\/index.php\/wp-json\/wp\/v2\/media?parent=43779"}],"wp:term":[{"taxonomy":"category","embeddable":true,"href":"https:\/\/nitu.mx\/index.php\/wp-json\/wp\/v2\/categories?post=43779"},{"taxonomy":"post_tag","embeddable":true,"href":"https:\/\/nitu.mx\/index.php\/wp-json\/wp\/v2\/tags?post=43779"}],"curies":[{"name":"wp","href":"https:\/\/api.w.org\/{rel}","templated":true}]}}