{"id":43659,"date":"2020-06-18T00:28:07","date_gmt":"2020-06-18T05:28:07","guid":{"rendered":"https:\/\/www.dev.nitu.mx\/?p=43659"},"modified":"2020-06-18T00:59:00","modified_gmt":"2020-06-18T05:59:00","slug":"ocupacion-hotelera-en-quintana-roo-no-superara-el-60-hasta-cierre-del-ano","status":"publish","type":"post","link":"https:\/\/nitu.mx\/index.php\/2020\/06\/18\/ocupacion-hotelera-en-quintana-roo-no-superara-el-60-hasta-cierre-del-ano\/","title":{"rendered":"Ocupaci\u00f3n hotelera en Quintana Roo no superar\u00e1 el 60% hasta cierre del a\u00f1o"},"content":{"rendered":"\n<p>La reactivaci\u00f3n de la industria tur\u00edstica en Quintana Roo impulsar\u00e1 niveles de ocupaci\u00f3n hotelera de hasta 32% durante el verano respecto a lo registrado en a\u00f1os anteriores, un indicador que en agosto podr\u00eda ascender a 40%, pero que hasta el cierre del a\u00f1o superar\u00eda un est\u00e1ndar de 60%, indic\u00f3 Marisol Vanegas P\u00e9rez, secretaria de Turismo del estado.<\/p>\n\n\n\n<p>\u201cNo tendremos bajas tan marcadas en septiembre y octubre porque se acomodan muchas reservaciones. En septiembre y octubre tendremos una temporada baja interesante, y se estima que para diciembre estaremos entre 60 y 62% (de ocupaci\u00f3n hotelera)\u201d, dijo en entrevista.<\/p>\n\n\n\n<p>Luego de tener niveles de ocupaci\u00f3n de un d\u00edgito durante abril y mayo ante el cierre de complejos, estos indicadores significar\u00edan una recuperaci\u00f3n, aunque quedar\u00edan por detr\u00e1s de los \u00edndices por arriba de 80% registrados en 2018 y 2019 en destinos como Canc\u00fan, Puerto Morelos y Riviera Maya.<\/p>\n\n\n\n<p>Esto supone un entorno desafiante para el estado, sin embargo, Vanegas P\u00e9rez refiri\u00f3 que no se han cancelado proyectos hoteleros derivado de la pandemia, aunque el ritmo de construcci\u00f3n de nuevos complejos, de hasta 8,500 nuevos cuartos por a\u00f1o, podr\u00eda desacelerarse. Pese a ello, no se considera que se vayan a necesitar m\u00e1s recursos para atraer nuevas inversiones.<\/p>\n\n\n\n<p>\u201cHemos hecho un an\u00e1lisis muy detallado sobre la marca y su fortaleza, tanto de la inversi\u00f3n como de las marcas destino, y no encontramos afectaci\u00f3n ni en la marca ni para Quintana Roo. Y, al no haber una p\u00e9rdida de la marca, no se har\u00e1n esfuerzos adicionales por el cual destinar m\u00e1s recursos. No hay una gran inversi\u00f3n en atracci\u00f3n, pero s\u00ed en tener las oficinas y el equipo t\u00e9cnico para resolver dudas de inversionistas\u201d, explic\u00f3.<\/p>\n\n\n\n<p>En t\u00e9rminos de conectividad a\u00e9rea, la pandemia tambi\u00e9n afect\u00f3 al mayor destino de la entidad, Canc\u00fan, cuyo flujo de pasajeros se desplom\u00f3 casi 98% durante abril, pasando de m\u00e1s de 1 mill\u00f3n de usuarios en 2019 a poco m\u00e1s de 24,000 pasajeros, pero aun en este escenario se mantiene una expectativa de recuperaci\u00f3n.<\/p>\n\n\n\n<p>\u201cTenemos conversaci\u00f3n todos los d\u00edas con las l\u00edneas a\u00e9reas, incluso algunas ya han generado fechas para operar, tanto regulares como charteras. Hay una expectativa en el mundo tur\u00edstico, espec\u00edficamente en los or\u00edgenes que nos han favorecido durante mucho tiempo, de mantener crecimiento\u201d, explic\u00f3.<\/p>\n\n\n\n<p>A la fecha, el estado se encuentra creando sinergias con el mayor emisor de turistas internacionales, Estados Unidos, llevando a cabo reuniones con aerol\u00edneas y agentes de viajes para resolver dudas sobre las certificaciones a las que se est\u00e1n sometiendo las empresas del Caribe, as\u00ed como del proceso de reapertura. (Expansi\u00f3n)<\/p>\n","protected":false},"excerpt":{"rendered":"<p>La reactivaci\u00f3n de la industria tur\u00edstica en Quintana Roo impulsar\u00e1 niveles de ocupaci\u00f3n hotelera de hasta 32% durante el verano respecto a lo registrado en a\u00f1os anteriores, un indicador que en agosto podr\u00eda ascender a 40%, pero que hasta el cierre del a\u00f1o superar\u00eda un est\u00e1ndar de 60%, indic\u00f3 Marisol Vanegas P\u00e9rez, secretaria de Turismo [&hellip;]<\/p>\n","protected":false},"author":17,"featured_media":32968,"comment_status":"open","ping_status":"open","sticky":false,"template":"","format":"standard","meta":{"footnotes":""},"categories":[18475,2],"tags":[1024,7398,260],"yoast_head":"<!-- This site is optimized with the Yoast SEO plugin v22.2 - https:\/\/yoast.com\/wordpress\/plugins\/seo\/ -->\n<title>Ocupaci\u00f3n hotelera en Quintana Roo no superar\u00e1 el 60% hasta cierre del a\u00f1o - Nitu - Noticias de la Industria Turistica<\/title>\n<meta name=\"robots\" content=\"index, follow, max-snippet:-1, max-image-preview:large, max-video-preview:-1\" \/>\n<link rel=\"canonical\" href=\"https:\/\/nitu.mx\/index.php\/2020\/06\/18\/ocupacion-hotelera-en-quintana-roo-no-superara-el-60-hasta-cierre-del-ano\/\" \/>\n<meta name=\"twitter:card\" content=\"summary_large_image\" \/>\n<meta name=\"twitter:title\" content=\"Ocupaci\u00f3n hotelera en Quintana Roo no superar\u00e1 el 60% hasta cierre del a\u00f1o - Nitu - Noticias de la Industria Turistica\" \/>\n<meta name=\"twitter:description\" content=\"La reactivaci\u00f3n de la industria tur\u00edstica en Quintana Roo impulsar\u00e1 niveles de ocupaci\u00f3n hotelera de hasta 32% durante el verano respecto a lo registrado en a\u00f1os anteriores, un indicador que en agosto podr\u00eda ascender a 40%, pero que hasta el cierre del a\u00f1o superar\u00eda un est\u00e1ndar de 60%, indic\u00f3 Marisol Vanegas P\u00e9rez, secretaria de Turismo [&hellip;]\" \/>\n<meta name=\"twitter:image\" content=\"https:\/\/nitu.mx\/wp-content\/uploads\/2019\/06\/Cancun.jpg\" \/>\n<meta name=\"twitter:creator\" content=\"@NITUmx\" \/>\n<meta name=\"twitter:site\" content=\"@Arturo_Medina_G\" \/>\n<meta name=\"twitter:label1\" content=\"Escrito por\" \/>\n\t<meta name=\"twitter:data1\" content=\"Redacci\u00f3n\" \/>\n\t<meta name=\"twitter:label2\" content=\"Tiempo de lectura\" \/>\n\t<meta name=\"twitter:data2\" content=\"2 minutos\" \/>\n<script type=\"application\/ld+json\" class=\"yoast-schema-graph\">{\"@context\":\"https:\/\/schema.org\",\"@graph\":[{\"@type\":\"Article\",\"@id\":\"https:\/\/nitu.mx\/index.php\/2020\/06\/18\/ocupacion-hotelera-en-quintana-roo-no-superara-el-60-hasta-cierre-del-ano\/#article\",\"isPartOf\":{\"@id\":\"https:\/\/nitu.mx\/index.php\/2020\/06\/18\/ocupacion-hotelera-en-quintana-roo-no-superara-el-60-hasta-cierre-del-ano\/\"},\"author\":{\"name\":\"Redacci\u00f3n\",\"@id\":\"https:\/\/nitu.mx\/#\/schema\/person\/4a28fe9bd65924f7c90623773daf1b0b\"},\"headline\":\"Ocupaci\u00f3n hotelera en Quintana Roo no superar\u00e1 el 60% hasta cierre del a\u00f1o\",\"datePublished\":\"2020-06-18T05:28:07+00:00\",\"dateModified\":\"2020-06-18T05:59:00+00:00\",\"mainEntityOfPage\":{\"@id\":\"https:\/\/nitu.mx\/index.php\/2020\/06\/18\/ocupacion-hotelera-en-quintana-roo-no-superara-el-60-hasta-cierre-del-ano\/\"},\"wordCount\":476,\"commentCount\":0,\"publisher\":{\"@id\":\"https:\/\/nitu.mx\/#\/schema\/person\/ae7a53426417292d3dd07b45a33e01bc\"},\"image\":{\"@id\":\"https:\/\/nitu.mx\/index.php\/2020\/06\/18\/ocupacion-hotelera-en-quintana-roo-no-superara-el-60-hasta-cierre-del-ano\/#primaryimage\"},\"thumbnailUrl\":\"https:\/\/nitu.mx\/wp-content\/uploads\/2019\/06\/Cancun.jpg\",\"keywords\":[\"Marisol Vanegas\",\"ocupaci\u00f3n hotelera\",\"Quintana Roo\"],\"articleSection\":[\"Caribe Mexicano\",\"Hoteles\"],\"inLanguage\":\"es-MX\",\"potentialAction\":[{\"@type\":\"CommentAction\",\"name\":\"Comment\",\"target\":[\"https:\/\/nitu.mx\/index.php\/2020\/06\/18\/ocupacion-hotelera-en-quintana-roo-no-superara-el-60-hasta-cierre-del-ano\/#respond\"]}]},{\"@type\":\"WebPage\",\"@id\":\"https:\/\/nitu.mx\/index.php\/2020\/06\/18\/ocupacion-hotelera-en-quintana-roo-no-superara-el-60-hasta-cierre-del-ano\/\",\"url\":\"https:\/\/nitu.mx\/index.php\/2020\/06\/18\/ocupacion-hotelera-en-quintana-roo-no-superara-el-60-hasta-cierre-del-ano\/\",\"name\":\"Ocupaci\u00f3n hotelera en Quintana Roo no superar\u00e1 el 60% hasta cierre del a\u00f1o - Nitu - Noticias de la Industria Turistica\",\"isPartOf\":{\"@id\":\"https:\/\/nitu.mx\/#website\"},\"primaryImageOfPage\":{\"@id\":\"https:\/\/nitu.mx\/index.php\/2020\/06\/18\/ocupacion-hotelera-en-quintana-roo-no-superara-el-60-hasta-cierre-del-ano\/#primaryimage\"},\"image\":{\"@id\":\"https:\/\/nitu.mx\/index.php\/2020\/06\/18\/ocupacion-hotelera-en-quintana-roo-no-superara-el-60-hasta-cierre-del-ano\/#primaryimage\"},\"thumbnailUrl\":\"https:\/\/nitu.mx\/wp-content\/uploads\/2019\/06\/Cancun.jpg\",\"datePublished\":\"2020-06-18T05:28:07+00:00\",\"dateModified\":\"2020-06-18T05:59:00+00:00\",\"breadcrumb\":{\"@id\":\"https:\/\/nitu.mx\/index.php\/2020\/06\/18\/ocupacion-hotelera-en-quintana-roo-no-superara-el-60-hasta-cierre-del-ano\/#breadcrumb\"},\"inLanguage\":\"es-MX\",\"potentialAction\":[{\"@type\":\"ReadAction\",\"target\":[\"https:\/\/nitu.mx\/index.php\/2020\/06\/18\/ocupacion-hotelera-en-quintana-roo-no-superara-el-60-hasta-cierre-del-ano\/\"]}]},{\"@type\":\"ImageObject\",\"inLanguage\":\"es-MX\",\"@id\":\"https:\/\/nitu.mx\/index.php\/2020\/06\/18\/ocupacion-hotelera-en-quintana-roo-no-superara-el-60-hasta-cierre-del-ano\/#primaryimage\",\"url\":\"https:\/\/nitu.mx\/wp-content\/uploads\/2019\/06\/Cancun.jpg\",\"contentUrl\":\"https:\/\/nitu.mx\/wp-content\/uploads\/2019\/06\/Cancun.jpg\",\"width\":850,\"height\":480,\"caption\":\"Cancun AMAV CPTQ ocupaci\u00f3n hotelera d\u00f3lar Quintana Roo Sedetur Expedia Sectur\"},{\"@type\":\"BreadcrumbList\",\"@id\":\"https:\/\/nitu.mx\/index.php\/2020\/06\/18\/ocupacion-hotelera-en-quintana-roo-no-superara-el-60-hasta-cierre-del-ano\/#breadcrumb\",\"itemListElement\":[{\"@type\":\"ListItem\",\"position\":1,\"name\":\"Inicio\",\"item\":\"https:\/\/nitu.mx\/\"},{\"@type\":\"ListItem\",\"position\":2,\"name\":\"Ocupaci\u00f3n hotelera en Quintana Roo no superar\u00e1 el 60% hasta cierre del a\u00f1o\"}]},{\"@type\":\"WebSite\",\"@id\":\"https:\/\/nitu.mx\/#website\",\"url\":\"https:\/\/nitu.mx\/\",\"name\":\"Nitu - Noticias de la Industria Turistica\",\"description\":\"Noticias de la Industria Turistica\",\"publisher\":{\"@id\":\"https:\/\/nitu.mx\/#\/schema\/person\/ae7a53426417292d3dd07b45a33e01bc\"},\"alternateName\":\"Noticias de la Industria Turistica\",\"potentialAction\":[{\"@type\":\"SearchAction\",\"target\":{\"@type\":\"EntryPoint\",\"urlTemplate\":\"https:\/\/nitu.mx\/?s={search_term_string}\"},\"query-input\":\"required name=search_term_string\"}],\"inLanguage\":\"es-MX\"},{\"@type\":[\"Person\",\"Organization\"],\"@id\":\"https:\/\/nitu.mx\/#\/schema\/person\/ae7a53426417292d3dd07b45a33e01bc\",\"name\":\"Arturo Medina\",\"image\":{\"@type\":\"ImageObject\",\"inLanguage\":\"es-MX\",\"@id\":\"https:\/\/nitu.mx\/#\/schema\/person\/image\/\",\"url\":\"https:\/\/nitu.mx\/wp-content\/uploads\/2024\/04\/4A315622-1904-4D5C-B022-878CDC840E04-90x90-1.jpeg\",\"contentUrl\":\"https:\/\/nitu.mx\/wp-content\/uploads\/2024\/04\/4A315622-1904-4D5C-B022-878CDC840E04-90x90-1.jpeg\",\"width\":90,\"height\":90,\"caption\":\"Arturo Medina\"},\"logo\":{\"@id\":\"https:\/\/nitu.mx\/#\/schema\/person\/image\/\"},\"description\":\"Director NITU.mx, Egresado de la Escuela de Periodismo Carlos Septi\u00e9n Garc\u00eda. Periodista y analista especializado en turismo desde hace 35 a\u00f1os, radicado en Canc\u00fan Q.Roo. arturo@nitu.mx\",\"sameAs\":[\"https:\/\/nitu.mx\",\"https:\/\/www.facebook.com\/NITUmx\/\",\"medinacancun\",\"https:\/\/twitter.com\/@Arturo_Medina_G\"]},{\"@type\":\"Person\",\"@id\":\"https:\/\/nitu.mx\/#\/schema\/person\/4a28fe9bd65924f7c90623773daf1b0b\",\"name\":\"Redacci\u00f3n\",\"image\":{\"@type\":\"ImageObject\",\"inLanguage\":\"es-MX\",\"@id\":\"https:\/\/nitu.mx\/#\/schema\/person\/image\/\",\"url\":\"https:\/\/secure.gravatar.com\/avatar\/5dd011c8ccfc5cd7e4c81e42252aab38?s=96&d=mm&r=g\",\"contentUrl\":\"https:\/\/secure.gravatar.com\/avatar\/5dd011c8ccfc5cd7e4c81e42252aab38?s=96&d=mm&r=g\",\"caption\":\"Redacci\u00f3n\"},\"url\":\"https:\/\/nitu.mx\/index.php\/author\/redaccion\/\"}]}<\/script>\n<!-- \/ Yoast SEO plugin. -->","yoast_head_json":{"title":"Ocupaci\u00f3n hotelera en Quintana Roo no superar\u00e1 el 60% hasta cierre del a\u00f1o - Nitu - Noticias de la Industria Turistica","robots":{"index":"index","follow":"follow","max-snippet":"max-snippet:-1","max-image-preview":"max-image-preview:large","max-video-preview":"max-video-preview:-1"},"canonical":"https:\/\/nitu.mx\/index.php\/2020\/06\/18\/ocupacion-hotelera-en-quintana-roo-no-superara-el-60-hasta-cierre-del-ano\/","twitter_card":"summary_large_image","twitter_title":"Ocupaci\u00f3n hotelera en Quintana Roo no superar\u00e1 el 60% hasta cierre del a\u00f1o - Nitu - Noticias de la Industria Turistica","twitter_description":"La reactivaci\u00f3n de la industria tur\u00edstica en Quintana Roo impulsar\u00e1 niveles de ocupaci\u00f3n hotelera de hasta 32% durante el verano respecto a lo registrado en a\u00f1os anteriores, un indicador que en agosto podr\u00eda ascender a 40%, pero que hasta el cierre del a\u00f1o superar\u00eda un est\u00e1ndar de 60%, indic\u00f3 Marisol Vanegas P\u00e9rez, secretaria de Turismo [&hellip;]","twitter_image":"https:\/\/nitu.mx\/wp-content\/uploads\/2019\/06\/Cancun.jpg","twitter_creator":"@NITUmx","twitter_site":"@Arturo_Medina_G","twitter_misc":{"Escrito por":"Redacci\u00f3n","Tiempo de lectura":"2 minutos"},"schema":{"@context":"https:\/\/schema.org","@graph":[{"@type":"Article","@id":"https:\/\/nitu.mx\/index.php\/2020\/06\/18\/ocupacion-hotelera-en-quintana-roo-no-superara-el-60-hasta-cierre-del-ano\/#article","isPartOf":{"@id":"https:\/\/nitu.mx\/index.php\/2020\/06\/18\/ocupacion-hotelera-en-quintana-roo-no-superara-el-60-hasta-cierre-del-ano\/"},"author":{"name":"Redacci\u00f3n","@id":"https:\/\/nitu.mx\/#\/schema\/person\/4a28fe9bd65924f7c90623773daf1b0b"},"headline":"Ocupaci\u00f3n hotelera en Quintana Roo no superar\u00e1 el 60% hasta cierre del a\u00f1o","datePublished":"2020-06-18T05:28:07+00:00","dateModified":"2020-06-18T05:59:00+00:00","mainEntityOfPage":{"@id":"https:\/\/nitu.mx\/index.php\/2020\/06\/18\/ocupacion-hotelera-en-quintana-roo-no-superara-el-60-hasta-cierre-del-ano\/"},"wordCount":476,"commentCount":0,"publisher":{"@id":"https:\/\/nitu.mx\/#\/schema\/person\/ae7a53426417292d3dd07b45a33e01bc"},"image":{"@id":"https:\/\/nitu.mx\/index.php\/2020\/06\/18\/ocupacion-hotelera-en-quintana-roo-no-superara-el-60-hasta-cierre-del-ano\/#primaryimage"},"thumbnailUrl":"https:\/\/nitu.mx\/wp-content\/uploads\/2019\/06\/Cancun.jpg","keywords":["Marisol Vanegas","ocupaci\u00f3n hotelera","Quintana Roo"],"articleSection":["Caribe Mexicano","Hoteles"],"inLanguage":"es-MX","potentialAction":[{"@type":"CommentAction","name":"Comment","target":["https:\/\/nitu.mx\/index.php\/2020\/06\/18\/ocupacion-hotelera-en-quintana-roo-no-superara-el-60-hasta-cierre-del-ano\/#respond"]}]},{"@type":"WebPage","@id":"https:\/\/nitu.mx\/index.php\/2020\/06\/18\/ocupacion-hotelera-en-quintana-roo-no-superara-el-60-hasta-cierre-del-ano\/","url":"https:\/\/nitu.mx\/index.php\/2020\/06\/18\/ocupacion-hotelera-en-quintana-roo-no-superara-el-60-hasta-cierre-del-ano\/","name":"Ocupaci\u00f3n hotelera en Quintana Roo no superar\u00e1 el 60% hasta cierre del a\u00f1o - Nitu - Noticias de la Industria Turistica","isPartOf":{"@id":"https:\/\/nitu.mx\/#website"},"primaryImageOfPage":{"@id":"https:\/\/nitu.mx\/index.php\/2020\/06\/18\/ocupacion-hotelera-en-quintana-roo-no-superara-el-60-hasta-cierre-del-ano\/#primaryimage"},"image":{"@id":"https:\/\/nitu.mx\/index.php\/2020\/06\/18\/ocupacion-hotelera-en-quintana-roo-no-superara-el-60-hasta-cierre-del-ano\/#primaryimage"},"thumbnailUrl":"https:\/\/nitu.mx\/wp-content\/uploads\/2019\/06\/Cancun.jpg","datePublished":"2020-06-18T05:28:07+00:00","dateModified":"2020-06-18T05:59:00+00:00","breadcrumb":{"@id":"https:\/\/nitu.mx\/index.php\/2020\/06\/18\/ocupacion-hotelera-en-quintana-roo-no-superara-el-60-hasta-cierre-del-ano\/#breadcrumb"},"inLanguage":"es-MX","potentialAction":[{"@type":"ReadAction","target":["https:\/\/nitu.mx\/index.php\/2020\/06\/18\/ocupacion-hotelera-en-quintana-roo-no-superara-el-60-hasta-cierre-del-ano\/"]}]},{"@type":"ImageObject","inLanguage":"es-MX","@id":"https:\/\/nitu.mx\/index.php\/2020\/06\/18\/ocupacion-hotelera-en-quintana-roo-no-superara-el-60-hasta-cierre-del-ano\/#primaryimage","url":"https:\/\/nitu.mx\/wp-content\/uploads\/2019\/06\/Cancun.jpg","contentUrl":"https:\/\/nitu.mx\/wp-content\/uploads\/2019\/06\/Cancun.jpg","width":850,"height":480,"caption":"Cancun AMAV CPTQ ocupaci\u00f3n hotelera d\u00f3lar Quintana Roo Sedetur Expedia Sectur"},{"@type":"BreadcrumbList","@id":"https:\/\/nitu.mx\/index.php\/2020\/06\/18\/ocupacion-hotelera-en-quintana-roo-no-superara-el-60-hasta-cierre-del-ano\/#breadcrumb","itemListElement":[{"@type":"ListItem","position":1,"name":"Inicio","item":"https:\/\/nitu.mx\/"},{"@type":"ListItem","position":2,"name":"Ocupaci\u00f3n hotelera en Quintana Roo no superar\u00e1 el 60% hasta cierre del a\u00f1o"}]},{"@type":"WebSite","@id":"https:\/\/nitu.mx\/#website","url":"https:\/\/nitu.mx\/","name":"Nitu - Noticias de la Industria Turistica","description":"Noticias de la Industria Turistica","publisher":{"@id":"https:\/\/nitu.mx\/#\/schema\/person\/ae7a53426417292d3dd07b45a33e01bc"},"alternateName":"Noticias de la Industria Turistica","potentialAction":[{"@type":"SearchAction","target":{"@type":"EntryPoint","urlTemplate":"https:\/\/nitu.mx\/?s={search_term_string}"},"query-input":"required name=search_term_string"}],"inLanguage":"es-MX"},{"@type":["Person","Organization"],"@id":"https:\/\/nitu.mx\/#\/schema\/person\/ae7a53426417292d3dd07b45a33e01bc","name":"Arturo Medina","image":{"@type":"ImageObject","inLanguage":"es-MX","@id":"https:\/\/nitu.mx\/#\/schema\/person\/image\/","url":"https:\/\/nitu.mx\/wp-content\/uploads\/2024\/04\/4A315622-1904-4D5C-B022-878CDC840E04-90x90-1.jpeg","contentUrl":"https:\/\/nitu.mx\/wp-content\/uploads\/2024\/04\/4A315622-1904-4D5C-B022-878CDC840E04-90x90-1.jpeg","width":90,"height":90,"caption":"Arturo Medina"},"logo":{"@id":"https:\/\/nitu.mx\/#\/schema\/person\/image\/"},"description":"Director NITU.mx, Egresado de la Escuela de Periodismo Carlos Septi\u00e9n Garc\u00eda. Periodista y analista especializado en turismo desde hace 35 a\u00f1os, radicado en Canc\u00fan Q.Roo. arturo@nitu.mx","sameAs":["https:\/\/nitu.mx","https:\/\/www.facebook.com\/NITUmx\/","medinacancun","https:\/\/twitter.com\/@Arturo_Medina_G"]},{"@type":"Person","@id":"https:\/\/nitu.mx\/#\/schema\/person\/4a28fe9bd65924f7c90623773daf1b0b","name":"Redacci\u00f3n","image":{"@type":"ImageObject","inLanguage":"es-MX","@id":"https:\/\/nitu.mx\/#\/schema\/person\/image\/","url":"https:\/\/secure.gravatar.com\/avatar\/5dd011c8ccfc5cd7e4c81e42252aab38?s=96&d=mm&r=g","contentUrl":"https:\/\/secure.gravatar.com\/avatar\/5dd011c8ccfc5cd7e4c81e42252aab38?s=96&d=mm&r=g","caption":"Redacci\u00f3n"},"url":"https:\/\/nitu.mx\/index.php\/author\/redaccion\/"}]}},"views":489,"_links":{"self":[{"href":"https:\/\/nitu.mx\/index.php\/wp-json\/wp\/v2\/posts\/43659"}],"collection":[{"href":"https:\/\/nitu.mx\/index.php\/wp-json\/wp\/v2\/posts"}],"about":[{"href":"https:\/\/nitu.mx\/index.php\/wp-json\/wp\/v2\/types\/post"}],"author":[{"embeddable":true,"href":"https:\/\/nitu.mx\/index.php\/wp-json\/wp\/v2\/users\/17"}],"replies":[{"embeddable":true,"href":"https:\/\/nitu.mx\/index.php\/wp-json\/wp\/v2\/comments?post=43659"}],"version-history":[{"count":2,"href":"https:\/\/nitu.mx\/index.php\/wp-json\/wp\/v2\/posts\/43659\/revisions"}],"predecessor-version":[{"id":43661,"href":"https:\/\/nitu.mx\/index.php\/wp-json\/wp\/v2\/posts\/43659\/revisions\/43661"}],"wp:featuredmedia":[{"embeddable":true,"href":"https:\/\/nitu.mx\/index.php\/wp-json\/wp\/v2\/media\/32968"}],"wp:attachment":[{"href":"https:\/\/nitu.mx\/index.php\/wp-json\/wp\/v2\/media?parent=43659"}],"wp:term":[{"taxonomy":"category","embeddable":true,"href":"https:\/\/nitu.mx\/index.php\/wp-json\/wp\/v2\/categories?post=43659"},{"taxonomy":"post_tag","embeddable":true,"href":"https:\/\/nitu.mx\/index.php\/wp-json\/wp\/v2\/tags?post=43659"}],"curies":[{"name":"wp","href":"https:\/\/api.w.org\/{rel}","templated":true}]}}