{"id":43648,"date":"2020-06-18T00:42:31","date_gmt":"2020-06-18T05:42:31","guid":{"rendered":"https:\/\/www.dev.nitu.mx\/?p=43648"},"modified":"2020-06-18T00:59:56","modified_gmt":"2020-06-18T05:59:56","slug":"grupo-velas-reinicia-operaciones-de-sus-resorts-con-los-sellos-safe-travels","status":"publish","type":"post","link":"https:\/\/nitu.mx\/index.php\/2020\/06\/18\/grupo-velas-reinicia-operaciones-de-sus-resorts-con-los-sellos-safe-travels\/","title":{"rendered":"Grupo Velas reinicia operaciones de sus resorts con los sellos Safe Travels"},"content":{"rendered":"<p>Grand Velas Los Cabos, Grand Velas Riviera Nayarit, Grand Velas Riviera Maya, miembros de la prestigiosa Legend Collection de Preferred Hotels &amp; Resorts, y Velas Vallarta Suites Resort, miembro de Lifestyle Collection de Preferred Hotels &amp; Resorts, reabrieron sus puertas a viajeros el pasado 15 de junio, con los sellos de garant\u00eda Safe Travels del World Travel and Tourism Council (WTTC).<\/p>\n<p>Todas las instalaciones y servicios se est\u00e1n abriendo de acuerdo con el programa integral &#8220;Mantenerse seguro con Velas&#8221; del complejo.<br \/>\nLos protocolos sanitarios y de salud tanto para los hu\u00e9spedes como para el personal se adhieren a los est\u00e1ndares dictados por la Organizaci\u00f3n Mundial de la Salud y el gobierno de M\u00e9xico.<\/p>\n<p>Las esterillas y cabinas desinfectantes, los dispensadores de desinfecci\u00f3n de manos sin contacto, el aumento de la limpieza y el saneamiento con productos qu\u00edmicos EPA y luz UV, y la capacitaci\u00f3n especial COVID-19 para el personal son ejemplos de protocolos implementados por la colecci\u00f3n del resort.<\/p>\n<p>Para disminuir el contacto en persona si los hu\u00e9spedes lo desean, la colecci\u00f3n del resort ha lanzado nuevas funciones en la aplicaci\u00f3n m\u00f3vil de Velas Resorts. Un chat de conserjer\u00eda y men\u00fas de restaurante y spa, as\u00ed como preinscripci\u00f3n para clases de gimnasia y otras actividades de resort son algunas de las ofertas.<\/p>\n<p>Adem\u00e1s, los destinos de Baja California Sur, Jalisco, el Caribe mexicano y Riviera Nayarit, donde se encuentran los resorts Velas, han recibido el sello de aprobaci\u00f3n global de seguridad del World Travel and Tourism Council (WTTC). La distinci\u00f3n se entrega a destinos que cumplen totalmente con los protocolos de limpieza de Safe Travels emitidos por el WTTC, basados en los est\u00e1ndares de la Organizaci\u00f3n Mundial de la Salud (OMS) y los Centros para la Prevenci\u00f3n de Enfermedades (CDC).<\/p>\n","protected":false},"excerpt":{"rendered":"<p>Grand Velas Los Cabos, Grand Velas Riviera Nayarit, Grand Velas Riviera Maya, miembros de la prestigiosa Legend Collection de Preferred Hotels &amp; Resorts, y Velas Vallarta Suites Resort, miembro de Lifestyle Collection de Preferred Hotels &amp; Resorts, reabrieron sus puertas a viajeros el pasado 15 de junio, con los sellos de garant\u00eda Safe Travels del [&hellip;]<\/p>\n","protected":false},"author":3,"featured_media":17855,"comment_status":"open","ping_status":"open","sticky":false,"template":"","format":"standard","meta":{"footnotes":""},"categories":[2,6],"tags":[19763,19770,547,19762],"yoast_head":"<!-- This site is optimized with the Yoast SEO plugin v22.2 - https:\/\/yoast.com\/wordpress\/plugins\/seo\/ -->\n<title>Grupo Velas reinicia operaciones de sus resorts con los sellos Safe Travels - Nitu - Noticias de la Industria Turistica<\/title>\n<meta name=\"robots\" content=\"index, follow, max-snippet:-1, max-image-preview:large, max-video-preview:-1\" \/>\n<link rel=\"canonical\" href=\"https:\/\/nitu.mx\/index.php\/2020\/06\/18\/grupo-velas-reinicia-operaciones-de-sus-resorts-con-los-sellos-safe-travels\/\" \/>\n<meta name=\"twitter:card\" content=\"summary_large_image\" \/>\n<meta name=\"twitter:title\" content=\"Grupo Velas reinicia operaciones de sus resorts con los sellos Safe Travels - Nitu - Noticias de la Industria Turistica\" \/>\n<meta name=\"twitter:description\" content=\"Grand Velas Los Cabos, Grand Velas Riviera Nayarit, Grand Velas Riviera Maya, miembros de la prestigiosa Legend Collection de Preferred Hotels &amp; Resorts, y Velas Vallarta Suites Resort, miembro de Lifestyle Collection de Preferred Hotels &amp; Resorts, reabrieron sus puertas a viajeros el pasado 15 de junio, con los sellos de garant\u00eda Safe Travels del [&hellip;]\" \/>\n<meta name=\"twitter:image\" content=\"https:\/\/nitu.mx\/wp-content\/uploads\/2018\/02\/grand-velas-all-suites-playa-1.jpg\" \/>\n<meta name=\"twitter:creator\" content=\"@NITUmx\" \/>\n<meta name=\"twitter:site\" content=\"@Arturo_Medina_G\" \/>\n<meta name=\"twitter:label1\" content=\"Escrito por\" \/>\n\t<meta name=\"twitter:data1\" content=\"Alejandra Moncisbays\" \/>\n\t<meta name=\"twitter:label2\" content=\"Tiempo de lectura\" \/>\n\t<meta name=\"twitter:data2\" content=\"2 minutos\" \/>\n<script type=\"application\/ld+json\" class=\"yoast-schema-graph\">{\"@context\":\"https:\/\/schema.org\",\"@graph\":[{\"@type\":\"Article\",\"@id\":\"https:\/\/nitu.mx\/index.php\/2020\/06\/18\/grupo-velas-reinicia-operaciones-de-sus-resorts-con-los-sellos-safe-travels\/#article\",\"isPartOf\":{\"@id\":\"https:\/\/nitu.mx\/index.php\/2020\/06\/18\/grupo-velas-reinicia-operaciones-de-sus-resorts-con-los-sellos-safe-travels\/\"},\"author\":{\"name\":\"Alejandra Moncisbays\",\"@id\":\"https:\/\/nitu.mx\/#\/schema\/person\/2ecd887b19dfd3382d1f14fc5acf24a8\"},\"headline\":\"Grupo Velas reinicia operaciones de sus resorts con los sellos Safe Travels\",\"datePublished\":\"2020-06-18T05:42:31+00:00\",\"dateModified\":\"2020-06-18T05:59:56+00:00\",\"mainEntityOfPage\":{\"@id\":\"https:\/\/nitu.mx\/index.php\/2020\/06\/18\/grupo-velas-reinicia-operaciones-de-sus-resorts-con-los-sellos-safe-travels\/\"},\"wordCount\":324,\"commentCount\":0,\"publisher\":{\"@id\":\"https:\/\/nitu.mx\/#\/schema\/person\/ae7a53426417292d3dd07b45a33e01bc\"},\"image\":{\"@id\":\"https:\/\/nitu.mx\/index.php\/2020\/06\/18\/grupo-velas-reinicia-operaciones-de-sus-resorts-con-los-sellos-safe-travels\/#primaryimage\"},\"thumbnailUrl\":\"https:\/\/nitu.mx\/wp-content\/uploads\/2018\/02\/grand-velas-all-suites-playa-1.jpg\",\"keywords\":[\"Grand Velas Los Cabos\",\"Grand Velas Riviera Maya Legend Collection de Preferred Hotels &amp; Resorts\",\"Grand Velas Riviera Nayarit\",\"Velas Vallarta Suites Resort World Travel and Tourism Council (WTTC)\"],\"articleSection\":[\"Hoteles\",\"M\u00e9xico\"],\"inLanguage\":\"es-MX\",\"potentialAction\":[{\"@type\":\"CommentAction\",\"name\":\"Comment\",\"target\":[\"https:\/\/nitu.mx\/index.php\/2020\/06\/18\/grupo-velas-reinicia-operaciones-de-sus-resorts-con-los-sellos-safe-travels\/#respond\"]}]},{\"@type\":\"WebPage\",\"@id\":\"https:\/\/nitu.mx\/index.php\/2020\/06\/18\/grupo-velas-reinicia-operaciones-de-sus-resorts-con-los-sellos-safe-travels\/\",\"url\":\"https:\/\/nitu.mx\/index.php\/2020\/06\/18\/grupo-velas-reinicia-operaciones-de-sus-resorts-con-los-sellos-safe-travels\/\",\"name\":\"Grupo Velas reinicia operaciones de sus resorts con los sellos Safe Travels - Nitu - Noticias de la Industria Turistica\",\"isPartOf\":{\"@id\":\"https:\/\/nitu.mx\/#website\"},\"primaryImageOfPage\":{\"@id\":\"https:\/\/nitu.mx\/index.php\/2020\/06\/18\/grupo-velas-reinicia-operaciones-de-sus-resorts-con-los-sellos-safe-travels\/#primaryimage\"},\"image\":{\"@id\":\"https:\/\/nitu.mx\/index.php\/2020\/06\/18\/grupo-velas-reinicia-operaciones-de-sus-resorts-con-los-sellos-safe-travels\/#primaryimage\"},\"thumbnailUrl\":\"https:\/\/nitu.mx\/wp-content\/uploads\/2018\/02\/grand-velas-all-suites-playa-1.jpg\",\"datePublished\":\"2020-06-18T05:42:31+00:00\",\"dateModified\":\"2020-06-18T05:59:56+00:00\",\"breadcrumb\":{\"@id\":\"https:\/\/nitu.mx\/index.php\/2020\/06\/18\/grupo-velas-reinicia-operaciones-de-sus-resorts-con-los-sellos-safe-travels\/#breadcrumb\"},\"inLanguage\":\"es-MX\",\"potentialAction\":[{\"@type\":\"ReadAction\",\"target\":[\"https:\/\/nitu.mx\/index.php\/2020\/06\/18\/grupo-velas-reinicia-operaciones-de-sus-resorts-con-los-sellos-safe-travels\/\"]}]},{\"@type\":\"ImageObject\",\"inLanguage\":\"es-MX\",\"@id\":\"https:\/\/nitu.mx\/index.php\/2020\/06\/18\/grupo-velas-reinicia-operaciones-de-sus-resorts-con-los-sellos-safe-travels\/#primaryimage\",\"url\":\"https:\/\/nitu.mx\/wp-content\/uploads\/2018\/02\/grand-velas-all-suites-playa-1.jpg\",\"contentUrl\":\"https:\/\/nitu.mx\/wp-content\/uploads\/2018\/02\/grand-velas-all-suites-playa-1.jpg\",\"width\":850,\"height\":480,\"caption\":\"Gran Velas\"},{\"@type\":\"BreadcrumbList\",\"@id\":\"https:\/\/nitu.mx\/index.php\/2020\/06\/18\/grupo-velas-reinicia-operaciones-de-sus-resorts-con-los-sellos-safe-travels\/#breadcrumb\",\"itemListElement\":[{\"@type\":\"ListItem\",\"position\":1,\"name\":\"Inicio\",\"item\":\"https:\/\/nitu.mx\/\"},{\"@type\":\"ListItem\",\"position\":2,\"name\":\"Grupo Velas reinicia operaciones de sus resorts con los sellos Safe Travels\"}]},{\"@type\":\"WebSite\",\"@id\":\"https:\/\/nitu.mx\/#website\",\"url\":\"https:\/\/nitu.mx\/\",\"name\":\"Nitu - Noticias de la Industria Turistica\",\"description\":\"Noticias de la Industria Turistica\",\"publisher\":{\"@id\":\"https:\/\/nitu.mx\/#\/schema\/person\/ae7a53426417292d3dd07b45a33e01bc\"},\"alternateName\":\"Noticias de la Industria Turistica\",\"potentialAction\":[{\"@type\":\"SearchAction\",\"target\":{\"@type\":\"EntryPoint\",\"urlTemplate\":\"https:\/\/nitu.mx\/?s={search_term_string}\"},\"query-input\":\"required name=search_term_string\"}],\"inLanguage\":\"es-MX\"},{\"@type\":[\"Person\",\"Organization\"],\"@id\":\"https:\/\/nitu.mx\/#\/schema\/person\/ae7a53426417292d3dd07b45a33e01bc\",\"name\":\"Arturo Medina\",\"image\":{\"@type\":\"ImageObject\",\"inLanguage\":\"es-MX\",\"@id\":\"https:\/\/nitu.mx\/#\/schema\/person\/image\/\",\"url\":\"https:\/\/nitu.mx\/wp-content\/uploads\/2024\/04\/4A315622-1904-4D5C-B022-878CDC840E04-90x90-1.jpeg\",\"contentUrl\":\"https:\/\/nitu.mx\/wp-content\/uploads\/2024\/04\/4A315622-1904-4D5C-B022-878CDC840E04-90x90-1.jpeg\",\"width\":90,\"height\":90,\"caption\":\"Arturo Medina\"},\"logo\":{\"@id\":\"https:\/\/nitu.mx\/#\/schema\/person\/image\/\"},\"description\":\"Director NITU.mx, Egresado de la Escuela de Periodismo Carlos Septi\u00e9n Garc\u00eda. Periodista y analista especializado en turismo desde hace 35 a\u00f1os, radicado en Canc\u00fan Q.Roo. arturo@nitu.mx\",\"sameAs\":[\"https:\/\/nitu.mx\",\"https:\/\/www.facebook.com\/NITUmx\/\",\"medinacancun\",\"https:\/\/twitter.com\/@Arturo_Medina_G\"]},{\"@type\":\"Person\",\"@id\":\"https:\/\/nitu.mx\/#\/schema\/person\/2ecd887b19dfd3382d1f14fc5acf24a8\",\"name\":\"Alejandra Moncisbays\",\"image\":{\"@type\":\"ImageObject\",\"inLanguage\":\"es-MX\",\"@id\":\"https:\/\/nitu.mx\/#\/schema\/person\/image\/\",\"url\":\"https:\/\/secure.gravatar.com\/avatar\/e74f7af0be172b7804dacfd0bfbef787?s=96&d=mm&r=g\",\"contentUrl\":\"https:\/\/secure.gravatar.com\/avatar\/e74f7af0be172b7804dacfd0bfbef787?s=96&d=mm&r=g\",\"caption\":\"Alejandra Moncisbays\"},\"description\":\"Curs\u00e9 la carrera de Periodismo y Comunicaci\u00f3n en la Facultad de Estudios Profesionales Acatl\u00e1n. Vivo en Canc\u00fan desde hace 24 a\u00f1os. Fui reportera de La Tarde de Canc\u00fan, y Novedades de Quintana Roo, colabor\u00e9 en TVCUN, edit\u00e9 Cancun\u00edssimo y colabor\u00e9 en las revistas Latitud21, entre otras, con principal enfoque en los sectores empresarial y tur\u00edstico. Desde hace varios a\u00f1os soy Agente de Seguros con c\u00e9dula de la Comisi\u00f3n Nacional de Seguros y Fianzas. Actualmente, me desarrollo en los \u00e1mbitos del periodismo y el sector asegurador.\",\"sameAs\":[\"https:\/\/nitu.mx\"],\"url\":\"https:\/\/nitu.mx\/index.php\/author\/alejandra\/\"}]}<\/script>\n<!-- \/ Yoast SEO plugin. -->","yoast_head_json":{"title":"Grupo Velas reinicia operaciones de sus resorts con los sellos Safe Travels - Nitu - Noticias de la Industria Turistica","robots":{"index":"index","follow":"follow","max-snippet":"max-snippet:-1","max-image-preview":"max-image-preview:large","max-video-preview":"max-video-preview:-1"},"canonical":"https:\/\/nitu.mx\/index.php\/2020\/06\/18\/grupo-velas-reinicia-operaciones-de-sus-resorts-con-los-sellos-safe-travels\/","twitter_card":"summary_large_image","twitter_title":"Grupo Velas reinicia operaciones de sus resorts con los sellos Safe Travels - Nitu - Noticias de la Industria Turistica","twitter_description":"Grand Velas Los Cabos, Grand Velas Riviera Nayarit, Grand Velas Riviera Maya, miembros de la prestigiosa Legend Collection de Preferred Hotels &amp; Resorts, y Velas Vallarta Suites Resort, miembro de Lifestyle Collection de Preferred Hotels &amp; Resorts, reabrieron sus puertas a viajeros el pasado 15 de junio, con los sellos de garant\u00eda Safe Travels del [&hellip;]","twitter_image":"https:\/\/nitu.mx\/wp-content\/uploads\/2018\/02\/grand-velas-all-suites-playa-1.jpg","twitter_creator":"@NITUmx","twitter_site":"@Arturo_Medina_G","twitter_misc":{"Escrito por":"Alejandra Moncisbays","Tiempo de lectura":"2 minutos"},"schema":{"@context":"https:\/\/schema.org","@graph":[{"@type":"Article","@id":"https:\/\/nitu.mx\/index.php\/2020\/06\/18\/grupo-velas-reinicia-operaciones-de-sus-resorts-con-los-sellos-safe-travels\/#article","isPartOf":{"@id":"https:\/\/nitu.mx\/index.php\/2020\/06\/18\/grupo-velas-reinicia-operaciones-de-sus-resorts-con-los-sellos-safe-travels\/"},"author":{"name":"Alejandra Moncisbays","@id":"https:\/\/nitu.mx\/#\/schema\/person\/2ecd887b19dfd3382d1f14fc5acf24a8"},"headline":"Grupo Velas reinicia operaciones de sus resorts con los sellos Safe Travels","datePublished":"2020-06-18T05:42:31+00:00","dateModified":"2020-06-18T05:59:56+00:00","mainEntityOfPage":{"@id":"https:\/\/nitu.mx\/index.php\/2020\/06\/18\/grupo-velas-reinicia-operaciones-de-sus-resorts-con-los-sellos-safe-travels\/"},"wordCount":324,"commentCount":0,"publisher":{"@id":"https:\/\/nitu.mx\/#\/schema\/person\/ae7a53426417292d3dd07b45a33e01bc"},"image":{"@id":"https:\/\/nitu.mx\/index.php\/2020\/06\/18\/grupo-velas-reinicia-operaciones-de-sus-resorts-con-los-sellos-safe-travels\/#primaryimage"},"thumbnailUrl":"https:\/\/nitu.mx\/wp-content\/uploads\/2018\/02\/grand-velas-all-suites-playa-1.jpg","keywords":["Grand Velas Los Cabos","Grand Velas Riviera Maya Legend Collection de Preferred Hotels &amp; Resorts","Grand Velas Riviera Nayarit","Velas Vallarta Suites Resort World Travel and Tourism Council (WTTC)"],"articleSection":["Hoteles","M\u00e9xico"],"inLanguage":"es-MX","potentialAction":[{"@type":"CommentAction","name":"Comment","target":["https:\/\/nitu.mx\/index.php\/2020\/06\/18\/grupo-velas-reinicia-operaciones-de-sus-resorts-con-los-sellos-safe-travels\/#respond"]}]},{"@type":"WebPage","@id":"https:\/\/nitu.mx\/index.php\/2020\/06\/18\/grupo-velas-reinicia-operaciones-de-sus-resorts-con-los-sellos-safe-travels\/","url":"https:\/\/nitu.mx\/index.php\/2020\/06\/18\/grupo-velas-reinicia-operaciones-de-sus-resorts-con-los-sellos-safe-travels\/","name":"Grupo Velas reinicia operaciones de sus resorts con los sellos Safe Travels - Nitu - Noticias de la Industria Turistica","isPartOf":{"@id":"https:\/\/nitu.mx\/#website"},"primaryImageOfPage":{"@id":"https:\/\/nitu.mx\/index.php\/2020\/06\/18\/grupo-velas-reinicia-operaciones-de-sus-resorts-con-los-sellos-safe-travels\/#primaryimage"},"image":{"@id":"https:\/\/nitu.mx\/index.php\/2020\/06\/18\/grupo-velas-reinicia-operaciones-de-sus-resorts-con-los-sellos-safe-travels\/#primaryimage"},"thumbnailUrl":"https:\/\/nitu.mx\/wp-content\/uploads\/2018\/02\/grand-velas-all-suites-playa-1.jpg","datePublished":"2020-06-18T05:42:31+00:00","dateModified":"2020-06-18T05:59:56+00:00","breadcrumb":{"@id":"https:\/\/nitu.mx\/index.php\/2020\/06\/18\/grupo-velas-reinicia-operaciones-de-sus-resorts-con-los-sellos-safe-travels\/#breadcrumb"},"inLanguage":"es-MX","potentialAction":[{"@type":"ReadAction","target":["https:\/\/nitu.mx\/index.php\/2020\/06\/18\/grupo-velas-reinicia-operaciones-de-sus-resorts-con-los-sellos-safe-travels\/"]}]},{"@type":"ImageObject","inLanguage":"es-MX","@id":"https:\/\/nitu.mx\/index.php\/2020\/06\/18\/grupo-velas-reinicia-operaciones-de-sus-resorts-con-los-sellos-safe-travels\/#primaryimage","url":"https:\/\/nitu.mx\/wp-content\/uploads\/2018\/02\/grand-velas-all-suites-playa-1.jpg","contentUrl":"https:\/\/nitu.mx\/wp-content\/uploads\/2018\/02\/grand-velas-all-suites-playa-1.jpg","width":850,"height":480,"caption":"Gran Velas"},{"@type":"BreadcrumbList","@id":"https:\/\/nitu.mx\/index.php\/2020\/06\/18\/grupo-velas-reinicia-operaciones-de-sus-resorts-con-los-sellos-safe-travels\/#breadcrumb","itemListElement":[{"@type":"ListItem","position":1,"name":"Inicio","item":"https:\/\/nitu.mx\/"},{"@type":"ListItem","position":2,"name":"Grupo Velas reinicia operaciones de sus resorts con los sellos Safe Travels"}]},{"@type":"WebSite","@id":"https:\/\/nitu.mx\/#website","url":"https:\/\/nitu.mx\/","name":"Nitu - Noticias de la Industria Turistica","description":"Noticias de la Industria Turistica","publisher":{"@id":"https:\/\/nitu.mx\/#\/schema\/person\/ae7a53426417292d3dd07b45a33e01bc"},"alternateName":"Noticias de la Industria Turistica","potentialAction":[{"@type":"SearchAction","target":{"@type":"EntryPoint","urlTemplate":"https:\/\/nitu.mx\/?s={search_term_string}"},"query-input":"required name=search_term_string"}],"inLanguage":"es-MX"},{"@type":["Person","Organization"],"@id":"https:\/\/nitu.mx\/#\/schema\/person\/ae7a53426417292d3dd07b45a33e01bc","name":"Arturo Medina","image":{"@type":"ImageObject","inLanguage":"es-MX","@id":"https:\/\/nitu.mx\/#\/schema\/person\/image\/","url":"https:\/\/nitu.mx\/wp-content\/uploads\/2024\/04\/4A315622-1904-4D5C-B022-878CDC840E04-90x90-1.jpeg","contentUrl":"https:\/\/nitu.mx\/wp-content\/uploads\/2024\/04\/4A315622-1904-4D5C-B022-878CDC840E04-90x90-1.jpeg","width":90,"height":90,"caption":"Arturo Medina"},"logo":{"@id":"https:\/\/nitu.mx\/#\/schema\/person\/image\/"},"description":"Director NITU.mx, Egresado de la Escuela de Periodismo Carlos Septi\u00e9n Garc\u00eda. Periodista y analista especializado en turismo desde hace 35 a\u00f1os, radicado en Canc\u00fan Q.Roo. arturo@nitu.mx","sameAs":["https:\/\/nitu.mx","https:\/\/www.facebook.com\/NITUmx\/","medinacancun","https:\/\/twitter.com\/@Arturo_Medina_G"]},{"@type":"Person","@id":"https:\/\/nitu.mx\/#\/schema\/person\/2ecd887b19dfd3382d1f14fc5acf24a8","name":"Alejandra Moncisbays","image":{"@type":"ImageObject","inLanguage":"es-MX","@id":"https:\/\/nitu.mx\/#\/schema\/person\/image\/","url":"https:\/\/secure.gravatar.com\/avatar\/e74f7af0be172b7804dacfd0bfbef787?s=96&d=mm&r=g","contentUrl":"https:\/\/secure.gravatar.com\/avatar\/e74f7af0be172b7804dacfd0bfbef787?s=96&d=mm&r=g","caption":"Alejandra Moncisbays"},"description":"Curs\u00e9 la carrera de Periodismo y Comunicaci\u00f3n en la Facultad de Estudios Profesionales Acatl\u00e1n. Vivo en Canc\u00fan desde hace 24 a\u00f1os. Fui reportera de La Tarde de Canc\u00fan, y Novedades de Quintana Roo, colabor\u00e9 en TVCUN, edit\u00e9 Cancun\u00edssimo y colabor\u00e9 en las revistas Latitud21, entre otras, con principal enfoque en los sectores empresarial y tur\u00edstico. Desde hace varios a\u00f1os soy Agente de Seguros con c\u00e9dula de la Comisi\u00f3n Nacional de Seguros y Fianzas. Actualmente, me desarrollo en los \u00e1mbitos del periodismo y el sector asegurador.","sameAs":["https:\/\/nitu.mx"],"url":"https:\/\/nitu.mx\/index.php\/author\/alejandra\/"}]}},"views":535,"_links":{"self":[{"href":"https:\/\/nitu.mx\/index.php\/wp-json\/wp\/v2\/posts\/43648"}],"collection":[{"href":"https:\/\/nitu.mx\/index.php\/wp-json\/wp\/v2\/posts"}],"about":[{"href":"https:\/\/nitu.mx\/index.php\/wp-json\/wp\/v2\/types\/post"}],"author":[{"embeddable":true,"href":"https:\/\/nitu.mx\/index.php\/wp-json\/wp\/v2\/users\/3"}],"replies":[{"embeddable":true,"href":"https:\/\/nitu.mx\/index.php\/wp-json\/wp\/v2\/comments?post=43648"}],"version-history":[{"count":1,"href":"https:\/\/nitu.mx\/index.php\/wp-json\/wp\/v2\/posts\/43648\/revisions"}],"predecessor-version":[{"id":43651,"href":"https:\/\/nitu.mx\/index.php\/wp-json\/wp\/v2\/posts\/43648\/revisions\/43651"}],"wp:featuredmedia":[{"embeddable":true,"href":"https:\/\/nitu.mx\/index.php\/wp-json\/wp\/v2\/media\/17855"}],"wp:attachment":[{"href":"https:\/\/nitu.mx\/index.php\/wp-json\/wp\/v2\/media?parent=43648"}],"wp:term":[{"taxonomy":"category","embeddable":true,"href":"https:\/\/nitu.mx\/index.php\/wp-json\/wp\/v2\/categories?post=43648"},{"taxonomy":"post_tag","embeddable":true,"href":"https:\/\/nitu.mx\/index.php\/wp-json\/wp\/v2\/tags?post=43648"}],"curies":[{"name":"wp","href":"https:\/\/api.w.org\/{rel}","templated":true}]}}