{"id":43646,"date":"2020-06-18T00:11:23","date_gmt":"2020-06-18T05:11:23","guid":{"rendered":"https:\/\/www.dev.nitu.mx\/?p=43646"},"modified":"2020-06-18T01:00:18","modified_gmt":"2020-06-18T06:00:18","slug":"con-la-marca-avid-hotels-de-ihg-se-atiende-al-viajero-de-negocios-post-covid","status":"publish","type":"post","link":"https:\/\/nitu.mx\/index.php\/2020\/06\/18\/con-la-marca-avid-hotels-de-ihg-se-atiende-al-viajero-de-negocios-post-covid\/","title":{"rendered":"Con la marca Avid Hotels de IHG, se atiende al viajero de negocios post-COVID"},"content":{"rendered":"<p>IHG (InterContinental Hotels Group), anunci\u00f3 la apertura de Avid Hotel Fresnillo. Con seis pisos de nueva construcci\u00f3n y 100 habitaciones que tendr\u00e1 la certificaci\u00f3n Promesa de Limpieza de IHG, para dar total confianza al hu\u00e9sped. El hotel es propiedad de Operadora MBA y ser\u00e1 administrado por Operadora Uno, bajo un acuerdo de licencia con IHG.<\/p>\n<p>La marca se\u00f1al\u00f3 que el inter\u00e9s de los inversionistas por la marca es patente, debido al r\u00e1pido crecimiento, ya que en M\u00e9xico cuenta con dos proyectos iniciados en Tijuana y Guanajuato y con alrededor de 13 hoteles en toda la Rep\u00fablica Mexicana para inaugurarse en los pr\u00f3ximos tres a\u00f1os.<\/p>\n<p>En total, existen m\u00e1s de 200 hoteles en proyecto para la marca en Estados Unidos y m\u00e1s de 11 abiertos en menos de dos a\u00f1os.<\/p>\n<p>Karen Gilbride, Vicepresidente de Avid Hotels, IHG, coment\u00f3: &#8220;Estamos muy entusiasmados con la apertura de nuestro primer hotel en M\u00e9xico y continuando as\u00ed con el momentum de crecimiento de Avid Hotels en las Am\u00e9ricas.<\/p>\n<p>El enfoque de \u201cjusto lo que se necesita\u201d en costo, expectativas y los componentes b\u00e1sicos de viaje hechos excepcionalmente bien; complementados con la promesa Avid, nos asegura que los hu\u00e9spedes tendr\u00e1n exactamente lo que esperan recibir desde la perspectiva de limpieza, y nos coloca en ventaja en un mundo post COVID-19, con nuevas expectativas establecidas por parte del consumidor y normativas de viaje\u201d.<\/p>\n<p>Jorge Apaez, Chief Operating Officer, M\u00e9xico, Am\u00e9rica Latina y el Caribe de IHG, coment\u00f3: \u201cMe siento particularmente orgulloso de la asociaci\u00f3n con Operadora MBA, grupo visionario de s\u00f3lidos empresarios, que creyeron en su estado y en ser pioneros de la marca Avid Hotels en M\u00e9xico.<\/p>\n<p>\u201cCon su moderno y fresco dise\u00f1o, la marca Avid Hotels se cre\u00f3 para satisfacer la necesidad de alojamiento de alta calidad que atienda a los viajeros de negocio en Zacatecas. Este hotel, adem\u00e1s de nuestros est\u00e1ndares de servicio de clase mundial, cuenta con la nueva Promesa de Limpieza de IHG, dise\u00f1ada para proteger a nuestros hu\u00e9spedes y colaboradores\u201d, resalt\u00f3.<\/p>\n<p>Al respecto Ra\u00fal Mu\u00f1oz, Director de Operadora MBA, coment\u00f3: \u201cNos sentimos muy orgullosos de nuestra alianza con IHG, gracias a la cual inauguramos el primer hotel de cadena en la ciudad de Fresnillo. Es un privilegio poder poner un granito de arena no solo en la historia de mi ciudad, sino en la econom\u00eda y en el progreso de su gente y proyectar a Fresnillo como una ciudad emergente. (<a title=\"De los 155 hoteles que IHG planea instalar en LATAM, 9 ser\u00e1n AVID y se edificar\u00e1n en M\u00e9xico\" href=\"https:\/\/www.dev.nitu.mx\/index.php\/2019\/12\/02\/de-los-155-hoteles-que-ihg-planea-instalar-en-latam-9-seran-avid-y-se-edificaran-en-mexico\/\" rel=\"bookmark\">De los 155 hoteles que IHG planea instalar en LATAM, 9 ser\u00e1n AVID y se edificar\u00e1n en M\u00e9xico<\/a>).<\/p>\n<p>El hotel cuenta con un dise\u00f1o caracter\u00edstico de la marca como:<\/p>\n<ul>\n<li>Un moderno dise\u00f1o exterior del hotel en el que la entrada es protegida por una marquesina y los ventanales proporcionan una sensaci\u00f3n de espacios abiertos y ventilados; al interior se utiliza el espacio de la escalera como un llamativo elemento arquitect\u00f3nico en color rojo.<\/li>\n<li>Las habitaciones de los hu\u00e9spedes tambi\u00e9n ofrecen IHG\u00ae Studio, con la posibilidad de proyectar entretenimiento directamente desde tel\u00e9fonos inteligentes y dispositivos personales a televisores de 55&#8243; en cada habitaci\u00f3n. Por otro lado, la plataforma IHG\u00ae Connect, caracter\u00edstica de los hoteles IHG, proporciona una tecnolog\u00eda de Wi-Fi mejorada.<\/li>\n<li>La oferta del desayuno es en cortes\u00eda e incluye un n\u00famero selecto de opciones de alta calidad junto con caf\u00e9 molido de grano de primera calidad, elaborado individualmente.<\/li>\n<li>La Promesa de Limpieza de IHG asegura el gran compromiso de la compa\u00f1\u00eda con rigurosos procedimientos de limpieza, nuevo est\u00e1ndares y protocolos COVID-19 en todos sus hoteles a nivel mundial, en alianza con los expertos l\u00edderes de la industria: el centro m\u00e9dico Cleveland Clinic, Ecolab y Diversey.<\/li>\n<\/ul>\n","protected":false},"excerpt":{"rendered":"<p>IHG (InterContinental Hotels Group), anunci\u00f3 la apertura de Avid Hotel Fresnillo. Con seis pisos de nueva construcci\u00f3n y 100 habitaciones que tendr\u00e1 la certificaci\u00f3n Promesa de Limpieza de IHG, para dar total confianza al hu\u00e9sped. El hotel es propiedad de Operadora MBA y ser\u00e1 administrado por Operadora Uno, bajo un acuerdo de licencia con IHG. [&hellip;]<\/p>\n","protected":false},"author":3,"featured_media":43668,"comment_status":"open","ping_status":"open","sticky":false,"template":"","format":"standard","meta":{"footnotes":""},"categories":[2,6],"tags":[19758,19760,68],"yoast_head":"<!-- This site is optimized with the Yoast SEO plugin v22.2 - https:\/\/yoast.com\/wordpress\/plugins\/seo\/ -->\n<title>Con la marca Avid Hotels de IHG, se atiende al viajero de negocios post-COVID - Nitu - Noticias de la Industria Turistica<\/title>\n<meta name=\"robots\" content=\"index, follow, max-snippet:-1, max-image-preview:large, max-video-preview:-1\" \/>\n<link rel=\"canonical\" href=\"https:\/\/nitu.mx\/index.php\/2020\/06\/18\/con-la-marca-avid-hotels-de-ihg-se-atiende-al-viajero-de-negocios-post-covid\/\" \/>\n<meta name=\"twitter:card\" content=\"summary_large_image\" \/>\n<meta name=\"twitter:title\" content=\"Con la marca Avid Hotels de IHG, se atiende al viajero de negocios post-COVID - Nitu - Noticias de la Industria Turistica\" \/>\n<meta name=\"twitter:description\" content=\"IHG (InterContinental Hotels Group), anunci\u00f3 la apertura de Avid Hotel Fresnillo. Con seis pisos de nueva construcci\u00f3n y 100 habitaciones que tendr\u00e1 la certificaci\u00f3n Promesa de Limpieza de IHG, para dar total confianza al hu\u00e9sped. El hotel es propiedad de Operadora MBA y ser\u00e1 administrado por Operadora Uno, bajo un acuerdo de licencia con IHG. [&hellip;]\" \/>\n<meta name=\"twitter:image\" content=\"https:\/\/nitu.mx\/wp-content\/uploads\/2020\/06\/Avid-Fresnillo.jpg\" \/>\n<meta name=\"twitter:creator\" content=\"@NITUmx\" \/>\n<meta name=\"twitter:site\" content=\"@Arturo_Medina_G\" \/>\n<meta name=\"twitter:label1\" content=\"Escrito por\" \/>\n\t<meta name=\"twitter:data1\" content=\"Alejandra Moncisbays\" \/>\n\t<meta name=\"twitter:label2\" content=\"Tiempo de lectura\" \/>\n\t<meta name=\"twitter:data2\" content=\"3 minutos\" \/>\n<script type=\"application\/ld+json\" class=\"yoast-schema-graph\">{\"@context\":\"https:\/\/schema.org\",\"@graph\":[{\"@type\":\"Article\",\"@id\":\"https:\/\/nitu.mx\/index.php\/2020\/06\/18\/con-la-marca-avid-hotels-de-ihg-se-atiende-al-viajero-de-negocios-post-covid\/#article\",\"isPartOf\":{\"@id\":\"https:\/\/nitu.mx\/index.php\/2020\/06\/18\/con-la-marca-avid-hotels-de-ihg-se-atiende-al-viajero-de-negocios-post-covid\/\"},\"author\":{\"name\":\"Alejandra Moncisbays\",\"@id\":\"https:\/\/nitu.mx\/#\/schema\/person\/2ecd887b19dfd3382d1f14fc5acf24a8\"},\"headline\":\"Con la marca Avid Hotels de IHG, se atiende al viajero de negocios post-COVID\",\"datePublished\":\"2020-06-18T05:11:23+00:00\",\"dateModified\":\"2020-06-18T06:00:18+00:00\",\"mainEntityOfPage\":{\"@id\":\"https:\/\/nitu.mx\/index.php\/2020\/06\/18\/con-la-marca-avid-hotels-de-ihg-se-atiende-al-viajero-de-negocios-post-covid\/\"},\"wordCount\":652,\"commentCount\":0,\"publisher\":{\"@id\":\"https:\/\/nitu.mx\/#\/schema\/person\/ae7a53426417292d3dd07b45a33e01bc\"},\"image\":{\"@id\":\"https:\/\/nitu.mx\/index.php\/2020\/06\/18\/con-la-marca-avid-hotels-de-ihg-se-atiende-al-viajero-de-negocios-post-covid\/#primaryimage\"},\"thumbnailUrl\":\"https:\/\/nitu.mx\/wp-content\/uploads\/2020\/06\/Avid-Fresnillo.jpg\",\"keywords\":[\"Avid hotel Fresnillo Promesa de Limpieza de IHG\",\"IHG Avid Hotels\",\"M\u00e9xico\"],\"articleSection\":[\"Hoteles\",\"M\u00e9xico\"],\"inLanguage\":\"es-MX\",\"potentialAction\":[{\"@type\":\"CommentAction\",\"name\":\"Comment\",\"target\":[\"https:\/\/nitu.mx\/index.php\/2020\/06\/18\/con-la-marca-avid-hotels-de-ihg-se-atiende-al-viajero-de-negocios-post-covid\/#respond\"]}]},{\"@type\":\"WebPage\",\"@id\":\"https:\/\/nitu.mx\/index.php\/2020\/06\/18\/con-la-marca-avid-hotels-de-ihg-se-atiende-al-viajero-de-negocios-post-covid\/\",\"url\":\"https:\/\/nitu.mx\/index.php\/2020\/06\/18\/con-la-marca-avid-hotels-de-ihg-se-atiende-al-viajero-de-negocios-post-covid\/\",\"name\":\"Con la marca Avid Hotels de IHG, se atiende al viajero de negocios post-COVID - Nitu - Noticias de la Industria Turistica\",\"isPartOf\":{\"@id\":\"https:\/\/nitu.mx\/#website\"},\"primaryImageOfPage\":{\"@id\":\"https:\/\/nitu.mx\/index.php\/2020\/06\/18\/con-la-marca-avid-hotels-de-ihg-se-atiende-al-viajero-de-negocios-post-covid\/#primaryimage\"},\"image\":{\"@id\":\"https:\/\/nitu.mx\/index.php\/2020\/06\/18\/con-la-marca-avid-hotels-de-ihg-se-atiende-al-viajero-de-negocios-post-covid\/#primaryimage\"},\"thumbnailUrl\":\"https:\/\/nitu.mx\/wp-content\/uploads\/2020\/06\/Avid-Fresnillo.jpg\",\"datePublished\":\"2020-06-18T05:11:23+00:00\",\"dateModified\":\"2020-06-18T06:00:18+00:00\",\"breadcrumb\":{\"@id\":\"https:\/\/nitu.mx\/index.php\/2020\/06\/18\/con-la-marca-avid-hotels-de-ihg-se-atiende-al-viajero-de-negocios-post-covid\/#breadcrumb\"},\"inLanguage\":\"es-MX\",\"potentialAction\":[{\"@type\":\"ReadAction\",\"target\":[\"https:\/\/nitu.mx\/index.php\/2020\/06\/18\/con-la-marca-avid-hotels-de-ihg-se-atiende-al-viajero-de-negocios-post-covid\/\"]}]},{\"@type\":\"ImageObject\",\"inLanguage\":\"es-MX\",\"@id\":\"https:\/\/nitu.mx\/index.php\/2020\/06\/18\/con-la-marca-avid-hotels-de-ihg-se-atiende-al-viajero-de-negocios-post-covid\/#primaryimage\",\"url\":\"https:\/\/nitu.mx\/wp-content\/uploads\/2020\/06\/Avid-Fresnillo.jpg\",\"contentUrl\":\"https:\/\/nitu.mx\/wp-content\/uploads\/2020\/06\/Avid-Fresnillo.jpg\",\"width\":850,\"height\":480},{\"@type\":\"BreadcrumbList\",\"@id\":\"https:\/\/nitu.mx\/index.php\/2020\/06\/18\/con-la-marca-avid-hotels-de-ihg-se-atiende-al-viajero-de-negocios-post-covid\/#breadcrumb\",\"itemListElement\":[{\"@type\":\"ListItem\",\"position\":1,\"name\":\"Inicio\",\"item\":\"https:\/\/nitu.mx\/\"},{\"@type\":\"ListItem\",\"position\":2,\"name\":\"Con la marca Avid Hotels de IHG, se atiende al viajero de negocios post-COVID\"}]},{\"@type\":\"WebSite\",\"@id\":\"https:\/\/nitu.mx\/#website\",\"url\":\"https:\/\/nitu.mx\/\",\"name\":\"Nitu - Noticias de la Industria Turistica\",\"description\":\"Noticias de la Industria Turistica\",\"publisher\":{\"@id\":\"https:\/\/nitu.mx\/#\/schema\/person\/ae7a53426417292d3dd07b45a33e01bc\"},\"alternateName\":\"Noticias de la Industria Turistica\",\"potentialAction\":[{\"@type\":\"SearchAction\",\"target\":{\"@type\":\"EntryPoint\",\"urlTemplate\":\"https:\/\/nitu.mx\/?s={search_term_string}\"},\"query-input\":\"required name=search_term_string\"}],\"inLanguage\":\"es-MX\"},{\"@type\":[\"Person\",\"Organization\"],\"@id\":\"https:\/\/nitu.mx\/#\/schema\/person\/ae7a53426417292d3dd07b45a33e01bc\",\"name\":\"Arturo Medina\",\"image\":{\"@type\":\"ImageObject\",\"inLanguage\":\"es-MX\",\"@id\":\"https:\/\/nitu.mx\/#\/schema\/person\/image\/\",\"url\":\"https:\/\/nitu.mx\/wp-content\/uploads\/2024\/04\/4A315622-1904-4D5C-B022-878CDC840E04-90x90-1.jpeg\",\"contentUrl\":\"https:\/\/nitu.mx\/wp-content\/uploads\/2024\/04\/4A315622-1904-4D5C-B022-878CDC840E04-90x90-1.jpeg\",\"width\":90,\"height\":90,\"caption\":\"Arturo Medina\"},\"logo\":{\"@id\":\"https:\/\/nitu.mx\/#\/schema\/person\/image\/\"},\"description\":\"Director NITU.mx, Egresado de la Escuela de Periodismo Carlos Septi\u00e9n Garc\u00eda. Periodista y analista especializado en turismo desde hace 35 a\u00f1os, radicado en Canc\u00fan Q.Roo. arturo@nitu.mx\",\"sameAs\":[\"https:\/\/nitu.mx\",\"https:\/\/www.facebook.com\/NITUmx\/\",\"medinacancun\",\"https:\/\/twitter.com\/@Arturo_Medina_G\"]},{\"@type\":\"Person\",\"@id\":\"https:\/\/nitu.mx\/#\/schema\/person\/2ecd887b19dfd3382d1f14fc5acf24a8\",\"name\":\"Alejandra Moncisbays\",\"image\":{\"@type\":\"ImageObject\",\"inLanguage\":\"es-MX\",\"@id\":\"https:\/\/nitu.mx\/#\/schema\/person\/image\/\",\"url\":\"https:\/\/secure.gravatar.com\/avatar\/e74f7af0be172b7804dacfd0bfbef787?s=96&d=mm&r=g\",\"contentUrl\":\"https:\/\/secure.gravatar.com\/avatar\/e74f7af0be172b7804dacfd0bfbef787?s=96&d=mm&r=g\",\"caption\":\"Alejandra Moncisbays\"},\"description\":\"Curs\u00e9 la carrera de Periodismo y Comunicaci\u00f3n en la Facultad de Estudios Profesionales Acatl\u00e1n. Vivo en Canc\u00fan desde hace 24 a\u00f1os. Fui reportera de La Tarde de Canc\u00fan, y Novedades de Quintana Roo, colabor\u00e9 en TVCUN, edit\u00e9 Cancun\u00edssimo y colabor\u00e9 en las revistas Latitud21, entre otras, con principal enfoque en los sectores empresarial y tur\u00edstico. Desde hace varios a\u00f1os soy Agente de Seguros con c\u00e9dula de la Comisi\u00f3n Nacional de Seguros y Fianzas. Actualmente, me desarrollo en los \u00e1mbitos del periodismo y el sector asegurador.\",\"sameAs\":[\"https:\/\/nitu.mx\"],\"url\":\"https:\/\/nitu.mx\/index.php\/author\/alejandra\/\"}]}<\/script>\n<!-- \/ Yoast SEO plugin. -->","yoast_head_json":{"title":"Con la marca Avid Hotels de IHG, se atiende al viajero de negocios post-COVID - Nitu - Noticias de la Industria Turistica","robots":{"index":"index","follow":"follow","max-snippet":"max-snippet:-1","max-image-preview":"max-image-preview:large","max-video-preview":"max-video-preview:-1"},"canonical":"https:\/\/nitu.mx\/index.php\/2020\/06\/18\/con-la-marca-avid-hotels-de-ihg-se-atiende-al-viajero-de-negocios-post-covid\/","twitter_card":"summary_large_image","twitter_title":"Con la marca Avid Hotels de IHG, se atiende al viajero de negocios post-COVID - Nitu - Noticias de la Industria Turistica","twitter_description":"IHG (InterContinental Hotels Group), anunci\u00f3 la apertura de Avid Hotel Fresnillo. Con seis pisos de nueva construcci\u00f3n y 100 habitaciones que tendr\u00e1 la certificaci\u00f3n Promesa de Limpieza de IHG, para dar total confianza al hu\u00e9sped. El hotel es propiedad de Operadora MBA y ser\u00e1 administrado por Operadora Uno, bajo un acuerdo de licencia con IHG. [&hellip;]","twitter_image":"https:\/\/nitu.mx\/wp-content\/uploads\/2020\/06\/Avid-Fresnillo.jpg","twitter_creator":"@NITUmx","twitter_site":"@Arturo_Medina_G","twitter_misc":{"Escrito por":"Alejandra Moncisbays","Tiempo de lectura":"3 minutos"},"schema":{"@context":"https:\/\/schema.org","@graph":[{"@type":"Article","@id":"https:\/\/nitu.mx\/index.php\/2020\/06\/18\/con-la-marca-avid-hotels-de-ihg-se-atiende-al-viajero-de-negocios-post-covid\/#article","isPartOf":{"@id":"https:\/\/nitu.mx\/index.php\/2020\/06\/18\/con-la-marca-avid-hotels-de-ihg-se-atiende-al-viajero-de-negocios-post-covid\/"},"author":{"name":"Alejandra Moncisbays","@id":"https:\/\/nitu.mx\/#\/schema\/person\/2ecd887b19dfd3382d1f14fc5acf24a8"},"headline":"Con la marca Avid Hotels de IHG, se atiende al viajero de negocios post-COVID","datePublished":"2020-06-18T05:11:23+00:00","dateModified":"2020-06-18T06:00:18+00:00","mainEntityOfPage":{"@id":"https:\/\/nitu.mx\/index.php\/2020\/06\/18\/con-la-marca-avid-hotels-de-ihg-se-atiende-al-viajero-de-negocios-post-covid\/"},"wordCount":652,"commentCount":0,"publisher":{"@id":"https:\/\/nitu.mx\/#\/schema\/person\/ae7a53426417292d3dd07b45a33e01bc"},"image":{"@id":"https:\/\/nitu.mx\/index.php\/2020\/06\/18\/con-la-marca-avid-hotels-de-ihg-se-atiende-al-viajero-de-negocios-post-covid\/#primaryimage"},"thumbnailUrl":"https:\/\/nitu.mx\/wp-content\/uploads\/2020\/06\/Avid-Fresnillo.jpg","keywords":["Avid hotel Fresnillo Promesa de Limpieza de IHG","IHG Avid Hotels","M\u00e9xico"],"articleSection":["Hoteles","M\u00e9xico"],"inLanguage":"es-MX","potentialAction":[{"@type":"CommentAction","name":"Comment","target":["https:\/\/nitu.mx\/index.php\/2020\/06\/18\/con-la-marca-avid-hotels-de-ihg-se-atiende-al-viajero-de-negocios-post-covid\/#respond"]}]},{"@type":"WebPage","@id":"https:\/\/nitu.mx\/index.php\/2020\/06\/18\/con-la-marca-avid-hotels-de-ihg-se-atiende-al-viajero-de-negocios-post-covid\/","url":"https:\/\/nitu.mx\/index.php\/2020\/06\/18\/con-la-marca-avid-hotels-de-ihg-se-atiende-al-viajero-de-negocios-post-covid\/","name":"Con la marca Avid Hotels de IHG, se atiende al viajero de negocios post-COVID - Nitu - Noticias de la Industria Turistica","isPartOf":{"@id":"https:\/\/nitu.mx\/#website"},"primaryImageOfPage":{"@id":"https:\/\/nitu.mx\/index.php\/2020\/06\/18\/con-la-marca-avid-hotels-de-ihg-se-atiende-al-viajero-de-negocios-post-covid\/#primaryimage"},"image":{"@id":"https:\/\/nitu.mx\/index.php\/2020\/06\/18\/con-la-marca-avid-hotels-de-ihg-se-atiende-al-viajero-de-negocios-post-covid\/#primaryimage"},"thumbnailUrl":"https:\/\/nitu.mx\/wp-content\/uploads\/2020\/06\/Avid-Fresnillo.jpg","datePublished":"2020-06-18T05:11:23+00:00","dateModified":"2020-06-18T06:00:18+00:00","breadcrumb":{"@id":"https:\/\/nitu.mx\/index.php\/2020\/06\/18\/con-la-marca-avid-hotels-de-ihg-se-atiende-al-viajero-de-negocios-post-covid\/#breadcrumb"},"inLanguage":"es-MX","potentialAction":[{"@type":"ReadAction","target":["https:\/\/nitu.mx\/index.php\/2020\/06\/18\/con-la-marca-avid-hotels-de-ihg-se-atiende-al-viajero-de-negocios-post-covid\/"]}]},{"@type":"ImageObject","inLanguage":"es-MX","@id":"https:\/\/nitu.mx\/index.php\/2020\/06\/18\/con-la-marca-avid-hotels-de-ihg-se-atiende-al-viajero-de-negocios-post-covid\/#primaryimage","url":"https:\/\/nitu.mx\/wp-content\/uploads\/2020\/06\/Avid-Fresnillo.jpg","contentUrl":"https:\/\/nitu.mx\/wp-content\/uploads\/2020\/06\/Avid-Fresnillo.jpg","width":850,"height":480},{"@type":"BreadcrumbList","@id":"https:\/\/nitu.mx\/index.php\/2020\/06\/18\/con-la-marca-avid-hotels-de-ihg-se-atiende-al-viajero-de-negocios-post-covid\/#breadcrumb","itemListElement":[{"@type":"ListItem","position":1,"name":"Inicio","item":"https:\/\/nitu.mx\/"},{"@type":"ListItem","position":2,"name":"Con la marca Avid Hotels de IHG, se atiende al viajero de negocios post-COVID"}]},{"@type":"WebSite","@id":"https:\/\/nitu.mx\/#website","url":"https:\/\/nitu.mx\/","name":"Nitu - Noticias de la Industria Turistica","description":"Noticias de la Industria Turistica","publisher":{"@id":"https:\/\/nitu.mx\/#\/schema\/person\/ae7a53426417292d3dd07b45a33e01bc"},"alternateName":"Noticias de la Industria Turistica","potentialAction":[{"@type":"SearchAction","target":{"@type":"EntryPoint","urlTemplate":"https:\/\/nitu.mx\/?s={search_term_string}"},"query-input":"required name=search_term_string"}],"inLanguage":"es-MX"},{"@type":["Person","Organization"],"@id":"https:\/\/nitu.mx\/#\/schema\/person\/ae7a53426417292d3dd07b45a33e01bc","name":"Arturo Medina","image":{"@type":"ImageObject","inLanguage":"es-MX","@id":"https:\/\/nitu.mx\/#\/schema\/person\/image\/","url":"https:\/\/nitu.mx\/wp-content\/uploads\/2024\/04\/4A315622-1904-4D5C-B022-878CDC840E04-90x90-1.jpeg","contentUrl":"https:\/\/nitu.mx\/wp-content\/uploads\/2024\/04\/4A315622-1904-4D5C-B022-878CDC840E04-90x90-1.jpeg","width":90,"height":90,"caption":"Arturo Medina"},"logo":{"@id":"https:\/\/nitu.mx\/#\/schema\/person\/image\/"},"description":"Director NITU.mx, Egresado de la Escuela de Periodismo Carlos Septi\u00e9n Garc\u00eda. Periodista y analista especializado en turismo desde hace 35 a\u00f1os, radicado en Canc\u00fan Q.Roo. arturo@nitu.mx","sameAs":["https:\/\/nitu.mx","https:\/\/www.facebook.com\/NITUmx\/","medinacancun","https:\/\/twitter.com\/@Arturo_Medina_G"]},{"@type":"Person","@id":"https:\/\/nitu.mx\/#\/schema\/person\/2ecd887b19dfd3382d1f14fc5acf24a8","name":"Alejandra Moncisbays","image":{"@type":"ImageObject","inLanguage":"es-MX","@id":"https:\/\/nitu.mx\/#\/schema\/person\/image\/","url":"https:\/\/secure.gravatar.com\/avatar\/e74f7af0be172b7804dacfd0bfbef787?s=96&d=mm&r=g","contentUrl":"https:\/\/secure.gravatar.com\/avatar\/e74f7af0be172b7804dacfd0bfbef787?s=96&d=mm&r=g","caption":"Alejandra Moncisbays"},"description":"Curs\u00e9 la carrera de Periodismo y Comunicaci\u00f3n en la Facultad de Estudios Profesionales Acatl\u00e1n. Vivo en Canc\u00fan desde hace 24 a\u00f1os. Fui reportera de La Tarde de Canc\u00fan, y Novedades de Quintana Roo, colabor\u00e9 en TVCUN, edit\u00e9 Cancun\u00edssimo y colabor\u00e9 en las revistas Latitud21, entre otras, con principal enfoque en los sectores empresarial y tur\u00edstico. Desde hace varios a\u00f1os soy Agente de Seguros con c\u00e9dula de la Comisi\u00f3n Nacional de Seguros y Fianzas. Actualmente, me desarrollo en los \u00e1mbitos del periodismo y el sector asegurador.","sameAs":["https:\/\/nitu.mx"],"url":"https:\/\/nitu.mx\/index.php\/author\/alejandra\/"}]}},"views":261,"_links":{"self":[{"href":"https:\/\/nitu.mx\/index.php\/wp-json\/wp\/v2\/posts\/43646"}],"collection":[{"href":"https:\/\/nitu.mx\/index.php\/wp-json\/wp\/v2\/posts"}],"about":[{"href":"https:\/\/nitu.mx\/index.php\/wp-json\/wp\/v2\/types\/post"}],"author":[{"embeddable":true,"href":"https:\/\/nitu.mx\/index.php\/wp-json\/wp\/v2\/users\/3"}],"replies":[{"embeddable":true,"href":"https:\/\/nitu.mx\/index.php\/wp-json\/wp\/v2\/comments?post=43646"}],"version-history":[{"count":3,"href":"https:\/\/nitu.mx\/index.php\/wp-json\/wp\/v2\/posts\/43646\/revisions"}],"predecessor-version":[{"id":43669,"href":"https:\/\/nitu.mx\/index.php\/wp-json\/wp\/v2\/posts\/43646\/revisions\/43669"}],"wp:featuredmedia":[{"embeddable":true,"href":"https:\/\/nitu.mx\/index.php\/wp-json\/wp\/v2\/media\/43668"}],"wp:attachment":[{"href":"https:\/\/nitu.mx\/index.php\/wp-json\/wp\/v2\/media?parent=43646"}],"wp:term":[{"taxonomy":"category","embeddable":true,"href":"https:\/\/nitu.mx\/index.php\/wp-json\/wp\/v2\/categories?post=43646"},{"taxonomy":"post_tag","embeddable":true,"href":"https:\/\/nitu.mx\/index.php\/wp-json\/wp\/v2\/tags?post=43646"}],"curies":[{"name":"wp","href":"https:\/\/api.w.org\/{rel}","templated":true}]}}