{"id":43614,"date":"2020-06-17T00:48:10","date_gmt":"2020-06-17T05:48:10","guid":{"rendered":"https:\/\/www.dev.nitu.mx\/?p=43614"},"modified":"2020-06-17T00:55:19","modified_gmt":"2020-06-17T05:55:19","slug":"sustentabilidad-turistica-se-acelerara-por-pandemia-omt","status":"publish","type":"post","link":"https:\/\/nitu.mx\/index.php\/2020\/06\/17\/sustentabilidad-turistica-se-acelerara-por-pandemia-omt\/","title":{"rendered":"Sustentabilidad tur\u00edstica se acelerar\u00e1 por pandemia: OMT"},"content":{"rendered":"<p>Manuel Butler Halter, Director Ejecutivo de la Organizaci\u00f3n Mundial de Turismo (OMT), se\u00f1al\u00f3 que M\u00e9xico puede aprender de las estrategias de los pa\u00edses que ya salen del confinamiento por la pandemia del Covid-19, como es el acelerar los aspectos de sustentabilidad tur\u00edstica y enfocarse m\u00e1s a las personas con calidez.<\/p>\n<p>Durante su participaci\u00f3n en el Primer Simposio Virtual \u201cLa Nueva Era del Turismo\u201d, que reuni\u00f3 a 50 l\u00edderes de la industria de viajes, organizado por el Consejo Nacional Empresarial Tur\u00edstico (CNET), junto con la Universidad An\u00e1huac, Butler, explic\u00f3 que el sector turismo ha probado su resiliencia en distintas situaciones de crisis financieras, o en temas de terrorismo o algunas otras circunstancias.<\/p>\n<p>Sin embargo, dijo esta pandemia no tiene precedentes y su profundidad y alcance han sido devastadores afectando probablemente mayormente al sector tur\u00edstico.<\/p>\n<p>Como ejemplo el sector tur\u00edstico siempre se ha caracterizado por esta resiliencia, aunque en esta crisis actual esta industria fue la primera en entrar en crisis, precisamente por la combinaci\u00f3n de los dos elementos que lo conforman: la movilidad y las relaciones sociales. Ambas se han visto afectadas, por lo que el sector ser\u00e1 de los \u00faltimos que salga de la crisis, por lo que se le debe dar un tratamiento mucho m\u00e1s cuidado.<\/p>\n<p>Pero, esta pandemia, apunt\u00f3 ha desarrollado una mayor sensibilidad hacia la sostenibilidad en su triple acepci\u00f3n.<\/p>\n<p>Adem\u00e1s gener\u00f3 el tema de buscar una mayor importancia o un marketing m\u00e1s centrado en lo que es la persona, el marketing personalizado cada vez cobra mayor impulso.<\/p>\n<p>La sostenibilidad es un motor de cambio fundamental. Se espera que en esta d\u00e9cada la sostenibilidad se centre sobre todo en el aspecto social; \u201c\u2026 hemos visto anteriormente que la verg\u00fcenza de volar (por la contaminaci\u00f3n que produce) empezaba a surgir en los pa\u00edses del norte de Europa y se va extendiendo\u201d, record\u00f3.<\/p>\n<p>Se observaron los excesos por superar la capacidad de carga de los destinos. Entonces se va a avanzar mucho m\u00e1s r\u00e1pido en los aspectos de cuidado ambiental a consecuencia de la actual crisis.<\/p>\n<p>\u201cOjal\u00e1 que dentro de esta complicaci\u00f3n que estamos viviendo, pues justamente prevalezcan los valores y centrarnos en la persona, en el ser humano, la pandemia nos deja esas lecciones y se aceleren todas las cosas positivas\u201d, resalt\u00f3.<\/p>\n<p>Se plante\u00f3 que la preocupaci\u00f3n es que el turismo es una actividad transversal, y por lo tanto involucra distintas actividades, distintos sectores y como actividad generadora, tiene un impacto fuerte.<\/p>\n<p>Sin embargo hay nichos que han sufrido m\u00e1s que otros, como por ejemplo el turismo de reuniones, que consider\u00f3 probablemente est\u00e9 entre los que est\u00e9n m\u00e1s afectados o que probablemente tenga un cambio muy fuerte.<\/p>\n","protected":false},"excerpt":{"rendered":"<p>Manuel Butler Halter, Director Ejecutivo de la Organizaci\u00f3n Mundial de Turismo (OMT), se\u00f1al\u00f3 que M\u00e9xico puede aprender de las estrategias de los pa\u00edses que ya salen del confinamiento por la pandemia del Covid-19, como es el acelerar los aspectos de sustentabilidad tur\u00edstica y enfocarse m\u00e1s a las personas con calidez. Durante su participaci\u00f3n en el [&hellip;]<\/p>\n","protected":false},"author":3,"featured_media":43635,"comment_status":"open","ping_status":"open","sticky":false,"template":"","format":"standard","meta":{"footnotes":""},"categories":[374,12],"tags":[836,19742,68,1960,19741,18897],"yoast_head":"<!-- This site is optimized with the Yoast SEO plugin v22.2 - https:\/\/yoast.com\/wordpress\/plugins\/seo\/ -->\n<title>Sustentabilidad tur\u00edstica se acelerar\u00e1 por pandemia: OMT - Nitu - Noticias de la Industria Turistica<\/title>\n<meta name=\"robots\" content=\"index, follow, max-snippet:-1, max-image-preview:large, max-video-preview:-1\" \/>\n<link rel=\"canonical\" href=\"https:\/\/nitu.mx\/index.php\/2020\/06\/17\/sustentabilidad-turistica-se-acelerara-por-pandemia-omt\/\" \/>\n<meta name=\"twitter:card\" content=\"summary_large_image\" \/>\n<meta name=\"twitter:title\" content=\"Sustentabilidad tur\u00edstica se acelerar\u00e1 por pandemia: OMT - Nitu - Noticias de la Industria Turistica\" \/>\n<meta name=\"twitter:description\" content=\"Manuel Butler Halter, Director Ejecutivo de la Organizaci\u00f3n Mundial de Turismo (OMT), se\u00f1al\u00f3 que M\u00e9xico puede aprender de las estrategias de los pa\u00edses que ya salen del confinamiento por la pandemia del Covid-19, como es el acelerar los aspectos de sustentabilidad tur\u00edstica y enfocarse m\u00e1s a las personas con calidez. Durante su participaci\u00f3n en el [&hellip;]\" \/>\n<meta name=\"twitter:image\" content=\"https:\/\/nitu.mx\/wp-content\/uploads\/2020\/06\/Manuel-Butler-Halter-OMT-1.jpg\" \/>\n<meta name=\"twitter:creator\" content=\"@NITUmx\" \/>\n<meta name=\"twitter:site\" content=\"@Arturo_Medina_G\" \/>\n<meta name=\"twitter:label1\" content=\"Escrito por\" \/>\n\t<meta name=\"twitter:data1\" content=\"Alejandra Moncisbays\" \/>\n\t<meta name=\"twitter:label2\" content=\"Tiempo de lectura\" \/>\n\t<meta name=\"twitter:data2\" content=\"2 minutos\" \/>\n<script type=\"application\/ld+json\" class=\"yoast-schema-graph\">{\"@context\":\"https:\/\/schema.org\",\"@graph\":[{\"@type\":\"Article\",\"@id\":\"https:\/\/nitu.mx\/index.php\/2020\/06\/17\/sustentabilidad-turistica-se-acelerara-por-pandemia-omt\/#article\",\"isPartOf\":{\"@id\":\"https:\/\/nitu.mx\/index.php\/2020\/06\/17\/sustentabilidad-turistica-se-acelerara-por-pandemia-omt\/\"},\"author\":{\"name\":\"Alejandra Moncisbays\",\"@id\":\"https:\/\/nitu.mx\/#\/schema\/person\/2ecd887b19dfd3382d1f14fc5acf24a8\"},\"headline\":\"Sustentabilidad tur\u00edstica se acelerar\u00e1 por pandemia: OMT\",\"datePublished\":\"2020-06-17T05:48:10+00:00\",\"dateModified\":\"2020-06-17T05:55:19+00:00\",\"mainEntityOfPage\":{\"@id\":\"https:\/\/nitu.mx\/index.php\/2020\/06\/17\/sustentabilidad-turistica-se-acelerara-por-pandemia-omt\/\"},\"wordCount\":473,\"commentCount\":0,\"publisher\":{\"@id\":\"https:\/\/nitu.mx\/#\/schema\/person\/ae7a53426417292d3dd07b45a33e01bc\"},\"image\":{\"@id\":\"https:\/\/nitu.mx\/index.php\/2020\/06\/17\/sustentabilidad-turistica-se-acelerara-por-pandemia-omt\/#primaryimage\"},\"thumbnailUrl\":\"https:\/\/nitu.mx\/wp-content\/uploads\/2020\/06\/Manuel-Butler-Halter-OMT-1.jpg\",\"keywords\":[\"Consejo Nacional Empresarial Tur\u00edstico (CNET)\",\"Manuel Butler Halter\",\"M\u00e9xico\",\"OMT\",\"Primer Simposio Virtual \u201cLa Nueva Era del Turismo\u201d\",\"sustentabilidad tur\u00edstica\"],\"articleSection\":[\"Internacional\",\"Marketing\"],\"inLanguage\":\"es-MX\",\"potentialAction\":[{\"@type\":\"CommentAction\",\"name\":\"Comment\",\"target\":[\"https:\/\/nitu.mx\/index.php\/2020\/06\/17\/sustentabilidad-turistica-se-acelerara-por-pandemia-omt\/#respond\"]}]},{\"@type\":\"WebPage\",\"@id\":\"https:\/\/nitu.mx\/index.php\/2020\/06\/17\/sustentabilidad-turistica-se-acelerara-por-pandemia-omt\/\",\"url\":\"https:\/\/nitu.mx\/index.php\/2020\/06\/17\/sustentabilidad-turistica-se-acelerara-por-pandemia-omt\/\",\"name\":\"Sustentabilidad tur\u00edstica se acelerar\u00e1 por pandemia: OMT - Nitu - Noticias de la Industria Turistica\",\"isPartOf\":{\"@id\":\"https:\/\/nitu.mx\/#website\"},\"primaryImageOfPage\":{\"@id\":\"https:\/\/nitu.mx\/index.php\/2020\/06\/17\/sustentabilidad-turistica-se-acelerara-por-pandemia-omt\/#primaryimage\"},\"image\":{\"@id\":\"https:\/\/nitu.mx\/index.php\/2020\/06\/17\/sustentabilidad-turistica-se-acelerara-por-pandemia-omt\/#primaryimage\"},\"thumbnailUrl\":\"https:\/\/nitu.mx\/wp-content\/uploads\/2020\/06\/Manuel-Butler-Halter-OMT-1.jpg\",\"datePublished\":\"2020-06-17T05:48:10+00:00\",\"dateModified\":\"2020-06-17T05:55:19+00:00\",\"breadcrumb\":{\"@id\":\"https:\/\/nitu.mx\/index.php\/2020\/06\/17\/sustentabilidad-turistica-se-acelerara-por-pandemia-omt\/#breadcrumb\"},\"inLanguage\":\"es-MX\",\"potentialAction\":[{\"@type\":\"ReadAction\",\"target\":[\"https:\/\/nitu.mx\/index.php\/2020\/06\/17\/sustentabilidad-turistica-se-acelerara-por-pandemia-omt\/\"]}]},{\"@type\":\"ImageObject\",\"inLanguage\":\"es-MX\",\"@id\":\"https:\/\/nitu.mx\/index.php\/2020\/06\/17\/sustentabilidad-turistica-se-acelerara-por-pandemia-omt\/#primaryimage\",\"url\":\"https:\/\/nitu.mx\/wp-content\/uploads\/2020\/06\/Manuel-Butler-Halter-OMT-1.jpg\",\"contentUrl\":\"https:\/\/nitu.mx\/wp-content\/uploads\/2020\/06\/Manuel-Butler-Halter-OMT-1.jpg\",\"width\":850,\"height\":480},{\"@type\":\"BreadcrumbList\",\"@id\":\"https:\/\/nitu.mx\/index.php\/2020\/06\/17\/sustentabilidad-turistica-se-acelerara-por-pandemia-omt\/#breadcrumb\",\"itemListElement\":[{\"@type\":\"ListItem\",\"position\":1,\"name\":\"Inicio\",\"item\":\"https:\/\/nitu.mx\/\"},{\"@type\":\"ListItem\",\"position\":2,\"name\":\"Sustentabilidad tur\u00edstica se acelerar\u00e1 por pandemia: OMT\"}]},{\"@type\":\"WebSite\",\"@id\":\"https:\/\/nitu.mx\/#website\",\"url\":\"https:\/\/nitu.mx\/\",\"name\":\"Nitu - Noticias de la Industria Turistica\",\"description\":\"Noticias de la Industria Turistica\",\"publisher\":{\"@id\":\"https:\/\/nitu.mx\/#\/schema\/person\/ae7a53426417292d3dd07b45a33e01bc\"},\"alternateName\":\"Noticias de la Industria Turistica\",\"potentialAction\":[{\"@type\":\"SearchAction\",\"target\":{\"@type\":\"EntryPoint\",\"urlTemplate\":\"https:\/\/nitu.mx\/?s={search_term_string}\"},\"query-input\":\"required name=search_term_string\"}],\"inLanguage\":\"es-MX\"},{\"@type\":[\"Person\",\"Organization\"],\"@id\":\"https:\/\/nitu.mx\/#\/schema\/person\/ae7a53426417292d3dd07b45a33e01bc\",\"name\":\"Arturo Medina\",\"image\":{\"@type\":\"ImageObject\",\"inLanguage\":\"es-MX\",\"@id\":\"https:\/\/nitu.mx\/#\/schema\/person\/image\/\",\"url\":\"https:\/\/nitu.mx\/wp-content\/uploads\/2024\/04\/4A315622-1904-4D5C-B022-878CDC840E04-90x90-1.jpeg\",\"contentUrl\":\"https:\/\/nitu.mx\/wp-content\/uploads\/2024\/04\/4A315622-1904-4D5C-B022-878CDC840E04-90x90-1.jpeg\",\"width\":90,\"height\":90,\"caption\":\"Arturo Medina\"},\"logo\":{\"@id\":\"https:\/\/nitu.mx\/#\/schema\/person\/image\/\"},\"description\":\"Director NITU.mx, Egresado de la Escuela de Periodismo Carlos Septi\u00e9n Garc\u00eda. Periodista y analista especializado en turismo desde hace 35 a\u00f1os, radicado en Canc\u00fan Q.Roo. arturo@nitu.mx\",\"sameAs\":[\"https:\/\/nitu.mx\",\"https:\/\/www.facebook.com\/NITUmx\/\",\"medinacancun\",\"https:\/\/twitter.com\/@Arturo_Medina_G\"]},{\"@type\":\"Person\",\"@id\":\"https:\/\/nitu.mx\/#\/schema\/person\/2ecd887b19dfd3382d1f14fc5acf24a8\",\"name\":\"Alejandra Moncisbays\",\"image\":{\"@type\":\"ImageObject\",\"inLanguage\":\"es-MX\",\"@id\":\"https:\/\/nitu.mx\/#\/schema\/person\/image\/\",\"url\":\"https:\/\/secure.gravatar.com\/avatar\/e74f7af0be172b7804dacfd0bfbef787?s=96&d=mm&r=g\",\"contentUrl\":\"https:\/\/secure.gravatar.com\/avatar\/e74f7af0be172b7804dacfd0bfbef787?s=96&d=mm&r=g\",\"caption\":\"Alejandra Moncisbays\"},\"description\":\"Curs\u00e9 la carrera de Periodismo y Comunicaci\u00f3n en la Facultad de Estudios Profesionales Acatl\u00e1n. Vivo en Canc\u00fan desde hace 24 a\u00f1os. Fui reportera de La Tarde de Canc\u00fan, y Novedades de Quintana Roo, colabor\u00e9 en TVCUN, edit\u00e9 Cancun\u00edssimo y colabor\u00e9 en las revistas Latitud21, entre otras, con principal enfoque en los sectores empresarial y tur\u00edstico. Desde hace varios a\u00f1os soy Agente de Seguros con c\u00e9dula de la Comisi\u00f3n Nacional de Seguros y Fianzas. Actualmente, me desarrollo en los \u00e1mbitos del periodismo y el sector asegurador.\",\"sameAs\":[\"https:\/\/nitu.mx\"],\"url\":\"https:\/\/nitu.mx\/index.php\/author\/alejandra\/\"}]}<\/script>\n<!-- \/ Yoast SEO plugin. -->","yoast_head_json":{"title":"Sustentabilidad tur\u00edstica se acelerar\u00e1 por pandemia: OMT - Nitu - Noticias de la Industria Turistica","robots":{"index":"index","follow":"follow","max-snippet":"max-snippet:-1","max-image-preview":"max-image-preview:large","max-video-preview":"max-video-preview:-1"},"canonical":"https:\/\/nitu.mx\/index.php\/2020\/06\/17\/sustentabilidad-turistica-se-acelerara-por-pandemia-omt\/","twitter_card":"summary_large_image","twitter_title":"Sustentabilidad tur\u00edstica se acelerar\u00e1 por pandemia: OMT - Nitu - Noticias de la Industria Turistica","twitter_description":"Manuel Butler Halter, Director Ejecutivo de la Organizaci\u00f3n Mundial de Turismo (OMT), se\u00f1al\u00f3 que M\u00e9xico puede aprender de las estrategias de los pa\u00edses que ya salen del confinamiento por la pandemia del Covid-19, como es el acelerar los aspectos de sustentabilidad tur\u00edstica y enfocarse m\u00e1s a las personas con calidez. Durante su participaci\u00f3n en el [&hellip;]","twitter_image":"https:\/\/nitu.mx\/wp-content\/uploads\/2020\/06\/Manuel-Butler-Halter-OMT-1.jpg","twitter_creator":"@NITUmx","twitter_site":"@Arturo_Medina_G","twitter_misc":{"Escrito por":"Alejandra Moncisbays","Tiempo de lectura":"2 minutos"},"schema":{"@context":"https:\/\/schema.org","@graph":[{"@type":"Article","@id":"https:\/\/nitu.mx\/index.php\/2020\/06\/17\/sustentabilidad-turistica-se-acelerara-por-pandemia-omt\/#article","isPartOf":{"@id":"https:\/\/nitu.mx\/index.php\/2020\/06\/17\/sustentabilidad-turistica-se-acelerara-por-pandemia-omt\/"},"author":{"name":"Alejandra Moncisbays","@id":"https:\/\/nitu.mx\/#\/schema\/person\/2ecd887b19dfd3382d1f14fc5acf24a8"},"headline":"Sustentabilidad tur\u00edstica se acelerar\u00e1 por pandemia: OMT","datePublished":"2020-06-17T05:48:10+00:00","dateModified":"2020-06-17T05:55:19+00:00","mainEntityOfPage":{"@id":"https:\/\/nitu.mx\/index.php\/2020\/06\/17\/sustentabilidad-turistica-se-acelerara-por-pandemia-omt\/"},"wordCount":473,"commentCount":0,"publisher":{"@id":"https:\/\/nitu.mx\/#\/schema\/person\/ae7a53426417292d3dd07b45a33e01bc"},"image":{"@id":"https:\/\/nitu.mx\/index.php\/2020\/06\/17\/sustentabilidad-turistica-se-acelerara-por-pandemia-omt\/#primaryimage"},"thumbnailUrl":"https:\/\/nitu.mx\/wp-content\/uploads\/2020\/06\/Manuel-Butler-Halter-OMT-1.jpg","keywords":["Consejo Nacional Empresarial Tur\u00edstico (CNET)","Manuel Butler Halter","M\u00e9xico","OMT","Primer Simposio Virtual \u201cLa Nueva Era del Turismo\u201d","sustentabilidad tur\u00edstica"],"articleSection":["Internacional","Marketing"],"inLanguage":"es-MX","potentialAction":[{"@type":"CommentAction","name":"Comment","target":["https:\/\/nitu.mx\/index.php\/2020\/06\/17\/sustentabilidad-turistica-se-acelerara-por-pandemia-omt\/#respond"]}]},{"@type":"WebPage","@id":"https:\/\/nitu.mx\/index.php\/2020\/06\/17\/sustentabilidad-turistica-se-acelerara-por-pandemia-omt\/","url":"https:\/\/nitu.mx\/index.php\/2020\/06\/17\/sustentabilidad-turistica-se-acelerara-por-pandemia-omt\/","name":"Sustentabilidad tur\u00edstica se acelerar\u00e1 por pandemia: OMT - Nitu - Noticias de la Industria Turistica","isPartOf":{"@id":"https:\/\/nitu.mx\/#website"},"primaryImageOfPage":{"@id":"https:\/\/nitu.mx\/index.php\/2020\/06\/17\/sustentabilidad-turistica-se-acelerara-por-pandemia-omt\/#primaryimage"},"image":{"@id":"https:\/\/nitu.mx\/index.php\/2020\/06\/17\/sustentabilidad-turistica-se-acelerara-por-pandemia-omt\/#primaryimage"},"thumbnailUrl":"https:\/\/nitu.mx\/wp-content\/uploads\/2020\/06\/Manuel-Butler-Halter-OMT-1.jpg","datePublished":"2020-06-17T05:48:10+00:00","dateModified":"2020-06-17T05:55:19+00:00","breadcrumb":{"@id":"https:\/\/nitu.mx\/index.php\/2020\/06\/17\/sustentabilidad-turistica-se-acelerara-por-pandemia-omt\/#breadcrumb"},"inLanguage":"es-MX","potentialAction":[{"@type":"ReadAction","target":["https:\/\/nitu.mx\/index.php\/2020\/06\/17\/sustentabilidad-turistica-se-acelerara-por-pandemia-omt\/"]}]},{"@type":"ImageObject","inLanguage":"es-MX","@id":"https:\/\/nitu.mx\/index.php\/2020\/06\/17\/sustentabilidad-turistica-se-acelerara-por-pandemia-omt\/#primaryimage","url":"https:\/\/nitu.mx\/wp-content\/uploads\/2020\/06\/Manuel-Butler-Halter-OMT-1.jpg","contentUrl":"https:\/\/nitu.mx\/wp-content\/uploads\/2020\/06\/Manuel-Butler-Halter-OMT-1.jpg","width":850,"height":480},{"@type":"BreadcrumbList","@id":"https:\/\/nitu.mx\/index.php\/2020\/06\/17\/sustentabilidad-turistica-se-acelerara-por-pandemia-omt\/#breadcrumb","itemListElement":[{"@type":"ListItem","position":1,"name":"Inicio","item":"https:\/\/nitu.mx\/"},{"@type":"ListItem","position":2,"name":"Sustentabilidad tur\u00edstica se acelerar\u00e1 por pandemia: OMT"}]},{"@type":"WebSite","@id":"https:\/\/nitu.mx\/#website","url":"https:\/\/nitu.mx\/","name":"Nitu - Noticias de la Industria Turistica","description":"Noticias de la Industria Turistica","publisher":{"@id":"https:\/\/nitu.mx\/#\/schema\/person\/ae7a53426417292d3dd07b45a33e01bc"},"alternateName":"Noticias de la Industria Turistica","potentialAction":[{"@type":"SearchAction","target":{"@type":"EntryPoint","urlTemplate":"https:\/\/nitu.mx\/?s={search_term_string}"},"query-input":"required name=search_term_string"}],"inLanguage":"es-MX"},{"@type":["Person","Organization"],"@id":"https:\/\/nitu.mx\/#\/schema\/person\/ae7a53426417292d3dd07b45a33e01bc","name":"Arturo Medina","image":{"@type":"ImageObject","inLanguage":"es-MX","@id":"https:\/\/nitu.mx\/#\/schema\/person\/image\/","url":"https:\/\/nitu.mx\/wp-content\/uploads\/2024\/04\/4A315622-1904-4D5C-B022-878CDC840E04-90x90-1.jpeg","contentUrl":"https:\/\/nitu.mx\/wp-content\/uploads\/2024\/04\/4A315622-1904-4D5C-B022-878CDC840E04-90x90-1.jpeg","width":90,"height":90,"caption":"Arturo Medina"},"logo":{"@id":"https:\/\/nitu.mx\/#\/schema\/person\/image\/"},"description":"Director NITU.mx, Egresado de la Escuela de Periodismo Carlos Septi\u00e9n Garc\u00eda. Periodista y analista especializado en turismo desde hace 35 a\u00f1os, radicado en Canc\u00fan Q.Roo. arturo@nitu.mx","sameAs":["https:\/\/nitu.mx","https:\/\/www.facebook.com\/NITUmx\/","medinacancun","https:\/\/twitter.com\/@Arturo_Medina_G"]},{"@type":"Person","@id":"https:\/\/nitu.mx\/#\/schema\/person\/2ecd887b19dfd3382d1f14fc5acf24a8","name":"Alejandra Moncisbays","image":{"@type":"ImageObject","inLanguage":"es-MX","@id":"https:\/\/nitu.mx\/#\/schema\/person\/image\/","url":"https:\/\/secure.gravatar.com\/avatar\/e74f7af0be172b7804dacfd0bfbef787?s=96&d=mm&r=g","contentUrl":"https:\/\/secure.gravatar.com\/avatar\/e74f7af0be172b7804dacfd0bfbef787?s=96&d=mm&r=g","caption":"Alejandra Moncisbays"},"description":"Curs\u00e9 la carrera de Periodismo y Comunicaci\u00f3n en la Facultad de Estudios Profesionales Acatl\u00e1n. Vivo en Canc\u00fan desde hace 24 a\u00f1os. Fui reportera de La Tarde de Canc\u00fan, y Novedades de Quintana Roo, colabor\u00e9 en TVCUN, edit\u00e9 Cancun\u00edssimo y colabor\u00e9 en las revistas Latitud21, entre otras, con principal enfoque en los sectores empresarial y tur\u00edstico. Desde hace varios a\u00f1os soy Agente de Seguros con c\u00e9dula de la Comisi\u00f3n Nacional de Seguros y Fianzas. Actualmente, me desarrollo en los \u00e1mbitos del periodismo y el sector asegurador.","sameAs":["https:\/\/nitu.mx"],"url":"https:\/\/nitu.mx\/index.php\/author\/alejandra\/"}]}},"views":213,"_links":{"self":[{"href":"https:\/\/nitu.mx\/index.php\/wp-json\/wp\/v2\/posts\/43614"}],"collection":[{"href":"https:\/\/nitu.mx\/index.php\/wp-json\/wp\/v2\/posts"}],"about":[{"href":"https:\/\/nitu.mx\/index.php\/wp-json\/wp\/v2\/types\/post"}],"author":[{"embeddable":true,"href":"https:\/\/nitu.mx\/index.php\/wp-json\/wp\/v2\/users\/3"}],"replies":[{"embeddable":true,"href":"https:\/\/nitu.mx\/index.php\/wp-json\/wp\/v2\/comments?post=43614"}],"version-history":[{"count":3,"href":"https:\/\/nitu.mx\/index.php\/wp-json\/wp\/v2\/posts\/43614\/revisions"}],"predecessor-version":[{"id":43636,"href":"https:\/\/nitu.mx\/index.php\/wp-json\/wp\/v2\/posts\/43614\/revisions\/43636"}],"wp:featuredmedia":[{"embeddable":true,"href":"https:\/\/nitu.mx\/index.php\/wp-json\/wp\/v2\/media\/43635"}],"wp:attachment":[{"href":"https:\/\/nitu.mx\/index.php\/wp-json\/wp\/v2\/media?parent=43614"}],"wp:term":[{"taxonomy":"category","embeddable":true,"href":"https:\/\/nitu.mx\/index.php\/wp-json\/wp\/v2\/categories?post=43614"},{"taxonomy":"post_tag","embeddable":true,"href":"https:\/\/nitu.mx\/index.php\/wp-json\/wp\/v2\/tags?post=43614"}],"curies":[{"name":"wp","href":"https:\/\/api.w.org\/{rel}","templated":true}]}}