{"id":43531,"date":"2020-06-15T00:49:03","date_gmt":"2020-06-15T05:49:03","guid":{"rendered":"https:\/\/www.dev.nitu.mx\/?p=43531"},"modified":"2020-06-15T01:00:14","modified_gmt":"2020-06-15T06:00:14","slug":"interjet-restablecera-mas-operaciones-en-destinos-nacionales","status":"publish","type":"post","link":"https:\/\/nitu.mx\/index.php\/2020\/06\/15\/interjet-restablecera-mas-operaciones-en-destinos-nacionales\/","title":{"rendered":"Interjet restablecer\u00e1 m\u00e1s operaciones en destinos nacionales"},"content":{"rendered":"\n<p>Interjet informa el restablecimiento de sus operaciones en m\u00e1s destinos nacionales a partir del 16 de junio, con lo cual estar\u00e1 operando 14 rutas y, paulatinamente, como las condiciones sanitarias lo permitan, incorporar\u00e1 m\u00e1s.<\/p>\n\n\n\n<p>De esta manera, restablecer\u00e1 operaciones entre la Ciudad de M\u00e9xico y Acapulco, Chetumal, Mazatl\u00e1n, Tuxtla Guti\u00e9rrez, Veracruz, Villahermosa y Zihuatanejo,<\/p>\n\n\n\n<p>De igual forma, fortalecer\u00e1 sus operaciones en las rutas que conectan actualmente a la capital del pa\u00eds con Canc\u00fan, Guadalajara, Monterrey, Puerto Vallarta, Oaxaca y M\u00e9rida.<\/p>\n\n\n\n<p>Interjet enfrenta con decisi\u00f3n la coyuntura cr\u00edtica que ha impuesto la pandemia de Covid-19 a toda la industria a\u00e9rea, a trav\u00e9s de una reestructura en su plan de operaci\u00f3n con el objetivo de seguir brindando el mejor servicio a sus pasajeros, con pleno respaldo de su Consejo de Administraci\u00f3n.<\/p>\n\n\n\n<p>El restablecimiento y ampliaci\u00f3n de rutas y frecuencias se dar\u00e1 gradualmente, primero en destinos nacionales y, posteriormente, en los internacionales, en la medida en que se levanten las restricciones de viaje en los distintos pa\u00edses.<\/p>\n\n\n\n<p>Frente al tema de salud p\u00fablica que representa el Covid-19, para Interjet lo m\u00e1s importante es la salud de sus pasajeros y colaboradores, por ello promueve la pol\u00edtica de vuelos seguros, que cumple todos los protocolos de higiene y sanitizaci\u00f3n establecidos por las autoridades sanitarias y de aviaci\u00f3n civil.<\/p>\n\n\n\n<p>Las acciones incluyen la desinfecci\u00f3n del ambiente y de superficies en cabina, mesas de servicio, compartimientos, asientos, puertas, mostradores y quioscos de documentaci\u00f3n, as\u00ed como medidas de sana distancia en salas y durante el abordaje y desembarque. Esto se suma a la comodidad que ofrece tradicionalmente la empresa y que la hace \u00fanica frente a otras compa\u00f1\u00edas, con la pol\u00edtica de mayor espacio entre asientos.<\/p>\n\n\n\n<p>Cabe destacar que los aviones est\u00e1n equipados con filtros que renuevan todo el aire en cabina cada tres minutos y remueven part\u00edculas en el aire del tama\u00f1o de bacterias microsc\u00f3picas y grupos de virus, con una eficiencia de 99.99 por ciento.<\/p>\n\n\n\n<p>Los detalles de las rutas est\u00e1n disponibles en la p\u00e1gina web www.interjet.com y a trav\u00e9s de nuestros canales de atenci\u00f3n al cliente en los n\u00famero telef\u00f3nicos (55) 11025555, para la Ciudad de M\u00e9xico, o desde el interior de la Rep\u00fablica al 01 (800) 0112345. (<a href=\"https:\/\/www.dev.nitu.mx\/index.php\/2020\/06\/09\/interjet-ofrece-traslado-gratuito-de-medicos-y-enfermeros-del-sector-publico-por-covid-19\/\">Interjet ofrece traslado gratuito de m\u00e9dicos y enfermeros del sector p\u00fablico por Covid-19<\/a>)<\/p>\n","protected":false},"excerpt":{"rendered":"<p>Interjet informa el restablecimiento de sus operaciones en m\u00e1s destinos nacionales a partir del 16 de junio, con lo cual estar\u00e1 operando 14 rutas y, paulatinamente, como las condiciones sanitarias lo permitan, incorporar\u00e1 m\u00e1s. De esta manera, restablecer\u00e1 operaciones entre la Ciudad de M\u00e9xico y Acapulco, Chetumal, Mazatl\u00e1n, Tuxtla Guti\u00e9rrez, Veracruz, Villahermosa y Zihuatanejo, De [&hellip;]<\/p>\n","protected":false},"author":17,"featured_media":17109,"comment_status":"open","ping_status":"open","sticky":false,"template":"","format":"standard","meta":{"footnotes":""},"categories":[29,6],"tags":[18906,172,9306],"yoast_head":"<!-- This site is optimized with the Yoast SEO plugin v22.2 - https:\/\/yoast.com\/wordpress\/plugins\/seo\/ -->\n<title>Interjet restablecer\u00e1 m\u00e1s operaciones en destinos nacionales - Nitu - Noticias de la Industria Turistica<\/title>\n<meta name=\"robots\" content=\"index, follow, max-snippet:-1, max-image-preview:large, max-video-preview:-1\" \/>\n<link rel=\"canonical\" href=\"https:\/\/nitu.mx\/index.php\/2020\/06\/15\/interjet-restablecera-mas-operaciones-en-destinos-nacionales\/\" \/>\n<meta name=\"twitter:card\" content=\"summary_large_image\" \/>\n<meta name=\"twitter:title\" content=\"Interjet restablecer\u00e1 m\u00e1s operaciones en destinos nacionales - Nitu - Noticias de la Industria Turistica\" \/>\n<meta name=\"twitter:description\" content=\"Interjet informa el restablecimiento de sus operaciones en m\u00e1s destinos nacionales a partir del 16 de junio, con lo cual estar\u00e1 operando 14 rutas y, paulatinamente, como las condiciones sanitarias lo permitan, incorporar\u00e1 m\u00e1s. De esta manera, restablecer\u00e1 operaciones entre la Ciudad de M\u00e9xico y Acapulco, Chetumal, Mazatl\u00e1n, Tuxtla Guti\u00e9rrez, Veracruz, Villahermosa y Zihuatanejo, De [&hellip;]\" \/>\n<meta name=\"twitter:image\" content=\"https:\/\/nitu.mx\/wp-content\/uploads\/2018\/01\/11interjet-848x478-1.jpg\" \/>\n<meta name=\"twitter:creator\" content=\"@NITUmx\" \/>\n<meta name=\"twitter:site\" content=\"@Arturo_Medina_G\" \/>\n<meta name=\"twitter:label1\" content=\"Escrito por\" \/>\n\t<meta name=\"twitter:data1\" content=\"Redacci\u00f3n\" \/>\n\t<meta name=\"twitter:label2\" content=\"Tiempo de lectura\" \/>\n\t<meta name=\"twitter:data2\" content=\"2 minutos\" \/>\n<script type=\"application\/ld+json\" class=\"yoast-schema-graph\">{\"@context\":\"https:\/\/schema.org\",\"@graph\":[{\"@type\":\"Article\",\"@id\":\"https:\/\/nitu.mx\/index.php\/2020\/06\/15\/interjet-restablecera-mas-operaciones-en-destinos-nacionales\/#article\",\"isPartOf\":{\"@id\":\"https:\/\/nitu.mx\/index.php\/2020\/06\/15\/interjet-restablecera-mas-operaciones-en-destinos-nacionales\/\"},\"author\":{\"name\":\"Redacci\u00f3n\",\"@id\":\"https:\/\/nitu.mx\/#\/schema\/person\/4a28fe9bd65924f7c90623773daf1b0b\"},\"headline\":\"Interjet restablecer\u00e1 m\u00e1s operaciones en destinos nacionales\",\"datePublished\":\"2020-06-15T05:49:03+00:00\",\"dateModified\":\"2020-06-15T06:00:14+00:00\",\"mainEntityOfPage\":{\"@id\":\"https:\/\/nitu.mx\/index.php\/2020\/06\/15\/interjet-restablecera-mas-operaciones-en-destinos-nacionales\/\"},\"wordCount\":417,\"commentCount\":0,\"publisher\":{\"@id\":\"https:\/\/nitu.mx\/#\/schema\/person\/ae7a53426417292d3dd07b45a33e01bc\"},\"image\":{\"@id\":\"https:\/\/nitu.mx\/index.php\/2020\/06\/15\/interjet-restablecera-mas-operaciones-en-destinos-nacionales\/#primaryimage\"},\"thumbnailUrl\":\"https:\/\/nitu.mx\/wp-content\/uploads\/2018\/01\/11interjet-848x478-1.jpg\",\"keywords\":[\"Covid-19\",\"Interjet\",\"rutas nacionales\"],\"articleSection\":[\"Aerol\u00edneas\",\"M\u00e9xico\"],\"inLanguage\":\"es-MX\",\"potentialAction\":[{\"@type\":\"CommentAction\",\"name\":\"Comment\",\"target\":[\"https:\/\/nitu.mx\/index.php\/2020\/06\/15\/interjet-restablecera-mas-operaciones-en-destinos-nacionales\/#respond\"]}]},{\"@type\":\"WebPage\",\"@id\":\"https:\/\/nitu.mx\/index.php\/2020\/06\/15\/interjet-restablecera-mas-operaciones-en-destinos-nacionales\/\",\"url\":\"https:\/\/nitu.mx\/index.php\/2020\/06\/15\/interjet-restablecera-mas-operaciones-en-destinos-nacionales\/\",\"name\":\"Interjet restablecer\u00e1 m\u00e1s operaciones en destinos nacionales - Nitu - Noticias de la Industria Turistica\",\"isPartOf\":{\"@id\":\"https:\/\/nitu.mx\/#website\"},\"primaryImageOfPage\":{\"@id\":\"https:\/\/nitu.mx\/index.php\/2020\/06\/15\/interjet-restablecera-mas-operaciones-en-destinos-nacionales\/#primaryimage\"},\"image\":{\"@id\":\"https:\/\/nitu.mx\/index.php\/2020\/06\/15\/interjet-restablecera-mas-operaciones-en-destinos-nacionales\/#primaryimage\"},\"thumbnailUrl\":\"https:\/\/nitu.mx\/wp-content\/uploads\/2018\/01\/11interjet-848x478-1.jpg\",\"datePublished\":\"2020-06-15T05:49:03+00:00\",\"dateModified\":\"2020-06-15T06:00:14+00:00\",\"breadcrumb\":{\"@id\":\"https:\/\/nitu.mx\/index.php\/2020\/06\/15\/interjet-restablecera-mas-operaciones-en-destinos-nacionales\/#breadcrumb\"},\"inLanguage\":\"es-MX\",\"potentialAction\":[{\"@type\":\"ReadAction\",\"target\":[\"https:\/\/nitu.mx\/index.php\/2020\/06\/15\/interjet-restablecera-mas-operaciones-en-destinos-nacionales\/\"]}]},{\"@type\":\"ImageObject\",\"inLanguage\":\"es-MX\",\"@id\":\"https:\/\/nitu.mx\/index.php\/2020\/06\/15\/interjet-restablecera-mas-operaciones-en-destinos-nacionales\/#primaryimage\",\"url\":\"https:\/\/nitu.mx\/wp-content\/uploads\/2018\/01\/11interjet-848x478-1.jpg\",\"contentUrl\":\"https:\/\/nitu.mx\/wp-content\/uploads\/2018\/01\/11interjet-848x478-1.jpg\",\"width\":850,\"height\":480,\"caption\":\"Interjet Vacations Sabre\"},{\"@type\":\"BreadcrumbList\",\"@id\":\"https:\/\/nitu.mx\/index.php\/2020\/06\/15\/interjet-restablecera-mas-operaciones-en-destinos-nacionales\/#breadcrumb\",\"itemListElement\":[{\"@type\":\"ListItem\",\"position\":1,\"name\":\"Inicio\",\"item\":\"https:\/\/nitu.mx\/\"},{\"@type\":\"ListItem\",\"position\":2,\"name\":\"Interjet restablecer\u00e1 m\u00e1s operaciones en destinos nacionales\"}]},{\"@type\":\"WebSite\",\"@id\":\"https:\/\/nitu.mx\/#website\",\"url\":\"https:\/\/nitu.mx\/\",\"name\":\"Nitu - Noticias de la Industria Turistica\",\"description\":\"Noticias de la Industria Turistica\",\"publisher\":{\"@id\":\"https:\/\/nitu.mx\/#\/schema\/person\/ae7a53426417292d3dd07b45a33e01bc\"},\"alternateName\":\"Noticias de la Industria Turistica\",\"potentialAction\":[{\"@type\":\"SearchAction\",\"target\":{\"@type\":\"EntryPoint\",\"urlTemplate\":\"https:\/\/nitu.mx\/?s={search_term_string}\"},\"query-input\":\"required name=search_term_string\"}],\"inLanguage\":\"es-MX\"},{\"@type\":[\"Person\",\"Organization\"],\"@id\":\"https:\/\/nitu.mx\/#\/schema\/person\/ae7a53426417292d3dd07b45a33e01bc\",\"name\":\"Arturo Medina\",\"image\":{\"@type\":\"ImageObject\",\"inLanguage\":\"es-MX\",\"@id\":\"https:\/\/nitu.mx\/#\/schema\/person\/image\/\",\"url\":\"https:\/\/nitu.mx\/wp-content\/uploads\/2024\/04\/4A315622-1904-4D5C-B022-878CDC840E04-90x90-1.jpeg\",\"contentUrl\":\"https:\/\/nitu.mx\/wp-content\/uploads\/2024\/04\/4A315622-1904-4D5C-B022-878CDC840E04-90x90-1.jpeg\",\"width\":90,\"height\":90,\"caption\":\"Arturo Medina\"},\"logo\":{\"@id\":\"https:\/\/nitu.mx\/#\/schema\/person\/image\/\"},\"description\":\"Director NITU.mx, Egresado de la Escuela de Periodismo Carlos Septi\u00e9n Garc\u00eda. Periodista y analista especializado en turismo desde hace 35 a\u00f1os, radicado en Canc\u00fan Q.Roo. arturo@nitu.mx\",\"sameAs\":[\"https:\/\/nitu.mx\",\"https:\/\/www.facebook.com\/NITUmx\/\",\"medinacancun\",\"https:\/\/twitter.com\/@Arturo_Medina_G\"]},{\"@type\":\"Person\",\"@id\":\"https:\/\/nitu.mx\/#\/schema\/person\/4a28fe9bd65924f7c90623773daf1b0b\",\"name\":\"Redacci\u00f3n\",\"image\":{\"@type\":\"ImageObject\",\"inLanguage\":\"es-MX\",\"@id\":\"https:\/\/nitu.mx\/#\/schema\/person\/image\/\",\"url\":\"https:\/\/secure.gravatar.com\/avatar\/5dd011c8ccfc5cd7e4c81e42252aab38?s=96&d=mm&r=g\",\"contentUrl\":\"https:\/\/secure.gravatar.com\/avatar\/5dd011c8ccfc5cd7e4c81e42252aab38?s=96&d=mm&r=g\",\"caption\":\"Redacci\u00f3n\"},\"url\":\"https:\/\/nitu.mx\/index.php\/author\/redaccion\/\"}]}<\/script>\n<!-- \/ Yoast SEO plugin. -->","yoast_head_json":{"title":"Interjet restablecer\u00e1 m\u00e1s operaciones en destinos nacionales - Nitu - Noticias de la Industria Turistica","robots":{"index":"index","follow":"follow","max-snippet":"max-snippet:-1","max-image-preview":"max-image-preview:large","max-video-preview":"max-video-preview:-1"},"canonical":"https:\/\/nitu.mx\/index.php\/2020\/06\/15\/interjet-restablecera-mas-operaciones-en-destinos-nacionales\/","twitter_card":"summary_large_image","twitter_title":"Interjet restablecer\u00e1 m\u00e1s operaciones en destinos nacionales - Nitu - Noticias de la Industria Turistica","twitter_description":"Interjet informa el restablecimiento de sus operaciones en m\u00e1s destinos nacionales a partir del 16 de junio, con lo cual estar\u00e1 operando 14 rutas y, paulatinamente, como las condiciones sanitarias lo permitan, incorporar\u00e1 m\u00e1s. De esta manera, restablecer\u00e1 operaciones entre la Ciudad de M\u00e9xico y Acapulco, Chetumal, Mazatl\u00e1n, Tuxtla Guti\u00e9rrez, Veracruz, Villahermosa y Zihuatanejo, De [&hellip;]","twitter_image":"https:\/\/nitu.mx\/wp-content\/uploads\/2018\/01\/11interjet-848x478-1.jpg","twitter_creator":"@NITUmx","twitter_site":"@Arturo_Medina_G","twitter_misc":{"Escrito por":"Redacci\u00f3n","Tiempo de lectura":"2 minutos"},"schema":{"@context":"https:\/\/schema.org","@graph":[{"@type":"Article","@id":"https:\/\/nitu.mx\/index.php\/2020\/06\/15\/interjet-restablecera-mas-operaciones-en-destinos-nacionales\/#article","isPartOf":{"@id":"https:\/\/nitu.mx\/index.php\/2020\/06\/15\/interjet-restablecera-mas-operaciones-en-destinos-nacionales\/"},"author":{"name":"Redacci\u00f3n","@id":"https:\/\/nitu.mx\/#\/schema\/person\/4a28fe9bd65924f7c90623773daf1b0b"},"headline":"Interjet restablecer\u00e1 m\u00e1s operaciones en destinos nacionales","datePublished":"2020-06-15T05:49:03+00:00","dateModified":"2020-06-15T06:00:14+00:00","mainEntityOfPage":{"@id":"https:\/\/nitu.mx\/index.php\/2020\/06\/15\/interjet-restablecera-mas-operaciones-en-destinos-nacionales\/"},"wordCount":417,"commentCount":0,"publisher":{"@id":"https:\/\/nitu.mx\/#\/schema\/person\/ae7a53426417292d3dd07b45a33e01bc"},"image":{"@id":"https:\/\/nitu.mx\/index.php\/2020\/06\/15\/interjet-restablecera-mas-operaciones-en-destinos-nacionales\/#primaryimage"},"thumbnailUrl":"https:\/\/nitu.mx\/wp-content\/uploads\/2018\/01\/11interjet-848x478-1.jpg","keywords":["Covid-19","Interjet","rutas nacionales"],"articleSection":["Aerol\u00edneas","M\u00e9xico"],"inLanguage":"es-MX","potentialAction":[{"@type":"CommentAction","name":"Comment","target":["https:\/\/nitu.mx\/index.php\/2020\/06\/15\/interjet-restablecera-mas-operaciones-en-destinos-nacionales\/#respond"]}]},{"@type":"WebPage","@id":"https:\/\/nitu.mx\/index.php\/2020\/06\/15\/interjet-restablecera-mas-operaciones-en-destinos-nacionales\/","url":"https:\/\/nitu.mx\/index.php\/2020\/06\/15\/interjet-restablecera-mas-operaciones-en-destinos-nacionales\/","name":"Interjet restablecer\u00e1 m\u00e1s operaciones en destinos nacionales - Nitu - Noticias de la Industria Turistica","isPartOf":{"@id":"https:\/\/nitu.mx\/#website"},"primaryImageOfPage":{"@id":"https:\/\/nitu.mx\/index.php\/2020\/06\/15\/interjet-restablecera-mas-operaciones-en-destinos-nacionales\/#primaryimage"},"image":{"@id":"https:\/\/nitu.mx\/index.php\/2020\/06\/15\/interjet-restablecera-mas-operaciones-en-destinos-nacionales\/#primaryimage"},"thumbnailUrl":"https:\/\/nitu.mx\/wp-content\/uploads\/2018\/01\/11interjet-848x478-1.jpg","datePublished":"2020-06-15T05:49:03+00:00","dateModified":"2020-06-15T06:00:14+00:00","breadcrumb":{"@id":"https:\/\/nitu.mx\/index.php\/2020\/06\/15\/interjet-restablecera-mas-operaciones-en-destinos-nacionales\/#breadcrumb"},"inLanguage":"es-MX","potentialAction":[{"@type":"ReadAction","target":["https:\/\/nitu.mx\/index.php\/2020\/06\/15\/interjet-restablecera-mas-operaciones-en-destinos-nacionales\/"]}]},{"@type":"ImageObject","inLanguage":"es-MX","@id":"https:\/\/nitu.mx\/index.php\/2020\/06\/15\/interjet-restablecera-mas-operaciones-en-destinos-nacionales\/#primaryimage","url":"https:\/\/nitu.mx\/wp-content\/uploads\/2018\/01\/11interjet-848x478-1.jpg","contentUrl":"https:\/\/nitu.mx\/wp-content\/uploads\/2018\/01\/11interjet-848x478-1.jpg","width":850,"height":480,"caption":"Interjet Vacations Sabre"},{"@type":"BreadcrumbList","@id":"https:\/\/nitu.mx\/index.php\/2020\/06\/15\/interjet-restablecera-mas-operaciones-en-destinos-nacionales\/#breadcrumb","itemListElement":[{"@type":"ListItem","position":1,"name":"Inicio","item":"https:\/\/nitu.mx\/"},{"@type":"ListItem","position":2,"name":"Interjet restablecer\u00e1 m\u00e1s operaciones en destinos nacionales"}]},{"@type":"WebSite","@id":"https:\/\/nitu.mx\/#website","url":"https:\/\/nitu.mx\/","name":"Nitu - Noticias de la Industria Turistica","description":"Noticias de la Industria Turistica","publisher":{"@id":"https:\/\/nitu.mx\/#\/schema\/person\/ae7a53426417292d3dd07b45a33e01bc"},"alternateName":"Noticias de la Industria Turistica","potentialAction":[{"@type":"SearchAction","target":{"@type":"EntryPoint","urlTemplate":"https:\/\/nitu.mx\/?s={search_term_string}"},"query-input":"required name=search_term_string"}],"inLanguage":"es-MX"},{"@type":["Person","Organization"],"@id":"https:\/\/nitu.mx\/#\/schema\/person\/ae7a53426417292d3dd07b45a33e01bc","name":"Arturo Medina","image":{"@type":"ImageObject","inLanguage":"es-MX","@id":"https:\/\/nitu.mx\/#\/schema\/person\/image\/","url":"https:\/\/nitu.mx\/wp-content\/uploads\/2024\/04\/4A315622-1904-4D5C-B022-878CDC840E04-90x90-1.jpeg","contentUrl":"https:\/\/nitu.mx\/wp-content\/uploads\/2024\/04\/4A315622-1904-4D5C-B022-878CDC840E04-90x90-1.jpeg","width":90,"height":90,"caption":"Arturo Medina"},"logo":{"@id":"https:\/\/nitu.mx\/#\/schema\/person\/image\/"},"description":"Director NITU.mx, Egresado de la Escuela de Periodismo Carlos Septi\u00e9n Garc\u00eda. Periodista y analista especializado en turismo desde hace 35 a\u00f1os, radicado en Canc\u00fan Q.Roo. arturo@nitu.mx","sameAs":["https:\/\/nitu.mx","https:\/\/www.facebook.com\/NITUmx\/","medinacancun","https:\/\/twitter.com\/@Arturo_Medina_G"]},{"@type":"Person","@id":"https:\/\/nitu.mx\/#\/schema\/person\/4a28fe9bd65924f7c90623773daf1b0b","name":"Redacci\u00f3n","image":{"@type":"ImageObject","inLanguage":"es-MX","@id":"https:\/\/nitu.mx\/#\/schema\/person\/image\/","url":"https:\/\/secure.gravatar.com\/avatar\/5dd011c8ccfc5cd7e4c81e42252aab38?s=96&d=mm&r=g","contentUrl":"https:\/\/secure.gravatar.com\/avatar\/5dd011c8ccfc5cd7e4c81e42252aab38?s=96&d=mm&r=g","caption":"Redacci\u00f3n"},"url":"https:\/\/nitu.mx\/index.php\/author\/redaccion\/"}]}},"views":267,"_links":{"self":[{"href":"https:\/\/nitu.mx\/index.php\/wp-json\/wp\/v2\/posts\/43531"}],"collection":[{"href":"https:\/\/nitu.mx\/index.php\/wp-json\/wp\/v2\/posts"}],"about":[{"href":"https:\/\/nitu.mx\/index.php\/wp-json\/wp\/v2\/types\/post"}],"author":[{"embeddable":true,"href":"https:\/\/nitu.mx\/index.php\/wp-json\/wp\/v2\/users\/17"}],"replies":[{"embeddable":true,"href":"https:\/\/nitu.mx\/index.php\/wp-json\/wp\/v2\/comments?post=43531"}],"version-history":[{"count":2,"href":"https:\/\/nitu.mx\/index.php\/wp-json\/wp\/v2\/posts\/43531\/revisions"}],"predecessor-version":[{"id":43547,"href":"https:\/\/nitu.mx\/index.php\/wp-json\/wp\/v2\/posts\/43531\/revisions\/43547"}],"wp:featuredmedia":[{"embeddable":true,"href":"https:\/\/nitu.mx\/index.php\/wp-json\/wp\/v2\/media\/17109"}],"wp:attachment":[{"href":"https:\/\/nitu.mx\/index.php\/wp-json\/wp\/v2\/media?parent=43531"}],"wp:term":[{"taxonomy":"category","embeddable":true,"href":"https:\/\/nitu.mx\/index.php\/wp-json\/wp\/v2\/categories?post=43531"},{"taxonomy":"post_tag","embeddable":true,"href":"https:\/\/nitu.mx\/index.php\/wp-json\/wp\/v2\/tags?post=43531"}],"curies":[{"name":"wp","href":"https:\/\/api.w.org\/{rel}","templated":true}]}}