{"id":43525,"date":"2020-06-15T00:51:15","date_gmt":"2020-06-15T05:51:15","guid":{"rendered":"https:\/\/www.dev.nitu.mx\/?p=43525"},"modified":"2020-06-15T01:00:49","modified_gmt":"2020-06-15T06:00:49","slug":"playas-de-quintana-roo-permaneceran-cerradas-hasta-que-el-semaforo-este-en-amarillo","status":"publish","type":"post","link":"https:\/\/nitu.mx\/index.php\/2020\/06\/15\/playas-de-quintana-roo-permaneceran-cerradas-hasta-que-el-semaforo-este-en-amarillo\/","title":{"rendered":"Playas de Quintana Roo permanecer\u00e1n cerradas hasta que el sem\u00e1foro este en amarillo"},"content":{"rendered":"\n<p>En la esperar\u00e1 hasta que el sem\u00e1foro por el Covid-19 est\u00e9 en amarillo, no se abrir\u00e1n las playas de Quintana Roo inform\u00f3 el gobernador Carlos Joaqu\u00edn Gonz\u00e1lez.<\/p>\n\n\n\n<p>As\u00ed, en su cuenta de Twitter el mandatario respondi\u00f3 a una de las preguntas que m\u00e1s le hacen en sus intervenciones para dar a conocer el avance del Covid-19: &#8220;\u00bfCu\u00e1ndo se abrir\u00e1n las playas?&#8221;.<\/p>\n\n\n\n<p>\u201cEn cuanto estemos en color amarillo podremos hacerlo (abrirlas), yo espero que en breves semanas eso se pueda dar\u201d, indic\u00f3.<\/p>\n\n\n\n<p><strong>LA CONVIVENCIA EN LA PLAYA, EL PROBLEMA<\/strong><\/p>\n\n\n\n<p>Joaqu\u00edn Gonz\u00e1lez explic\u00f3 que las playas son un lugar de esparcimiento, pero en este momento lo m\u00e1s importante es reactivar la econom\u00eda del Estado manteniendo el cuidado de la salud de la gente.<\/p>\n\n\n\n<p>\u201cNo podemos permitir que haya contacto entre las personas. La playa, el problema no es el mar, no es meterse al mar, sino la convivencia en la propia playa, que provoca la posibilidad de contagio \u201c, explic\u00f3.<\/p>\n\n\n\n<p>A\u00f1adi\u00f3 que los presidentes municipales est\u00e1n trabajando en protocolos para delimitar distancias entre personas en las playas.<\/p>\n\n\n\n<p>Tambi\u00e9n dijo que se pidi\u00f3 a los hoteleros que los turistas no utilicen las \u00e1reas p\u00fablicas de forma general sino gradual.<\/p>\n\n\n\n<p>De acuerdo con el programa \u201cReactivemos Quintana Roo\u201d, que determina cu\u00e1les actividades est\u00e1n permitidas y cu\u00e1les no, dependiendo del color del sem\u00e1foro epidemiol\u00f3gico, las playas de la entidad se abrir\u00e1n en sem\u00e1foro amarillo, pero s\u00f3lo se permitir\u00e1 un aforo del 60%.<\/p>\n\n\n\n<p>Cuando el sem\u00e1foro se encuentre en color verde entonces se abrir\u00e1n al 100%.<\/p>\n\n\n\n<p>Como se inform\u00f3, del 8 al 14 de junio el sem\u00e1foro epidemiol\u00f3gico marca que la zona norte de la entidad est\u00e1 en color naranja, mientras la sur en rojo. (Quinto poder)<\/p>\n","protected":false},"excerpt":{"rendered":"<p>En la esperar\u00e1 hasta que el sem\u00e1foro por el Covid-19 est\u00e9 en amarillo, no se abrir\u00e1n las playas de Quintana Roo inform\u00f3 el gobernador Carlos Joaqu\u00edn Gonz\u00e1lez. As\u00ed, en su cuenta de Twitter el mandatario respondi\u00f3 a una de las preguntas que m\u00e1s le hacen en sus intervenciones para dar a conocer el avance del [&hellip;]<\/p>\n","protected":false},"author":17,"featured_media":33850,"comment_status":"open","ping_status":"open","sticky":false,"template":"","format":"standard","meta":{"footnotes":""},"categories":[18475,6],"tags":[384,18906,260],"yoast_head":"<!-- This site is optimized with the Yoast SEO plugin v22.2 - https:\/\/yoast.com\/wordpress\/plugins\/seo\/ -->\n<title>Playas de Quintana Roo permanecer\u00e1n cerradas hasta que el sem\u00e1foro este en amarillo - Nitu - Noticias de la Industria Turistica<\/title>\n<meta name=\"robots\" content=\"index, follow, max-snippet:-1, max-image-preview:large, max-video-preview:-1\" \/>\n<link rel=\"canonical\" href=\"https:\/\/nitu.mx\/index.php\/2020\/06\/15\/playas-de-quintana-roo-permaneceran-cerradas-hasta-que-el-semaforo-este-en-amarillo\/\" \/>\n<meta name=\"twitter:card\" content=\"summary_large_image\" \/>\n<meta name=\"twitter:title\" content=\"Playas de Quintana Roo permanecer\u00e1n cerradas hasta que el sem\u00e1foro este en amarillo - Nitu - Noticias de la Industria Turistica\" \/>\n<meta name=\"twitter:description\" content=\"En la esperar\u00e1 hasta que el sem\u00e1foro por el Covid-19 est\u00e9 en amarillo, no se abrir\u00e1n las playas de Quintana Roo inform\u00f3 el gobernador Carlos Joaqu\u00edn Gonz\u00e1lez. As\u00ed, en su cuenta de Twitter el mandatario respondi\u00f3 a una de las preguntas que m\u00e1s le hacen en sus intervenciones para dar a conocer el avance del [&hellip;]\" \/>\n<meta name=\"twitter:image\" content=\"https:\/\/nitu.mx\/wp-content\/uploads\/2019\/07\/turismo-playas-canc\u00fan.jpg\" \/>\n<meta name=\"twitter:creator\" content=\"@NITUmx\" \/>\n<meta name=\"twitter:site\" content=\"@Arturo_Medina_G\" \/>\n<meta name=\"twitter:label1\" content=\"Escrito por\" \/>\n\t<meta name=\"twitter:data1\" content=\"Redacci\u00f3n\" \/>\n\t<meta name=\"twitter:label2\" content=\"Tiempo de lectura\" \/>\n\t<meta name=\"twitter:data2\" content=\"2 minutos\" \/>\n<script type=\"application\/ld+json\" class=\"yoast-schema-graph\">{\"@context\":\"https:\/\/schema.org\",\"@graph\":[{\"@type\":\"Article\",\"@id\":\"https:\/\/nitu.mx\/index.php\/2020\/06\/15\/playas-de-quintana-roo-permaneceran-cerradas-hasta-que-el-semaforo-este-en-amarillo\/#article\",\"isPartOf\":{\"@id\":\"https:\/\/nitu.mx\/index.php\/2020\/06\/15\/playas-de-quintana-roo-permaneceran-cerradas-hasta-que-el-semaforo-este-en-amarillo\/\"},\"author\":{\"name\":\"Redacci\u00f3n\",\"@id\":\"https:\/\/nitu.mx\/#\/schema\/person\/4a28fe9bd65924f7c90623773daf1b0b\"},\"headline\":\"Playas de Quintana Roo permanecer\u00e1n cerradas hasta que el sem\u00e1foro este en amarillo\",\"datePublished\":\"2020-06-15T05:51:15+00:00\",\"dateModified\":\"2020-06-15T06:00:49+00:00\",\"mainEntityOfPage\":{\"@id\":\"https:\/\/nitu.mx\/index.php\/2020\/06\/15\/playas-de-quintana-roo-permaneceran-cerradas-hasta-que-el-semaforo-este-en-amarillo\/\"},\"wordCount\":318,\"commentCount\":0,\"publisher\":{\"@id\":\"https:\/\/nitu.mx\/#\/schema\/person\/ae7a53426417292d3dd07b45a33e01bc\"},\"image\":{\"@id\":\"https:\/\/nitu.mx\/index.php\/2020\/06\/15\/playas-de-quintana-roo-permaneceran-cerradas-hasta-que-el-semaforo-este-en-amarillo\/#primaryimage\"},\"thumbnailUrl\":\"https:\/\/nitu.mx\/wp-content\/uploads\/2019\/07\/turismo-playas-canc\u00fan.jpg\",\"keywords\":[\"Carlos Joaqu\u00edn\",\"Covid-19\",\"Quintana Roo\"],\"articleSection\":[\"Caribe Mexicano\",\"M\u00e9xico\"],\"inLanguage\":\"es-MX\",\"potentialAction\":[{\"@type\":\"CommentAction\",\"name\":\"Comment\",\"target\":[\"https:\/\/nitu.mx\/index.php\/2020\/06\/15\/playas-de-quintana-roo-permaneceran-cerradas-hasta-que-el-semaforo-este-en-amarillo\/#respond\"]}]},{\"@type\":\"WebPage\",\"@id\":\"https:\/\/nitu.mx\/index.php\/2020\/06\/15\/playas-de-quintana-roo-permaneceran-cerradas-hasta-que-el-semaforo-este-en-amarillo\/\",\"url\":\"https:\/\/nitu.mx\/index.php\/2020\/06\/15\/playas-de-quintana-roo-permaneceran-cerradas-hasta-que-el-semaforo-este-en-amarillo\/\",\"name\":\"Playas de Quintana Roo permanecer\u00e1n cerradas hasta que el sem\u00e1foro este en amarillo - Nitu - Noticias de la Industria Turistica\",\"isPartOf\":{\"@id\":\"https:\/\/nitu.mx\/#website\"},\"primaryImageOfPage\":{\"@id\":\"https:\/\/nitu.mx\/index.php\/2020\/06\/15\/playas-de-quintana-roo-permaneceran-cerradas-hasta-que-el-semaforo-este-en-amarillo\/#primaryimage\"},\"image\":{\"@id\":\"https:\/\/nitu.mx\/index.php\/2020\/06\/15\/playas-de-quintana-roo-permaneceran-cerradas-hasta-que-el-semaforo-este-en-amarillo\/#primaryimage\"},\"thumbnailUrl\":\"https:\/\/nitu.mx\/wp-content\/uploads\/2019\/07\/turismo-playas-canc\u00fan.jpg\",\"datePublished\":\"2020-06-15T05:51:15+00:00\",\"dateModified\":\"2020-06-15T06:00:49+00:00\",\"breadcrumb\":{\"@id\":\"https:\/\/nitu.mx\/index.php\/2020\/06\/15\/playas-de-quintana-roo-permaneceran-cerradas-hasta-que-el-semaforo-este-en-amarillo\/#breadcrumb\"},\"inLanguage\":\"es-MX\",\"potentialAction\":[{\"@type\":\"ReadAction\",\"target\":[\"https:\/\/nitu.mx\/index.php\/2020\/06\/15\/playas-de-quintana-roo-permaneceran-cerradas-hasta-que-el-semaforo-este-en-amarillo\/\"]}]},{\"@type\":\"ImageObject\",\"inLanguage\":\"es-MX\",\"@id\":\"https:\/\/nitu.mx\/index.php\/2020\/06\/15\/playas-de-quintana-roo-permaneceran-cerradas-hasta-que-el-semaforo-este-en-amarillo\/#primaryimage\",\"url\":\"https:\/\/nitu.mx\/wp-content\/uploads\/2019\/07\/turismo-playas-canc\u00fan.jpg\",\"contentUrl\":\"https:\/\/nitu.mx\/wp-content\/uploads\/2019\/07\/turismo-playas-canc\u00fan.jpg\",\"width\":850,\"height\":480,\"caption\":\"Sedetur Quintana Roo Playas PriceTravel Canc\u00fan AMAV\"},{\"@type\":\"BreadcrumbList\",\"@id\":\"https:\/\/nitu.mx\/index.php\/2020\/06\/15\/playas-de-quintana-roo-permaneceran-cerradas-hasta-que-el-semaforo-este-en-amarillo\/#breadcrumb\",\"itemListElement\":[{\"@type\":\"ListItem\",\"position\":1,\"name\":\"Inicio\",\"item\":\"https:\/\/nitu.mx\/\"},{\"@type\":\"ListItem\",\"position\":2,\"name\":\"Playas de Quintana Roo permanecer\u00e1n cerradas hasta que el sem\u00e1foro este en amarillo\"}]},{\"@type\":\"WebSite\",\"@id\":\"https:\/\/nitu.mx\/#website\",\"url\":\"https:\/\/nitu.mx\/\",\"name\":\"Nitu - Noticias de la Industria Turistica\",\"description\":\"Noticias de la Industria Turistica\",\"publisher\":{\"@id\":\"https:\/\/nitu.mx\/#\/schema\/person\/ae7a53426417292d3dd07b45a33e01bc\"},\"alternateName\":\"Noticias de la Industria Turistica\",\"potentialAction\":[{\"@type\":\"SearchAction\",\"target\":{\"@type\":\"EntryPoint\",\"urlTemplate\":\"https:\/\/nitu.mx\/?s={search_term_string}\"},\"query-input\":\"required name=search_term_string\"}],\"inLanguage\":\"es-MX\"},{\"@type\":[\"Person\",\"Organization\"],\"@id\":\"https:\/\/nitu.mx\/#\/schema\/person\/ae7a53426417292d3dd07b45a33e01bc\",\"name\":\"Arturo Medina\",\"image\":{\"@type\":\"ImageObject\",\"inLanguage\":\"es-MX\",\"@id\":\"https:\/\/nitu.mx\/#\/schema\/person\/image\/\",\"url\":\"https:\/\/nitu.mx\/wp-content\/uploads\/2024\/04\/4A315622-1904-4D5C-B022-878CDC840E04-90x90-1.jpeg\",\"contentUrl\":\"https:\/\/nitu.mx\/wp-content\/uploads\/2024\/04\/4A315622-1904-4D5C-B022-878CDC840E04-90x90-1.jpeg\",\"width\":90,\"height\":90,\"caption\":\"Arturo Medina\"},\"logo\":{\"@id\":\"https:\/\/nitu.mx\/#\/schema\/person\/image\/\"},\"description\":\"Director NITU.mx, Egresado de la Escuela de Periodismo Carlos Septi\u00e9n Garc\u00eda. Periodista y analista especializado en turismo desde hace 35 a\u00f1os, radicado en Canc\u00fan Q.Roo. arturo@nitu.mx\",\"sameAs\":[\"https:\/\/nitu.mx\",\"https:\/\/www.facebook.com\/NITUmx\/\",\"medinacancun\",\"https:\/\/twitter.com\/@Arturo_Medina_G\"]},{\"@type\":\"Person\",\"@id\":\"https:\/\/nitu.mx\/#\/schema\/person\/4a28fe9bd65924f7c90623773daf1b0b\",\"name\":\"Redacci\u00f3n\",\"image\":{\"@type\":\"ImageObject\",\"inLanguage\":\"es-MX\",\"@id\":\"https:\/\/nitu.mx\/#\/schema\/person\/image\/\",\"url\":\"https:\/\/secure.gravatar.com\/avatar\/5dd011c8ccfc5cd7e4c81e42252aab38?s=96&d=mm&r=g\",\"contentUrl\":\"https:\/\/secure.gravatar.com\/avatar\/5dd011c8ccfc5cd7e4c81e42252aab38?s=96&d=mm&r=g\",\"caption\":\"Redacci\u00f3n\"},\"url\":\"https:\/\/nitu.mx\/index.php\/author\/redaccion\/\"}]}<\/script>\n<!-- \/ Yoast SEO plugin. -->","yoast_head_json":{"title":"Playas de Quintana Roo permanecer\u00e1n cerradas hasta que el sem\u00e1foro este en amarillo - Nitu - Noticias de la Industria Turistica","robots":{"index":"index","follow":"follow","max-snippet":"max-snippet:-1","max-image-preview":"max-image-preview:large","max-video-preview":"max-video-preview:-1"},"canonical":"https:\/\/nitu.mx\/index.php\/2020\/06\/15\/playas-de-quintana-roo-permaneceran-cerradas-hasta-que-el-semaforo-este-en-amarillo\/","twitter_card":"summary_large_image","twitter_title":"Playas de Quintana Roo permanecer\u00e1n cerradas hasta que el sem\u00e1foro este en amarillo - Nitu - Noticias de la Industria Turistica","twitter_description":"En la esperar\u00e1 hasta que el sem\u00e1foro por el Covid-19 est\u00e9 en amarillo, no se abrir\u00e1n las playas de Quintana Roo inform\u00f3 el gobernador Carlos Joaqu\u00edn Gonz\u00e1lez. As\u00ed, en su cuenta de Twitter el mandatario respondi\u00f3 a una de las preguntas que m\u00e1s le hacen en sus intervenciones para dar a conocer el avance del [&hellip;]","twitter_image":"https:\/\/nitu.mx\/wp-content\/uploads\/2019\/07\/turismo-playas-canc\u00fan.jpg","twitter_creator":"@NITUmx","twitter_site":"@Arturo_Medina_G","twitter_misc":{"Escrito por":"Redacci\u00f3n","Tiempo de lectura":"2 minutos"},"schema":{"@context":"https:\/\/schema.org","@graph":[{"@type":"Article","@id":"https:\/\/nitu.mx\/index.php\/2020\/06\/15\/playas-de-quintana-roo-permaneceran-cerradas-hasta-que-el-semaforo-este-en-amarillo\/#article","isPartOf":{"@id":"https:\/\/nitu.mx\/index.php\/2020\/06\/15\/playas-de-quintana-roo-permaneceran-cerradas-hasta-que-el-semaforo-este-en-amarillo\/"},"author":{"name":"Redacci\u00f3n","@id":"https:\/\/nitu.mx\/#\/schema\/person\/4a28fe9bd65924f7c90623773daf1b0b"},"headline":"Playas de Quintana Roo permanecer\u00e1n cerradas hasta que el sem\u00e1foro este en amarillo","datePublished":"2020-06-15T05:51:15+00:00","dateModified":"2020-06-15T06:00:49+00:00","mainEntityOfPage":{"@id":"https:\/\/nitu.mx\/index.php\/2020\/06\/15\/playas-de-quintana-roo-permaneceran-cerradas-hasta-que-el-semaforo-este-en-amarillo\/"},"wordCount":318,"commentCount":0,"publisher":{"@id":"https:\/\/nitu.mx\/#\/schema\/person\/ae7a53426417292d3dd07b45a33e01bc"},"image":{"@id":"https:\/\/nitu.mx\/index.php\/2020\/06\/15\/playas-de-quintana-roo-permaneceran-cerradas-hasta-que-el-semaforo-este-en-amarillo\/#primaryimage"},"thumbnailUrl":"https:\/\/nitu.mx\/wp-content\/uploads\/2019\/07\/turismo-playas-canc\u00fan.jpg","keywords":["Carlos Joaqu\u00edn","Covid-19","Quintana Roo"],"articleSection":["Caribe Mexicano","M\u00e9xico"],"inLanguage":"es-MX","potentialAction":[{"@type":"CommentAction","name":"Comment","target":["https:\/\/nitu.mx\/index.php\/2020\/06\/15\/playas-de-quintana-roo-permaneceran-cerradas-hasta-que-el-semaforo-este-en-amarillo\/#respond"]}]},{"@type":"WebPage","@id":"https:\/\/nitu.mx\/index.php\/2020\/06\/15\/playas-de-quintana-roo-permaneceran-cerradas-hasta-que-el-semaforo-este-en-amarillo\/","url":"https:\/\/nitu.mx\/index.php\/2020\/06\/15\/playas-de-quintana-roo-permaneceran-cerradas-hasta-que-el-semaforo-este-en-amarillo\/","name":"Playas de Quintana Roo permanecer\u00e1n cerradas hasta que el sem\u00e1foro este en amarillo - Nitu - Noticias de la Industria Turistica","isPartOf":{"@id":"https:\/\/nitu.mx\/#website"},"primaryImageOfPage":{"@id":"https:\/\/nitu.mx\/index.php\/2020\/06\/15\/playas-de-quintana-roo-permaneceran-cerradas-hasta-que-el-semaforo-este-en-amarillo\/#primaryimage"},"image":{"@id":"https:\/\/nitu.mx\/index.php\/2020\/06\/15\/playas-de-quintana-roo-permaneceran-cerradas-hasta-que-el-semaforo-este-en-amarillo\/#primaryimage"},"thumbnailUrl":"https:\/\/nitu.mx\/wp-content\/uploads\/2019\/07\/turismo-playas-canc\u00fan.jpg","datePublished":"2020-06-15T05:51:15+00:00","dateModified":"2020-06-15T06:00:49+00:00","breadcrumb":{"@id":"https:\/\/nitu.mx\/index.php\/2020\/06\/15\/playas-de-quintana-roo-permaneceran-cerradas-hasta-que-el-semaforo-este-en-amarillo\/#breadcrumb"},"inLanguage":"es-MX","potentialAction":[{"@type":"ReadAction","target":["https:\/\/nitu.mx\/index.php\/2020\/06\/15\/playas-de-quintana-roo-permaneceran-cerradas-hasta-que-el-semaforo-este-en-amarillo\/"]}]},{"@type":"ImageObject","inLanguage":"es-MX","@id":"https:\/\/nitu.mx\/index.php\/2020\/06\/15\/playas-de-quintana-roo-permaneceran-cerradas-hasta-que-el-semaforo-este-en-amarillo\/#primaryimage","url":"https:\/\/nitu.mx\/wp-content\/uploads\/2019\/07\/turismo-playas-canc\u00fan.jpg","contentUrl":"https:\/\/nitu.mx\/wp-content\/uploads\/2019\/07\/turismo-playas-canc\u00fan.jpg","width":850,"height":480,"caption":"Sedetur Quintana Roo Playas PriceTravel Canc\u00fan AMAV"},{"@type":"BreadcrumbList","@id":"https:\/\/nitu.mx\/index.php\/2020\/06\/15\/playas-de-quintana-roo-permaneceran-cerradas-hasta-que-el-semaforo-este-en-amarillo\/#breadcrumb","itemListElement":[{"@type":"ListItem","position":1,"name":"Inicio","item":"https:\/\/nitu.mx\/"},{"@type":"ListItem","position":2,"name":"Playas de Quintana Roo permanecer\u00e1n cerradas hasta que el sem\u00e1foro este en amarillo"}]},{"@type":"WebSite","@id":"https:\/\/nitu.mx\/#website","url":"https:\/\/nitu.mx\/","name":"Nitu - Noticias de la Industria Turistica","description":"Noticias de la Industria Turistica","publisher":{"@id":"https:\/\/nitu.mx\/#\/schema\/person\/ae7a53426417292d3dd07b45a33e01bc"},"alternateName":"Noticias de la Industria Turistica","potentialAction":[{"@type":"SearchAction","target":{"@type":"EntryPoint","urlTemplate":"https:\/\/nitu.mx\/?s={search_term_string}"},"query-input":"required name=search_term_string"}],"inLanguage":"es-MX"},{"@type":["Person","Organization"],"@id":"https:\/\/nitu.mx\/#\/schema\/person\/ae7a53426417292d3dd07b45a33e01bc","name":"Arturo Medina","image":{"@type":"ImageObject","inLanguage":"es-MX","@id":"https:\/\/nitu.mx\/#\/schema\/person\/image\/","url":"https:\/\/nitu.mx\/wp-content\/uploads\/2024\/04\/4A315622-1904-4D5C-B022-878CDC840E04-90x90-1.jpeg","contentUrl":"https:\/\/nitu.mx\/wp-content\/uploads\/2024\/04\/4A315622-1904-4D5C-B022-878CDC840E04-90x90-1.jpeg","width":90,"height":90,"caption":"Arturo Medina"},"logo":{"@id":"https:\/\/nitu.mx\/#\/schema\/person\/image\/"},"description":"Director NITU.mx, Egresado de la Escuela de Periodismo Carlos Septi\u00e9n Garc\u00eda. Periodista y analista especializado en turismo desde hace 35 a\u00f1os, radicado en Canc\u00fan Q.Roo. arturo@nitu.mx","sameAs":["https:\/\/nitu.mx","https:\/\/www.facebook.com\/NITUmx\/","medinacancun","https:\/\/twitter.com\/@Arturo_Medina_G"]},{"@type":"Person","@id":"https:\/\/nitu.mx\/#\/schema\/person\/4a28fe9bd65924f7c90623773daf1b0b","name":"Redacci\u00f3n","image":{"@type":"ImageObject","inLanguage":"es-MX","@id":"https:\/\/nitu.mx\/#\/schema\/person\/image\/","url":"https:\/\/secure.gravatar.com\/avatar\/5dd011c8ccfc5cd7e4c81e42252aab38?s=96&d=mm&r=g","contentUrl":"https:\/\/secure.gravatar.com\/avatar\/5dd011c8ccfc5cd7e4c81e42252aab38?s=96&d=mm&r=g","caption":"Redacci\u00f3n"},"url":"https:\/\/nitu.mx\/index.php\/author\/redaccion\/"}]}},"views":268,"_links":{"self":[{"href":"https:\/\/nitu.mx\/index.php\/wp-json\/wp\/v2\/posts\/43525"}],"collection":[{"href":"https:\/\/nitu.mx\/index.php\/wp-json\/wp\/v2\/posts"}],"about":[{"href":"https:\/\/nitu.mx\/index.php\/wp-json\/wp\/v2\/types\/post"}],"author":[{"embeddable":true,"href":"https:\/\/nitu.mx\/index.php\/wp-json\/wp\/v2\/users\/17"}],"replies":[{"embeddable":true,"href":"https:\/\/nitu.mx\/index.php\/wp-json\/wp\/v2\/comments?post=43525"}],"version-history":[{"count":3,"href":"https:\/\/nitu.mx\/index.php\/wp-json\/wp\/v2\/posts\/43525\/revisions"}],"predecessor-version":[{"id":43549,"href":"https:\/\/nitu.mx\/index.php\/wp-json\/wp\/v2\/posts\/43525\/revisions\/43549"}],"wp:featuredmedia":[{"embeddable":true,"href":"https:\/\/nitu.mx\/index.php\/wp-json\/wp\/v2\/media\/33850"}],"wp:attachment":[{"href":"https:\/\/nitu.mx\/index.php\/wp-json\/wp\/v2\/media?parent=43525"}],"wp:term":[{"taxonomy":"category","embeddable":true,"href":"https:\/\/nitu.mx\/index.php\/wp-json\/wp\/v2\/categories?post=43525"},{"taxonomy":"post_tag","embeddable":true,"href":"https:\/\/nitu.mx\/index.php\/wp-json\/wp\/v2\/tags?post=43525"}],"curies":[{"name":"wp","href":"https:\/\/api.w.org\/{rel}","templated":true}]}}