{"id":43348,"date":"2020-06-09T00:30:07","date_gmt":"2020-06-09T05:30:07","guid":{"rendered":"https:\/\/www.dev.nitu.mx\/?p=43348"},"modified":"2020-06-09T00:44:12","modified_gmt":"2020-06-09T05:44:12","slug":"interjet-ofrece-traslado-gratuito-de-medicos-y-enfermeros-del-sector-publico-por-covid-19","status":"publish","type":"post","link":"https:\/\/nitu.mx\/index.php\/2020\/06\/09\/interjet-ofrece-traslado-gratuito-de-medicos-y-enfermeros-del-sector-publico-por-covid-19\/","title":{"rendered":"Interjet ofrece traslado gratuito de m\u00e9dicos y enfermeros del sector p\u00fablico por Covid-19"},"content":{"rendered":"\n<p>Para contribuir a superar los efectos de la pandemia de Covid-19 en M\u00e9xico, Interjet extiende durante todo el mes de junio el traslado gratuito de m\u00e9dicos y enfermeras del sector p\u00fablico, as\u00ed como el servicio de carga de insumos para la atenci\u00f3n de la salud.<\/p>\n\n\n\n<p>Vivimos una crisis sin precedentes y la emergencia sanitaria de coronavirus ha impuesto un reto enorme a los mexicanos, mismo que enfrentamos con decisi\u00f3n, unidad y solidaridad. (<a href=\"https:\/\/www.dev.nitu.mx\/index.php\/2020\/06\/04\/interjet-presenta-politica-de-vuelos-saludables\/\">Interjet presenta pol\u00edtica de \u201cVuelos saludables\u201d<\/a>).<\/p>\n\n\n\n<p>Es por ello que la aerol\u00ednea pone a disposici\u00f3n de m\u00e9dicos y enfermeras del sector p\u00fablico las rutas que conectan desde y hacia la Ciudad de M\u00e9xico con: Canc\u00fan, Guadalajara, Monterrey, M\u00e9rida, Puerto Vallarta y Oaxaca.<\/p>\n\n\n\n<p>De igual forma, durante junio, Interjet extiende el servicio gratuito de carga de insumos m\u00e9dicos para todas las instituciones de salud del sector p\u00fablico, Instituciones de Asistencia P\u00fablica y fundaciones que contribuyen a la atenci\u00f3n de la salud de los mexicanos.<\/p>\n\n\n\n<p>Para hacer v\u00e1lida la promoci\u00f3n, es necesario contar con credencial vigente que acredite la pertenencia a cualquier instituci\u00f3n p\u00fablica de salud en el pa\u00eds, y reservar el servicio a trav\u00e9s de nuestros canales de atenci\u00f3n al cliente en los n\u00fameros telef\u00f3nicos (55) 11025555, para la Ciudad de M\u00e9xico, o desde el interior de la Rep\u00fablica al 01 (800) 0112345, y por medio de la p\u00e1gina web&nbsp;<a href=\"http:\/\/www.interjet.com\/\" target=\"_blank\" rel=\"noreferrer noopener\">www.interjet.com<\/a>.<\/p>\n","protected":false},"excerpt":{"rendered":"<p>Para contribuir a superar los efectos de la pandemia de Covid-19 en M\u00e9xico, Interjet extiende durante todo el mes de junio el traslado gratuito de m\u00e9dicos y enfermeras del sector p\u00fablico, as\u00ed como el servicio de carga de insumos para la atenci\u00f3n de la salud. Vivimos una crisis sin precedentes y la emergencia sanitaria de [&hellip;]<\/p>\n","protected":false},"author":17,"featured_media":32075,"comment_status":"open","ping_status":"open","sticky":false,"template":"","format":"standard","meta":{"footnotes":""},"categories":[29,6],"tags":[18906,172,4174,19662],"yoast_head":"<!-- This site is optimized with the Yoast SEO plugin v22.2 - https:\/\/yoast.com\/wordpress\/plugins\/seo\/ -->\n<title>Interjet ofrece traslado gratuito de m\u00e9dicos y enfermeros del sector p\u00fablico por Covid-19 - Nitu - Noticias de la Industria Turistica<\/title>\n<meta name=\"robots\" content=\"index, follow, max-snippet:-1, max-image-preview:large, max-video-preview:-1\" \/>\n<link rel=\"canonical\" href=\"https:\/\/nitu.mx\/index.php\/2020\/06\/09\/interjet-ofrece-traslado-gratuito-de-medicos-y-enfermeros-del-sector-publico-por-covid-19\/\" \/>\n<meta name=\"twitter:card\" content=\"summary_large_image\" \/>\n<meta name=\"twitter:title\" content=\"Interjet ofrece traslado gratuito de m\u00e9dicos y enfermeros del sector p\u00fablico por Covid-19 - Nitu - Noticias de la Industria Turistica\" \/>\n<meta name=\"twitter:description\" content=\"Para contribuir a superar los efectos de la pandemia de Covid-19 en M\u00e9xico, Interjet extiende durante todo el mes de junio el traslado gratuito de m\u00e9dicos y enfermeras del sector p\u00fablico, as\u00ed como el servicio de carga de insumos para la atenci\u00f3n de la salud. Vivimos una crisis sin precedentes y la emergencia sanitaria de [&hellip;]\" \/>\n<meta name=\"twitter:image\" content=\"https:\/\/nitu.mx\/wp-content\/uploads\/2019\/05\/Interjet-qatar.jpg\" \/>\n<meta name=\"twitter:creator\" content=\"@NITUmx\" \/>\n<meta name=\"twitter:site\" content=\"@Arturo_Medina_G\" \/>\n<meta name=\"twitter:label1\" content=\"Escrito por\" \/>\n\t<meta name=\"twitter:data1\" content=\"Redacci\u00f3n\" \/>\n\t<meta name=\"twitter:label2\" content=\"Tiempo de lectura\" \/>\n\t<meta name=\"twitter:data2\" content=\"1 minuto\" \/>\n<script type=\"application\/ld+json\" class=\"yoast-schema-graph\">{\"@context\":\"https:\/\/schema.org\",\"@graph\":[{\"@type\":\"Article\",\"@id\":\"https:\/\/nitu.mx\/index.php\/2020\/06\/09\/interjet-ofrece-traslado-gratuito-de-medicos-y-enfermeros-del-sector-publico-por-covid-19\/#article\",\"isPartOf\":{\"@id\":\"https:\/\/nitu.mx\/index.php\/2020\/06\/09\/interjet-ofrece-traslado-gratuito-de-medicos-y-enfermeros-del-sector-publico-por-covid-19\/\"},\"author\":{\"name\":\"Redacci\u00f3n\",\"@id\":\"https:\/\/nitu.mx\/#\/schema\/person\/4a28fe9bd65924f7c90623773daf1b0b\"},\"headline\":\"Interjet ofrece traslado gratuito de m\u00e9dicos y enfermeros del sector p\u00fablico por Covid-19\",\"datePublished\":\"2020-06-09T05:30:07+00:00\",\"dateModified\":\"2020-06-09T05:44:12+00:00\",\"mainEntityOfPage\":{\"@id\":\"https:\/\/nitu.mx\/index.php\/2020\/06\/09\/interjet-ofrece-traslado-gratuito-de-medicos-y-enfermeros-del-sector-publico-por-covid-19\/\"},\"wordCount\":264,\"commentCount\":0,\"publisher\":{\"@id\":\"https:\/\/nitu.mx\/#\/schema\/person\/ae7a53426417292d3dd07b45a33e01bc\"},\"image\":{\"@id\":\"https:\/\/nitu.mx\/index.php\/2020\/06\/09\/interjet-ofrece-traslado-gratuito-de-medicos-y-enfermeros-del-sector-publico-por-covid-19\/#primaryimage\"},\"thumbnailUrl\":\"https:\/\/nitu.mx\/wp-content\/uploads\/2019\/05\/Interjet-qatar.jpg\",\"keywords\":[\"Covid-19\",\"Interjet\",\"m\u00e9dicos\",\"traslado gratuito\"],\"articleSection\":[\"Aerol\u00edneas\",\"M\u00e9xico\"],\"inLanguage\":\"es-MX\",\"potentialAction\":[{\"@type\":\"CommentAction\",\"name\":\"Comment\",\"target\":[\"https:\/\/nitu.mx\/index.php\/2020\/06\/09\/interjet-ofrece-traslado-gratuito-de-medicos-y-enfermeros-del-sector-publico-por-covid-19\/#respond\"]}]},{\"@type\":\"WebPage\",\"@id\":\"https:\/\/nitu.mx\/index.php\/2020\/06\/09\/interjet-ofrece-traslado-gratuito-de-medicos-y-enfermeros-del-sector-publico-por-covid-19\/\",\"url\":\"https:\/\/nitu.mx\/index.php\/2020\/06\/09\/interjet-ofrece-traslado-gratuito-de-medicos-y-enfermeros-del-sector-publico-por-covid-19\/\",\"name\":\"Interjet ofrece traslado gratuito de m\u00e9dicos y enfermeros del sector p\u00fablico por Covid-19 - Nitu - Noticias de la Industria Turistica\",\"isPartOf\":{\"@id\":\"https:\/\/nitu.mx\/#website\"},\"primaryImageOfPage\":{\"@id\":\"https:\/\/nitu.mx\/index.php\/2020\/06\/09\/interjet-ofrece-traslado-gratuito-de-medicos-y-enfermeros-del-sector-publico-por-covid-19\/#primaryimage\"},\"image\":{\"@id\":\"https:\/\/nitu.mx\/index.php\/2020\/06\/09\/interjet-ofrece-traslado-gratuito-de-medicos-y-enfermeros-del-sector-publico-por-covid-19\/#primaryimage\"},\"thumbnailUrl\":\"https:\/\/nitu.mx\/wp-content\/uploads\/2019\/05\/Interjet-qatar.jpg\",\"datePublished\":\"2020-06-09T05:30:07+00:00\",\"dateModified\":\"2020-06-09T05:44:12+00:00\",\"breadcrumb\":{\"@id\":\"https:\/\/nitu.mx\/index.php\/2020\/06\/09\/interjet-ofrece-traslado-gratuito-de-medicos-y-enfermeros-del-sector-publico-por-covid-19\/#breadcrumb\"},\"inLanguage\":\"es-MX\",\"potentialAction\":[{\"@type\":\"ReadAction\",\"target\":[\"https:\/\/nitu.mx\/index.php\/2020\/06\/09\/interjet-ofrece-traslado-gratuito-de-medicos-y-enfermeros-del-sector-publico-por-covid-19\/\"]}]},{\"@type\":\"ImageObject\",\"inLanguage\":\"es-MX\",\"@id\":\"https:\/\/nitu.mx\/index.php\/2020\/06\/09\/interjet-ofrece-traslado-gratuito-de-medicos-y-enfermeros-del-sector-publico-por-covid-19\/#primaryimage\",\"url\":\"https:\/\/nitu.mx\/wp-content\/uploads\/2019\/05\/Interjet-qatar.jpg\",\"contentUrl\":\"https:\/\/nitu.mx\/wp-content\/uploads\/2019\/05\/Interjet-qatar.jpg\",\"width\":850,\"height\":480,\"caption\":\"Interjet qatar narda\"},{\"@type\":\"BreadcrumbList\",\"@id\":\"https:\/\/nitu.mx\/index.php\/2020\/06\/09\/interjet-ofrece-traslado-gratuito-de-medicos-y-enfermeros-del-sector-publico-por-covid-19\/#breadcrumb\",\"itemListElement\":[{\"@type\":\"ListItem\",\"position\":1,\"name\":\"Inicio\",\"item\":\"https:\/\/nitu.mx\/\"},{\"@type\":\"ListItem\",\"position\":2,\"name\":\"Interjet ofrece traslado gratuito de m\u00e9dicos y enfermeros del sector p\u00fablico por Covid-19\"}]},{\"@type\":\"WebSite\",\"@id\":\"https:\/\/nitu.mx\/#website\",\"url\":\"https:\/\/nitu.mx\/\",\"name\":\"Nitu - Noticias de la Industria Turistica\",\"description\":\"Noticias de la Industria Turistica\",\"publisher\":{\"@id\":\"https:\/\/nitu.mx\/#\/schema\/person\/ae7a53426417292d3dd07b45a33e01bc\"},\"alternateName\":\"Noticias de la Industria Turistica\",\"potentialAction\":[{\"@type\":\"SearchAction\",\"target\":{\"@type\":\"EntryPoint\",\"urlTemplate\":\"https:\/\/nitu.mx\/?s={search_term_string}\"},\"query-input\":\"required name=search_term_string\"}],\"inLanguage\":\"es-MX\"},{\"@type\":[\"Person\",\"Organization\"],\"@id\":\"https:\/\/nitu.mx\/#\/schema\/person\/ae7a53426417292d3dd07b45a33e01bc\",\"name\":\"Arturo Medina\",\"image\":{\"@type\":\"ImageObject\",\"inLanguage\":\"es-MX\",\"@id\":\"https:\/\/nitu.mx\/#\/schema\/person\/image\/\",\"url\":\"https:\/\/nitu.mx\/wp-content\/uploads\/2024\/04\/4A315622-1904-4D5C-B022-878CDC840E04-90x90-1.jpeg\",\"contentUrl\":\"https:\/\/nitu.mx\/wp-content\/uploads\/2024\/04\/4A315622-1904-4D5C-B022-878CDC840E04-90x90-1.jpeg\",\"width\":90,\"height\":90,\"caption\":\"Arturo Medina\"},\"logo\":{\"@id\":\"https:\/\/nitu.mx\/#\/schema\/person\/image\/\"},\"description\":\"Director NITU.mx, Egresado de la Escuela de Periodismo Carlos Septi\u00e9n Garc\u00eda. Periodista y analista especializado en turismo desde hace 35 a\u00f1os, radicado en Canc\u00fan Q.Roo. arturo@nitu.mx\",\"sameAs\":[\"https:\/\/nitu.mx\",\"https:\/\/www.facebook.com\/NITUmx\/\",\"medinacancun\",\"https:\/\/twitter.com\/@Arturo_Medina_G\"]},{\"@type\":\"Person\",\"@id\":\"https:\/\/nitu.mx\/#\/schema\/person\/4a28fe9bd65924f7c90623773daf1b0b\",\"name\":\"Redacci\u00f3n\",\"image\":{\"@type\":\"ImageObject\",\"inLanguage\":\"es-MX\",\"@id\":\"https:\/\/nitu.mx\/#\/schema\/person\/image\/\",\"url\":\"https:\/\/secure.gravatar.com\/avatar\/5dd011c8ccfc5cd7e4c81e42252aab38?s=96&d=mm&r=g\",\"contentUrl\":\"https:\/\/secure.gravatar.com\/avatar\/5dd011c8ccfc5cd7e4c81e42252aab38?s=96&d=mm&r=g\",\"caption\":\"Redacci\u00f3n\"},\"url\":\"https:\/\/nitu.mx\/index.php\/author\/redaccion\/\"}]}<\/script>\n<!-- \/ Yoast SEO plugin. -->","yoast_head_json":{"title":"Interjet ofrece traslado gratuito de m\u00e9dicos y enfermeros del sector p\u00fablico por Covid-19 - Nitu - Noticias de la Industria Turistica","robots":{"index":"index","follow":"follow","max-snippet":"max-snippet:-1","max-image-preview":"max-image-preview:large","max-video-preview":"max-video-preview:-1"},"canonical":"https:\/\/nitu.mx\/index.php\/2020\/06\/09\/interjet-ofrece-traslado-gratuito-de-medicos-y-enfermeros-del-sector-publico-por-covid-19\/","twitter_card":"summary_large_image","twitter_title":"Interjet ofrece traslado gratuito de m\u00e9dicos y enfermeros del sector p\u00fablico por Covid-19 - Nitu - Noticias de la Industria Turistica","twitter_description":"Para contribuir a superar los efectos de la pandemia de Covid-19 en M\u00e9xico, Interjet extiende durante todo el mes de junio el traslado gratuito de m\u00e9dicos y enfermeras del sector p\u00fablico, as\u00ed como el servicio de carga de insumos para la atenci\u00f3n de la salud. Vivimos una crisis sin precedentes y la emergencia sanitaria de [&hellip;]","twitter_image":"https:\/\/nitu.mx\/wp-content\/uploads\/2019\/05\/Interjet-qatar.jpg","twitter_creator":"@NITUmx","twitter_site":"@Arturo_Medina_G","twitter_misc":{"Escrito por":"Redacci\u00f3n","Tiempo de lectura":"1 minuto"},"schema":{"@context":"https:\/\/schema.org","@graph":[{"@type":"Article","@id":"https:\/\/nitu.mx\/index.php\/2020\/06\/09\/interjet-ofrece-traslado-gratuito-de-medicos-y-enfermeros-del-sector-publico-por-covid-19\/#article","isPartOf":{"@id":"https:\/\/nitu.mx\/index.php\/2020\/06\/09\/interjet-ofrece-traslado-gratuito-de-medicos-y-enfermeros-del-sector-publico-por-covid-19\/"},"author":{"name":"Redacci\u00f3n","@id":"https:\/\/nitu.mx\/#\/schema\/person\/4a28fe9bd65924f7c90623773daf1b0b"},"headline":"Interjet ofrece traslado gratuito de m\u00e9dicos y enfermeros del sector p\u00fablico por Covid-19","datePublished":"2020-06-09T05:30:07+00:00","dateModified":"2020-06-09T05:44:12+00:00","mainEntityOfPage":{"@id":"https:\/\/nitu.mx\/index.php\/2020\/06\/09\/interjet-ofrece-traslado-gratuito-de-medicos-y-enfermeros-del-sector-publico-por-covid-19\/"},"wordCount":264,"commentCount":0,"publisher":{"@id":"https:\/\/nitu.mx\/#\/schema\/person\/ae7a53426417292d3dd07b45a33e01bc"},"image":{"@id":"https:\/\/nitu.mx\/index.php\/2020\/06\/09\/interjet-ofrece-traslado-gratuito-de-medicos-y-enfermeros-del-sector-publico-por-covid-19\/#primaryimage"},"thumbnailUrl":"https:\/\/nitu.mx\/wp-content\/uploads\/2019\/05\/Interjet-qatar.jpg","keywords":["Covid-19","Interjet","m\u00e9dicos","traslado gratuito"],"articleSection":["Aerol\u00edneas","M\u00e9xico"],"inLanguage":"es-MX","potentialAction":[{"@type":"CommentAction","name":"Comment","target":["https:\/\/nitu.mx\/index.php\/2020\/06\/09\/interjet-ofrece-traslado-gratuito-de-medicos-y-enfermeros-del-sector-publico-por-covid-19\/#respond"]}]},{"@type":"WebPage","@id":"https:\/\/nitu.mx\/index.php\/2020\/06\/09\/interjet-ofrece-traslado-gratuito-de-medicos-y-enfermeros-del-sector-publico-por-covid-19\/","url":"https:\/\/nitu.mx\/index.php\/2020\/06\/09\/interjet-ofrece-traslado-gratuito-de-medicos-y-enfermeros-del-sector-publico-por-covid-19\/","name":"Interjet ofrece traslado gratuito de m\u00e9dicos y enfermeros del sector p\u00fablico por Covid-19 - Nitu - Noticias de la Industria Turistica","isPartOf":{"@id":"https:\/\/nitu.mx\/#website"},"primaryImageOfPage":{"@id":"https:\/\/nitu.mx\/index.php\/2020\/06\/09\/interjet-ofrece-traslado-gratuito-de-medicos-y-enfermeros-del-sector-publico-por-covid-19\/#primaryimage"},"image":{"@id":"https:\/\/nitu.mx\/index.php\/2020\/06\/09\/interjet-ofrece-traslado-gratuito-de-medicos-y-enfermeros-del-sector-publico-por-covid-19\/#primaryimage"},"thumbnailUrl":"https:\/\/nitu.mx\/wp-content\/uploads\/2019\/05\/Interjet-qatar.jpg","datePublished":"2020-06-09T05:30:07+00:00","dateModified":"2020-06-09T05:44:12+00:00","breadcrumb":{"@id":"https:\/\/nitu.mx\/index.php\/2020\/06\/09\/interjet-ofrece-traslado-gratuito-de-medicos-y-enfermeros-del-sector-publico-por-covid-19\/#breadcrumb"},"inLanguage":"es-MX","potentialAction":[{"@type":"ReadAction","target":["https:\/\/nitu.mx\/index.php\/2020\/06\/09\/interjet-ofrece-traslado-gratuito-de-medicos-y-enfermeros-del-sector-publico-por-covid-19\/"]}]},{"@type":"ImageObject","inLanguage":"es-MX","@id":"https:\/\/nitu.mx\/index.php\/2020\/06\/09\/interjet-ofrece-traslado-gratuito-de-medicos-y-enfermeros-del-sector-publico-por-covid-19\/#primaryimage","url":"https:\/\/nitu.mx\/wp-content\/uploads\/2019\/05\/Interjet-qatar.jpg","contentUrl":"https:\/\/nitu.mx\/wp-content\/uploads\/2019\/05\/Interjet-qatar.jpg","width":850,"height":480,"caption":"Interjet qatar narda"},{"@type":"BreadcrumbList","@id":"https:\/\/nitu.mx\/index.php\/2020\/06\/09\/interjet-ofrece-traslado-gratuito-de-medicos-y-enfermeros-del-sector-publico-por-covid-19\/#breadcrumb","itemListElement":[{"@type":"ListItem","position":1,"name":"Inicio","item":"https:\/\/nitu.mx\/"},{"@type":"ListItem","position":2,"name":"Interjet ofrece traslado gratuito de m\u00e9dicos y enfermeros del sector p\u00fablico por Covid-19"}]},{"@type":"WebSite","@id":"https:\/\/nitu.mx\/#website","url":"https:\/\/nitu.mx\/","name":"Nitu - Noticias de la Industria Turistica","description":"Noticias de la Industria Turistica","publisher":{"@id":"https:\/\/nitu.mx\/#\/schema\/person\/ae7a53426417292d3dd07b45a33e01bc"},"alternateName":"Noticias de la Industria Turistica","potentialAction":[{"@type":"SearchAction","target":{"@type":"EntryPoint","urlTemplate":"https:\/\/nitu.mx\/?s={search_term_string}"},"query-input":"required name=search_term_string"}],"inLanguage":"es-MX"},{"@type":["Person","Organization"],"@id":"https:\/\/nitu.mx\/#\/schema\/person\/ae7a53426417292d3dd07b45a33e01bc","name":"Arturo Medina","image":{"@type":"ImageObject","inLanguage":"es-MX","@id":"https:\/\/nitu.mx\/#\/schema\/person\/image\/","url":"https:\/\/nitu.mx\/wp-content\/uploads\/2024\/04\/4A315622-1904-4D5C-B022-878CDC840E04-90x90-1.jpeg","contentUrl":"https:\/\/nitu.mx\/wp-content\/uploads\/2024\/04\/4A315622-1904-4D5C-B022-878CDC840E04-90x90-1.jpeg","width":90,"height":90,"caption":"Arturo Medina"},"logo":{"@id":"https:\/\/nitu.mx\/#\/schema\/person\/image\/"},"description":"Director NITU.mx, Egresado de la Escuela de Periodismo Carlos Septi\u00e9n Garc\u00eda. Periodista y analista especializado en turismo desde hace 35 a\u00f1os, radicado en Canc\u00fan Q.Roo. arturo@nitu.mx","sameAs":["https:\/\/nitu.mx","https:\/\/www.facebook.com\/NITUmx\/","medinacancun","https:\/\/twitter.com\/@Arturo_Medina_G"]},{"@type":"Person","@id":"https:\/\/nitu.mx\/#\/schema\/person\/4a28fe9bd65924f7c90623773daf1b0b","name":"Redacci\u00f3n","image":{"@type":"ImageObject","inLanguage":"es-MX","@id":"https:\/\/nitu.mx\/#\/schema\/person\/image\/","url":"https:\/\/secure.gravatar.com\/avatar\/5dd011c8ccfc5cd7e4c81e42252aab38?s=96&d=mm&r=g","contentUrl":"https:\/\/secure.gravatar.com\/avatar\/5dd011c8ccfc5cd7e4c81e42252aab38?s=96&d=mm&r=g","caption":"Redacci\u00f3n"},"url":"https:\/\/nitu.mx\/index.php\/author\/redaccion\/"}]}},"views":233,"_links":{"self":[{"href":"https:\/\/nitu.mx\/index.php\/wp-json\/wp\/v2\/posts\/43348"}],"collection":[{"href":"https:\/\/nitu.mx\/index.php\/wp-json\/wp\/v2\/posts"}],"about":[{"href":"https:\/\/nitu.mx\/index.php\/wp-json\/wp\/v2\/types\/post"}],"author":[{"embeddable":true,"href":"https:\/\/nitu.mx\/index.php\/wp-json\/wp\/v2\/users\/17"}],"replies":[{"embeddable":true,"href":"https:\/\/nitu.mx\/index.php\/wp-json\/wp\/v2\/comments?post=43348"}],"version-history":[{"count":3,"href":"https:\/\/nitu.mx\/index.php\/wp-json\/wp\/v2\/posts\/43348\/revisions"}],"predecessor-version":[{"id":43372,"href":"https:\/\/nitu.mx\/index.php\/wp-json\/wp\/v2\/posts\/43348\/revisions\/43372"}],"wp:featuredmedia":[{"embeddable":true,"href":"https:\/\/nitu.mx\/index.php\/wp-json\/wp\/v2\/media\/32075"}],"wp:attachment":[{"href":"https:\/\/nitu.mx\/index.php\/wp-json\/wp\/v2\/media?parent=43348"}],"wp:term":[{"taxonomy":"category","embeddable":true,"href":"https:\/\/nitu.mx\/index.php\/wp-json\/wp\/v2\/categories?post=43348"},{"taxonomy":"post_tag","embeddable":true,"href":"https:\/\/nitu.mx\/index.php\/wp-json\/wp\/v2\/tags?post=43348"}],"curies":[{"name":"wp","href":"https:\/\/api.w.org\/{rel}","templated":true}]}}