{"id":43232,"date":"2020-06-05T00:42:41","date_gmt":"2020-06-05T05:42:41","guid":{"rendered":"https:\/\/www.dev.nitu.mx\/?p=43232"},"modified":"2020-06-05T00:45:27","modified_gmt":"2020-06-05T05:45:27","slug":"coordinacion-entre-paises-sera-esencial-para-la-pronta-recuperacion-del-turismo-gloria-guevara","status":"publish","type":"post","link":"https:\/\/nitu.mx\/index.php\/2020\/06\/05\/coordinacion-entre-paises-sera-esencial-para-la-pronta-recuperacion-del-turismo-gloria-guevara\/","title":{"rendered":"Coordinaci\u00f3n entre pa\u00edses ser\u00e1 esencial para la pronta recuperaci\u00f3n del Turismo; Gloria Guevara"},"content":{"rendered":"\n<p>Gloria Guevara Manzo, presidenta del Consejo Mundial de Viajes y Turismo (WTTC)&nbsp; afirm\u00f3 que es fundamental la coordinaci\u00f3n regional entre pa\u00edses para impulsar la pronta recuperaci\u00f3n de la actividad tur\u00edstica de forma segura.<\/p>\n\n\n\n<p>Durante su participaci\u00f3n en el foro virtual \u201cEl futuro del turismo, visi\u00f3n sudamericana\u201d, organizado por la Federaci\u00f3n Sudamericana de Turismo (FEDESUD), se\u00f1al\u00f3 que s\u00f3lo a trav\u00e9s de la cooperaci\u00f3n entre las naciones se podr\u00e1n enfrentar los efectos negativos de la pandemia por Covid-19.<\/p>\n\n\n\n<p>Dijo que el trabajo conjunto permitir\u00e1 una mejor implementaci\u00f3n y homologaci\u00f3n de protocolos de viaje en la nueva normalidad, el intercambio de experiencias, el trabajo entre autoridades y el sector privado y, sobre todo, la recuperaci\u00f3n de la confianza de los viajeros.<\/p>\n\n\n\n<p>Guevara Manzo resalt\u00f3 que los gobiernos que brinden oportunamente apoyos al sector tur\u00edstico ser\u00e1n los primeros en salir de la crisis econ\u00f3mica que ha dejado la pandemia del Covid-19. En este sentido, dijo que el WTTC ha identificado cuatro ejes que ser\u00e1n fundamentales para la recuperaci\u00f3n de la actividad tur\u00edstica:<\/p>\n\n\n\n<ul><li>Coordinaci\u00f3n p\u00fablico-privada que permita la pronta reactivaci\u00f3n del turismo.<\/li><li>Estandarizaci\u00f3n de medidas y reducci\u00f3n de tiempo en aeropuertos, para mejorar la experiencia de viaje.<\/li><li>Protocolos de higiene y sanitizaci\u00f3n en hoteles, aeropuertos y establecimientos, que brinden confianza al viajero.<\/li><li>Apoyo decidido de los gobiernos a las empresas tur\u00edsticas.<\/li><\/ul>\n\n\n\n<p>Adicionalmente, expuso que para impulsar la reactivaci\u00f3n segura del turismo, el WTTC anunci\u00f3 una serie de protocolos de higiene para proteger la salud de los viajeros, as\u00ed como el Sello de Seguridad Global (Global Safety Stamp) que otorga a los destinos que adoptan sus est\u00e1ndares de sanitizaci\u00f3n, con el respaldo de la Organizaci\u00f3n Mundial del Turismo (OMT) y basados en las recomendaciones de la Organizaci\u00f3n Mundial de la Salud (OMS).<\/p>\n\n\n\n<p>El foro virtual, moderado por Maribel Rodr\u00edguez, Vicepresidenta Senior del WTTC, tuvo como ponentes a l\u00edderes de las c\u00e1maras tur\u00edsticas de Argentina, Bolivia, Chile, Ecuador, Per\u00fa, Uruguay y Venezuela, y fue seguido por integrantes de la industria de M\u00e9xico, Centroam\u00e9rica, el Caribe, Sudam\u00e9rica y Europa, principalmente.<\/p>\n\n\n\n<p>Aldo El\u00edas, presidente de la FEDESUD y titular de la C\u00e1mara Argentina de Turismo (CAT), destac\u00f3 que lo m\u00e1s importante en este momento es recuperar la confianza de los viajeros y crear corredores tur\u00edsticos regionales, que permitan el desarrollo de la actividad tur\u00edstica.<\/p>\n\n\n\n<p>Marco Mercado Murillo, presidente del Sector Privado de Turismo de Bolivia, dijo que el gobierno ha brindado una serie de programas de apoyo al salario y cr\u00e9ditos a peque\u00f1as y medianas empresas, para encarar la situaci\u00f3n de emergencia.<\/p>\n\n\n\n<p>Helen Kouyoumdjian, vicepresidente de la Federaci\u00f3n de Turismo de Chile, detall\u00f3 que el gobierno ha aplicado medidas de protecci\u00f3n del empleo y la entrega de cr\u00e9ditos para el apoyo empresarial.<\/p>\n","protected":false},"excerpt":{"rendered":"<p>Gloria Guevara Manzo, presidenta del Consejo Mundial de Viajes y Turismo (WTTC)&nbsp; afirm\u00f3 que es fundamental la coordinaci\u00f3n regional entre pa\u00edses para impulsar la pronta recuperaci\u00f3n de la actividad tur\u00edstica de forma segura. Durante su participaci\u00f3n en el foro virtual \u201cEl futuro del turismo, visi\u00f3n sudamericana\u201d, organizado por la Federaci\u00f3n Sudamericana de Turismo (FEDESUD), se\u00f1al\u00f3 [&hellip;]<\/p>\n","protected":false},"author":17,"featured_media":43090,"comment_status":"open","ping_status":"open","sticky":false,"template":"","format":"standard","meta":{"footnotes":""},"categories":[374,12],"tags":[4961,1494,8224,4931],"yoast_head":"<!-- This site is optimized with the Yoast SEO plugin v22.2 - https:\/\/yoast.com\/wordpress\/plugins\/seo\/ -->\n<title>Coordinaci\u00f3n entre pa\u00edses ser\u00e1 esencial para la pronta recuperaci\u00f3n del Turismo; Gloria Guevara - Nitu - Noticias de la Industria Turistica<\/title>\n<meta name=\"robots\" content=\"index, follow, max-snippet:-1, max-image-preview:large, max-video-preview:-1\" \/>\n<link rel=\"canonical\" href=\"https:\/\/nitu.mx\/index.php\/2020\/06\/05\/coordinacion-entre-paises-sera-esencial-para-la-pronta-recuperacion-del-turismo-gloria-guevara\/\" \/>\n<meta name=\"twitter:card\" content=\"summary_large_image\" \/>\n<meta name=\"twitter:title\" content=\"Coordinaci\u00f3n entre pa\u00edses ser\u00e1 esencial para la pronta recuperaci\u00f3n del Turismo; Gloria Guevara - Nitu - Noticias de la Industria Turistica\" \/>\n<meta name=\"twitter:description\" content=\"Gloria Guevara Manzo, presidenta del Consejo Mundial de Viajes y Turismo (WTTC)&nbsp; afirm\u00f3 que es fundamental la coordinaci\u00f3n regional entre pa\u00edses para impulsar la pronta recuperaci\u00f3n de la actividad tur\u00edstica de forma segura. Durante su participaci\u00f3n en el foro virtual \u201cEl futuro del turismo, visi\u00f3n sudamericana\u201d, organizado por la Federaci\u00f3n Sudamericana de Turismo (FEDESUD), se\u00f1al\u00f3 [&hellip;]\" \/>\n<meta name=\"twitter:image\" content=\"https:\/\/nitu.mx\/wp-content\/uploads\/2020\/05\/Gloria-Guevara-WTTC.jpg\" \/>\n<meta name=\"twitter:creator\" content=\"@NITUmx\" \/>\n<meta name=\"twitter:site\" content=\"@Arturo_Medina_G\" \/>\n<meta name=\"twitter:label1\" content=\"Escrito por\" \/>\n\t<meta name=\"twitter:data1\" content=\"Redacci\u00f3n\" \/>\n\t<meta name=\"twitter:label2\" content=\"Tiempo de lectura\" \/>\n\t<meta name=\"twitter:data2\" content=\"2 minutos\" \/>\n<script type=\"application\/ld+json\" class=\"yoast-schema-graph\">{\"@context\":\"https:\/\/schema.org\",\"@graph\":[{\"@type\":\"Article\",\"@id\":\"https:\/\/nitu.mx\/index.php\/2020\/06\/05\/coordinacion-entre-paises-sera-esencial-para-la-pronta-recuperacion-del-turismo-gloria-guevara\/#article\",\"isPartOf\":{\"@id\":\"https:\/\/nitu.mx\/index.php\/2020\/06\/05\/coordinacion-entre-paises-sera-esencial-para-la-pronta-recuperacion-del-turismo-gloria-guevara\/\"},\"author\":{\"name\":\"Redacci\u00f3n\",\"@id\":\"https:\/\/nitu.mx\/#\/schema\/person\/4a28fe9bd65924f7c90623773daf1b0b\"},\"headline\":\"Coordinaci\u00f3n entre pa\u00edses ser\u00e1 esencial para la pronta recuperaci\u00f3n del Turismo; Gloria Guevara\",\"datePublished\":\"2020-06-05T05:42:41+00:00\",\"dateModified\":\"2020-06-05T05:45:27+00:00\",\"mainEntityOfPage\":{\"@id\":\"https:\/\/nitu.mx\/index.php\/2020\/06\/05\/coordinacion-entre-paises-sera-esencial-para-la-pronta-recuperacion-del-turismo-gloria-guevara\/\"},\"wordCount\":511,\"commentCount\":0,\"publisher\":{\"@id\":\"https:\/\/nitu.mx\/#\/schema\/person\/ae7a53426417292d3dd07b45a33e01bc\"},\"image\":{\"@id\":\"https:\/\/nitu.mx\/index.php\/2020\/06\/05\/coordinacion-entre-paises-sera-esencial-para-la-pronta-recuperacion-del-turismo-gloria-guevara\/#primaryimage\"},\"thumbnailUrl\":\"https:\/\/nitu.mx\/wp-content\/uploads\/2020\/05\/Gloria-Guevara-WTTC.jpg\",\"keywords\":[\"actividad tur\u00edstica\",\"Gloria Guevara\",\"sector privado\",\"WTTC\"],\"articleSection\":[\"Internacional\",\"Marketing\"],\"inLanguage\":\"es-MX\",\"potentialAction\":[{\"@type\":\"CommentAction\",\"name\":\"Comment\",\"target\":[\"https:\/\/nitu.mx\/index.php\/2020\/06\/05\/coordinacion-entre-paises-sera-esencial-para-la-pronta-recuperacion-del-turismo-gloria-guevara\/#respond\"]}]},{\"@type\":\"WebPage\",\"@id\":\"https:\/\/nitu.mx\/index.php\/2020\/06\/05\/coordinacion-entre-paises-sera-esencial-para-la-pronta-recuperacion-del-turismo-gloria-guevara\/\",\"url\":\"https:\/\/nitu.mx\/index.php\/2020\/06\/05\/coordinacion-entre-paises-sera-esencial-para-la-pronta-recuperacion-del-turismo-gloria-guevara\/\",\"name\":\"Coordinaci\u00f3n entre pa\u00edses ser\u00e1 esencial para la pronta recuperaci\u00f3n del Turismo; Gloria Guevara - Nitu - Noticias de la Industria Turistica\",\"isPartOf\":{\"@id\":\"https:\/\/nitu.mx\/#website\"},\"primaryImageOfPage\":{\"@id\":\"https:\/\/nitu.mx\/index.php\/2020\/06\/05\/coordinacion-entre-paises-sera-esencial-para-la-pronta-recuperacion-del-turismo-gloria-guevara\/#primaryimage\"},\"image\":{\"@id\":\"https:\/\/nitu.mx\/index.php\/2020\/06\/05\/coordinacion-entre-paises-sera-esencial-para-la-pronta-recuperacion-del-turismo-gloria-guevara\/#primaryimage\"},\"thumbnailUrl\":\"https:\/\/nitu.mx\/wp-content\/uploads\/2020\/05\/Gloria-Guevara-WTTC.jpg\",\"datePublished\":\"2020-06-05T05:42:41+00:00\",\"dateModified\":\"2020-06-05T05:45:27+00:00\",\"breadcrumb\":{\"@id\":\"https:\/\/nitu.mx\/index.php\/2020\/06\/05\/coordinacion-entre-paises-sera-esencial-para-la-pronta-recuperacion-del-turismo-gloria-guevara\/#breadcrumb\"},\"inLanguage\":\"es-MX\",\"potentialAction\":[{\"@type\":\"ReadAction\",\"target\":[\"https:\/\/nitu.mx\/index.php\/2020\/06\/05\/coordinacion-entre-paises-sera-esencial-para-la-pronta-recuperacion-del-turismo-gloria-guevara\/\"]}]},{\"@type\":\"ImageObject\",\"inLanguage\":\"es-MX\",\"@id\":\"https:\/\/nitu.mx\/index.php\/2020\/06\/05\/coordinacion-entre-paises-sera-esencial-para-la-pronta-recuperacion-del-turismo-gloria-guevara\/#primaryimage\",\"url\":\"https:\/\/nitu.mx\/wp-content\/uploads\/2020\/05\/Gloria-Guevara-WTTC.jpg\",\"contentUrl\":\"https:\/\/nitu.mx\/wp-content\/uploads\/2020\/05\/Gloria-Guevara-WTTC.jpg\",\"width\":850,\"height\":480,\"caption\":\"Gloria Guevara WTTC\"},{\"@type\":\"BreadcrumbList\",\"@id\":\"https:\/\/nitu.mx\/index.php\/2020\/06\/05\/coordinacion-entre-paises-sera-esencial-para-la-pronta-recuperacion-del-turismo-gloria-guevara\/#breadcrumb\",\"itemListElement\":[{\"@type\":\"ListItem\",\"position\":1,\"name\":\"Inicio\",\"item\":\"https:\/\/nitu.mx\/\"},{\"@type\":\"ListItem\",\"position\":2,\"name\":\"Coordinaci\u00f3n entre pa\u00edses ser\u00e1 esencial para la pronta recuperaci\u00f3n del Turismo; Gloria Guevara\"}]},{\"@type\":\"WebSite\",\"@id\":\"https:\/\/nitu.mx\/#website\",\"url\":\"https:\/\/nitu.mx\/\",\"name\":\"Nitu - Noticias de la Industria Turistica\",\"description\":\"Noticias de la Industria Turistica\",\"publisher\":{\"@id\":\"https:\/\/nitu.mx\/#\/schema\/person\/ae7a53426417292d3dd07b45a33e01bc\"},\"alternateName\":\"Noticias de la Industria Turistica\",\"potentialAction\":[{\"@type\":\"SearchAction\",\"target\":{\"@type\":\"EntryPoint\",\"urlTemplate\":\"https:\/\/nitu.mx\/?s={search_term_string}\"},\"query-input\":\"required name=search_term_string\"}],\"inLanguage\":\"es-MX\"},{\"@type\":[\"Person\",\"Organization\"],\"@id\":\"https:\/\/nitu.mx\/#\/schema\/person\/ae7a53426417292d3dd07b45a33e01bc\",\"name\":\"Arturo Medina\",\"image\":{\"@type\":\"ImageObject\",\"inLanguage\":\"es-MX\",\"@id\":\"https:\/\/nitu.mx\/#\/schema\/person\/image\/\",\"url\":\"https:\/\/nitu.mx\/wp-content\/uploads\/2024\/04\/4A315622-1904-4D5C-B022-878CDC840E04-90x90-1.jpeg\",\"contentUrl\":\"https:\/\/nitu.mx\/wp-content\/uploads\/2024\/04\/4A315622-1904-4D5C-B022-878CDC840E04-90x90-1.jpeg\",\"width\":90,\"height\":90,\"caption\":\"Arturo Medina\"},\"logo\":{\"@id\":\"https:\/\/nitu.mx\/#\/schema\/person\/image\/\"},\"description\":\"Director NITU.mx, Egresado de la Escuela de Periodismo Carlos Septi\u00e9n Garc\u00eda. Periodista y analista especializado en turismo desde hace 35 a\u00f1os, radicado en Canc\u00fan Q.Roo. arturo@nitu.mx\",\"sameAs\":[\"https:\/\/nitu.mx\",\"https:\/\/www.facebook.com\/NITUmx\/\",\"medinacancun\",\"https:\/\/twitter.com\/@Arturo_Medina_G\"]},{\"@type\":\"Person\",\"@id\":\"https:\/\/nitu.mx\/#\/schema\/person\/4a28fe9bd65924f7c90623773daf1b0b\",\"name\":\"Redacci\u00f3n\",\"image\":{\"@type\":\"ImageObject\",\"inLanguage\":\"es-MX\",\"@id\":\"https:\/\/nitu.mx\/#\/schema\/person\/image\/\",\"url\":\"https:\/\/secure.gravatar.com\/avatar\/5dd011c8ccfc5cd7e4c81e42252aab38?s=96&d=mm&r=g\",\"contentUrl\":\"https:\/\/secure.gravatar.com\/avatar\/5dd011c8ccfc5cd7e4c81e42252aab38?s=96&d=mm&r=g\",\"caption\":\"Redacci\u00f3n\"},\"url\":\"https:\/\/nitu.mx\/index.php\/author\/redaccion\/\"}]}<\/script>\n<!-- \/ Yoast SEO plugin. -->","yoast_head_json":{"title":"Coordinaci\u00f3n entre pa\u00edses ser\u00e1 esencial para la pronta recuperaci\u00f3n del Turismo; Gloria Guevara - Nitu - Noticias de la Industria Turistica","robots":{"index":"index","follow":"follow","max-snippet":"max-snippet:-1","max-image-preview":"max-image-preview:large","max-video-preview":"max-video-preview:-1"},"canonical":"https:\/\/nitu.mx\/index.php\/2020\/06\/05\/coordinacion-entre-paises-sera-esencial-para-la-pronta-recuperacion-del-turismo-gloria-guevara\/","twitter_card":"summary_large_image","twitter_title":"Coordinaci\u00f3n entre pa\u00edses ser\u00e1 esencial para la pronta recuperaci\u00f3n del Turismo; Gloria Guevara - Nitu - Noticias de la Industria Turistica","twitter_description":"Gloria Guevara Manzo, presidenta del Consejo Mundial de Viajes y Turismo (WTTC)&nbsp; afirm\u00f3 que es fundamental la coordinaci\u00f3n regional entre pa\u00edses para impulsar la pronta recuperaci\u00f3n de la actividad tur\u00edstica de forma segura. Durante su participaci\u00f3n en el foro virtual \u201cEl futuro del turismo, visi\u00f3n sudamericana\u201d, organizado por la Federaci\u00f3n Sudamericana de Turismo (FEDESUD), se\u00f1al\u00f3 [&hellip;]","twitter_image":"https:\/\/nitu.mx\/wp-content\/uploads\/2020\/05\/Gloria-Guevara-WTTC.jpg","twitter_creator":"@NITUmx","twitter_site":"@Arturo_Medina_G","twitter_misc":{"Escrito por":"Redacci\u00f3n","Tiempo de lectura":"2 minutos"},"schema":{"@context":"https:\/\/schema.org","@graph":[{"@type":"Article","@id":"https:\/\/nitu.mx\/index.php\/2020\/06\/05\/coordinacion-entre-paises-sera-esencial-para-la-pronta-recuperacion-del-turismo-gloria-guevara\/#article","isPartOf":{"@id":"https:\/\/nitu.mx\/index.php\/2020\/06\/05\/coordinacion-entre-paises-sera-esencial-para-la-pronta-recuperacion-del-turismo-gloria-guevara\/"},"author":{"name":"Redacci\u00f3n","@id":"https:\/\/nitu.mx\/#\/schema\/person\/4a28fe9bd65924f7c90623773daf1b0b"},"headline":"Coordinaci\u00f3n entre pa\u00edses ser\u00e1 esencial para la pronta recuperaci\u00f3n del Turismo; Gloria Guevara","datePublished":"2020-06-05T05:42:41+00:00","dateModified":"2020-06-05T05:45:27+00:00","mainEntityOfPage":{"@id":"https:\/\/nitu.mx\/index.php\/2020\/06\/05\/coordinacion-entre-paises-sera-esencial-para-la-pronta-recuperacion-del-turismo-gloria-guevara\/"},"wordCount":511,"commentCount":0,"publisher":{"@id":"https:\/\/nitu.mx\/#\/schema\/person\/ae7a53426417292d3dd07b45a33e01bc"},"image":{"@id":"https:\/\/nitu.mx\/index.php\/2020\/06\/05\/coordinacion-entre-paises-sera-esencial-para-la-pronta-recuperacion-del-turismo-gloria-guevara\/#primaryimage"},"thumbnailUrl":"https:\/\/nitu.mx\/wp-content\/uploads\/2020\/05\/Gloria-Guevara-WTTC.jpg","keywords":["actividad tur\u00edstica","Gloria Guevara","sector privado","WTTC"],"articleSection":["Internacional","Marketing"],"inLanguage":"es-MX","potentialAction":[{"@type":"CommentAction","name":"Comment","target":["https:\/\/nitu.mx\/index.php\/2020\/06\/05\/coordinacion-entre-paises-sera-esencial-para-la-pronta-recuperacion-del-turismo-gloria-guevara\/#respond"]}]},{"@type":"WebPage","@id":"https:\/\/nitu.mx\/index.php\/2020\/06\/05\/coordinacion-entre-paises-sera-esencial-para-la-pronta-recuperacion-del-turismo-gloria-guevara\/","url":"https:\/\/nitu.mx\/index.php\/2020\/06\/05\/coordinacion-entre-paises-sera-esencial-para-la-pronta-recuperacion-del-turismo-gloria-guevara\/","name":"Coordinaci\u00f3n entre pa\u00edses ser\u00e1 esencial para la pronta recuperaci\u00f3n del Turismo; Gloria Guevara - Nitu - Noticias de la Industria Turistica","isPartOf":{"@id":"https:\/\/nitu.mx\/#website"},"primaryImageOfPage":{"@id":"https:\/\/nitu.mx\/index.php\/2020\/06\/05\/coordinacion-entre-paises-sera-esencial-para-la-pronta-recuperacion-del-turismo-gloria-guevara\/#primaryimage"},"image":{"@id":"https:\/\/nitu.mx\/index.php\/2020\/06\/05\/coordinacion-entre-paises-sera-esencial-para-la-pronta-recuperacion-del-turismo-gloria-guevara\/#primaryimage"},"thumbnailUrl":"https:\/\/nitu.mx\/wp-content\/uploads\/2020\/05\/Gloria-Guevara-WTTC.jpg","datePublished":"2020-06-05T05:42:41+00:00","dateModified":"2020-06-05T05:45:27+00:00","breadcrumb":{"@id":"https:\/\/nitu.mx\/index.php\/2020\/06\/05\/coordinacion-entre-paises-sera-esencial-para-la-pronta-recuperacion-del-turismo-gloria-guevara\/#breadcrumb"},"inLanguage":"es-MX","potentialAction":[{"@type":"ReadAction","target":["https:\/\/nitu.mx\/index.php\/2020\/06\/05\/coordinacion-entre-paises-sera-esencial-para-la-pronta-recuperacion-del-turismo-gloria-guevara\/"]}]},{"@type":"ImageObject","inLanguage":"es-MX","@id":"https:\/\/nitu.mx\/index.php\/2020\/06\/05\/coordinacion-entre-paises-sera-esencial-para-la-pronta-recuperacion-del-turismo-gloria-guevara\/#primaryimage","url":"https:\/\/nitu.mx\/wp-content\/uploads\/2020\/05\/Gloria-Guevara-WTTC.jpg","contentUrl":"https:\/\/nitu.mx\/wp-content\/uploads\/2020\/05\/Gloria-Guevara-WTTC.jpg","width":850,"height":480,"caption":"Gloria Guevara WTTC"},{"@type":"BreadcrumbList","@id":"https:\/\/nitu.mx\/index.php\/2020\/06\/05\/coordinacion-entre-paises-sera-esencial-para-la-pronta-recuperacion-del-turismo-gloria-guevara\/#breadcrumb","itemListElement":[{"@type":"ListItem","position":1,"name":"Inicio","item":"https:\/\/nitu.mx\/"},{"@type":"ListItem","position":2,"name":"Coordinaci\u00f3n entre pa\u00edses ser\u00e1 esencial para la pronta recuperaci\u00f3n del Turismo; Gloria Guevara"}]},{"@type":"WebSite","@id":"https:\/\/nitu.mx\/#website","url":"https:\/\/nitu.mx\/","name":"Nitu - Noticias de la Industria Turistica","description":"Noticias de la Industria Turistica","publisher":{"@id":"https:\/\/nitu.mx\/#\/schema\/person\/ae7a53426417292d3dd07b45a33e01bc"},"alternateName":"Noticias de la Industria Turistica","potentialAction":[{"@type":"SearchAction","target":{"@type":"EntryPoint","urlTemplate":"https:\/\/nitu.mx\/?s={search_term_string}"},"query-input":"required name=search_term_string"}],"inLanguage":"es-MX"},{"@type":["Person","Organization"],"@id":"https:\/\/nitu.mx\/#\/schema\/person\/ae7a53426417292d3dd07b45a33e01bc","name":"Arturo Medina","image":{"@type":"ImageObject","inLanguage":"es-MX","@id":"https:\/\/nitu.mx\/#\/schema\/person\/image\/","url":"https:\/\/nitu.mx\/wp-content\/uploads\/2024\/04\/4A315622-1904-4D5C-B022-878CDC840E04-90x90-1.jpeg","contentUrl":"https:\/\/nitu.mx\/wp-content\/uploads\/2024\/04\/4A315622-1904-4D5C-B022-878CDC840E04-90x90-1.jpeg","width":90,"height":90,"caption":"Arturo Medina"},"logo":{"@id":"https:\/\/nitu.mx\/#\/schema\/person\/image\/"},"description":"Director NITU.mx, Egresado de la Escuela de Periodismo Carlos Septi\u00e9n Garc\u00eda. Periodista y analista especializado en turismo desde hace 35 a\u00f1os, radicado en Canc\u00fan Q.Roo. arturo@nitu.mx","sameAs":["https:\/\/nitu.mx","https:\/\/www.facebook.com\/NITUmx\/","medinacancun","https:\/\/twitter.com\/@Arturo_Medina_G"]},{"@type":"Person","@id":"https:\/\/nitu.mx\/#\/schema\/person\/4a28fe9bd65924f7c90623773daf1b0b","name":"Redacci\u00f3n","image":{"@type":"ImageObject","inLanguage":"es-MX","@id":"https:\/\/nitu.mx\/#\/schema\/person\/image\/","url":"https:\/\/secure.gravatar.com\/avatar\/5dd011c8ccfc5cd7e4c81e42252aab38?s=96&d=mm&r=g","contentUrl":"https:\/\/secure.gravatar.com\/avatar\/5dd011c8ccfc5cd7e4c81e42252aab38?s=96&d=mm&r=g","caption":"Redacci\u00f3n"},"url":"https:\/\/nitu.mx\/index.php\/author\/redaccion\/"}]}},"views":269,"_links":{"self":[{"href":"https:\/\/nitu.mx\/index.php\/wp-json\/wp\/v2\/posts\/43232"}],"collection":[{"href":"https:\/\/nitu.mx\/index.php\/wp-json\/wp\/v2\/posts"}],"about":[{"href":"https:\/\/nitu.mx\/index.php\/wp-json\/wp\/v2\/types\/post"}],"author":[{"embeddable":true,"href":"https:\/\/nitu.mx\/index.php\/wp-json\/wp\/v2\/users\/17"}],"replies":[{"embeddable":true,"href":"https:\/\/nitu.mx\/index.php\/wp-json\/wp\/v2\/comments?post=43232"}],"version-history":[{"count":2,"href":"https:\/\/nitu.mx\/index.php\/wp-json\/wp\/v2\/posts\/43232\/revisions"}],"predecessor-version":[{"id":43268,"href":"https:\/\/nitu.mx\/index.php\/wp-json\/wp\/v2\/posts\/43232\/revisions\/43268"}],"wp:featuredmedia":[{"embeddable":true,"href":"https:\/\/nitu.mx\/index.php\/wp-json\/wp\/v2\/media\/43090"}],"wp:attachment":[{"href":"https:\/\/nitu.mx\/index.php\/wp-json\/wp\/v2\/media?parent=43232"}],"wp:term":[{"taxonomy":"category","embeddable":true,"href":"https:\/\/nitu.mx\/index.php\/wp-json\/wp\/v2\/categories?post=43232"},{"taxonomy":"post_tag","embeddable":true,"href":"https:\/\/nitu.mx\/index.php\/wp-json\/wp\/v2\/tags?post=43232"}],"curies":[{"name":"wp","href":"https:\/\/api.w.org\/{rel}","templated":true}]}}