{"id":43123,"date":"2020-06-02T00:34:07","date_gmt":"2020-06-02T05:34:07","guid":{"rendered":"https:\/\/www.dev.nitu.mx\/?p=43123"},"modified":"2020-06-02T01:00:13","modified_gmt":"2020-06-02T06:00:13","slug":"united-airlines-descarta-declararse-en-quiebra-y-bloquear-asiento-intermedio","status":"publish","type":"post","link":"https:\/\/nitu.mx\/index.php\/2020\/06\/02\/united-airlines-descarta-declararse-en-quiebra-y-bloquear-asiento-intermedio\/","title":{"rendered":"United Airlines descarta declararse en quiebra y bloquear asiento intermedio"},"content":{"rendered":"\n<p>En su primer discurso como CEO de United Airlines, Scott Kirby sentenci\u00f3 que no recurrir\u00e1 a la ley de bancarrota de los Estados Unidos como medida para superar los estragos que gener\u00f3 la pandemia de la Covid-19.<\/p>\n\n\n\n<p>Diversas compa\u00f1\u00edas a\u00e9reas han recurrido a este proceso que les permite reorganizar y eliminar sus deudas y contratos laborales m\u00e1s onerosos sin cambiar sustancialmente sus modelos de operaci\u00f3n.<\/p>\n\n\n\n<p>Sin embargo, Kirby declar\u00f3 que esta decisi\u00f3n se tomar\u00eda solo en circunstancias m\u00e1s extremas. \u201cPara m\u00ed, es como la pregunta m\u00e1s tonta posible. No vamos a declararnos en bancarrota. Ser\u00eda lo \u00faltimo que se debe hacer\u201d, coment\u00f3 el CEO de United.<\/p>\n\n\n\n<p>El ejecutivo record\u00f3 que en 2002, la aerol\u00ednea recurri\u00f3 a esta medida reorganiz\u00e1ndose antes de su fusi\u00f3n con Continental Airlines, pero en este momento no es una opci\u00f3n a considerar. Para Kirby, la declaraci\u00f3n de bancarrota es un costo que no vale la pena pagar, pese a que le permitir\u00eda a United salir de los arrendamientos de aeronaves y de los contratos laborales.<\/p>\n\n\n\n<p>&#8220;No puedo imaginar por qu\u00e9 la gente piensa que es una buena estrategia comercial&#8221;, dijo Kirby. \u201cLa gente me pregunta: &#8216;\u00bfEs esa la forma correcta de reestructurar el negocio?&#8217; No creo eso en absoluto. Cero por ciento. Ninguna posibilidad. Es peor para los accionistas, para los acreedores, para los empleados. Es peor para cada componente que tenemos\u201d, declar\u00f3 ante un grupo de analistas.<\/p>\n\n\n\n<p>El CEO de United Airlines tambi\u00e9n se refiri\u00f3 a la negativa de bloquear el asiento intermedio en los aviones como medida de distanciamiento social, al considerar que es una medida que no contribuye realmente con su prop\u00f3sito.<\/p>\n\n\n\n<p>Hace algunas semanas, la l\u00ednea a\u00e9rea contempl\u00f3 llevar a cabo esta acci\u00f3n como lo han hecho Delta Air Lines y JetBlue, al menos hasta julio; pero United desisti\u00f3 de ello, y se limitar\u00e1 a dejar vac\u00edo el lugar cuando el vuelo no est\u00e9 lleno.<\/p>\n\n\n\n<p>Kirby se\u00f1al\u00f3 que cuando un vuelo se reserva a m\u00e1s de 70 por ciento, se notifica a los clientes que no hay garant\u00eda de distanciamiento, y se les permite el cambio de vuelo. De acuerdo con el ejecutivo, s\u00f3lo uno por ciento de los clientes acepta esta oferta.<\/p>\n\n\n\n<p>El reci\u00e9n llegado CEO de United concluye que \u201cLo que hace que un avi\u00f3n sea seguro son los filtros de aire HEPA que recirculan el aire cada dos o tres minutos, usan una m\u00e1scara a bordo del avi\u00f3n y limpian el avi\u00f3n&#8221;.<\/p>\n","protected":false},"excerpt":{"rendered":"<p>En su primer discurso como CEO de United Airlines, Scott Kirby sentenci\u00f3 que no recurrir\u00e1 a la ley de bancarrota de los Estados Unidos como medida para superar los estragos que gener\u00f3 la pandemia de la Covid-19. Diversas compa\u00f1\u00edas a\u00e9reas han recurrido a este proceso que les permite reorganizar y eliminar sus deudas y contratos [&hellip;]<\/p>\n","protected":false},"author":17,"featured_media":31471,"comment_status":"open","ping_status":"open","sticky":false,"template":"","format":"standard","meta":{"footnotes":""},"categories":[29,7],"tags":[1520,1439,7752,854],"yoast_head":"<!-- This site is optimized with the Yoast SEO plugin v22.2 - https:\/\/yoast.com\/wordpress\/plugins\/seo\/ -->\n<title>United Airlines descarta declararse en quiebra y bloquear asiento intermedio - Nitu - Noticias de la Industria Turistica<\/title>\n<meta name=\"robots\" content=\"index, follow, max-snippet:-1, max-image-preview:large, max-video-preview:-1\" \/>\n<link rel=\"canonical\" href=\"https:\/\/nitu.mx\/index.php\/2020\/06\/02\/united-airlines-descarta-declararse-en-quiebra-y-bloquear-asiento-intermedio\/\" \/>\n<meta name=\"twitter:card\" content=\"summary_large_image\" \/>\n<meta name=\"twitter:title\" content=\"United Airlines descarta declararse en quiebra y bloquear asiento intermedio - Nitu - Noticias de la Industria Turistica\" \/>\n<meta name=\"twitter:description\" content=\"En su primer discurso como CEO de United Airlines, Scott Kirby sentenci\u00f3 que no recurrir\u00e1 a la ley de bancarrota de los Estados Unidos como medida para superar los estragos que gener\u00f3 la pandemia de la Covid-19. Diversas compa\u00f1\u00edas a\u00e9reas han recurrido a este proceso que les permite reorganizar y eliminar sus deudas y contratos [&hellip;]\" \/>\n<meta name=\"twitter:image\" content=\"https:\/\/nitu.mx\/wp-content\/uploads\/2019\/04\/united-nueva-imagen.jpg\" \/>\n<meta name=\"twitter:creator\" content=\"@NITUmx\" \/>\n<meta name=\"twitter:site\" content=\"@Arturo_Medina_G\" \/>\n<meta name=\"twitter:label1\" content=\"Escrito por\" \/>\n\t<meta name=\"twitter:data1\" content=\"Redacci\u00f3n\" \/>\n\t<meta name=\"twitter:label2\" content=\"Tiempo de lectura\" \/>\n\t<meta name=\"twitter:data2\" content=\"2 minutos\" \/>\n<script type=\"application\/ld+json\" class=\"yoast-schema-graph\">{\"@context\":\"https:\/\/schema.org\",\"@graph\":[{\"@type\":\"Article\",\"@id\":\"https:\/\/nitu.mx\/index.php\/2020\/06\/02\/united-airlines-descarta-declararse-en-quiebra-y-bloquear-asiento-intermedio\/#article\",\"isPartOf\":{\"@id\":\"https:\/\/nitu.mx\/index.php\/2020\/06\/02\/united-airlines-descarta-declararse-en-quiebra-y-bloquear-asiento-intermedio\/\"},\"author\":{\"name\":\"Redacci\u00f3n\",\"@id\":\"https:\/\/nitu.mx\/#\/schema\/person\/4a28fe9bd65924f7c90623773daf1b0b\"},\"headline\":\"United Airlines descarta declararse en quiebra y bloquear asiento intermedio\",\"datePublished\":\"2020-06-02T05:34:07+00:00\",\"dateModified\":\"2020-06-02T06:00:13+00:00\",\"mainEntityOfPage\":{\"@id\":\"https:\/\/nitu.mx\/index.php\/2020\/06\/02\/united-airlines-descarta-declararse-en-quiebra-y-bloquear-asiento-intermedio\/\"},\"wordCount\":441,\"commentCount\":0,\"publisher\":{\"@id\":\"https:\/\/nitu.mx\/#\/schema\/person\/ae7a53426417292d3dd07b45a33e01bc\"},\"image\":{\"@id\":\"https:\/\/nitu.mx\/index.php\/2020\/06\/02\/united-airlines-descarta-declararse-en-quiebra-y-bloquear-asiento-intermedio\/#primaryimage\"},\"thumbnailUrl\":\"https:\/\/nitu.mx\/wp-content\/uploads\/2019\/04\/united-nueva-imagen.jpg\",\"keywords\":[\"Delta Air Lines\",\"JetBlue\",\"Scott Kirby\",\"United Airlines\"],\"articleSection\":[\"Aerol\u00edneas\",\"Estados Unidos\"],\"inLanguage\":\"es-MX\",\"potentialAction\":[{\"@type\":\"CommentAction\",\"name\":\"Comment\",\"target\":[\"https:\/\/nitu.mx\/index.php\/2020\/06\/02\/united-airlines-descarta-declararse-en-quiebra-y-bloquear-asiento-intermedio\/#respond\"]}]},{\"@type\":\"WebPage\",\"@id\":\"https:\/\/nitu.mx\/index.php\/2020\/06\/02\/united-airlines-descarta-declararse-en-quiebra-y-bloquear-asiento-intermedio\/\",\"url\":\"https:\/\/nitu.mx\/index.php\/2020\/06\/02\/united-airlines-descarta-declararse-en-quiebra-y-bloquear-asiento-intermedio\/\",\"name\":\"United Airlines descarta declararse en quiebra y bloquear asiento intermedio - Nitu - Noticias de la Industria Turistica\",\"isPartOf\":{\"@id\":\"https:\/\/nitu.mx\/#website\"},\"primaryImageOfPage\":{\"@id\":\"https:\/\/nitu.mx\/index.php\/2020\/06\/02\/united-airlines-descarta-declararse-en-quiebra-y-bloquear-asiento-intermedio\/#primaryimage\"},\"image\":{\"@id\":\"https:\/\/nitu.mx\/index.php\/2020\/06\/02\/united-airlines-descarta-declararse-en-quiebra-y-bloquear-asiento-intermedio\/#primaryimage\"},\"thumbnailUrl\":\"https:\/\/nitu.mx\/wp-content\/uploads\/2019\/04\/united-nueva-imagen.jpg\",\"datePublished\":\"2020-06-02T05:34:07+00:00\",\"dateModified\":\"2020-06-02T06:00:13+00:00\",\"breadcrumb\":{\"@id\":\"https:\/\/nitu.mx\/index.php\/2020\/06\/02\/united-airlines-descarta-declararse-en-quiebra-y-bloquear-asiento-intermedio\/#breadcrumb\"},\"inLanguage\":\"es-MX\",\"potentialAction\":[{\"@type\":\"ReadAction\",\"target\":[\"https:\/\/nitu.mx\/index.php\/2020\/06\/02\/united-airlines-descarta-declararse-en-quiebra-y-bloquear-asiento-intermedio\/\"]}]},{\"@type\":\"ImageObject\",\"inLanguage\":\"es-MX\",\"@id\":\"https:\/\/nitu.mx\/index.php\/2020\/06\/02\/united-airlines-descarta-declararse-en-quiebra-y-bloquear-asiento-intermedio\/#primaryimage\",\"url\":\"https:\/\/nitu.mx\/wp-content\/uploads\/2019\/04\/united-nueva-imagen.jpg\",\"contentUrl\":\"https:\/\/nitu.mx\/wp-content\/uploads\/2019\/04\/united-nueva-imagen.jpg\",\"width\":850,\"height\":480,\"caption\":\"united nueva imagen\"},{\"@type\":\"BreadcrumbList\",\"@id\":\"https:\/\/nitu.mx\/index.php\/2020\/06\/02\/united-airlines-descarta-declararse-en-quiebra-y-bloquear-asiento-intermedio\/#breadcrumb\",\"itemListElement\":[{\"@type\":\"ListItem\",\"position\":1,\"name\":\"Inicio\",\"item\":\"https:\/\/nitu.mx\/\"},{\"@type\":\"ListItem\",\"position\":2,\"name\":\"United Airlines descarta declararse en quiebra y bloquear asiento intermedio\"}]},{\"@type\":\"WebSite\",\"@id\":\"https:\/\/nitu.mx\/#website\",\"url\":\"https:\/\/nitu.mx\/\",\"name\":\"Nitu - Noticias de la Industria Turistica\",\"description\":\"Noticias de la Industria Turistica\",\"publisher\":{\"@id\":\"https:\/\/nitu.mx\/#\/schema\/person\/ae7a53426417292d3dd07b45a33e01bc\"},\"alternateName\":\"Noticias de la Industria Turistica\",\"potentialAction\":[{\"@type\":\"SearchAction\",\"target\":{\"@type\":\"EntryPoint\",\"urlTemplate\":\"https:\/\/nitu.mx\/?s={search_term_string}\"},\"query-input\":\"required name=search_term_string\"}],\"inLanguage\":\"es-MX\"},{\"@type\":[\"Person\",\"Organization\"],\"@id\":\"https:\/\/nitu.mx\/#\/schema\/person\/ae7a53426417292d3dd07b45a33e01bc\",\"name\":\"Arturo Medina\",\"image\":{\"@type\":\"ImageObject\",\"inLanguage\":\"es-MX\",\"@id\":\"https:\/\/nitu.mx\/#\/schema\/person\/image\/\",\"url\":\"https:\/\/nitu.mx\/wp-content\/uploads\/2024\/04\/4A315622-1904-4D5C-B022-878CDC840E04-90x90-1.jpeg\",\"contentUrl\":\"https:\/\/nitu.mx\/wp-content\/uploads\/2024\/04\/4A315622-1904-4D5C-B022-878CDC840E04-90x90-1.jpeg\",\"width\":90,\"height\":90,\"caption\":\"Arturo Medina\"},\"logo\":{\"@id\":\"https:\/\/nitu.mx\/#\/schema\/person\/image\/\"},\"description\":\"Director NITU.mx, Egresado de la Escuela de Periodismo Carlos Septi\u00e9n Garc\u00eda. Periodista y analista especializado en turismo desde hace 35 a\u00f1os, radicado en Canc\u00fan Q.Roo. arturo@nitu.mx\",\"sameAs\":[\"https:\/\/nitu.mx\",\"https:\/\/www.facebook.com\/NITUmx\/\",\"medinacancun\",\"https:\/\/twitter.com\/@Arturo_Medina_G\"]},{\"@type\":\"Person\",\"@id\":\"https:\/\/nitu.mx\/#\/schema\/person\/4a28fe9bd65924f7c90623773daf1b0b\",\"name\":\"Redacci\u00f3n\",\"image\":{\"@type\":\"ImageObject\",\"inLanguage\":\"es-MX\",\"@id\":\"https:\/\/nitu.mx\/#\/schema\/person\/image\/\",\"url\":\"https:\/\/secure.gravatar.com\/avatar\/5dd011c8ccfc5cd7e4c81e42252aab38?s=96&d=mm&r=g\",\"contentUrl\":\"https:\/\/secure.gravatar.com\/avatar\/5dd011c8ccfc5cd7e4c81e42252aab38?s=96&d=mm&r=g\",\"caption\":\"Redacci\u00f3n\"},\"url\":\"https:\/\/nitu.mx\/index.php\/author\/redaccion\/\"}]}<\/script>\n<!-- \/ Yoast SEO plugin. -->","yoast_head_json":{"title":"United Airlines descarta declararse en quiebra y bloquear asiento intermedio - Nitu - Noticias de la Industria Turistica","robots":{"index":"index","follow":"follow","max-snippet":"max-snippet:-1","max-image-preview":"max-image-preview:large","max-video-preview":"max-video-preview:-1"},"canonical":"https:\/\/nitu.mx\/index.php\/2020\/06\/02\/united-airlines-descarta-declararse-en-quiebra-y-bloquear-asiento-intermedio\/","twitter_card":"summary_large_image","twitter_title":"United Airlines descarta declararse en quiebra y bloquear asiento intermedio - Nitu - Noticias de la Industria Turistica","twitter_description":"En su primer discurso como CEO de United Airlines, Scott Kirby sentenci\u00f3 que no recurrir\u00e1 a la ley de bancarrota de los Estados Unidos como medida para superar los estragos que gener\u00f3 la pandemia de la Covid-19. Diversas compa\u00f1\u00edas a\u00e9reas han recurrido a este proceso que les permite reorganizar y eliminar sus deudas y contratos [&hellip;]","twitter_image":"https:\/\/nitu.mx\/wp-content\/uploads\/2019\/04\/united-nueva-imagen.jpg","twitter_creator":"@NITUmx","twitter_site":"@Arturo_Medina_G","twitter_misc":{"Escrito por":"Redacci\u00f3n","Tiempo de lectura":"2 minutos"},"schema":{"@context":"https:\/\/schema.org","@graph":[{"@type":"Article","@id":"https:\/\/nitu.mx\/index.php\/2020\/06\/02\/united-airlines-descarta-declararse-en-quiebra-y-bloquear-asiento-intermedio\/#article","isPartOf":{"@id":"https:\/\/nitu.mx\/index.php\/2020\/06\/02\/united-airlines-descarta-declararse-en-quiebra-y-bloquear-asiento-intermedio\/"},"author":{"name":"Redacci\u00f3n","@id":"https:\/\/nitu.mx\/#\/schema\/person\/4a28fe9bd65924f7c90623773daf1b0b"},"headline":"United Airlines descarta declararse en quiebra y bloquear asiento intermedio","datePublished":"2020-06-02T05:34:07+00:00","dateModified":"2020-06-02T06:00:13+00:00","mainEntityOfPage":{"@id":"https:\/\/nitu.mx\/index.php\/2020\/06\/02\/united-airlines-descarta-declararse-en-quiebra-y-bloquear-asiento-intermedio\/"},"wordCount":441,"commentCount":0,"publisher":{"@id":"https:\/\/nitu.mx\/#\/schema\/person\/ae7a53426417292d3dd07b45a33e01bc"},"image":{"@id":"https:\/\/nitu.mx\/index.php\/2020\/06\/02\/united-airlines-descarta-declararse-en-quiebra-y-bloquear-asiento-intermedio\/#primaryimage"},"thumbnailUrl":"https:\/\/nitu.mx\/wp-content\/uploads\/2019\/04\/united-nueva-imagen.jpg","keywords":["Delta Air Lines","JetBlue","Scott Kirby","United Airlines"],"articleSection":["Aerol\u00edneas","Estados Unidos"],"inLanguage":"es-MX","potentialAction":[{"@type":"CommentAction","name":"Comment","target":["https:\/\/nitu.mx\/index.php\/2020\/06\/02\/united-airlines-descarta-declararse-en-quiebra-y-bloquear-asiento-intermedio\/#respond"]}]},{"@type":"WebPage","@id":"https:\/\/nitu.mx\/index.php\/2020\/06\/02\/united-airlines-descarta-declararse-en-quiebra-y-bloquear-asiento-intermedio\/","url":"https:\/\/nitu.mx\/index.php\/2020\/06\/02\/united-airlines-descarta-declararse-en-quiebra-y-bloquear-asiento-intermedio\/","name":"United Airlines descarta declararse en quiebra y bloquear asiento intermedio - Nitu - Noticias de la Industria Turistica","isPartOf":{"@id":"https:\/\/nitu.mx\/#website"},"primaryImageOfPage":{"@id":"https:\/\/nitu.mx\/index.php\/2020\/06\/02\/united-airlines-descarta-declararse-en-quiebra-y-bloquear-asiento-intermedio\/#primaryimage"},"image":{"@id":"https:\/\/nitu.mx\/index.php\/2020\/06\/02\/united-airlines-descarta-declararse-en-quiebra-y-bloquear-asiento-intermedio\/#primaryimage"},"thumbnailUrl":"https:\/\/nitu.mx\/wp-content\/uploads\/2019\/04\/united-nueva-imagen.jpg","datePublished":"2020-06-02T05:34:07+00:00","dateModified":"2020-06-02T06:00:13+00:00","breadcrumb":{"@id":"https:\/\/nitu.mx\/index.php\/2020\/06\/02\/united-airlines-descarta-declararse-en-quiebra-y-bloquear-asiento-intermedio\/#breadcrumb"},"inLanguage":"es-MX","potentialAction":[{"@type":"ReadAction","target":["https:\/\/nitu.mx\/index.php\/2020\/06\/02\/united-airlines-descarta-declararse-en-quiebra-y-bloquear-asiento-intermedio\/"]}]},{"@type":"ImageObject","inLanguage":"es-MX","@id":"https:\/\/nitu.mx\/index.php\/2020\/06\/02\/united-airlines-descarta-declararse-en-quiebra-y-bloquear-asiento-intermedio\/#primaryimage","url":"https:\/\/nitu.mx\/wp-content\/uploads\/2019\/04\/united-nueva-imagen.jpg","contentUrl":"https:\/\/nitu.mx\/wp-content\/uploads\/2019\/04\/united-nueva-imagen.jpg","width":850,"height":480,"caption":"united nueva imagen"},{"@type":"BreadcrumbList","@id":"https:\/\/nitu.mx\/index.php\/2020\/06\/02\/united-airlines-descarta-declararse-en-quiebra-y-bloquear-asiento-intermedio\/#breadcrumb","itemListElement":[{"@type":"ListItem","position":1,"name":"Inicio","item":"https:\/\/nitu.mx\/"},{"@type":"ListItem","position":2,"name":"United Airlines descarta declararse en quiebra y bloquear asiento intermedio"}]},{"@type":"WebSite","@id":"https:\/\/nitu.mx\/#website","url":"https:\/\/nitu.mx\/","name":"Nitu - Noticias de la Industria Turistica","description":"Noticias de la Industria Turistica","publisher":{"@id":"https:\/\/nitu.mx\/#\/schema\/person\/ae7a53426417292d3dd07b45a33e01bc"},"alternateName":"Noticias de la Industria Turistica","potentialAction":[{"@type":"SearchAction","target":{"@type":"EntryPoint","urlTemplate":"https:\/\/nitu.mx\/?s={search_term_string}"},"query-input":"required name=search_term_string"}],"inLanguage":"es-MX"},{"@type":["Person","Organization"],"@id":"https:\/\/nitu.mx\/#\/schema\/person\/ae7a53426417292d3dd07b45a33e01bc","name":"Arturo Medina","image":{"@type":"ImageObject","inLanguage":"es-MX","@id":"https:\/\/nitu.mx\/#\/schema\/person\/image\/","url":"https:\/\/nitu.mx\/wp-content\/uploads\/2024\/04\/4A315622-1904-4D5C-B022-878CDC840E04-90x90-1.jpeg","contentUrl":"https:\/\/nitu.mx\/wp-content\/uploads\/2024\/04\/4A315622-1904-4D5C-B022-878CDC840E04-90x90-1.jpeg","width":90,"height":90,"caption":"Arturo Medina"},"logo":{"@id":"https:\/\/nitu.mx\/#\/schema\/person\/image\/"},"description":"Director NITU.mx, Egresado de la Escuela de Periodismo Carlos Septi\u00e9n Garc\u00eda. Periodista y analista especializado en turismo desde hace 35 a\u00f1os, radicado en Canc\u00fan Q.Roo. arturo@nitu.mx","sameAs":["https:\/\/nitu.mx","https:\/\/www.facebook.com\/NITUmx\/","medinacancun","https:\/\/twitter.com\/@Arturo_Medina_G"]},{"@type":"Person","@id":"https:\/\/nitu.mx\/#\/schema\/person\/4a28fe9bd65924f7c90623773daf1b0b","name":"Redacci\u00f3n","image":{"@type":"ImageObject","inLanguage":"es-MX","@id":"https:\/\/nitu.mx\/#\/schema\/person\/image\/","url":"https:\/\/secure.gravatar.com\/avatar\/5dd011c8ccfc5cd7e4c81e42252aab38?s=96&d=mm&r=g","contentUrl":"https:\/\/secure.gravatar.com\/avatar\/5dd011c8ccfc5cd7e4c81e42252aab38?s=96&d=mm&r=g","caption":"Redacci\u00f3n"},"url":"https:\/\/nitu.mx\/index.php\/author\/redaccion\/"}]}},"views":761,"_links":{"self":[{"href":"https:\/\/nitu.mx\/index.php\/wp-json\/wp\/v2\/posts\/43123"}],"collection":[{"href":"https:\/\/nitu.mx\/index.php\/wp-json\/wp\/v2\/posts"}],"about":[{"href":"https:\/\/nitu.mx\/index.php\/wp-json\/wp\/v2\/types\/post"}],"author":[{"embeddable":true,"href":"https:\/\/nitu.mx\/index.php\/wp-json\/wp\/v2\/users\/17"}],"replies":[{"embeddable":true,"href":"https:\/\/nitu.mx\/index.php\/wp-json\/wp\/v2\/comments?post=43123"}],"version-history":[{"count":1,"href":"https:\/\/nitu.mx\/index.php\/wp-json\/wp\/v2\/posts\/43123\/revisions"}],"predecessor-version":[{"id":43124,"href":"https:\/\/nitu.mx\/index.php\/wp-json\/wp\/v2\/posts\/43123\/revisions\/43124"}],"wp:featuredmedia":[{"embeddable":true,"href":"https:\/\/nitu.mx\/index.php\/wp-json\/wp\/v2\/media\/31471"}],"wp:attachment":[{"href":"https:\/\/nitu.mx\/index.php\/wp-json\/wp\/v2\/media?parent=43123"}],"wp:term":[{"taxonomy":"category","embeddable":true,"href":"https:\/\/nitu.mx\/index.php\/wp-json\/wp\/v2\/categories?post=43123"},{"taxonomy":"post_tag","embeddable":true,"href":"https:\/\/nitu.mx\/index.php\/wp-json\/wp\/v2\/tags?post=43123"}],"curies":[{"name":"wp","href":"https:\/\/api.w.org\/{rel}","templated":true}]}}