{"id":43068,"date":"2020-06-01T00:23:37","date_gmt":"2020-06-01T05:23:37","guid":{"rendered":"https:\/\/www.dev.nitu.mx\/?p=43068"},"modified":"2020-06-01T10:00:48","modified_gmt":"2020-06-01T15:00:48","slug":"wttc-presenta-nuevos-protocolos-para-la-reactivacion-segura-en-aerolineas-y-transportadoras","status":"publish","type":"post","link":"https:\/\/nitu.mx\/index.php\/2020\/06\/01\/wttc-presenta-nuevos-protocolos-para-la-reactivacion-segura-en-aerolineas-y-transportadoras\/","title":{"rendered":"WTTC presenta nuevos protocolos para la reactivaci\u00f3n segura en aerol\u00edneas y transportadoras"},"content":{"rendered":"\n<p>La \u201cnueva normalidad\u201d de los viajes incluir\u00e1 estrictas normas de higiene y sanitizaci\u00f3n en aeropuertos, l\u00edneas a\u00e9reas y operadores tur\u00edsticos.<\/p>\n\n\n\n<p>Los protocolos fueron dise\u00f1ados en coordinaci\u00f3n con la industria a\u00e9rea y de acuerdo con las recomendaciones de la Organizaci\u00f3n Mundial de la Salud (OMS) y la Asociaci\u00f3n Internacional de Transporte A\u00e9reo (IATA).<\/p>\n\n\n\n<p>El Consejo Mundial de Viajes y Turismo (WTTC, por sus siglas en ingl\u00e9s) anunci\u00f3 los protocolos globales de seguridad sanitaria que permitir\u00e1n la reanudaci\u00f3n de actividades en aeropuertos, l\u00edneas a\u00e9reas y operadores tur\u00edsticos.<\/p>\n\n\n\n<p>Las medidas fueron dise\u00f1adas por representantes de la industria tur\u00edstica global, basados en las normas de la Organizaci\u00f3n Mundial de la Salud (OMS) y de los Centros para la Prevenci\u00f3n de Enfermedades (CDC), y buscan homologar criterios sobre el nuevo enfoque de salud e higiene.\u00a0<a rel=\"noreferrer noopener\" href=\"https:\/\/www.dev.nitu.mx\/index.php\/2020\/05\/29\/la-nueva-realidad-para-volar-post-covid-19\/\" target=\"_blank\">(<\/a><a href=\"https:\/\/www.dev.nitu.mx\/index.php\/2020\/05\/29\/la-nueva-realidad-para-volar-post-covid-19\/\">La nueva realidad para volar post COVID-19<\/a>).<\/p>\n\n\n\n<div class=\"wp-block-group\"><div class=\"wp-block-group__inner-container is-layout-flow wp-block-group-is-layout-flow\"><\/div><\/div>\n\n\n\n<p><strong>Como Aerol\u00edneas:<\/strong><\/p>\n\n\n<ul>\n<li class=\"MsoNormal\">Uso de equipo de protecci\u00f3n entre el personal (m\u00e1scaras,<br \/>cubrebocas, guantes).<!-- \/wp:paragraph --><!-- wp:paragraph --><\/li>\n<li class=\"MsoNormal\">Reducci\u00f3n de puntos de contacto mediante check-in en l\u00ednea,<br \/>quioscos, etiquetas de equipaje impresas en el hogar, puertas biom\u00e9tricas y lectura de tarjetas de embarque.<\/li>\n<li class=\"MsoNormal\">Desinfectante de manos en \u00e1reas de alto tr\u00e1fico.<\/li>\n<li class=\"MsoNormal\">Limpieza profunda de todas las \u00e1reas del avi\u00f3n, ba\u00f1os y<br \/>salas de embarque.<\/li>\n<li class=\"MsoNormal\">Limitar el movimiento en cabina, tanto como sea posible.<\/li>\n<li class=\"MsoNormal\">Capacitaci\u00f3n del personal sobre medidas de higiene y control<br \/>de infecciones.<!-- \/wp:paragraph --><!-- wp:paragraph --><\/li>\n<\/ul>\n<p><!-- \/wp:paragraph --><\/p>\n<p><!-- wp:paragraph --><\/p>\n<p>Operadores tur\u00edsticos:<\/p>\n<p><!-- \/wp:paragraph --><\/p>\n<ul>\n<li class=\"MsoNormal\">Saneamiento, desinfecci\u00f3n y limpieza profunda en veh\u00edculos.<!-- \/wp:paragraph --><!-- wp:paragraph --><\/li>\n<li class=\"MsoNormal\">Limpieza en puntos de contacto (pasamanos, manijas, mesas,<br \/>inodoros y filtros de aire).<\/li>\n<li class=\"MsoNormal\">Planes de asientos asignados previamente, l\u00edmite de contacto<br \/>f\u00edsico y filas.<\/li>\n<li class=\"MsoNormal\">Tiempo escalonado para acceder a salas, hoteles y<br \/>restaurantes.<\/li>\n<li class=\"MsoNormal\">Saneamiento, desinfecci\u00f3n, higiene y seguridad alimentaria en restaurantes, tiendas, salas de exposici\u00f3n, museos, teatros y salas de conciertos, centros de convenciones y salones.<\/li>\n<li class=\"MsoNormal\">Se\u00f1alizaci\u00f3n y distanciamiento f\u00edsico para la distribuci\u00f3n de asientos y pasillos.<\/li>\n<li class=\"MsoNormal\">Reducci\u00f3n en los l\u00edmites de capacidad del lugar e identificaci\u00f3n de \u00e1reas de riesgo.<\/li>\n<li class=\"MsoNormal\">Cuestionario de evaluaci\u00f3n de riesgos previo a la llegada de usuarios.<\/li>\n<li class=\"MsoNormal\">Espacio de aislamiento para usuarios con s\u00edntomas de Covid-19.<!-- \/wp:paragraph --><!-- wp:paragraph --><!-- \/wp:paragraph --><!-- wp:paragraph --><!-- \/wp:paragraph --><!-- wp:paragraph --><!-- \/wp:paragraph --><!-- wp:paragraph --><!-- \/wp:paragraph --><!-- wp:paragraph --><!-- \/wp:paragraph --><!-- wp:paragraph --><!-- \/wp:paragraph --><!-- wp:paragraph --><\/li>\n<\/ul>\n<p><!-- \/wp:paragraph --><\/p>\n<p><!-- wp:paragraph --><\/p>\n<p>Pr\u00f3ximamente, el WTTC anunciar\u00e1 protocolos para cruceros. Cabe destacar que el eje de estas acciones es la salud de los viajeros y de los prestadores de servicios tur\u00edsticos.<\/p>\n<p><!-- \/wp:paragraph --><\/p>","protected":false},"excerpt":{"rendered":"<p>La \u201cnueva normalidad\u201d de los viajes incluir\u00e1 estrictas normas de higiene y sanitizaci\u00f3n en aeropuertos, l\u00edneas a\u00e9reas y operadores tur\u00edsticos. Los protocolos fueron dise\u00f1ados en coordinaci\u00f3n con la industria a\u00e9rea y de acuerdo con las recomendaciones de la Organizaci\u00f3n Mundial de la Salud (OMS) y la Asociaci\u00f3n Internacional de Transporte A\u00e9reo (IATA). El Consejo Mundial [&hellip;]<\/p>\n","protected":false},"author":17,"featured_media":43090,"comment_status":"open","ping_status":"open","sticky":false,"template":"","format":"standard","meta":{"footnotes":""},"categories":[29,19057],"tags":[5868,1734,15384,5991,4931],"yoast_head":"<!-- This site is optimized with the Yoast SEO plugin v22.2 - https:\/\/yoast.com\/wordpress\/plugins\/seo\/ -->\n<title>WTTC presenta nuevos protocolos para la reactivaci\u00f3n segura en aerol\u00edneas y transportadoras - Nitu - Noticias de la Industria Turistica<\/title>\n<meta name=\"robots\" content=\"index, follow, max-snippet:-1, max-image-preview:large, max-video-preview:-1\" \/>\n<link rel=\"canonical\" href=\"https:\/\/nitu.mx\/index.php\/2020\/06\/01\/wttc-presenta-nuevos-protocolos-para-la-reactivacion-segura-en-aerolineas-y-transportadoras\/\" \/>\n<meta name=\"twitter:card\" content=\"summary_large_image\" \/>\n<meta name=\"twitter:title\" content=\"WTTC presenta nuevos protocolos para la reactivaci\u00f3n segura en aerol\u00edneas y transportadoras - Nitu - Noticias de la Industria Turistica\" \/>\n<meta name=\"twitter:description\" content=\"La \u201cnueva normalidad\u201d de los viajes incluir\u00e1 estrictas normas de higiene y sanitizaci\u00f3n en aeropuertos, l\u00edneas a\u00e9reas y operadores tur\u00edsticos. Los protocolos fueron dise\u00f1ados en coordinaci\u00f3n con la industria a\u00e9rea y de acuerdo con las recomendaciones de la Organizaci\u00f3n Mundial de la Salud (OMS) y la Asociaci\u00f3n Internacional de Transporte A\u00e9reo (IATA). El Consejo Mundial [&hellip;]\" \/>\n<meta name=\"twitter:image\" content=\"https:\/\/nitu.mx\/wp-content\/uploads\/2020\/05\/Gloria-Guevara-WTTC.jpg\" \/>\n<meta name=\"twitter:creator\" content=\"@NITUmx\" \/>\n<meta name=\"twitter:site\" content=\"@Arturo_Medina_G\" \/>\n<meta name=\"twitter:label1\" content=\"Escrito por\" \/>\n\t<meta name=\"twitter:data1\" content=\"Redacci\u00f3n\" \/>\n\t<meta name=\"twitter:label2\" content=\"Tiempo de lectura\" \/>\n\t<meta name=\"twitter:data2\" content=\"2 minutos\" \/>\n<script type=\"application\/ld+json\" class=\"yoast-schema-graph\">{\"@context\":\"https:\/\/schema.org\",\"@graph\":[{\"@type\":\"Article\",\"@id\":\"https:\/\/nitu.mx\/index.php\/2020\/06\/01\/wttc-presenta-nuevos-protocolos-para-la-reactivacion-segura-en-aerolineas-y-transportadoras\/#article\",\"isPartOf\":{\"@id\":\"https:\/\/nitu.mx\/index.php\/2020\/06\/01\/wttc-presenta-nuevos-protocolos-para-la-reactivacion-segura-en-aerolineas-y-transportadoras\/\"},\"author\":{\"name\":\"Redacci\u00f3n\",\"@id\":\"https:\/\/nitu.mx\/#\/schema\/person\/4a28fe9bd65924f7c90623773daf1b0b\"},\"headline\":\"WTTC presenta nuevos protocolos para la reactivaci\u00f3n segura en aerol\u00edneas y transportadoras\",\"datePublished\":\"2020-06-01T05:23:37+00:00\",\"dateModified\":\"2020-06-01T15:00:48+00:00\",\"mainEntityOfPage\":{\"@id\":\"https:\/\/nitu.mx\/index.php\/2020\/06\/01\/wttc-presenta-nuevos-protocolos-para-la-reactivacion-segura-en-aerolineas-y-transportadoras\/\"},\"wordCount\":412,\"commentCount\":0,\"publisher\":{\"@id\":\"https:\/\/nitu.mx\/#\/schema\/person\/ae7a53426417292d3dd07b45a33e01bc\"},\"image\":{\"@id\":\"https:\/\/nitu.mx\/index.php\/2020\/06\/01\/wttc-presenta-nuevos-protocolos-para-la-reactivacion-segura-en-aerolineas-y-transportadoras\/#primaryimage\"},\"thumbnailUrl\":\"https:\/\/nitu.mx\/wp-content\/uploads\/2020\/05\/Gloria-Guevara-WTTC.jpg\",\"keywords\":[\"aviaci\u00f3n\",\"IATA\",\"OMS\",\"protocolos\",\"WTTC\"],\"articleSection\":[\"Aerol\u00edneas\",\"COVID-19 CORONAVIRUS\"],\"inLanguage\":\"es-MX\",\"potentialAction\":[{\"@type\":\"CommentAction\",\"name\":\"Comment\",\"target\":[\"https:\/\/nitu.mx\/index.php\/2020\/06\/01\/wttc-presenta-nuevos-protocolos-para-la-reactivacion-segura-en-aerolineas-y-transportadoras\/#respond\"]}]},{\"@type\":\"WebPage\",\"@id\":\"https:\/\/nitu.mx\/index.php\/2020\/06\/01\/wttc-presenta-nuevos-protocolos-para-la-reactivacion-segura-en-aerolineas-y-transportadoras\/\",\"url\":\"https:\/\/nitu.mx\/index.php\/2020\/06\/01\/wttc-presenta-nuevos-protocolos-para-la-reactivacion-segura-en-aerolineas-y-transportadoras\/\",\"name\":\"WTTC presenta nuevos protocolos para la reactivaci\u00f3n segura en aerol\u00edneas y transportadoras - Nitu - Noticias de la Industria Turistica\",\"isPartOf\":{\"@id\":\"https:\/\/nitu.mx\/#website\"},\"primaryImageOfPage\":{\"@id\":\"https:\/\/nitu.mx\/index.php\/2020\/06\/01\/wttc-presenta-nuevos-protocolos-para-la-reactivacion-segura-en-aerolineas-y-transportadoras\/#primaryimage\"},\"image\":{\"@id\":\"https:\/\/nitu.mx\/index.php\/2020\/06\/01\/wttc-presenta-nuevos-protocolos-para-la-reactivacion-segura-en-aerolineas-y-transportadoras\/#primaryimage\"},\"thumbnailUrl\":\"https:\/\/nitu.mx\/wp-content\/uploads\/2020\/05\/Gloria-Guevara-WTTC.jpg\",\"datePublished\":\"2020-06-01T05:23:37+00:00\",\"dateModified\":\"2020-06-01T15:00:48+00:00\",\"breadcrumb\":{\"@id\":\"https:\/\/nitu.mx\/index.php\/2020\/06\/01\/wttc-presenta-nuevos-protocolos-para-la-reactivacion-segura-en-aerolineas-y-transportadoras\/#breadcrumb\"},\"inLanguage\":\"es-MX\",\"potentialAction\":[{\"@type\":\"ReadAction\",\"target\":[\"https:\/\/nitu.mx\/index.php\/2020\/06\/01\/wttc-presenta-nuevos-protocolos-para-la-reactivacion-segura-en-aerolineas-y-transportadoras\/\"]}]},{\"@type\":\"ImageObject\",\"inLanguage\":\"es-MX\",\"@id\":\"https:\/\/nitu.mx\/index.php\/2020\/06\/01\/wttc-presenta-nuevos-protocolos-para-la-reactivacion-segura-en-aerolineas-y-transportadoras\/#primaryimage\",\"url\":\"https:\/\/nitu.mx\/wp-content\/uploads\/2020\/05\/Gloria-Guevara-WTTC.jpg\",\"contentUrl\":\"https:\/\/nitu.mx\/wp-content\/uploads\/2020\/05\/Gloria-Guevara-WTTC.jpg\",\"width\":850,\"height\":480,\"caption\":\"Gloria Guevara WTTC\"},{\"@type\":\"BreadcrumbList\",\"@id\":\"https:\/\/nitu.mx\/index.php\/2020\/06\/01\/wttc-presenta-nuevos-protocolos-para-la-reactivacion-segura-en-aerolineas-y-transportadoras\/#breadcrumb\",\"itemListElement\":[{\"@type\":\"ListItem\",\"position\":1,\"name\":\"Inicio\",\"item\":\"https:\/\/nitu.mx\/\"},{\"@type\":\"ListItem\",\"position\":2,\"name\":\"WTTC presenta nuevos protocolos para la reactivaci\u00f3n segura en aerol\u00edneas y transportadoras\"}]},{\"@type\":\"WebSite\",\"@id\":\"https:\/\/nitu.mx\/#website\",\"url\":\"https:\/\/nitu.mx\/\",\"name\":\"Nitu - Noticias de la Industria Turistica\",\"description\":\"Noticias de la Industria Turistica\",\"publisher\":{\"@id\":\"https:\/\/nitu.mx\/#\/schema\/person\/ae7a53426417292d3dd07b45a33e01bc\"},\"alternateName\":\"Noticias de la Industria Turistica\",\"potentialAction\":[{\"@type\":\"SearchAction\",\"target\":{\"@type\":\"EntryPoint\",\"urlTemplate\":\"https:\/\/nitu.mx\/?s={search_term_string}\"},\"query-input\":\"required name=search_term_string\"}],\"inLanguage\":\"es-MX\"},{\"@type\":[\"Person\",\"Organization\"],\"@id\":\"https:\/\/nitu.mx\/#\/schema\/person\/ae7a53426417292d3dd07b45a33e01bc\",\"name\":\"Arturo Medina\",\"image\":{\"@type\":\"ImageObject\",\"inLanguage\":\"es-MX\",\"@id\":\"https:\/\/nitu.mx\/#\/schema\/person\/image\/\",\"url\":\"https:\/\/nitu.mx\/wp-content\/uploads\/2024\/04\/4A315622-1904-4D5C-B022-878CDC840E04-90x90-1.jpeg\",\"contentUrl\":\"https:\/\/nitu.mx\/wp-content\/uploads\/2024\/04\/4A315622-1904-4D5C-B022-878CDC840E04-90x90-1.jpeg\",\"width\":90,\"height\":90,\"caption\":\"Arturo Medina\"},\"logo\":{\"@id\":\"https:\/\/nitu.mx\/#\/schema\/person\/image\/\"},\"description\":\"Director NITU.mx, Egresado de la Escuela de Periodismo Carlos Septi\u00e9n Garc\u00eda. Periodista y analista especializado en turismo desde hace 35 a\u00f1os, radicado en Canc\u00fan Q.Roo. arturo@nitu.mx\",\"sameAs\":[\"https:\/\/nitu.mx\",\"https:\/\/www.facebook.com\/NITUmx\/\",\"medinacancun\",\"https:\/\/twitter.com\/@Arturo_Medina_G\"]},{\"@type\":\"Person\",\"@id\":\"https:\/\/nitu.mx\/#\/schema\/person\/4a28fe9bd65924f7c90623773daf1b0b\",\"name\":\"Redacci\u00f3n\",\"image\":{\"@type\":\"ImageObject\",\"inLanguage\":\"es-MX\",\"@id\":\"https:\/\/nitu.mx\/#\/schema\/person\/image\/\",\"url\":\"https:\/\/secure.gravatar.com\/avatar\/5dd011c8ccfc5cd7e4c81e42252aab38?s=96&d=mm&r=g\",\"contentUrl\":\"https:\/\/secure.gravatar.com\/avatar\/5dd011c8ccfc5cd7e4c81e42252aab38?s=96&d=mm&r=g\",\"caption\":\"Redacci\u00f3n\"},\"url\":\"https:\/\/nitu.mx\/index.php\/author\/redaccion\/\"}]}<\/script>\n<!-- \/ Yoast SEO plugin. -->","yoast_head_json":{"title":"WTTC presenta nuevos protocolos para la reactivaci\u00f3n segura en aerol\u00edneas y transportadoras - Nitu - Noticias de la Industria Turistica","robots":{"index":"index","follow":"follow","max-snippet":"max-snippet:-1","max-image-preview":"max-image-preview:large","max-video-preview":"max-video-preview:-1"},"canonical":"https:\/\/nitu.mx\/index.php\/2020\/06\/01\/wttc-presenta-nuevos-protocolos-para-la-reactivacion-segura-en-aerolineas-y-transportadoras\/","twitter_card":"summary_large_image","twitter_title":"WTTC presenta nuevos protocolos para la reactivaci\u00f3n segura en aerol\u00edneas y transportadoras - Nitu - Noticias de la Industria Turistica","twitter_description":"La \u201cnueva normalidad\u201d de los viajes incluir\u00e1 estrictas normas de higiene y sanitizaci\u00f3n en aeropuertos, l\u00edneas a\u00e9reas y operadores tur\u00edsticos. Los protocolos fueron dise\u00f1ados en coordinaci\u00f3n con la industria a\u00e9rea y de acuerdo con las recomendaciones de la Organizaci\u00f3n Mundial de la Salud (OMS) y la Asociaci\u00f3n Internacional de Transporte A\u00e9reo (IATA). El Consejo Mundial [&hellip;]","twitter_image":"https:\/\/nitu.mx\/wp-content\/uploads\/2020\/05\/Gloria-Guevara-WTTC.jpg","twitter_creator":"@NITUmx","twitter_site":"@Arturo_Medina_G","twitter_misc":{"Escrito por":"Redacci\u00f3n","Tiempo de lectura":"2 minutos"},"schema":{"@context":"https:\/\/schema.org","@graph":[{"@type":"Article","@id":"https:\/\/nitu.mx\/index.php\/2020\/06\/01\/wttc-presenta-nuevos-protocolos-para-la-reactivacion-segura-en-aerolineas-y-transportadoras\/#article","isPartOf":{"@id":"https:\/\/nitu.mx\/index.php\/2020\/06\/01\/wttc-presenta-nuevos-protocolos-para-la-reactivacion-segura-en-aerolineas-y-transportadoras\/"},"author":{"name":"Redacci\u00f3n","@id":"https:\/\/nitu.mx\/#\/schema\/person\/4a28fe9bd65924f7c90623773daf1b0b"},"headline":"WTTC presenta nuevos protocolos para la reactivaci\u00f3n segura en aerol\u00edneas y transportadoras","datePublished":"2020-06-01T05:23:37+00:00","dateModified":"2020-06-01T15:00:48+00:00","mainEntityOfPage":{"@id":"https:\/\/nitu.mx\/index.php\/2020\/06\/01\/wttc-presenta-nuevos-protocolos-para-la-reactivacion-segura-en-aerolineas-y-transportadoras\/"},"wordCount":412,"commentCount":0,"publisher":{"@id":"https:\/\/nitu.mx\/#\/schema\/person\/ae7a53426417292d3dd07b45a33e01bc"},"image":{"@id":"https:\/\/nitu.mx\/index.php\/2020\/06\/01\/wttc-presenta-nuevos-protocolos-para-la-reactivacion-segura-en-aerolineas-y-transportadoras\/#primaryimage"},"thumbnailUrl":"https:\/\/nitu.mx\/wp-content\/uploads\/2020\/05\/Gloria-Guevara-WTTC.jpg","keywords":["aviaci\u00f3n","IATA","OMS","protocolos","WTTC"],"articleSection":["Aerol\u00edneas","COVID-19 CORONAVIRUS"],"inLanguage":"es-MX","potentialAction":[{"@type":"CommentAction","name":"Comment","target":["https:\/\/nitu.mx\/index.php\/2020\/06\/01\/wttc-presenta-nuevos-protocolos-para-la-reactivacion-segura-en-aerolineas-y-transportadoras\/#respond"]}]},{"@type":"WebPage","@id":"https:\/\/nitu.mx\/index.php\/2020\/06\/01\/wttc-presenta-nuevos-protocolos-para-la-reactivacion-segura-en-aerolineas-y-transportadoras\/","url":"https:\/\/nitu.mx\/index.php\/2020\/06\/01\/wttc-presenta-nuevos-protocolos-para-la-reactivacion-segura-en-aerolineas-y-transportadoras\/","name":"WTTC presenta nuevos protocolos para la reactivaci\u00f3n segura en aerol\u00edneas y transportadoras - Nitu - Noticias de la Industria Turistica","isPartOf":{"@id":"https:\/\/nitu.mx\/#website"},"primaryImageOfPage":{"@id":"https:\/\/nitu.mx\/index.php\/2020\/06\/01\/wttc-presenta-nuevos-protocolos-para-la-reactivacion-segura-en-aerolineas-y-transportadoras\/#primaryimage"},"image":{"@id":"https:\/\/nitu.mx\/index.php\/2020\/06\/01\/wttc-presenta-nuevos-protocolos-para-la-reactivacion-segura-en-aerolineas-y-transportadoras\/#primaryimage"},"thumbnailUrl":"https:\/\/nitu.mx\/wp-content\/uploads\/2020\/05\/Gloria-Guevara-WTTC.jpg","datePublished":"2020-06-01T05:23:37+00:00","dateModified":"2020-06-01T15:00:48+00:00","breadcrumb":{"@id":"https:\/\/nitu.mx\/index.php\/2020\/06\/01\/wttc-presenta-nuevos-protocolos-para-la-reactivacion-segura-en-aerolineas-y-transportadoras\/#breadcrumb"},"inLanguage":"es-MX","potentialAction":[{"@type":"ReadAction","target":["https:\/\/nitu.mx\/index.php\/2020\/06\/01\/wttc-presenta-nuevos-protocolos-para-la-reactivacion-segura-en-aerolineas-y-transportadoras\/"]}]},{"@type":"ImageObject","inLanguage":"es-MX","@id":"https:\/\/nitu.mx\/index.php\/2020\/06\/01\/wttc-presenta-nuevos-protocolos-para-la-reactivacion-segura-en-aerolineas-y-transportadoras\/#primaryimage","url":"https:\/\/nitu.mx\/wp-content\/uploads\/2020\/05\/Gloria-Guevara-WTTC.jpg","contentUrl":"https:\/\/nitu.mx\/wp-content\/uploads\/2020\/05\/Gloria-Guevara-WTTC.jpg","width":850,"height":480,"caption":"Gloria Guevara WTTC"},{"@type":"BreadcrumbList","@id":"https:\/\/nitu.mx\/index.php\/2020\/06\/01\/wttc-presenta-nuevos-protocolos-para-la-reactivacion-segura-en-aerolineas-y-transportadoras\/#breadcrumb","itemListElement":[{"@type":"ListItem","position":1,"name":"Inicio","item":"https:\/\/nitu.mx\/"},{"@type":"ListItem","position":2,"name":"WTTC presenta nuevos protocolos para la reactivaci\u00f3n segura en aerol\u00edneas y transportadoras"}]},{"@type":"WebSite","@id":"https:\/\/nitu.mx\/#website","url":"https:\/\/nitu.mx\/","name":"Nitu - Noticias de la Industria Turistica","description":"Noticias de la Industria Turistica","publisher":{"@id":"https:\/\/nitu.mx\/#\/schema\/person\/ae7a53426417292d3dd07b45a33e01bc"},"alternateName":"Noticias de la Industria Turistica","potentialAction":[{"@type":"SearchAction","target":{"@type":"EntryPoint","urlTemplate":"https:\/\/nitu.mx\/?s={search_term_string}"},"query-input":"required name=search_term_string"}],"inLanguage":"es-MX"},{"@type":["Person","Organization"],"@id":"https:\/\/nitu.mx\/#\/schema\/person\/ae7a53426417292d3dd07b45a33e01bc","name":"Arturo Medina","image":{"@type":"ImageObject","inLanguage":"es-MX","@id":"https:\/\/nitu.mx\/#\/schema\/person\/image\/","url":"https:\/\/nitu.mx\/wp-content\/uploads\/2024\/04\/4A315622-1904-4D5C-B022-878CDC840E04-90x90-1.jpeg","contentUrl":"https:\/\/nitu.mx\/wp-content\/uploads\/2024\/04\/4A315622-1904-4D5C-B022-878CDC840E04-90x90-1.jpeg","width":90,"height":90,"caption":"Arturo Medina"},"logo":{"@id":"https:\/\/nitu.mx\/#\/schema\/person\/image\/"},"description":"Director NITU.mx, Egresado de la Escuela de Periodismo Carlos Septi\u00e9n Garc\u00eda. Periodista y analista especializado en turismo desde hace 35 a\u00f1os, radicado en Canc\u00fan Q.Roo. arturo@nitu.mx","sameAs":["https:\/\/nitu.mx","https:\/\/www.facebook.com\/NITUmx\/","medinacancun","https:\/\/twitter.com\/@Arturo_Medina_G"]},{"@type":"Person","@id":"https:\/\/nitu.mx\/#\/schema\/person\/4a28fe9bd65924f7c90623773daf1b0b","name":"Redacci\u00f3n","image":{"@type":"ImageObject","inLanguage":"es-MX","@id":"https:\/\/nitu.mx\/#\/schema\/person\/image\/","url":"https:\/\/secure.gravatar.com\/avatar\/5dd011c8ccfc5cd7e4c81e42252aab38?s=96&d=mm&r=g","contentUrl":"https:\/\/secure.gravatar.com\/avatar\/5dd011c8ccfc5cd7e4c81e42252aab38?s=96&d=mm&r=g","caption":"Redacci\u00f3n"},"url":"https:\/\/nitu.mx\/index.php\/author\/redaccion\/"}]}},"views":1085,"_links":{"self":[{"href":"https:\/\/nitu.mx\/index.php\/wp-json\/wp\/v2\/posts\/43068"}],"collection":[{"href":"https:\/\/nitu.mx\/index.php\/wp-json\/wp\/v2\/posts"}],"about":[{"href":"https:\/\/nitu.mx\/index.php\/wp-json\/wp\/v2\/types\/post"}],"author":[{"embeddable":true,"href":"https:\/\/nitu.mx\/index.php\/wp-json\/wp\/v2\/users\/17"}],"replies":[{"embeddable":true,"href":"https:\/\/nitu.mx\/index.php\/wp-json\/wp\/v2\/comments?post=43068"}],"version-history":[{"count":4,"href":"https:\/\/nitu.mx\/index.php\/wp-json\/wp\/v2\/posts\/43068\/revisions"}],"predecessor-version":[{"id":43103,"href":"https:\/\/nitu.mx\/index.php\/wp-json\/wp\/v2\/posts\/43068\/revisions\/43103"}],"wp:featuredmedia":[{"embeddable":true,"href":"https:\/\/nitu.mx\/index.php\/wp-json\/wp\/v2\/media\/43090"}],"wp:attachment":[{"href":"https:\/\/nitu.mx\/index.php\/wp-json\/wp\/v2\/media?parent=43068"}],"wp:term":[{"taxonomy":"category","embeddable":true,"href":"https:\/\/nitu.mx\/index.php\/wp-json\/wp\/v2\/categories?post=43068"},{"taxonomy":"post_tag","embeddable":true,"href":"https:\/\/nitu.mx\/index.php\/wp-json\/wp\/v2\/tags?post=43068"}],"curies":[{"name":"wp","href":"https:\/\/api.w.org\/{rel}","templated":true}]}}