{"id":43054,"date":"2020-05-29T22:43:13","date_gmt":"2020-05-30T03:43:13","guid":{"rendered":"https:\/\/www.dev.nitu.mx\/?p=43054"},"modified":"2020-05-31T22:47:57","modified_gmt":"2020-06-01T03:47:57","slug":"la-nueva-realidad-para-volar-post-covid-19","status":"publish","type":"post","link":"https:\/\/nitu.mx\/index.php\/2020\/05\/29\/la-nueva-realidad-para-volar-post-covid-19\/","title":{"rendered":"La nueva realidad para volar post COVID-19"},"content":{"rendered":"\n<p>Cada d\u00eda que pasa la sociedad en el mundo esta m\u00e1s ansiosa de viajar despu\u00e9s del encierro forzado por la pandemia por COVID-19, sin embargo si algo cambiar\u00e1 dr\u00e1sticamente una vez que todo quede atr\u00e1s, ser\u00e1 la forma de movernos de un lugar a otro por avi\u00f3n, sobre todo si el viaje es a otro pa\u00eds.<\/p>\n\n\n\n<p>Desde la llegada al aeropuerto se evitar\u00e1 en la medida de lo posible el contacto con las personas en mostrador, fomentando el uso del web Check in, algo que ya muchos usan y que limita tu tiempo de espera en la fila y el contacto con personal del counter.<\/p>\n\n\n\n<p>El ingreso a las zonas de espera ser\u00e1 conservando el distanciamiento social en la medida de lo posible, la identificaci\u00f3n ser\u00e1 digital para evitar una vez m\u00e1s el contacto. Estas \u00e1reas estar\u00e1n dotadas con esc\u00e1neres t\u00e9rmicos para identificar personas que pudieran presentar fiebre y por ello un riesgo de infecci\u00f3n.<\/p>\n\n\n\n<p>Por cuestiones de identificaci\u00f3n el uso del cubre bocas pudiera no ser lo m\u00e1s \u00fatil en este trayecto, adem\u00e1s algunos piensan que a la hora del abordaje se usar\u00e1 la identificaci\u00f3n facial por lo que el cubre bocas podr\u00eda generar una molestia.<\/p>\n\n\n\n<p>Las c\u00e1psulas y arcos sanitisantes ser\u00e1n cada vez m\u00e1s \u00fatiles, e incluso se habla de robots para desinfectar espacios como los ba\u00f1os. <\/p>\n\n\n\n<p>La forma de abordar ser\u00e1 justo al contrario de lo que sucede hoy en d\u00eda, siempre suben primero los de primera clase y asientos premium, y luego el resto, ahora los que tengan asientos traseros ser\u00e1n los primeros en subir para evitar aglomeraciones en los pasillos.<\/p>\n\n\n\n<p>La comida y la bebida, incluso en primera clase ser\u00e1 sellada, a\u00fan en los salones de espera panes y frutas estar\u00e1n envueltos, para evitar riesgos al comer.<\/p>\n\n\n\n<p>Y si eso parece complicado, en la llegada al destino, habr\u00e1 que tener mucha paciencia, porque las revisiones sanitarias seguramente provocar\u00e1n retrasos en las zonas emigraci\u00f3n. <\/p>\n\n\n\n<p>Sin duda vivimos en un mundo globalizado, en donde viajar y conocer el mundo se ha convertido en algo al alcance, la sociedad en el mundo busca los lugares ic\u00f3nicos pero tambi\u00e9n experiencias inolvidables. Bueno, pues habr\u00e1 que ser parte de la nueva realidad. <\/p>\n\n\n\n<figure class=\"wp-block-video aligncenter\"><video controls src=\"https:\/\/www.dev.nitu.mx\/wp-content\/uploads\/2020\/05\/Nuevas-practicas-.mp4\"><\/video><\/figure>\n","protected":false},"excerpt":{"rendered":"<p>Cada d\u00eda que pasa la sociedad en el mundo esta m\u00e1s ansiosa de viajar despu\u00e9s del encierro forzado por la pandemia por COVID-19, sin embargo si algo cambiar\u00e1 dr\u00e1sticamente una vez que todo quede atr\u00e1s, ser\u00e1 la forma de movernos de un lugar a otro por avi\u00f3n, sobre todo si el viaje es a otro [&hellip;]<\/p>\n","protected":false},"author":17,"featured_media":41161,"comment_status":"open","ping_status":"open","sticky":false,"template":"","format":"standard","meta":{"footnotes":""},"categories":[29,19462,19057],"tags":[2001,18906],"yoast_head":"<!-- This site is optimized with the Yoast SEO plugin v22.2 - https:\/\/yoast.com\/wordpress\/plugins\/seo\/ -->\n<title>La nueva realidad para volar post COVID-19 - Nitu - Noticias de la Industria Turistica<\/title>\n<meta name=\"robots\" content=\"index, follow, max-snippet:-1, max-image-preview:large, max-video-preview:-1\" \/>\n<link rel=\"canonical\" href=\"https:\/\/nitu.mx\/index.php\/2020\/05\/29\/la-nueva-realidad-para-volar-post-covid-19\/\" \/>\n<meta name=\"twitter:card\" content=\"summary_large_image\" \/>\n<meta name=\"twitter:title\" content=\"La nueva realidad para volar post COVID-19 - Nitu - Noticias de la Industria Turistica\" \/>\n<meta name=\"twitter:description\" content=\"Cada d\u00eda que pasa la sociedad en el mundo esta m\u00e1s ansiosa de viajar despu\u00e9s del encierro forzado por la pandemia por COVID-19, sin embargo si algo cambiar\u00e1 dr\u00e1sticamente una vez que todo quede atr\u00e1s, ser\u00e1 la forma de movernos de un lugar a otro por avi\u00f3n, sobre todo si el viaje es a otro [&hellip;]\" \/>\n<meta name=\"twitter:image\" content=\"https:\/\/nitu.mx\/wp-content\/uploads\/2020\/03\/aeropuerto.jpg\" \/>\n<meta name=\"twitter:creator\" content=\"@NITUmx\" \/>\n<meta name=\"twitter:site\" content=\"@Arturo_Medina_G\" \/>\n<meta name=\"twitter:label1\" content=\"Escrito por\" \/>\n\t<meta name=\"twitter:data1\" content=\"Redacci\u00f3n\" \/>\n\t<meta name=\"twitter:label2\" content=\"Tiempo de lectura\" \/>\n\t<meta name=\"twitter:data2\" content=\"2 minutos\" \/>\n<script type=\"application\/ld+json\" class=\"yoast-schema-graph\">{\"@context\":\"https:\/\/schema.org\",\"@graph\":[{\"@type\":\"Article\",\"@id\":\"https:\/\/nitu.mx\/index.php\/2020\/05\/29\/la-nueva-realidad-para-volar-post-covid-19\/#article\",\"isPartOf\":{\"@id\":\"https:\/\/nitu.mx\/index.php\/2020\/05\/29\/la-nueva-realidad-para-volar-post-covid-19\/\"},\"author\":{\"name\":\"Redacci\u00f3n\",\"@id\":\"https:\/\/nitu.mx\/#\/schema\/person\/4a28fe9bd65924f7c90623773daf1b0b\"},\"headline\":\"La nueva realidad para volar post COVID-19\",\"datePublished\":\"2020-05-30T03:43:13+00:00\",\"dateModified\":\"2020-06-01T03:47:57+00:00\",\"mainEntityOfPage\":{\"@id\":\"https:\/\/nitu.mx\/index.php\/2020\/05\/29\/la-nueva-realidad-para-volar-post-covid-19\/\"},\"wordCount\":399,\"commentCount\":0,\"publisher\":{\"@id\":\"https:\/\/nitu.mx\/#\/schema\/person\/ae7a53426417292d3dd07b45a33e01bc\"},\"image\":{\"@id\":\"https:\/\/nitu.mx\/index.php\/2020\/05\/29\/la-nueva-realidad-para-volar-post-covid-19\/#primaryimage\"},\"thumbnailUrl\":\"https:\/\/nitu.mx\/wp-content\/uploads\/2020\/03\/aeropuerto.jpg\",\"keywords\":[\"aeropuerto\",\"Covid-19\"],\"articleSection\":[\"Aerol\u00edneas\",\"Aeropuertos\",\"COVID-19 CORONAVIRUS\"],\"inLanguage\":\"es-MX\",\"potentialAction\":[{\"@type\":\"CommentAction\",\"name\":\"Comment\",\"target\":[\"https:\/\/nitu.mx\/index.php\/2020\/05\/29\/la-nueva-realidad-para-volar-post-covid-19\/#respond\"]}]},{\"@type\":\"WebPage\",\"@id\":\"https:\/\/nitu.mx\/index.php\/2020\/05\/29\/la-nueva-realidad-para-volar-post-covid-19\/\",\"url\":\"https:\/\/nitu.mx\/index.php\/2020\/05\/29\/la-nueva-realidad-para-volar-post-covid-19\/\",\"name\":\"La nueva realidad para volar post COVID-19 - Nitu - Noticias de la Industria Turistica\",\"isPartOf\":{\"@id\":\"https:\/\/nitu.mx\/#website\"},\"primaryImageOfPage\":{\"@id\":\"https:\/\/nitu.mx\/index.php\/2020\/05\/29\/la-nueva-realidad-para-volar-post-covid-19\/#primaryimage\"},\"image\":{\"@id\":\"https:\/\/nitu.mx\/index.php\/2020\/05\/29\/la-nueva-realidad-para-volar-post-covid-19\/#primaryimage\"},\"thumbnailUrl\":\"https:\/\/nitu.mx\/wp-content\/uploads\/2020\/03\/aeropuerto.jpg\",\"datePublished\":\"2020-05-30T03:43:13+00:00\",\"dateModified\":\"2020-06-01T03:47:57+00:00\",\"breadcrumb\":{\"@id\":\"https:\/\/nitu.mx\/index.php\/2020\/05\/29\/la-nueva-realidad-para-volar-post-covid-19\/#breadcrumb\"},\"inLanguage\":\"es-MX\",\"potentialAction\":[{\"@type\":\"ReadAction\",\"target\":[\"https:\/\/nitu.mx\/index.php\/2020\/05\/29\/la-nueva-realidad-para-volar-post-covid-19\/\"]}]},{\"@type\":\"ImageObject\",\"inLanguage\":\"es-MX\",\"@id\":\"https:\/\/nitu.mx\/index.php\/2020\/05\/29\/la-nueva-realidad-para-volar-post-covid-19\/#primaryimage\",\"url\":\"https:\/\/nitu.mx\/wp-content\/uploads\/2020\/03\/aeropuerto.jpg\",\"contentUrl\":\"https:\/\/nitu.mx\/wp-content\/uploads\/2020\/03\/aeropuerto.jpg\",\"width\":850,\"height\":480,\"caption\":\"Aeropuerto Canc\u00fan\"},{\"@type\":\"BreadcrumbList\",\"@id\":\"https:\/\/nitu.mx\/index.php\/2020\/05\/29\/la-nueva-realidad-para-volar-post-covid-19\/#breadcrumb\",\"itemListElement\":[{\"@type\":\"ListItem\",\"position\":1,\"name\":\"Inicio\",\"item\":\"https:\/\/nitu.mx\/\"},{\"@type\":\"ListItem\",\"position\":2,\"name\":\"La nueva realidad para volar post COVID-19\"}]},{\"@type\":\"WebSite\",\"@id\":\"https:\/\/nitu.mx\/#website\",\"url\":\"https:\/\/nitu.mx\/\",\"name\":\"Nitu - Noticias de la Industria Turistica\",\"description\":\"Noticias de la Industria Turistica\",\"publisher\":{\"@id\":\"https:\/\/nitu.mx\/#\/schema\/person\/ae7a53426417292d3dd07b45a33e01bc\"},\"alternateName\":\"Noticias de la Industria Turistica\",\"potentialAction\":[{\"@type\":\"SearchAction\",\"target\":{\"@type\":\"EntryPoint\",\"urlTemplate\":\"https:\/\/nitu.mx\/?s={search_term_string}\"},\"query-input\":\"required name=search_term_string\"}],\"inLanguage\":\"es-MX\"},{\"@type\":[\"Person\",\"Organization\"],\"@id\":\"https:\/\/nitu.mx\/#\/schema\/person\/ae7a53426417292d3dd07b45a33e01bc\",\"name\":\"Arturo Medina\",\"image\":{\"@type\":\"ImageObject\",\"inLanguage\":\"es-MX\",\"@id\":\"https:\/\/nitu.mx\/#\/schema\/person\/image\/\",\"url\":\"https:\/\/nitu.mx\/wp-content\/uploads\/2024\/04\/4A315622-1904-4D5C-B022-878CDC840E04-90x90-1.jpeg\",\"contentUrl\":\"https:\/\/nitu.mx\/wp-content\/uploads\/2024\/04\/4A315622-1904-4D5C-B022-878CDC840E04-90x90-1.jpeg\",\"width\":90,\"height\":90,\"caption\":\"Arturo Medina\"},\"logo\":{\"@id\":\"https:\/\/nitu.mx\/#\/schema\/person\/image\/\"},\"description\":\"Director NITU.mx, Egresado de la Escuela de Periodismo Carlos Septi\u00e9n Garc\u00eda. Periodista y analista especializado en turismo desde hace 35 a\u00f1os, radicado en Canc\u00fan Q.Roo. arturo@nitu.mx\",\"sameAs\":[\"https:\/\/nitu.mx\",\"https:\/\/www.facebook.com\/NITUmx\/\",\"medinacancun\",\"https:\/\/twitter.com\/@Arturo_Medina_G\"]},{\"@type\":\"Person\",\"@id\":\"https:\/\/nitu.mx\/#\/schema\/person\/4a28fe9bd65924f7c90623773daf1b0b\",\"name\":\"Redacci\u00f3n\",\"image\":{\"@type\":\"ImageObject\",\"inLanguage\":\"es-MX\",\"@id\":\"https:\/\/nitu.mx\/#\/schema\/person\/image\/\",\"url\":\"https:\/\/secure.gravatar.com\/avatar\/5dd011c8ccfc5cd7e4c81e42252aab38?s=96&d=mm&r=g\",\"contentUrl\":\"https:\/\/secure.gravatar.com\/avatar\/5dd011c8ccfc5cd7e4c81e42252aab38?s=96&d=mm&r=g\",\"caption\":\"Redacci\u00f3n\"},\"url\":\"https:\/\/nitu.mx\/index.php\/author\/redaccion\/\"}]}<\/script>\n<!-- \/ Yoast SEO plugin. -->","yoast_head_json":{"title":"La nueva realidad para volar post COVID-19 - Nitu - Noticias de la Industria Turistica","robots":{"index":"index","follow":"follow","max-snippet":"max-snippet:-1","max-image-preview":"max-image-preview:large","max-video-preview":"max-video-preview:-1"},"canonical":"https:\/\/nitu.mx\/index.php\/2020\/05\/29\/la-nueva-realidad-para-volar-post-covid-19\/","twitter_card":"summary_large_image","twitter_title":"La nueva realidad para volar post COVID-19 - Nitu - Noticias de la Industria Turistica","twitter_description":"Cada d\u00eda que pasa la sociedad en el mundo esta m\u00e1s ansiosa de viajar despu\u00e9s del encierro forzado por la pandemia por COVID-19, sin embargo si algo cambiar\u00e1 dr\u00e1sticamente una vez que todo quede atr\u00e1s, ser\u00e1 la forma de movernos de un lugar a otro por avi\u00f3n, sobre todo si el viaje es a otro [&hellip;]","twitter_image":"https:\/\/nitu.mx\/wp-content\/uploads\/2020\/03\/aeropuerto.jpg","twitter_creator":"@NITUmx","twitter_site":"@Arturo_Medina_G","twitter_misc":{"Escrito por":"Redacci\u00f3n","Tiempo de lectura":"2 minutos"},"schema":{"@context":"https:\/\/schema.org","@graph":[{"@type":"Article","@id":"https:\/\/nitu.mx\/index.php\/2020\/05\/29\/la-nueva-realidad-para-volar-post-covid-19\/#article","isPartOf":{"@id":"https:\/\/nitu.mx\/index.php\/2020\/05\/29\/la-nueva-realidad-para-volar-post-covid-19\/"},"author":{"name":"Redacci\u00f3n","@id":"https:\/\/nitu.mx\/#\/schema\/person\/4a28fe9bd65924f7c90623773daf1b0b"},"headline":"La nueva realidad para volar post COVID-19","datePublished":"2020-05-30T03:43:13+00:00","dateModified":"2020-06-01T03:47:57+00:00","mainEntityOfPage":{"@id":"https:\/\/nitu.mx\/index.php\/2020\/05\/29\/la-nueva-realidad-para-volar-post-covid-19\/"},"wordCount":399,"commentCount":0,"publisher":{"@id":"https:\/\/nitu.mx\/#\/schema\/person\/ae7a53426417292d3dd07b45a33e01bc"},"image":{"@id":"https:\/\/nitu.mx\/index.php\/2020\/05\/29\/la-nueva-realidad-para-volar-post-covid-19\/#primaryimage"},"thumbnailUrl":"https:\/\/nitu.mx\/wp-content\/uploads\/2020\/03\/aeropuerto.jpg","keywords":["aeropuerto","Covid-19"],"articleSection":["Aerol\u00edneas","Aeropuertos","COVID-19 CORONAVIRUS"],"inLanguage":"es-MX","potentialAction":[{"@type":"CommentAction","name":"Comment","target":["https:\/\/nitu.mx\/index.php\/2020\/05\/29\/la-nueva-realidad-para-volar-post-covid-19\/#respond"]}]},{"@type":"WebPage","@id":"https:\/\/nitu.mx\/index.php\/2020\/05\/29\/la-nueva-realidad-para-volar-post-covid-19\/","url":"https:\/\/nitu.mx\/index.php\/2020\/05\/29\/la-nueva-realidad-para-volar-post-covid-19\/","name":"La nueva realidad para volar post COVID-19 - Nitu - Noticias de la Industria Turistica","isPartOf":{"@id":"https:\/\/nitu.mx\/#website"},"primaryImageOfPage":{"@id":"https:\/\/nitu.mx\/index.php\/2020\/05\/29\/la-nueva-realidad-para-volar-post-covid-19\/#primaryimage"},"image":{"@id":"https:\/\/nitu.mx\/index.php\/2020\/05\/29\/la-nueva-realidad-para-volar-post-covid-19\/#primaryimage"},"thumbnailUrl":"https:\/\/nitu.mx\/wp-content\/uploads\/2020\/03\/aeropuerto.jpg","datePublished":"2020-05-30T03:43:13+00:00","dateModified":"2020-06-01T03:47:57+00:00","breadcrumb":{"@id":"https:\/\/nitu.mx\/index.php\/2020\/05\/29\/la-nueva-realidad-para-volar-post-covid-19\/#breadcrumb"},"inLanguage":"es-MX","potentialAction":[{"@type":"ReadAction","target":["https:\/\/nitu.mx\/index.php\/2020\/05\/29\/la-nueva-realidad-para-volar-post-covid-19\/"]}]},{"@type":"ImageObject","inLanguage":"es-MX","@id":"https:\/\/nitu.mx\/index.php\/2020\/05\/29\/la-nueva-realidad-para-volar-post-covid-19\/#primaryimage","url":"https:\/\/nitu.mx\/wp-content\/uploads\/2020\/03\/aeropuerto.jpg","contentUrl":"https:\/\/nitu.mx\/wp-content\/uploads\/2020\/03\/aeropuerto.jpg","width":850,"height":480,"caption":"Aeropuerto Canc\u00fan"},{"@type":"BreadcrumbList","@id":"https:\/\/nitu.mx\/index.php\/2020\/05\/29\/la-nueva-realidad-para-volar-post-covid-19\/#breadcrumb","itemListElement":[{"@type":"ListItem","position":1,"name":"Inicio","item":"https:\/\/nitu.mx\/"},{"@type":"ListItem","position":2,"name":"La nueva realidad para volar post COVID-19"}]},{"@type":"WebSite","@id":"https:\/\/nitu.mx\/#website","url":"https:\/\/nitu.mx\/","name":"Nitu - Noticias de la Industria Turistica","description":"Noticias de la Industria Turistica","publisher":{"@id":"https:\/\/nitu.mx\/#\/schema\/person\/ae7a53426417292d3dd07b45a33e01bc"},"alternateName":"Noticias de la Industria Turistica","potentialAction":[{"@type":"SearchAction","target":{"@type":"EntryPoint","urlTemplate":"https:\/\/nitu.mx\/?s={search_term_string}"},"query-input":"required name=search_term_string"}],"inLanguage":"es-MX"},{"@type":["Person","Organization"],"@id":"https:\/\/nitu.mx\/#\/schema\/person\/ae7a53426417292d3dd07b45a33e01bc","name":"Arturo Medina","image":{"@type":"ImageObject","inLanguage":"es-MX","@id":"https:\/\/nitu.mx\/#\/schema\/person\/image\/","url":"https:\/\/nitu.mx\/wp-content\/uploads\/2024\/04\/4A315622-1904-4D5C-B022-878CDC840E04-90x90-1.jpeg","contentUrl":"https:\/\/nitu.mx\/wp-content\/uploads\/2024\/04\/4A315622-1904-4D5C-B022-878CDC840E04-90x90-1.jpeg","width":90,"height":90,"caption":"Arturo Medina"},"logo":{"@id":"https:\/\/nitu.mx\/#\/schema\/person\/image\/"},"description":"Director NITU.mx, Egresado de la Escuela de Periodismo Carlos Septi\u00e9n Garc\u00eda. Periodista y analista especializado en turismo desde hace 35 a\u00f1os, radicado en Canc\u00fan Q.Roo. arturo@nitu.mx","sameAs":["https:\/\/nitu.mx","https:\/\/www.facebook.com\/NITUmx\/","medinacancun","https:\/\/twitter.com\/@Arturo_Medina_G"]},{"@type":"Person","@id":"https:\/\/nitu.mx\/#\/schema\/person\/4a28fe9bd65924f7c90623773daf1b0b","name":"Redacci\u00f3n","image":{"@type":"ImageObject","inLanguage":"es-MX","@id":"https:\/\/nitu.mx\/#\/schema\/person\/image\/","url":"https:\/\/secure.gravatar.com\/avatar\/5dd011c8ccfc5cd7e4c81e42252aab38?s=96&d=mm&r=g","contentUrl":"https:\/\/secure.gravatar.com\/avatar\/5dd011c8ccfc5cd7e4c81e42252aab38?s=96&d=mm&r=g","caption":"Redacci\u00f3n"},"url":"https:\/\/nitu.mx\/index.php\/author\/redaccion\/"}]}},"views":626,"_links":{"self":[{"href":"https:\/\/nitu.mx\/index.php\/wp-json\/wp\/v2\/posts\/43054"}],"collection":[{"href":"https:\/\/nitu.mx\/index.php\/wp-json\/wp\/v2\/posts"}],"about":[{"href":"https:\/\/nitu.mx\/index.php\/wp-json\/wp\/v2\/types\/post"}],"author":[{"embeddable":true,"href":"https:\/\/nitu.mx\/index.php\/wp-json\/wp\/v2\/users\/17"}],"replies":[{"embeddable":true,"href":"https:\/\/nitu.mx\/index.php\/wp-json\/wp\/v2\/comments?post=43054"}],"version-history":[{"count":2,"href":"https:\/\/nitu.mx\/index.php\/wp-json\/wp\/v2\/posts\/43054\/revisions"}],"predecessor-version":[{"id":43083,"href":"https:\/\/nitu.mx\/index.php\/wp-json\/wp\/v2\/posts\/43054\/revisions\/43083"}],"wp:featuredmedia":[{"embeddable":true,"href":"https:\/\/nitu.mx\/index.php\/wp-json\/wp\/v2\/media\/41161"}],"wp:attachment":[{"href":"https:\/\/nitu.mx\/index.php\/wp-json\/wp\/v2\/media?parent=43054"}],"wp:term":[{"taxonomy":"category","embeddable":true,"href":"https:\/\/nitu.mx\/index.php\/wp-json\/wp\/v2\/categories?post=43054"},{"taxonomy":"post_tag","embeddable":true,"href":"https:\/\/nitu.mx\/index.php\/wp-json\/wp\/v2\/tags?post=43054"}],"curies":[{"name":"wp","href":"https:\/\/api.w.org\/{rel}","templated":true}]}}