{"id":42936,"date":"2020-05-27T00:22:17","date_gmt":"2020-05-27T05:22:17","guid":{"rendered":"https:\/\/www.dev.nitu.mx\/?p=42936"},"modified":"2020-05-27T00:32:31","modified_gmt":"2020-05-27T05:32:31","slug":"retorno-de-aerolineas-a-cancun-sera-en-junio","status":"publish","type":"post","link":"https:\/\/nitu.mx\/index.php\/2020\/05\/27\/retorno-de-aerolineas-a-cancun-sera-en-junio\/","title":{"rendered":"Retorno de aerol\u00edneas a Canc\u00fan ser\u00e1 en junio"},"content":{"rendered":"\n<p>Aerol\u00edneas como Copa Airlines, Delta, Southwest, Aerom\u00e9xico, VivaAerobus, Volaris, American y United Airlines han anunciado que volver\u00e1n a volar hacia Canc\u00fan, a partir de junio, con lo que comenzar\u00e1 a restablecerse el turismo en los destinos del estado, confirm\u00f3 Dar\u00edo Flota, director del Consejo de Promoci\u00f3n Tur\u00edstica de Quintana Roo (CPTQ).<\/p>\n\n\n\n<p>\u201cEs un entorno positivo que las aerol\u00edneas est\u00e9n esperando los anuncios de reapertura de hoteles para comenzar a volar. Delta quer\u00eda abrir sus vuelos desde Atlanta a partir del 2 de mayo, pero le pedimos que lo pospusiera. Ahora es un entorno diferente pues, en lugar de ir a pedirles que reinstalen los vuelos, est\u00e1n esperando el momento de apertura de los hoteles para reiniciar. Estamos coordinados con las aerol\u00edneas para que cuando los pasajeros lleguen encuentren actividades abiertas y no se queden confinados en sus hoteles\u201d, dijo en entrevista con Exc\u00e9lsior.<\/p>\n\n\n\n<p>Revel\u00f3 que actualmente la ocupaci\u00f3n hotelera en el destino se ubica en 2%, pues hay clientes que realizan actividades esenciales que se encuentran alojados, sin embargo, diversas cadenas ya han anunciado reapertura para los primeros d\u00edas de junio. (<a href=\"https:\/\/www.dev.nitu.mx\/index.php\/2020\/04\/28\/disminuye-aeropuerto-de-cancun-al-5-de-su-actividad-habitual\/\">Disminuye Aeropuerto de Canc\u00fan al 5% de su actividad habitual<\/a>).<\/p>\n\n\n\n<p>A partir del 1 de junio cuando se restablezca la actividad en los hoteles, poco a poco habr\u00e1 una recuperaci\u00f3n en la ocupaci\u00f3n hotelera aunque no llegar\u00e1 a los mismos niveles pero que significar\u00e1 un alivio para la econom\u00eda del estado\u201d, apunt\u00f3.<\/p>\n\n\n\n<p>Agreg\u00f3 que un segmento del turismo que jugar\u00e1 un papel importante en la reactivaci\u00f3n ser\u00e1 el de tiempos compartidos que ya han adquirido sus estancias, pero que tuvieron que reprogramar sus estad\u00edas que ser\u00edan para marzo o abril pero que est\u00e1n esperando a encontrar posibilidades de conectividad. (Dinero en imagen)<\/p>\n","protected":false},"excerpt":{"rendered":"<p>Aerol\u00edneas como Copa Airlines, Delta, Southwest, Aerom\u00e9xico, VivaAerobus, Volaris, American y United Airlines han anunciado que volver\u00e1n a volar hacia Canc\u00fan, a partir de junio, con lo que comenzar\u00e1 a restablecerse el turismo en los destinos del estado, confirm\u00f3 Dar\u00edo Flota, director del Consejo de Promoci\u00f3n Tur\u00edstica de Quintana Roo (CPTQ). \u201cEs un entorno positivo [&hellip;]<\/p>\n","protected":false},"author":17,"featured_media":4985,"comment_status":"open","ping_status":"open","sticky":false,"template":"","format":"standard","meta":{"footnotes":""},"categories":[29,18475],"tags":[2259,43,8145,1812],"yoast_head":"<!-- This site is optimized with the Yoast SEO plugin v22.2 - https:\/\/yoast.com\/wordpress\/plugins\/seo\/ -->\n<title>Retorno de aerol\u00edneas a Canc\u00fan ser\u00e1 en junio - Nitu - Noticias de la Industria Turistica<\/title>\n<meta name=\"robots\" content=\"index, follow, max-snippet:-1, max-image-preview:large, max-video-preview:-1\" \/>\n<link rel=\"canonical\" href=\"https:\/\/nitu.mx\/index.php\/2020\/05\/27\/retorno-de-aerolineas-a-cancun-sera-en-junio\/\" \/>\n<meta name=\"twitter:card\" content=\"summary_large_image\" \/>\n<meta name=\"twitter:title\" content=\"Retorno de aerol\u00edneas a Canc\u00fan ser\u00e1 en junio - Nitu - Noticias de la Industria Turistica\" \/>\n<meta name=\"twitter:description\" content=\"Aerol\u00edneas como Copa Airlines, Delta, Southwest, Aerom\u00e9xico, VivaAerobus, Volaris, American y United Airlines han anunciado que volver\u00e1n a volar hacia Canc\u00fan, a partir de junio, con lo que comenzar\u00e1 a restablecerse el turismo en los destinos del estado, confirm\u00f3 Dar\u00edo Flota, director del Consejo de Promoci\u00f3n Tur\u00edstica de Quintana Roo (CPTQ). \u201cEs un entorno positivo [&hellip;]\" \/>\n<meta name=\"twitter:image\" content=\"https:\/\/nitu.mx\/wp-content\/uploads\/2016\/12\/aeropuerto-internacional-de-canc\u00fan.jpg\" \/>\n<meta name=\"twitter:creator\" content=\"@NITUmx\" \/>\n<meta name=\"twitter:site\" content=\"@Arturo_Medina_G\" \/>\n<meta name=\"twitter:label1\" content=\"Escrito por\" \/>\n\t<meta name=\"twitter:data1\" content=\"Redacci\u00f3n\" \/>\n\t<meta name=\"twitter:label2\" content=\"Tiempo de lectura\" \/>\n\t<meta name=\"twitter:data2\" content=\"2 minutos\" \/>\n<script type=\"application\/ld+json\" class=\"yoast-schema-graph\">{\"@context\":\"https:\/\/schema.org\",\"@graph\":[{\"@type\":\"Article\",\"@id\":\"https:\/\/nitu.mx\/index.php\/2020\/05\/27\/retorno-de-aerolineas-a-cancun-sera-en-junio\/#article\",\"isPartOf\":{\"@id\":\"https:\/\/nitu.mx\/index.php\/2020\/05\/27\/retorno-de-aerolineas-a-cancun-sera-en-junio\/\"},\"author\":{\"name\":\"Redacci\u00f3n\",\"@id\":\"https:\/\/nitu.mx\/#\/schema\/person\/4a28fe9bd65924f7c90623773daf1b0b\"},\"headline\":\"Retorno de aerol\u00edneas a Canc\u00fan ser\u00e1 en junio\",\"datePublished\":\"2020-05-27T05:22:17+00:00\",\"dateModified\":\"2020-05-27T05:32:31+00:00\",\"mainEntityOfPage\":{\"@id\":\"https:\/\/nitu.mx\/index.php\/2020\/05\/27\/retorno-de-aerolineas-a-cancun-sera-en-junio\/\"},\"wordCount\":312,\"commentCount\":0,\"publisher\":{\"@id\":\"https:\/\/nitu.mx\/#\/schema\/person\/ae7a53426417292d3dd07b45a33e01bc\"},\"image\":{\"@id\":\"https:\/\/nitu.mx\/index.php\/2020\/05\/27\/retorno-de-aerolineas-a-cancun-sera-en-junio\/#primaryimage\"},\"thumbnailUrl\":\"https:\/\/nitu.mx\/wp-content\/uploads\/2016\/12\/aeropuerto-internacional-de-canc\u00fan.jpg\",\"keywords\":[\"aerol\u00edneas\",\"Canc\u00fan\",\"CPTQ\",\"Dar\u00edo Flota\"],\"articleSection\":[\"Aerol\u00edneas\",\"Caribe Mexicano\"],\"inLanguage\":\"es-MX\",\"potentialAction\":[{\"@type\":\"CommentAction\",\"name\":\"Comment\",\"target\":[\"https:\/\/nitu.mx\/index.php\/2020\/05\/27\/retorno-de-aerolineas-a-cancun-sera-en-junio\/#respond\"]}]},{\"@type\":\"WebPage\",\"@id\":\"https:\/\/nitu.mx\/index.php\/2020\/05\/27\/retorno-de-aerolineas-a-cancun-sera-en-junio\/\",\"url\":\"https:\/\/nitu.mx\/index.php\/2020\/05\/27\/retorno-de-aerolineas-a-cancun-sera-en-junio\/\",\"name\":\"Retorno de aerol\u00edneas a Canc\u00fan ser\u00e1 en junio - Nitu - Noticias de la Industria Turistica\",\"isPartOf\":{\"@id\":\"https:\/\/nitu.mx\/#website\"},\"primaryImageOfPage\":{\"@id\":\"https:\/\/nitu.mx\/index.php\/2020\/05\/27\/retorno-de-aerolineas-a-cancun-sera-en-junio\/#primaryimage\"},\"image\":{\"@id\":\"https:\/\/nitu.mx\/index.php\/2020\/05\/27\/retorno-de-aerolineas-a-cancun-sera-en-junio\/#primaryimage\"},\"thumbnailUrl\":\"https:\/\/nitu.mx\/wp-content\/uploads\/2016\/12\/aeropuerto-internacional-de-canc\u00fan.jpg\",\"datePublished\":\"2020-05-27T05:22:17+00:00\",\"dateModified\":\"2020-05-27T05:32:31+00:00\",\"breadcrumb\":{\"@id\":\"https:\/\/nitu.mx\/index.php\/2020\/05\/27\/retorno-de-aerolineas-a-cancun-sera-en-junio\/#breadcrumb\"},\"inLanguage\":\"es-MX\",\"potentialAction\":[{\"@type\":\"ReadAction\",\"target\":[\"https:\/\/nitu.mx\/index.php\/2020\/05\/27\/retorno-de-aerolineas-a-cancun-sera-en-junio\/\"]}]},{\"@type\":\"ImageObject\",\"inLanguage\":\"es-MX\",\"@id\":\"https:\/\/nitu.mx\/index.php\/2020\/05\/27\/retorno-de-aerolineas-a-cancun-sera-en-junio\/#primaryimage\",\"url\":\"https:\/\/nitu.mx\/wp-content\/uploads\/2016\/12\/aeropuerto-internacional-de-canc\u00fan.jpg\",\"contentUrl\":\"https:\/\/nitu.mx\/wp-content\/uploads\/2016\/12\/aeropuerto-internacional-de-canc\u00fan.jpg\",\"width\":848,\"height\":478,\"caption\":\"Aeropuerto de Canc\u00fan aeropuertos CDMX-Canc\u00fan\"},{\"@type\":\"BreadcrumbList\",\"@id\":\"https:\/\/nitu.mx\/index.php\/2020\/05\/27\/retorno-de-aerolineas-a-cancun-sera-en-junio\/#breadcrumb\",\"itemListElement\":[{\"@type\":\"ListItem\",\"position\":1,\"name\":\"Inicio\",\"item\":\"https:\/\/nitu.mx\/\"},{\"@type\":\"ListItem\",\"position\":2,\"name\":\"Retorno de aerol\u00edneas a Canc\u00fan ser\u00e1 en junio\"}]},{\"@type\":\"WebSite\",\"@id\":\"https:\/\/nitu.mx\/#website\",\"url\":\"https:\/\/nitu.mx\/\",\"name\":\"Nitu - Noticias de la Industria Turistica\",\"description\":\"Noticias de la Industria Turistica\",\"publisher\":{\"@id\":\"https:\/\/nitu.mx\/#\/schema\/person\/ae7a53426417292d3dd07b45a33e01bc\"},\"alternateName\":\"Noticias de la Industria Turistica\",\"potentialAction\":[{\"@type\":\"SearchAction\",\"target\":{\"@type\":\"EntryPoint\",\"urlTemplate\":\"https:\/\/nitu.mx\/?s={search_term_string}\"},\"query-input\":\"required name=search_term_string\"}],\"inLanguage\":\"es-MX\"},{\"@type\":[\"Person\",\"Organization\"],\"@id\":\"https:\/\/nitu.mx\/#\/schema\/person\/ae7a53426417292d3dd07b45a33e01bc\",\"name\":\"Arturo Medina\",\"image\":{\"@type\":\"ImageObject\",\"inLanguage\":\"es-MX\",\"@id\":\"https:\/\/nitu.mx\/#\/schema\/person\/image\/\",\"url\":\"https:\/\/nitu.mx\/wp-content\/uploads\/2024\/04\/4A315622-1904-4D5C-B022-878CDC840E04-90x90-1.jpeg\",\"contentUrl\":\"https:\/\/nitu.mx\/wp-content\/uploads\/2024\/04\/4A315622-1904-4D5C-B022-878CDC840E04-90x90-1.jpeg\",\"width\":90,\"height\":90,\"caption\":\"Arturo Medina\"},\"logo\":{\"@id\":\"https:\/\/nitu.mx\/#\/schema\/person\/image\/\"},\"description\":\"Director NITU.mx, Egresado de la Escuela de Periodismo Carlos Septi\u00e9n Garc\u00eda. Periodista y analista especializado en turismo desde hace 35 a\u00f1os, radicado en Canc\u00fan Q.Roo. arturo@nitu.mx\",\"sameAs\":[\"https:\/\/nitu.mx\",\"https:\/\/www.facebook.com\/NITUmx\/\",\"medinacancun\",\"https:\/\/twitter.com\/@Arturo_Medina_G\"]},{\"@type\":\"Person\",\"@id\":\"https:\/\/nitu.mx\/#\/schema\/person\/4a28fe9bd65924f7c90623773daf1b0b\",\"name\":\"Redacci\u00f3n\",\"image\":{\"@type\":\"ImageObject\",\"inLanguage\":\"es-MX\",\"@id\":\"https:\/\/nitu.mx\/#\/schema\/person\/image\/\",\"url\":\"https:\/\/secure.gravatar.com\/avatar\/5dd011c8ccfc5cd7e4c81e42252aab38?s=96&d=mm&r=g\",\"contentUrl\":\"https:\/\/secure.gravatar.com\/avatar\/5dd011c8ccfc5cd7e4c81e42252aab38?s=96&d=mm&r=g\",\"caption\":\"Redacci\u00f3n\"},\"url\":\"https:\/\/nitu.mx\/index.php\/author\/redaccion\/\"}]}<\/script>\n<!-- \/ Yoast SEO plugin. -->","yoast_head_json":{"title":"Retorno de aerol\u00edneas a Canc\u00fan ser\u00e1 en junio - Nitu - Noticias de la Industria Turistica","robots":{"index":"index","follow":"follow","max-snippet":"max-snippet:-1","max-image-preview":"max-image-preview:large","max-video-preview":"max-video-preview:-1"},"canonical":"https:\/\/nitu.mx\/index.php\/2020\/05\/27\/retorno-de-aerolineas-a-cancun-sera-en-junio\/","twitter_card":"summary_large_image","twitter_title":"Retorno de aerol\u00edneas a Canc\u00fan ser\u00e1 en junio - Nitu - Noticias de la Industria Turistica","twitter_description":"Aerol\u00edneas como Copa Airlines, Delta, Southwest, Aerom\u00e9xico, VivaAerobus, Volaris, American y United Airlines han anunciado que volver\u00e1n a volar hacia Canc\u00fan, a partir de junio, con lo que comenzar\u00e1 a restablecerse el turismo en los destinos del estado, confirm\u00f3 Dar\u00edo Flota, director del Consejo de Promoci\u00f3n Tur\u00edstica de Quintana Roo (CPTQ). \u201cEs un entorno positivo [&hellip;]","twitter_image":"https:\/\/nitu.mx\/wp-content\/uploads\/2016\/12\/aeropuerto-internacional-de-canc\u00fan.jpg","twitter_creator":"@NITUmx","twitter_site":"@Arturo_Medina_G","twitter_misc":{"Escrito por":"Redacci\u00f3n","Tiempo de lectura":"2 minutos"},"schema":{"@context":"https:\/\/schema.org","@graph":[{"@type":"Article","@id":"https:\/\/nitu.mx\/index.php\/2020\/05\/27\/retorno-de-aerolineas-a-cancun-sera-en-junio\/#article","isPartOf":{"@id":"https:\/\/nitu.mx\/index.php\/2020\/05\/27\/retorno-de-aerolineas-a-cancun-sera-en-junio\/"},"author":{"name":"Redacci\u00f3n","@id":"https:\/\/nitu.mx\/#\/schema\/person\/4a28fe9bd65924f7c90623773daf1b0b"},"headline":"Retorno de aerol\u00edneas a Canc\u00fan ser\u00e1 en junio","datePublished":"2020-05-27T05:22:17+00:00","dateModified":"2020-05-27T05:32:31+00:00","mainEntityOfPage":{"@id":"https:\/\/nitu.mx\/index.php\/2020\/05\/27\/retorno-de-aerolineas-a-cancun-sera-en-junio\/"},"wordCount":312,"commentCount":0,"publisher":{"@id":"https:\/\/nitu.mx\/#\/schema\/person\/ae7a53426417292d3dd07b45a33e01bc"},"image":{"@id":"https:\/\/nitu.mx\/index.php\/2020\/05\/27\/retorno-de-aerolineas-a-cancun-sera-en-junio\/#primaryimage"},"thumbnailUrl":"https:\/\/nitu.mx\/wp-content\/uploads\/2016\/12\/aeropuerto-internacional-de-canc\u00fan.jpg","keywords":["aerol\u00edneas","Canc\u00fan","CPTQ","Dar\u00edo Flota"],"articleSection":["Aerol\u00edneas","Caribe Mexicano"],"inLanguage":"es-MX","potentialAction":[{"@type":"CommentAction","name":"Comment","target":["https:\/\/nitu.mx\/index.php\/2020\/05\/27\/retorno-de-aerolineas-a-cancun-sera-en-junio\/#respond"]}]},{"@type":"WebPage","@id":"https:\/\/nitu.mx\/index.php\/2020\/05\/27\/retorno-de-aerolineas-a-cancun-sera-en-junio\/","url":"https:\/\/nitu.mx\/index.php\/2020\/05\/27\/retorno-de-aerolineas-a-cancun-sera-en-junio\/","name":"Retorno de aerol\u00edneas a Canc\u00fan ser\u00e1 en junio - Nitu - Noticias de la Industria Turistica","isPartOf":{"@id":"https:\/\/nitu.mx\/#website"},"primaryImageOfPage":{"@id":"https:\/\/nitu.mx\/index.php\/2020\/05\/27\/retorno-de-aerolineas-a-cancun-sera-en-junio\/#primaryimage"},"image":{"@id":"https:\/\/nitu.mx\/index.php\/2020\/05\/27\/retorno-de-aerolineas-a-cancun-sera-en-junio\/#primaryimage"},"thumbnailUrl":"https:\/\/nitu.mx\/wp-content\/uploads\/2016\/12\/aeropuerto-internacional-de-canc\u00fan.jpg","datePublished":"2020-05-27T05:22:17+00:00","dateModified":"2020-05-27T05:32:31+00:00","breadcrumb":{"@id":"https:\/\/nitu.mx\/index.php\/2020\/05\/27\/retorno-de-aerolineas-a-cancun-sera-en-junio\/#breadcrumb"},"inLanguage":"es-MX","potentialAction":[{"@type":"ReadAction","target":["https:\/\/nitu.mx\/index.php\/2020\/05\/27\/retorno-de-aerolineas-a-cancun-sera-en-junio\/"]}]},{"@type":"ImageObject","inLanguage":"es-MX","@id":"https:\/\/nitu.mx\/index.php\/2020\/05\/27\/retorno-de-aerolineas-a-cancun-sera-en-junio\/#primaryimage","url":"https:\/\/nitu.mx\/wp-content\/uploads\/2016\/12\/aeropuerto-internacional-de-canc\u00fan.jpg","contentUrl":"https:\/\/nitu.mx\/wp-content\/uploads\/2016\/12\/aeropuerto-internacional-de-canc\u00fan.jpg","width":848,"height":478,"caption":"Aeropuerto de Canc\u00fan aeropuertos CDMX-Canc\u00fan"},{"@type":"BreadcrumbList","@id":"https:\/\/nitu.mx\/index.php\/2020\/05\/27\/retorno-de-aerolineas-a-cancun-sera-en-junio\/#breadcrumb","itemListElement":[{"@type":"ListItem","position":1,"name":"Inicio","item":"https:\/\/nitu.mx\/"},{"@type":"ListItem","position":2,"name":"Retorno de aerol\u00edneas a Canc\u00fan ser\u00e1 en junio"}]},{"@type":"WebSite","@id":"https:\/\/nitu.mx\/#website","url":"https:\/\/nitu.mx\/","name":"Nitu - Noticias de la Industria Turistica","description":"Noticias de la Industria Turistica","publisher":{"@id":"https:\/\/nitu.mx\/#\/schema\/person\/ae7a53426417292d3dd07b45a33e01bc"},"alternateName":"Noticias de la Industria Turistica","potentialAction":[{"@type":"SearchAction","target":{"@type":"EntryPoint","urlTemplate":"https:\/\/nitu.mx\/?s={search_term_string}"},"query-input":"required name=search_term_string"}],"inLanguage":"es-MX"},{"@type":["Person","Organization"],"@id":"https:\/\/nitu.mx\/#\/schema\/person\/ae7a53426417292d3dd07b45a33e01bc","name":"Arturo Medina","image":{"@type":"ImageObject","inLanguage":"es-MX","@id":"https:\/\/nitu.mx\/#\/schema\/person\/image\/","url":"https:\/\/nitu.mx\/wp-content\/uploads\/2024\/04\/4A315622-1904-4D5C-B022-878CDC840E04-90x90-1.jpeg","contentUrl":"https:\/\/nitu.mx\/wp-content\/uploads\/2024\/04\/4A315622-1904-4D5C-B022-878CDC840E04-90x90-1.jpeg","width":90,"height":90,"caption":"Arturo Medina"},"logo":{"@id":"https:\/\/nitu.mx\/#\/schema\/person\/image\/"},"description":"Director NITU.mx, Egresado de la Escuela de Periodismo Carlos Septi\u00e9n Garc\u00eda. Periodista y analista especializado en turismo desde hace 35 a\u00f1os, radicado en Canc\u00fan Q.Roo. arturo@nitu.mx","sameAs":["https:\/\/nitu.mx","https:\/\/www.facebook.com\/NITUmx\/","medinacancun","https:\/\/twitter.com\/@Arturo_Medina_G"]},{"@type":"Person","@id":"https:\/\/nitu.mx\/#\/schema\/person\/4a28fe9bd65924f7c90623773daf1b0b","name":"Redacci\u00f3n","image":{"@type":"ImageObject","inLanguage":"es-MX","@id":"https:\/\/nitu.mx\/#\/schema\/person\/image\/","url":"https:\/\/secure.gravatar.com\/avatar\/5dd011c8ccfc5cd7e4c81e42252aab38?s=96&d=mm&r=g","contentUrl":"https:\/\/secure.gravatar.com\/avatar\/5dd011c8ccfc5cd7e4c81e42252aab38?s=96&d=mm&r=g","caption":"Redacci\u00f3n"},"url":"https:\/\/nitu.mx\/index.php\/author\/redaccion\/"}]}},"views":367,"_links":{"self":[{"href":"https:\/\/nitu.mx\/index.php\/wp-json\/wp\/v2\/posts\/42936"}],"collection":[{"href":"https:\/\/nitu.mx\/index.php\/wp-json\/wp\/v2\/posts"}],"about":[{"href":"https:\/\/nitu.mx\/index.php\/wp-json\/wp\/v2\/types\/post"}],"author":[{"embeddable":true,"href":"https:\/\/nitu.mx\/index.php\/wp-json\/wp\/v2\/users\/17"}],"replies":[{"embeddable":true,"href":"https:\/\/nitu.mx\/index.php\/wp-json\/wp\/v2\/comments?post=42936"}],"version-history":[{"count":2,"href":"https:\/\/nitu.mx\/index.php\/wp-json\/wp\/v2\/posts\/42936\/revisions"}],"predecessor-version":[{"id":42948,"href":"https:\/\/nitu.mx\/index.php\/wp-json\/wp\/v2\/posts\/42936\/revisions\/42948"}],"wp:featuredmedia":[{"embeddable":true,"href":"https:\/\/nitu.mx\/index.php\/wp-json\/wp\/v2\/media\/4985"}],"wp:attachment":[{"href":"https:\/\/nitu.mx\/index.php\/wp-json\/wp\/v2\/media?parent=42936"}],"wp:term":[{"taxonomy":"category","embeddable":true,"href":"https:\/\/nitu.mx\/index.php\/wp-json\/wp\/v2\/categories?post=42936"},{"taxonomy":"post_tag","embeddable":true,"href":"https:\/\/nitu.mx\/index.php\/wp-json\/wp\/v2\/tags?post=42936"}],"curies":[{"name":"wp","href":"https:\/\/api.w.org\/{rel}","templated":true}]}}