{"id":42913,"date":"2020-05-26T19:59:38","date_gmt":"2020-05-27T00:59:38","guid":{"rendered":"https:\/\/www.dev.nitu.mx\/?p=42913"},"modified":"2020-05-27T00:33:41","modified_gmt":"2020-05-27T05:33:41","slug":"grupo-iberostar-abrira-en-junio-algunos-de-sus-hoteles-incluidos-los-de-mexico","status":"publish","type":"post","link":"https:\/\/nitu.mx\/index.php\/2020\/05\/26\/grupo-iberostar-abrira-en-junio-algunos-de-sus-hoteles-incluidos-los-de-mexico\/","title":{"rendered":"Grupo Iberostar abrir\u00e1 en junio algunos de sus hoteles, incluidos los de M\u00e9xico"},"content":{"rendered":"\n<p>Con estrictos protocolos de sanidad y seguridad el Grupo Iberostar prepara la reapertura en junio de 2020 de una selecci\u00f3n de sus hoteles en varios destinos como Andaluc\u00eda, Mallorca y M\u00e9xico, entre otros.<\/p>\n\n\n\n<p>Despu\u00e9s del confinamiento por la pandemia de covid-19, como incentivo para que las familias inicien sus viajes, la hotelera ofrecer\u00e1 alojamiento gratuito a los ni\u00f1os que compartan habitaci\u00f3n con sus padres, en estancias que se produzcan a partir de junio de 2020 y hasta el verano pr\u00f3ximo incluido, y para compras que se realicen hasta finales de junio 2020.<\/p>\n\n\n\n<p>Esta medida se suma al ambicioso plan de resiliencia de la compa\u00f1\u00eda que incorpora a su visi\u00f3n de turismo responsable una vertiente sanitaria para asegurar el cuidado de clientes y empleados. Grupo Iberostar reabrir\u00e1 sus hoteles tras revisar todos los protocolos de sanidad y seguridad de sus operaciones. La compa\u00f1\u00eda ha creado con este fin un Medical Advisory Board formado por expertos en salud p\u00fablica y seguridad sanitaria vinculada al turismo que garantizan el mayor rigor cient\u00edfico en estas tareas. Las grandes dimensiones de sus resorts aseguran, adem\u00e1s, un entorno seguro para todo tipo de familias, donde la distancia social y el contacto con la naturaleza est\u00e1n asegurados. (<a href=\"https:\/\/www.dev.nitu.mx\/index.php\/2020\/04\/16\/iberostar-contribuye-con-donaciones-en-la-lucha-contra-el-covid-19\/\">Iberostar contribuye con donaciones en la lucha contra el COVID-19<\/a>).<\/p>\n\n\n\n<p>La cadena mallorquina, que es 100 % familiar y se encuentra en su cuarta generaci\u00f3n, hace un gui\u00f1o con esta medida a su propia esencia. Como indica su CEO Sabina Flux\u00e1 Thienemann: \u201cSomos una familia empresaria longeva. Sabemos de dificultades y conocemos la resiliencia de las familias, cuya capacidad de afrontar la adversidad se ha puesto de manifiesto muy especialmente durante el confinamiento\u201d.<\/p>\n","protected":false},"excerpt":{"rendered":"<p>Con estrictos protocolos de sanidad y seguridad el Grupo Iberostar prepara la reapertura en junio de 2020 de una selecci\u00f3n de sus hoteles en varios destinos como Andaluc\u00eda, Mallorca y M\u00e9xico, entre otros. Despu\u00e9s del confinamiento por la pandemia de covid-19, como incentivo para que las familias inicien sus viajes, la hotelera ofrecer\u00e1 alojamiento gratuito [&hellip;]<\/p>\n","protected":false},"author":17,"featured_media":14485,"comment_status":"open","ping_status":"open","sticky":false,"template":"","format":"standard","meta":{"footnotes":""},"categories":[18475,2],"tags":[2737,19545,7635],"yoast_head":"<!-- This site is optimized with the Yoast SEO plugin v22.2 - https:\/\/yoast.com\/wordpress\/plugins\/seo\/ -->\n<title>Grupo Iberostar abrir\u00e1 en junio algunos de sus hoteles, incluidos los de M\u00e9xico - Nitu - Noticias de la Industria Turistica<\/title>\n<meta name=\"robots\" content=\"index, follow, max-snippet:-1, max-image-preview:large, max-video-preview:-1\" \/>\n<link rel=\"canonical\" href=\"https:\/\/nitu.mx\/index.php\/2020\/05\/26\/grupo-iberostar-abrira-en-junio-algunos-de-sus-hoteles-incluidos-los-de-mexico\/\" \/>\n<meta name=\"twitter:card\" content=\"summary_large_image\" \/>\n<meta name=\"twitter:title\" content=\"Grupo Iberostar abrir\u00e1 en junio algunos de sus hoteles, incluidos los de M\u00e9xico - Nitu - Noticias de la Industria Turistica\" \/>\n<meta name=\"twitter:description\" content=\"Con estrictos protocolos de sanidad y seguridad el Grupo Iberostar prepara la reapertura en junio de 2020 de una selecci\u00f3n de sus hoteles en varios destinos como Andaluc\u00eda, Mallorca y M\u00e9xico, entre otros. Despu\u00e9s del confinamiento por la pandemia de covid-19, como incentivo para que las familias inicien sus viajes, la hotelera ofrecer\u00e1 alojamiento gratuito [&hellip;]\" \/>\n<meta name=\"twitter:image\" content=\"https:\/\/nitu.mx\/wp-content\/uploads\/2017\/11\/iberostar-preferred.jpg\" \/>\n<meta name=\"twitter:creator\" content=\"@NITUmx\" \/>\n<meta name=\"twitter:site\" content=\"@Arturo_Medina_G\" \/>\n<meta name=\"twitter:label1\" content=\"Escrito por\" \/>\n\t<meta name=\"twitter:data1\" content=\"Redacci\u00f3n\" \/>\n\t<meta name=\"twitter:label2\" content=\"Tiempo de lectura\" \/>\n\t<meta name=\"twitter:data2\" content=\"1 minuto\" \/>\n<script type=\"application\/ld+json\" class=\"yoast-schema-graph\">{\"@context\":\"https:\/\/schema.org\",\"@graph\":[{\"@type\":\"Article\",\"@id\":\"https:\/\/nitu.mx\/index.php\/2020\/05\/26\/grupo-iberostar-abrira-en-junio-algunos-de-sus-hoteles-incluidos-los-de-mexico\/#article\",\"isPartOf\":{\"@id\":\"https:\/\/nitu.mx\/index.php\/2020\/05\/26\/grupo-iberostar-abrira-en-junio-algunos-de-sus-hoteles-incluidos-los-de-mexico\/\"},\"author\":{\"name\":\"Redacci\u00f3n\",\"@id\":\"https:\/\/nitu.mx\/#\/schema\/person\/4a28fe9bd65924f7c90623773daf1b0b\"},\"headline\":\"Grupo Iberostar abrir\u00e1 en junio algunos de sus hoteles, incluidos los de M\u00e9xico\",\"datePublished\":\"2020-05-27T00:59:38+00:00\",\"dateModified\":\"2020-05-27T05:33:41+00:00\",\"mainEntityOfPage\":{\"@id\":\"https:\/\/nitu.mx\/index.php\/2020\/05\/26\/grupo-iberostar-abrira-en-junio-algunos-de-sus-hoteles-incluidos-los-de-mexico\/\"},\"wordCount\":298,\"commentCount\":0,\"publisher\":{\"@id\":\"https:\/\/nitu.mx\/#\/schema\/person\/ae7a53426417292d3dd07b45a33e01bc\"},\"image\":{\"@id\":\"https:\/\/nitu.mx\/index.php\/2020\/05\/26\/grupo-iberostar-abrira-en-junio-algunos-de-sus-hoteles-incluidos-los-de-mexico\/#primaryimage\"},\"thumbnailUrl\":\"https:\/\/nitu.mx\/wp-content\/uploads\/2017\/11\/iberostar-preferred.jpg\",\"keywords\":[\"Grupo Iberostar\",\"Medical Advisory Board\",\"Sabina Flux\u00e1\"],\"articleSection\":[\"Caribe Mexicano\",\"Hoteles\"],\"inLanguage\":\"es-MX\",\"potentialAction\":[{\"@type\":\"CommentAction\",\"name\":\"Comment\",\"target\":[\"https:\/\/nitu.mx\/index.php\/2020\/05\/26\/grupo-iberostar-abrira-en-junio-algunos-de-sus-hoteles-incluidos-los-de-mexico\/#respond\"]}]},{\"@type\":\"WebPage\",\"@id\":\"https:\/\/nitu.mx\/index.php\/2020\/05\/26\/grupo-iberostar-abrira-en-junio-algunos-de-sus-hoteles-incluidos-los-de-mexico\/\",\"url\":\"https:\/\/nitu.mx\/index.php\/2020\/05\/26\/grupo-iberostar-abrira-en-junio-algunos-de-sus-hoteles-incluidos-los-de-mexico\/\",\"name\":\"Grupo Iberostar abrir\u00e1 en junio algunos de sus hoteles, incluidos los de M\u00e9xico - Nitu - Noticias de la Industria Turistica\",\"isPartOf\":{\"@id\":\"https:\/\/nitu.mx\/#website\"},\"primaryImageOfPage\":{\"@id\":\"https:\/\/nitu.mx\/index.php\/2020\/05\/26\/grupo-iberostar-abrira-en-junio-algunos-de-sus-hoteles-incluidos-los-de-mexico\/#primaryimage\"},\"image\":{\"@id\":\"https:\/\/nitu.mx\/index.php\/2020\/05\/26\/grupo-iberostar-abrira-en-junio-algunos-de-sus-hoteles-incluidos-los-de-mexico\/#primaryimage\"},\"thumbnailUrl\":\"https:\/\/nitu.mx\/wp-content\/uploads\/2017\/11\/iberostar-preferred.jpg\",\"datePublished\":\"2020-05-27T00:59:38+00:00\",\"dateModified\":\"2020-05-27T05:33:41+00:00\",\"breadcrumb\":{\"@id\":\"https:\/\/nitu.mx\/index.php\/2020\/05\/26\/grupo-iberostar-abrira-en-junio-algunos-de-sus-hoteles-incluidos-los-de-mexico\/#breadcrumb\"},\"inLanguage\":\"es-MX\",\"potentialAction\":[{\"@type\":\"ReadAction\",\"target\":[\"https:\/\/nitu.mx\/index.php\/2020\/05\/26\/grupo-iberostar-abrira-en-junio-algunos-de-sus-hoteles-incluidos-los-de-mexico\/\"]}]},{\"@type\":\"ImageObject\",\"inLanguage\":\"es-MX\",\"@id\":\"https:\/\/nitu.mx\/index.php\/2020\/05\/26\/grupo-iberostar-abrira-en-junio-algunos-de-sus-hoteles-incluidos-los-de-mexico\/#primaryimage\",\"url\":\"https:\/\/nitu.mx\/wp-content\/uploads\/2017\/11\/iberostar-preferred.jpg\",\"contentUrl\":\"https:\/\/nitu.mx\/wp-content\/uploads\/2017\/11\/iberostar-preferred.jpg\",\"width\":850,\"height\":480,\"caption\":\"iberostar preferred\"},{\"@type\":\"BreadcrumbList\",\"@id\":\"https:\/\/nitu.mx\/index.php\/2020\/05\/26\/grupo-iberostar-abrira-en-junio-algunos-de-sus-hoteles-incluidos-los-de-mexico\/#breadcrumb\",\"itemListElement\":[{\"@type\":\"ListItem\",\"position\":1,\"name\":\"Inicio\",\"item\":\"https:\/\/nitu.mx\/\"},{\"@type\":\"ListItem\",\"position\":2,\"name\":\"Grupo Iberostar abrir\u00e1 en junio algunos de sus hoteles, incluidos los de M\u00e9xico\"}]},{\"@type\":\"WebSite\",\"@id\":\"https:\/\/nitu.mx\/#website\",\"url\":\"https:\/\/nitu.mx\/\",\"name\":\"Nitu - Noticias de la Industria Turistica\",\"description\":\"Noticias de la Industria Turistica\",\"publisher\":{\"@id\":\"https:\/\/nitu.mx\/#\/schema\/person\/ae7a53426417292d3dd07b45a33e01bc\"},\"alternateName\":\"Noticias de la Industria Turistica\",\"potentialAction\":[{\"@type\":\"SearchAction\",\"target\":{\"@type\":\"EntryPoint\",\"urlTemplate\":\"https:\/\/nitu.mx\/?s={search_term_string}\"},\"query-input\":\"required name=search_term_string\"}],\"inLanguage\":\"es-MX\"},{\"@type\":[\"Person\",\"Organization\"],\"@id\":\"https:\/\/nitu.mx\/#\/schema\/person\/ae7a53426417292d3dd07b45a33e01bc\",\"name\":\"Arturo Medina\",\"image\":{\"@type\":\"ImageObject\",\"inLanguage\":\"es-MX\",\"@id\":\"https:\/\/nitu.mx\/#\/schema\/person\/image\/\",\"url\":\"https:\/\/nitu.mx\/wp-content\/uploads\/2024\/04\/4A315622-1904-4D5C-B022-878CDC840E04-90x90-1.jpeg\",\"contentUrl\":\"https:\/\/nitu.mx\/wp-content\/uploads\/2024\/04\/4A315622-1904-4D5C-B022-878CDC840E04-90x90-1.jpeg\",\"width\":90,\"height\":90,\"caption\":\"Arturo Medina\"},\"logo\":{\"@id\":\"https:\/\/nitu.mx\/#\/schema\/person\/image\/\"},\"description\":\"Director NITU.mx, Egresado de la Escuela de Periodismo Carlos Septi\u00e9n Garc\u00eda. Periodista y analista especializado en turismo desde hace 35 a\u00f1os, radicado en Canc\u00fan Q.Roo. arturo@nitu.mx\",\"sameAs\":[\"https:\/\/nitu.mx\",\"https:\/\/www.facebook.com\/NITUmx\/\",\"medinacancun\",\"https:\/\/twitter.com\/@Arturo_Medina_G\"]},{\"@type\":\"Person\",\"@id\":\"https:\/\/nitu.mx\/#\/schema\/person\/4a28fe9bd65924f7c90623773daf1b0b\",\"name\":\"Redacci\u00f3n\",\"image\":{\"@type\":\"ImageObject\",\"inLanguage\":\"es-MX\",\"@id\":\"https:\/\/nitu.mx\/#\/schema\/person\/image\/\",\"url\":\"https:\/\/secure.gravatar.com\/avatar\/5dd011c8ccfc5cd7e4c81e42252aab38?s=96&d=mm&r=g\",\"contentUrl\":\"https:\/\/secure.gravatar.com\/avatar\/5dd011c8ccfc5cd7e4c81e42252aab38?s=96&d=mm&r=g\",\"caption\":\"Redacci\u00f3n\"},\"url\":\"https:\/\/nitu.mx\/index.php\/author\/redaccion\/\"}]}<\/script>\n<!-- \/ Yoast SEO plugin. -->","yoast_head_json":{"title":"Grupo Iberostar abrir\u00e1 en junio algunos de sus hoteles, incluidos los de M\u00e9xico - Nitu - Noticias de la Industria Turistica","robots":{"index":"index","follow":"follow","max-snippet":"max-snippet:-1","max-image-preview":"max-image-preview:large","max-video-preview":"max-video-preview:-1"},"canonical":"https:\/\/nitu.mx\/index.php\/2020\/05\/26\/grupo-iberostar-abrira-en-junio-algunos-de-sus-hoteles-incluidos-los-de-mexico\/","twitter_card":"summary_large_image","twitter_title":"Grupo Iberostar abrir\u00e1 en junio algunos de sus hoteles, incluidos los de M\u00e9xico - Nitu - Noticias de la Industria Turistica","twitter_description":"Con estrictos protocolos de sanidad y seguridad el Grupo Iberostar prepara la reapertura en junio de 2020 de una selecci\u00f3n de sus hoteles en varios destinos como Andaluc\u00eda, Mallorca y M\u00e9xico, entre otros. Despu\u00e9s del confinamiento por la pandemia de covid-19, como incentivo para que las familias inicien sus viajes, la hotelera ofrecer\u00e1 alojamiento gratuito [&hellip;]","twitter_image":"https:\/\/nitu.mx\/wp-content\/uploads\/2017\/11\/iberostar-preferred.jpg","twitter_creator":"@NITUmx","twitter_site":"@Arturo_Medina_G","twitter_misc":{"Escrito por":"Redacci\u00f3n","Tiempo de lectura":"1 minuto"},"schema":{"@context":"https:\/\/schema.org","@graph":[{"@type":"Article","@id":"https:\/\/nitu.mx\/index.php\/2020\/05\/26\/grupo-iberostar-abrira-en-junio-algunos-de-sus-hoteles-incluidos-los-de-mexico\/#article","isPartOf":{"@id":"https:\/\/nitu.mx\/index.php\/2020\/05\/26\/grupo-iberostar-abrira-en-junio-algunos-de-sus-hoteles-incluidos-los-de-mexico\/"},"author":{"name":"Redacci\u00f3n","@id":"https:\/\/nitu.mx\/#\/schema\/person\/4a28fe9bd65924f7c90623773daf1b0b"},"headline":"Grupo Iberostar abrir\u00e1 en junio algunos de sus hoteles, incluidos los de M\u00e9xico","datePublished":"2020-05-27T00:59:38+00:00","dateModified":"2020-05-27T05:33:41+00:00","mainEntityOfPage":{"@id":"https:\/\/nitu.mx\/index.php\/2020\/05\/26\/grupo-iberostar-abrira-en-junio-algunos-de-sus-hoteles-incluidos-los-de-mexico\/"},"wordCount":298,"commentCount":0,"publisher":{"@id":"https:\/\/nitu.mx\/#\/schema\/person\/ae7a53426417292d3dd07b45a33e01bc"},"image":{"@id":"https:\/\/nitu.mx\/index.php\/2020\/05\/26\/grupo-iberostar-abrira-en-junio-algunos-de-sus-hoteles-incluidos-los-de-mexico\/#primaryimage"},"thumbnailUrl":"https:\/\/nitu.mx\/wp-content\/uploads\/2017\/11\/iberostar-preferred.jpg","keywords":["Grupo Iberostar","Medical Advisory Board","Sabina Flux\u00e1"],"articleSection":["Caribe Mexicano","Hoteles"],"inLanguage":"es-MX","potentialAction":[{"@type":"CommentAction","name":"Comment","target":["https:\/\/nitu.mx\/index.php\/2020\/05\/26\/grupo-iberostar-abrira-en-junio-algunos-de-sus-hoteles-incluidos-los-de-mexico\/#respond"]}]},{"@type":"WebPage","@id":"https:\/\/nitu.mx\/index.php\/2020\/05\/26\/grupo-iberostar-abrira-en-junio-algunos-de-sus-hoteles-incluidos-los-de-mexico\/","url":"https:\/\/nitu.mx\/index.php\/2020\/05\/26\/grupo-iberostar-abrira-en-junio-algunos-de-sus-hoteles-incluidos-los-de-mexico\/","name":"Grupo Iberostar abrir\u00e1 en junio algunos de sus hoteles, incluidos los de M\u00e9xico - Nitu - Noticias de la Industria Turistica","isPartOf":{"@id":"https:\/\/nitu.mx\/#website"},"primaryImageOfPage":{"@id":"https:\/\/nitu.mx\/index.php\/2020\/05\/26\/grupo-iberostar-abrira-en-junio-algunos-de-sus-hoteles-incluidos-los-de-mexico\/#primaryimage"},"image":{"@id":"https:\/\/nitu.mx\/index.php\/2020\/05\/26\/grupo-iberostar-abrira-en-junio-algunos-de-sus-hoteles-incluidos-los-de-mexico\/#primaryimage"},"thumbnailUrl":"https:\/\/nitu.mx\/wp-content\/uploads\/2017\/11\/iberostar-preferred.jpg","datePublished":"2020-05-27T00:59:38+00:00","dateModified":"2020-05-27T05:33:41+00:00","breadcrumb":{"@id":"https:\/\/nitu.mx\/index.php\/2020\/05\/26\/grupo-iberostar-abrira-en-junio-algunos-de-sus-hoteles-incluidos-los-de-mexico\/#breadcrumb"},"inLanguage":"es-MX","potentialAction":[{"@type":"ReadAction","target":["https:\/\/nitu.mx\/index.php\/2020\/05\/26\/grupo-iberostar-abrira-en-junio-algunos-de-sus-hoteles-incluidos-los-de-mexico\/"]}]},{"@type":"ImageObject","inLanguage":"es-MX","@id":"https:\/\/nitu.mx\/index.php\/2020\/05\/26\/grupo-iberostar-abrira-en-junio-algunos-de-sus-hoteles-incluidos-los-de-mexico\/#primaryimage","url":"https:\/\/nitu.mx\/wp-content\/uploads\/2017\/11\/iberostar-preferred.jpg","contentUrl":"https:\/\/nitu.mx\/wp-content\/uploads\/2017\/11\/iberostar-preferred.jpg","width":850,"height":480,"caption":"iberostar preferred"},{"@type":"BreadcrumbList","@id":"https:\/\/nitu.mx\/index.php\/2020\/05\/26\/grupo-iberostar-abrira-en-junio-algunos-de-sus-hoteles-incluidos-los-de-mexico\/#breadcrumb","itemListElement":[{"@type":"ListItem","position":1,"name":"Inicio","item":"https:\/\/nitu.mx\/"},{"@type":"ListItem","position":2,"name":"Grupo Iberostar abrir\u00e1 en junio algunos de sus hoteles, incluidos los de M\u00e9xico"}]},{"@type":"WebSite","@id":"https:\/\/nitu.mx\/#website","url":"https:\/\/nitu.mx\/","name":"Nitu - Noticias de la Industria Turistica","description":"Noticias de la Industria Turistica","publisher":{"@id":"https:\/\/nitu.mx\/#\/schema\/person\/ae7a53426417292d3dd07b45a33e01bc"},"alternateName":"Noticias de la Industria Turistica","potentialAction":[{"@type":"SearchAction","target":{"@type":"EntryPoint","urlTemplate":"https:\/\/nitu.mx\/?s={search_term_string}"},"query-input":"required name=search_term_string"}],"inLanguage":"es-MX"},{"@type":["Person","Organization"],"@id":"https:\/\/nitu.mx\/#\/schema\/person\/ae7a53426417292d3dd07b45a33e01bc","name":"Arturo Medina","image":{"@type":"ImageObject","inLanguage":"es-MX","@id":"https:\/\/nitu.mx\/#\/schema\/person\/image\/","url":"https:\/\/nitu.mx\/wp-content\/uploads\/2024\/04\/4A315622-1904-4D5C-B022-878CDC840E04-90x90-1.jpeg","contentUrl":"https:\/\/nitu.mx\/wp-content\/uploads\/2024\/04\/4A315622-1904-4D5C-B022-878CDC840E04-90x90-1.jpeg","width":90,"height":90,"caption":"Arturo Medina"},"logo":{"@id":"https:\/\/nitu.mx\/#\/schema\/person\/image\/"},"description":"Director NITU.mx, Egresado de la Escuela de Periodismo Carlos Septi\u00e9n Garc\u00eda. Periodista y analista especializado en turismo desde hace 35 a\u00f1os, radicado en Canc\u00fan Q.Roo. arturo@nitu.mx","sameAs":["https:\/\/nitu.mx","https:\/\/www.facebook.com\/NITUmx\/","medinacancun","https:\/\/twitter.com\/@Arturo_Medina_G"]},{"@type":"Person","@id":"https:\/\/nitu.mx\/#\/schema\/person\/4a28fe9bd65924f7c90623773daf1b0b","name":"Redacci\u00f3n","image":{"@type":"ImageObject","inLanguage":"es-MX","@id":"https:\/\/nitu.mx\/#\/schema\/person\/image\/","url":"https:\/\/secure.gravatar.com\/avatar\/5dd011c8ccfc5cd7e4c81e42252aab38?s=96&d=mm&r=g","contentUrl":"https:\/\/secure.gravatar.com\/avatar\/5dd011c8ccfc5cd7e4c81e42252aab38?s=96&d=mm&r=g","caption":"Redacci\u00f3n"},"url":"https:\/\/nitu.mx\/index.php\/author\/redaccion\/"}]}},"views":308,"_links":{"self":[{"href":"https:\/\/nitu.mx\/index.php\/wp-json\/wp\/v2\/posts\/42913"}],"collection":[{"href":"https:\/\/nitu.mx\/index.php\/wp-json\/wp\/v2\/posts"}],"about":[{"href":"https:\/\/nitu.mx\/index.php\/wp-json\/wp\/v2\/types\/post"}],"author":[{"embeddable":true,"href":"https:\/\/nitu.mx\/index.php\/wp-json\/wp\/v2\/users\/17"}],"replies":[{"embeddable":true,"href":"https:\/\/nitu.mx\/index.php\/wp-json\/wp\/v2\/comments?post=42913"}],"version-history":[{"count":4,"href":"https:\/\/nitu.mx\/index.php\/wp-json\/wp\/v2\/posts\/42913\/revisions"}],"predecessor-version":[{"id":42921,"href":"https:\/\/nitu.mx\/index.php\/wp-json\/wp\/v2\/posts\/42913\/revisions\/42921"}],"wp:featuredmedia":[{"embeddable":true,"href":"https:\/\/nitu.mx\/index.php\/wp-json\/wp\/v2\/media\/14485"}],"wp:attachment":[{"href":"https:\/\/nitu.mx\/index.php\/wp-json\/wp\/v2\/media?parent=42913"}],"wp:term":[{"taxonomy":"category","embeddable":true,"href":"https:\/\/nitu.mx\/index.php\/wp-json\/wp\/v2\/categories?post=42913"},{"taxonomy":"post_tag","embeddable":true,"href":"https:\/\/nitu.mx\/index.php\/wp-json\/wp\/v2\/tags?post=42913"}],"curies":[{"name":"wp","href":"https:\/\/api.w.org\/{rel}","templated":true}]}}