{"id":4265,"date":"2016-11-23T23:56:30","date_gmt":"2016-11-24T04:56:30","guid":{"rendered":"http:\/\/www.dev.nitu.mx\/?p=4265"},"modified":"2016-11-24T01:00:01","modified_gmt":"2016-11-24T06:00:01","slug":"aseguran-regla-ampliacion-del-me-by-melia-cancun","status":"publish","type":"post","link":"https:\/\/nitu.mx\/index.php\/2016\/11\/23\/aseguran-regla-ampliacion-del-me-by-melia-cancun\/","title":{"rendered":"Aseguran tener todo en regla para ampliaci\u00f3n del Me by Meli\u00e1 Canc\u00fan"},"content":{"rendered":"<p>Una obra de remodelaci\u00f3n de la propiedad que opera el Grupo Meli\u00e1 desde 1987, ha sido objeto de m\u00faltiples se\u00f1alamientos sobre da\u00f1o ecol\u00f3gico, por vecinos del edificio residencial Emerald, sin embargo personas responsables del proyecto, aseguran tener todo en regla y conf\u00edan en que pronto destraben el proceso de reconstrucci\u00f3n.<\/p>\n<p>La empresa asegura que la remodelaci\u00f3n obedece a que el concepto que tiene el hotel hab\u00eda causado algunas molestias por el sonido que todos los d\u00edas anima a los hu\u00e9spedes que van en busca de fiesta, la reubicaci\u00f3n de la alberca central y del beach club junto la construcci\u00f3n pretende entre otras cosas alejar el ruido de los vecinos seg\u00fan afirman.<\/p>\n<p>Sobre los da\u00f1os ambientales, sostienen que es imposible causar un da\u00f1o ambiental en un sitio que esta impactado hace casi 30 a\u00f1os, pero aun as\u00ed se realizaron todos los tramites pertinentes, precisamente para evitar contratiempos.<\/p>\n<p>Independientemente de la inversi\u00f3n que representa la renovaci\u00f3n pr\u00e1cticamente completa del inmueble, que incluso cerr\u00f3 sus puertas aprovechando la temporada baja, aseguran que el Me By Melia Canc\u00fan, tiene pr\u00e1cticamente todos sus cuartos vendidos para la pr\u00f3xima temporada alta, y de no reiniciar la obra, ser\u00e1 dif\u00edcil terminar, afectando a quienes llegaran a Canc\u00fan pretendiendo hospedarse en este emblem\u00e1tico hotel.<\/p>\n<p>Por otra parte la empresa se ha hecho cargo de solventar la n\u00f3mina de los empleados del hotel mientras permanece cerrado, por lo que la inversi\u00f3n crece cada d\u00eda que se retrasan los trabajos, sin embargo conf\u00edan, en que una vez presentados los permisos requeridos para la obra, puedan continuar sin mayores problemas.<\/p>\n<p>Los vecinos del Emerald, denunciaron ante la Profepa por da\u00f1o ecol\u00f3gico mismo que aval\u00f3 la autoridad, en un escrito haciendo se\u00f1alamientos, pero el de mayor peso asegurando que la obra no ten\u00eda los permisos necesarios.\u00a0(<a title=\"Hotel Me by Meli\u00e1 Canc\u00fan clausurado por Profepa\" href=\"http:\/\/www.dev.nitu.mx\/index.php\/2016\/11\/23\/hotel-me-by-melia-cancun-clausurado-profepa\/\" rel=\"bookmark\">Hotel Me by Meli\u00e1 Canc\u00fan clausurado por Profepa<\/a>)<\/p>\n","protected":false},"excerpt":{"rendered":"<p>Una obra de remodelaci\u00f3n de la propiedad que opera el Grupo Meli\u00e1 desde 1987, ha sido objeto de m\u00faltiples se\u00f1alamientos sobre da\u00f1o ecol\u00f3gico, por vecinos del edificio residencial Emerald, sin embargo personas responsables del proyecto, aseguran tener todo en regla y conf\u00edan en que pronto destraben el proceso de reconstrucci\u00f3n. La empresa asegura que la [&hellip;]<\/p>\n","protected":false},"author":2,"featured_media":4266,"comment_status":"open","ping_status":"open","sticky":false,"template":"","format":"standard","meta":{"footnotes":""},"categories":[2,6],"tags":[1878,1877,1850],"yoast_head":"<!-- This site is optimized with the Yoast SEO plugin v22.2 - https:\/\/yoast.com\/wordpress\/plugins\/seo\/ -->\n<title>Aseguran tener todo en regla para ampliaci\u00f3n del Me by Meli\u00e1 Canc\u00fan - Nitu - Noticias de la Industria Turistica<\/title>\n<meta name=\"robots\" content=\"index, follow, max-snippet:-1, max-image-preview:large, max-video-preview:-1\" \/>\n<link rel=\"canonical\" href=\"https:\/\/nitu.mx\/index.php\/2016\/11\/23\/aseguran-regla-ampliacion-del-me-by-melia-cancun\/\" \/>\n<meta name=\"twitter:card\" content=\"summary_large_image\" \/>\n<meta name=\"twitter:title\" content=\"Aseguran tener todo en regla para ampliaci\u00f3n del Me by Meli\u00e1 Canc\u00fan - Nitu - Noticias de la Industria Turistica\" \/>\n<meta name=\"twitter:description\" content=\"Una obra de remodelaci\u00f3n de la propiedad que opera el Grupo Meli\u00e1 desde 1987, ha sido objeto de m\u00faltiples se\u00f1alamientos sobre da\u00f1o ecol\u00f3gico, por vecinos del edificio residencial Emerald, sin embargo personas responsables del proyecto, aseguran tener todo en regla y conf\u00edan en que pronto destraben el proceso de reconstrucci\u00f3n. La empresa asegura que la [&hellip;]\" \/>\n<meta name=\"twitter:image\" content=\"https:\/\/nitu.mx\/wp-content\/uploads\/2016\/11\/melia.jpg\" \/>\n<meta name=\"twitter:creator\" content=\"@Arturo_Medina_G\" \/>\n<meta name=\"twitter:site\" content=\"@Arturo_Medina_G\" \/>\n<meta name=\"twitter:label1\" content=\"Escrito por\" \/>\n\t<meta name=\"twitter:data1\" content=\"Arturo Medina\" \/>\n\t<meta name=\"twitter:label2\" content=\"Tiempo de lectura\" \/>\n\t<meta name=\"twitter:data2\" content=\"2 minutos\" \/>\n<script type=\"application\/ld+json\" class=\"yoast-schema-graph\">{\"@context\":\"https:\/\/schema.org\",\"@graph\":[{\"@type\":\"Article\",\"@id\":\"https:\/\/nitu.mx\/index.php\/2016\/11\/23\/aseguran-regla-ampliacion-del-me-by-melia-cancun\/#article\",\"isPartOf\":{\"@id\":\"https:\/\/nitu.mx\/index.php\/2016\/11\/23\/aseguran-regla-ampliacion-del-me-by-melia-cancun\/\"},\"author\":{\"name\":\"Arturo Medina\",\"@id\":\"https:\/\/nitu.mx\/#\/schema\/person\/ae7a53426417292d3dd07b45a33e01bc\"},\"headline\":\"Aseguran tener todo en regla para ampliaci\u00f3n del Me by Meli\u00e1 Canc\u00fan\",\"datePublished\":\"2016-11-24T04:56:30+00:00\",\"dateModified\":\"2016-11-24T06:00:01+00:00\",\"mainEntityOfPage\":{\"@id\":\"https:\/\/nitu.mx\/index.php\/2016\/11\/23\/aseguran-regla-ampliacion-del-me-by-melia-cancun\/\"},\"wordCount\":349,\"commentCount\":0,\"publisher\":{\"@id\":\"https:\/\/nitu.mx\/#\/schema\/person\/ae7a53426417292d3dd07b45a33e01bc\"},\"image\":{\"@id\":\"https:\/\/nitu.mx\/index.php\/2016\/11\/23\/aseguran-regla-ampliacion-del-me-by-melia-cancun\/#primaryimage\"},\"thumbnailUrl\":\"https:\/\/nitu.mx\/wp-content\/uploads\/2016\/11\/melia.jpg\",\"keywords\":[\"Emerald\",\"Meli\u00e1\",\"Profepa\"],\"articleSection\":[\"Hoteles\",\"M\u00e9xico\"],\"inLanguage\":\"es-MX\",\"potentialAction\":[{\"@type\":\"CommentAction\",\"name\":\"Comment\",\"target\":[\"https:\/\/nitu.mx\/index.php\/2016\/11\/23\/aseguran-regla-ampliacion-del-me-by-melia-cancun\/#respond\"]}]},{\"@type\":\"WebPage\",\"@id\":\"https:\/\/nitu.mx\/index.php\/2016\/11\/23\/aseguran-regla-ampliacion-del-me-by-melia-cancun\/\",\"url\":\"https:\/\/nitu.mx\/index.php\/2016\/11\/23\/aseguran-regla-ampliacion-del-me-by-melia-cancun\/\",\"name\":\"Aseguran tener todo en regla para ampliaci\u00f3n del Me by Meli\u00e1 Canc\u00fan - Nitu - Noticias de la Industria Turistica\",\"isPartOf\":{\"@id\":\"https:\/\/nitu.mx\/#website\"},\"primaryImageOfPage\":{\"@id\":\"https:\/\/nitu.mx\/index.php\/2016\/11\/23\/aseguran-regla-ampliacion-del-me-by-melia-cancun\/#primaryimage\"},\"image\":{\"@id\":\"https:\/\/nitu.mx\/index.php\/2016\/11\/23\/aseguran-regla-ampliacion-del-me-by-melia-cancun\/#primaryimage\"},\"thumbnailUrl\":\"https:\/\/nitu.mx\/wp-content\/uploads\/2016\/11\/melia.jpg\",\"datePublished\":\"2016-11-24T04:56:30+00:00\",\"dateModified\":\"2016-11-24T06:00:01+00:00\",\"breadcrumb\":{\"@id\":\"https:\/\/nitu.mx\/index.php\/2016\/11\/23\/aseguran-regla-ampliacion-del-me-by-melia-cancun\/#breadcrumb\"},\"inLanguage\":\"es-MX\",\"potentialAction\":[{\"@type\":\"ReadAction\",\"target\":[\"https:\/\/nitu.mx\/index.php\/2016\/11\/23\/aseguran-regla-ampliacion-del-me-by-melia-cancun\/\"]}]},{\"@type\":\"ImageObject\",\"inLanguage\":\"es-MX\",\"@id\":\"https:\/\/nitu.mx\/index.php\/2016\/11\/23\/aseguran-regla-ampliacion-del-me-by-melia-cancun\/#primaryimage\",\"url\":\"https:\/\/nitu.mx\/wp-content\/uploads\/2016\/11\/melia.jpg\",\"contentUrl\":\"https:\/\/nitu.mx\/wp-content\/uploads\/2016\/11\/melia.jpg\",\"width\":710,\"height\":533},{\"@type\":\"BreadcrumbList\",\"@id\":\"https:\/\/nitu.mx\/index.php\/2016\/11\/23\/aseguran-regla-ampliacion-del-me-by-melia-cancun\/#breadcrumb\",\"itemListElement\":[{\"@type\":\"ListItem\",\"position\":1,\"name\":\"Inicio\",\"item\":\"https:\/\/nitu.mx\/\"},{\"@type\":\"ListItem\",\"position\":2,\"name\":\"Aseguran tener todo en regla para ampliaci\u00f3n del Me by Meli\u00e1 Canc\u00fan\"}]},{\"@type\":\"WebSite\",\"@id\":\"https:\/\/nitu.mx\/#website\",\"url\":\"https:\/\/nitu.mx\/\",\"name\":\"Nitu - Noticias de la Industria Turistica\",\"description\":\"Noticias de la Industria Turistica\",\"publisher\":{\"@id\":\"https:\/\/nitu.mx\/#\/schema\/person\/ae7a53426417292d3dd07b45a33e01bc\"},\"alternateName\":\"Noticias de la Industria Turistica\",\"potentialAction\":[{\"@type\":\"SearchAction\",\"target\":{\"@type\":\"EntryPoint\",\"urlTemplate\":\"https:\/\/nitu.mx\/?s={search_term_string}\"},\"query-input\":\"required name=search_term_string\"}],\"inLanguage\":\"es-MX\"},{\"@type\":[\"Person\",\"Organization\"],\"@id\":\"https:\/\/nitu.mx\/#\/schema\/person\/ae7a53426417292d3dd07b45a33e01bc\",\"name\":\"Arturo Medina\",\"image\":{\"@type\":\"ImageObject\",\"inLanguage\":\"es-MX\",\"@id\":\"https:\/\/nitu.mx\/#\/schema\/person\/image\/\",\"url\":\"https:\/\/nitu.mx\/wp-content\/uploads\/2024\/04\/4A315622-1904-4D5C-B022-878CDC840E04-90x90-1.jpeg\",\"contentUrl\":\"https:\/\/nitu.mx\/wp-content\/uploads\/2024\/04\/4A315622-1904-4D5C-B022-878CDC840E04-90x90-1.jpeg\",\"width\":90,\"height\":90,\"caption\":\"Arturo Medina\"},\"logo\":{\"@id\":\"https:\/\/nitu.mx\/#\/schema\/person\/image\/\"},\"description\":\"Director NITU.mx, Egresado de la Escuela de Periodismo Carlos Septi\u00e9n Garc\u00eda. Periodista y analista especializado en turismo desde hace 35 a\u00f1os, radicado en Canc\u00fan Q.Roo. arturo@nitu.mx\",\"sameAs\":[\"https:\/\/nitu.mx\",\"https:\/\/www.facebook.com\/NITUmx\/\",\"medinacancun\",\"https:\/\/twitter.com\/@Arturo_Medina_G\"],\"url\":\"https:\/\/nitu.mx\/index.php\/author\/arturo-medina\/\"}]}<\/script>\n<!-- \/ Yoast SEO plugin. -->","yoast_head_json":{"title":"Aseguran tener todo en regla para ampliaci\u00f3n del Me by Meli\u00e1 Canc\u00fan - Nitu - Noticias de la Industria Turistica","robots":{"index":"index","follow":"follow","max-snippet":"max-snippet:-1","max-image-preview":"max-image-preview:large","max-video-preview":"max-video-preview:-1"},"canonical":"https:\/\/nitu.mx\/index.php\/2016\/11\/23\/aseguran-regla-ampliacion-del-me-by-melia-cancun\/","twitter_card":"summary_large_image","twitter_title":"Aseguran tener todo en regla para ampliaci\u00f3n del Me by Meli\u00e1 Canc\u00fan - Nitu - Noticias de la Industria Turistica","twitter_description":"Una obra de remodelaci\u00f3n de la propiedad que opera el Grupo Meli\u00e1 desde 1987, ha sido objeto de m\u00faltiples se\u00f1alamientos sobre da\u00f1o ecol\u00f3gico, por vecinos del edificio residencial Emerald, sin embargo personas responsables del proyecto, aseguran tener todo en regla y conf\u00edan en que pronto destraben el proceso de reconstrucci\u00f3n. La empresa asegura que la [&hellip;]","twitter_image":"https:\/\/nitu.mx\/wp-content\/uploads\/2016\/11\/melia.jpg","twitter_creator":"@Arturo_Medina_G","twitter_site":"@Arturo_Medina_G","twitter_misc":{"Escrito por":"Arturo Medina","Tiempo de lectura":"2 minutos"},"schema":{"@context":"https:\/\/schema.org","@graph":[{"@type":"Article","@id":"https:\/\/nitu.mx\/index.php\/2016\/11\/23\/aseguran-regla-ampliacion-del-me-by-melia-cancun\/#article","isPartOf":{"@id":"https:\/\/nitu.mx\/index.php\/2016\/11\/23\/aseguran-regla-ampliacion-del-me-by-melia-cancun\/"},"author":{"name":"Arturo Medina","@id":"https:\/\/nitu.mx\/#\/schema\/person\/ae7a53426417292d3dd07b45a33e01bc"},"headline":"Aseguran tener todo en regla para ampliaci\u00f3n del Me by Meli\u00e1 Canc\u00fan","datePublished":"2016-11-24T04:56:30+00:00","dateModified":"2016-11-24T06:00:01+00:00","mainEntityOfPage":{"@id":"https:\/\/nitu.mx\/index.php\/2016\/11\/23\/aseguran-regla-ampliacion-del-me-by-melia-cancun\/"},"wordCount":349,"commentCount":0,"publisher":{"@id":"https:\/\/nitu.mx\/#\/schema\/person\/ae7a53426417292d3dd07b45a33e01bc"},"image":{"@id":"https:\/\/nitu.mx\/index.php\/2016\/11\/23\/aseguran-regla-ampliacion-del-me-by-melia-cancun\/#primaryimage"},"thumbnailUrl":"https:\/\/nitu.mx\/wp-content\/uploads\/2016\/11\/melia.jpg","keywords":["Emerald","Meli\u00e1","Profepa"],"articleSection":["Hoteles","M\u00e9xico"],"inLanguage":"es-MX","potentialAction":[{"@type":"CommentAction","name":"Comment","target":["https:\/\/nitu.mx\/index.php\/2016\/11\/23\/aseguran-regla-ampliacion-del-me-by-melia-cancun\/#respond"]}]},{"@type":"WebPage","@id":"https:\/\/nitu.mx\/index.php\/2016\/11\/23\/aseguran-regla-ampliacion-del-me-by-melia-cancun\/","url":"https:\/\/nitu.mx\/index.php\/2016\/11\/23\/aseguran-regla-ampliacion-del-me-by-melia-cancun\/","name":"Aseguran tener todo en regla para ampliaci\u00f3n del Me by Meli\u00e1 Canc\u00fan - Nitu - Noticias de la Industria Turistica","isPartOf":{"@id":"https:\/\/nitu.mx\/#website"},"primaryImageOfPage":{"@id":"https:\/\/nitu.mx\/index.php\/2016\/11\/23\/aseguran-regla-ampliacion-del-me-by-melia-cancun\/#primaryimage"},"image":{"@id":"https:\/\/nitu.mx\/index.php\/2016\/11\/23\/aseguran-regla-ampliacion-del-me-by-melia-cancun\/#primaryimage"},"thumbnailUrl":"https:\/\/nitu.mx\/wp-content\/uploads\/2016\/11\/melia.jpg","datePublished":"2016-11-24T04:56:30+00:00","dateModified":"2016-11-24T06:00:01+00:00","breadcrumb":{"@id":"https:\/\/nitu.mx\/index.php\/2016\/11\/23\/aseguran-regla-ampliacion-del-me-by-melia-cancun\/#breadcrumb"},"inLanguage":"es-MX","potentialAction":[{"@type":"ReadAction","target":["https:\/\/nitu.mx\/index.php\/2016\/11\/23\/aseguran-regla-ampliacion-del-me-by-melia-cancun\/"]}]},{"@type":"ImageObject","inLanguage":"es-MX","@id":"https:\/\/nitu.mx\/index.php\/2016\/11\/23\/aseguran-regla-ampliacion-del-me-by-melia-cancun\/#primaryimage","url":"https:\/\/nitu.mx\/wp-content\/uploads\/2016\/11\/melia.jpg","contentUrl":"https:\/\/nitu.mx\/wp-content\/uploads\/2016\/11\/melia.jpg","width":710,"height":533},{"@type":"BreadcrumbList","@id":"https:\/\/nitu.mx\/index.php\/2016\/11\/23\/aseguran-regla-ampliacion-del-me-by-melia-cancun\/#breadcrumb","itemListElement":[{"@type":"ListItem","position":1,"name":"Inicio","item":"https:\/\/nitu.mx\/"},{"@type":"ListItem","position":2,"name":"Aseguran tener todo en regla para ampliaci\u00f3n del Me by Meli\u00e1 Canc\u00fan"}]},{"@type":"WebSite","@id":"https:\/\/nitu.mx\/#website","url":"https:\/\/nitu.mx\/","name":"Nitu - Noticias de la Industria Turistica","description":"Noticias de la Industria Turistica","publisher":{"@id":"https:\/\/nitu.mx\/#\/schema\/person\/ae7a53426417292d3dd07b45a33e01bc"},"alternateName":"Noticias de la Industria Turistica","potentialAction":[{"@type":"SearchAction","target":{"@type":"EntryPoint","urlTemplate":"https:\/\/nitu.mx\/?s={search_term_string}"},"query-input":"required name=search_term_string"}],"inLanguage":"es-MX"},{"@type":["Person","Organization"],"@id":"https:\/\/nitu.mx\/#\/schema\/person\/ae7a53426417292d3dd07b45a33e01bc","name":"Arturo Medina","image":{"@type":"ImageObject","inLanguage":"es-MX","@id":"https:\/\/nitu.mx\/#\/schema\/person\/image\/","url":"https:\/\/nitu.mx\/wp-content\/uploads\/2024\/04\/4A315622-1904-4D5C-B022-878CDC840E04-90x90-1.jpeg","contentUrl":"https:\/\/nitu.mx\/wp-content\/uploads\/2024\/04\/4A315622-1904-4D5C-B022-878CDC840E04-90x90-1.jpeg","width":90,"height":90,"caption":"Arturo Medina"},"logo":{"@id":"https:\/\/nitu.mx\/#\/schema\/person\/image\/"},"description":"Director NITU.mx, Egresado de la Escuela de Periodismo Carlos Septi\u00e9n Garc\u00eda. Periodista y analista especializado en turismo desde hace 35 a\u00f1os, radicado en Canc\u00fan Q.Roo. arturo@nitu.mx","sameAs":["https:\/\/nitu.mx","https:\/\/www.facebook.com\/NITUmx\/","medinacancun","https:\/\/twitter.com\/@Arturo_Medina_G"],"url":"https:\/\/nitu.mx\/index.php\/author\/arturo-medina\/"}]}},"views":311,"_links":{"self":[{"href":"https:\/\/nitu.mx\/index.php\/wp-json\/wp\/v2\/posts\/4265"}],"collection":[{"href":"https:\/\/nitu.mx\/index.php\/wp-json\/wp\/v2\/posts"}],"about":[{"href":"https:\/\/nitu.mx\/index.php\/wp-json\/wp\/v2\/types\/post"}],"author":[{"embeddable":true,"href":"https:\/\/nitu.mx\/index.php\/wp-json\/wp\/v2\/users\/2"}],"replies":[{"embeddable":true,"href":"https:\/\/nitu.mx\/index.php\/wp-json\/wp\/v2\/comments?post=4265"}],"version-history":[{"count":2,"href":"https:\/\/nitu.mx\/index.php\/wp-json\/wp\/v2\/posts\/4265\/revisions"}],"predecessor-version":[{"id":4303,"href":"https:\/\/nitu.mx\/index.php\/wp-json\/wp\/v2\/posts\/4265\/revisions\/4303"}],"wp:featuredmedia":[{"embeddable":true,"href":"https:\/\/nitu.mx\/index.php\/wp-json\/wp\/v2\/media\/4266"}],"wp:attachment":[{"href":"https:\/\/nitu.mx\/index.php\/wp-json\/wp\/v2\/media?parent=4265"}],"wp:term":[{"taxonomy":"category","embeddable":true,"href":"https:\/\/nitu.mx\/index.php\/wp-json\/wp\/v2\/categories?post=4265"},{"taxonomy":"post_tag","embeddable":true,"href":"https:\/\/nitu.mx\/index.php\/wp-json\/wp\/v2\/tags?post=4265"}],"curies":[{"name":"wp","href":"https:\/\/api.w.org\/{rel}","templated":true}]}}