{"id":42421,"date":"2020-05-12T00:04:29","date_gmt":"2020-05-12T05:04:29","guid":{"rendered":"https:\/\/www.dev.nitu.mx\/?p=42421"},"modified":"2020-05-14T21:58:37","modified_gmt":"2020-05-15T02:58:37","slug":"especialistas-en-turismo-la-recuperacion-tomara-2-anos-solo-si-logramos-estar-unidos","status":"publish","type":"post","link":"https:\/\/nitu.mx\/index.php\/2020\/05\/12\/especialistas-en-turismo-la-recuperacion-tomara-2-anos-solo-si-logramos-estar-unidos\/","title":{"rendered":"Especialistas en turismo: \u201cLa recuperaci\u00f3n tomar\u00e1 2 a\u00f1os, solo si logramos estar unidos\u201c"},"content":{"rendered":"<p>\u201cEl regreso ser\u00e1 lento y poder recuperarse tomar\u00e1 cerca de dos a\u00f1os. Y los procesos deben de ser sencillos, poco costosos y no invasivos para los viajeros. Adem\u00e1s no lo lograremos si no vamos de la mano todo el sector tur\u00edstico y el gobierno\u201d, coincidieron en se\u00f1alar Zozaya, Constandse y Allard, especialistas en turismo durante un panel virtual.<\/p>\n<p>Alejandro Zozaya Gorostiza, Executive Chairman de Apple Leisure Group, Sergio Allard, relaciones institucionales de Grupo Aerom\u00e9xico y Marcos Constandse, Consejero Delegado y Vicepresidente de Administraci\u00f3n y Finanzas de Grupo Xcaret, coincidieron en apuntar que la recuperaci\u00f3n del sector tomar\u00e1 entre dos o tres a\u00f1os, pero para ello debe haber un trabajo conjunto de seguridad, promoci\u00f3n, apoyo fiscal y recursos entre los diferentes sectores tur\u00edsticos y el gobierno federal y estatal.<\/p>\n<p>Alejandro Zozaya record\u00f3 que el turismo representa casi el 10 % del Producto Interno Bruto (PIB), y se ha perdido el 31 por ciento de los empleos en turismo. Adem\u00e1s de ser una crisis sin precedentes y primero que nada global.<\/p>\n<p>Se\u00f1al\u00f3 que el golpe m\u00e1s fuerte es el econ\u00f3mico y el de la de confianza.<br \/>\n\u201cFalta apoyo del gobierno federal, las industrias no van a poder conservar los empleos, porque por ejemplo si empresas tan grandes como Lufthansa no hubiera recibido 10 mdd del gobierno alem\u00e1n no sobrevivir\u00eda\u201d, explic\u00f3.<br \/>\nSe debe elegir entre el empleo temporal o permanente, se debe apoyar con fondos directos, adem\u00e1s son necesarios incentivos fiscales dentro del turismo. (<a title=\"Recuperaci\u00f3n del turismo depender\u00e1 de innovaci\u00f3n y adaptaci\u00f3n, se\u00f1alan expertos\" href=\"https:\/\/www.dev.nitu.mx\/index.php\/2020\/04\/29\/recuperacion-del-turismo-dependera-de-innovacion-y-adaptacion-senalan-expertos\/\" rel=\"bookmark\">Recuperaci\u00f3n del turismo depender\u00e1 de innovaci\u00f3n y adaptaci\u00f3n, se\u00f1alan expertos<\/a>).<\/p>\n<p>M\u00e9xico es el \u00fanico pa\u00eds en el que no ha habido apoyo a las aerol\u00edneas, y si no se hace quebrar\u00edan todas. En abril en Estados Unidos s\u00f3lo se transport\u00f3 el 5% de los viajeros regulares.<\/p>\n<p>La confianza del viajero en la sanidad, y limpieza del destino es un factor muy importante, por lo que es necesario que los protocolos sean; Primero efectivos, Dos, que sean proactivos y no invasivos, esto es que no sean inconvenientes para el viajero.<\/p>\n<p>Adem\u00e1s, deben ser estandarizados, globales, para que en todas partes se conozcan las medidas, y que sean lo m\u00e1s claros posible para el consumidor  para ir eliminando la incertidumbre.<\/p>\n<p>En la parte de la recuperaci\u00f3n coincidi\u00f3 en que, el factor principal ser\u00e1 el turismo dom\u00e9stico, el de tierra por lo que hay que restablecer lo antes posible la seguridad en carreteras: &#8220;Si sigue siendo inseguro el viajar por carretera, este tema ser\u00e1 un obst\u00e1culo, porque se avisora que el turismo carretero es el que se va a recuperar primero, por lo que se debe viajar seguro por tierra&#8221;, remarc\u00f3 Zozaya.<\/p>\n<p>\u201cLo que necesitamos en promoci\u00f3n, porque los mercados m\u00e1s importantes del mundo van a empezar a invertir en turismo. M\u00e1s que nunca invertir en promoci\u00f3n, despu\u00e9s cumplir las promesas que se hagan en las promociones\u201d, acentu\u00f3.<\/p>\n<p>Apunt\u00f3 que la rentabilidad de los negocios tur\u00edsticos, se tardar\u00e1 muchos a\u00f1os, porque un factor adicional es el incremento de los costos operativos. A lo que se suma que se competir\u00e1 m\u00e1s por el mercado: \u201ccon un mercado mucho menor, con una demanda mucho menor, con una oferta igual o mayor; eso en el corto plazo traer\u00e1 una ca\u00edda en los precios\u201d, pronostic\u00f3.<\/p>\n<p>Por su parte Marcos Constandse Redko, explic\u00f3 que Grupo Xcaret se prepara para abrir ponto, de ser factible el 1\u00b0 de junio pr\u00f3ximo, pero depender\u00e1 en primera instancia de que las propias autoridades den luz verde, y que todos los prestadores de servicio se alineen a las recomendaciones de salud e higiene que se\u00f1ale el gobierno federal y estatal.<\/p>\n<p>\u201cTrabajamos en los protocolos a seguir en las distintas unidades de negocio que tenemos: los hoteles, los tours, los parques, los traslados con diferentes instancias, como la International Association of Amusement Parks and Attractions (IAAPA), apeg\u00e1ndonos a los lineamientos de la Organizaci\u00f3n Mundial de Turismo y procesos desarrollados por el propio gobierno de Quintana Roo\u201d, detall\u00f3.<\/p>\n<p>En sus procesos utilizan qu\u00edmicos acreditados por la U.S. Environmental Protection, entre otros organismos internacionales, instauraron medidas de higiene personal de los colaboradores, quienes deben contar con equipo de protecci\u00f3n personal como son: caretas, cubre bocas y guantes para realizar sus actividades.<\/p>\n<p>Entre los protocolos que se realizar\u00e1n en los visitantes desde su llegada en el aeropuerto y antes de subir al transporte es el uso de cubrebocas y la toma de temperatura, desinfecci\u00f3n de equipaje, de calzado y la entrega de un kit de sanidad.<\/p>\n<p>En sus hoteles el uso de gel en todas las \u00e1reas del mismo. Asimismo, se ha realizado la desinfecci\u00f3n masiva en sus habitaciones, \u00e1reas comunes, restaurantes, sistemas de ventilaci\u00f3n, entre otras zonas, que incluyen las utilizadas por el personal.<\/p>\n<p>Por su parte, Sergio Allard vicepresidente legal y de relaciones institucionales de Grupo Aerom\u00e9xico, dijo que tuvieron el apoyo del sindicato, lograron negociaciones de apoyo a la empresa ya sea con reducciones salariales o permisos sin goce de sueldo.<\/p>\n<p>No obstante reconoci\u00f3 que si tendr\u00e1n problemas econ\u00f3micos, pero que est\u00e1n en un proceso para cuidar a sus colaboradores.<\/p>\n<p>Apunt\u00f3 que han transportado los insumos que ha requerido el gobierno federal en charters cargueros a China, y la empresa exige que sus pasajeros utilicen cubre-bocas, ya que se mantienen ciertas rutas dom\u00e9sticas y ciertas internacionales.<\/p>\n<p>Reconoci\u00f3 que el regreso ser\u00e1 lento, ya que por ejemplo Argentina abrir\u00e1 su espacio a\u00e9reo hasta el 1\u00b0 de septiembre.<\/p>\n<p>La empresa ya implement\u00f3 el Safety Security un modelo de salud e higiene en todos sus vuelos, y aunque se ha hablado de dejar el asiento medio libre, esto tendr\u00eda un gran costo. Asimismo, el tour around tardar\u00e1 m\u00e1s por la sanitizaci\u00f3n que se har\u00e1 en el interior de las aeronaves.<\/p>\n","protected":false},"excerpt":{"rendered":"<p>\u201cEl regreso ser\u00e1 lento y poder recuperarse tomar\u00e1 cerca de dos a\u00f1os. Y los procesos deben de ser sencillos, poco costosos y no invasivos para los viajeros. Adem\u00e1s no lo lograremos si no vamos de la mano todo el sector tur\u00edstico y el gobierno\u201d, coincidieron en se\u00f1alar Zozaya, Constandse y Allard, especialistas en turismo durante [&hellip;]<\/p>\n","protected":false},"author":3,"featured_media":18106,"comment_status":"open","ping_status":"open","sticky":false,"template":"","format":"standard","meta":{"footnotes":""},"categories":[19057,6],"tags":[1170,43,1340,3047,4864,3408,1674],"yoast_head":"<!-- This site is optimized with the Yoast SEO plugin v22.2 - https:\/\/yoast.com\/wordpress\/plugins\/seo\/ -->\n<title>Especialistas en turismo: \u201cLa recuperaci\u00f3n tomar\u00e1 2 a\u00f1os, solo si logramos estar unidos\u201c - Nitu - Noticias de la Industria Turistica<\/title>\n<meta name=\"robots\" content=\"index, follow, max-snippet:-1, max-image-preview:large, max-video-preview:-1\" \/>\n<link rel=\"canonical\" href=\"https:\/\/nitu.mx\/index.php\/2020\/05\/12\/especialistas-en-turismo-la-recuperacion-tomara-2-anos-solo-si-logramos-estar-unidos\/\" \/>\n<meta name=\"twitter:card\" content=\"summary_large_image\" \/>\n<meta name=\"twitter:title\" content=\"Especialistas en turismo: \u201cLa recuperaci\u00f3n tomar\u00e1 2 a\u00f1os, solo si logramos estar unidos\u201c - Nitu - Noticias de la Industria Turistica\" \/>\n<meta name=\"twitter:description\" content=\"\u201cEl regreso ser\u00e1 lento y poder recuperarse tomar\u00e1 cerca de dos a\u00f1os. Y los procesos deben de ser sencillos, poco costosos y no invasivos para los viajeros. Adem\u00e1s no lo lograremos si no vamos de la mano todo el sector tur\u00edstico y el gobierno\u201d, coincidieron en se\u00f1alar Zozaya, Constandse y Allard, especialistas en turismo durante [&hellip;]\" \/>\n<meta name=\"twitter:image\" content=\"https:\/\/nitu.mx\/wp-content\/uploads\/2018\/03\/zozaya.jpg\" \/>\n<meta name=\"twitter:creator\" content=\"@NITUmx\" \/>\n<meta name=\"twitter:site\" content=\"@Arturo_Medina_G\" \/>\n<meta name=\"twitter:label1\" content=\"Escrito por\" \/>\n\t<meta name=\"twitter:data1\" content=\"Alejandra Moncisbays\" \/>\n\t<meta name=\"twitter:label2\" content=\"Tiempo de lectura\" \/>\n\t<meta name=\"twitter:data2\" content=\"5 minutos\" \/>\n<script type=\"application\/ld+json\" class=\"yoast-schema-graph\">{\"@context\":\"https:\/\/schema.org\",\"@graph\":[{\"@type\":\"Article\",\"@id\":\"https:\/\/nitu.mx\/index.php\/2020\/05\/12\/especialistas-en-turismo-la-recuperacion-tomara-2-anos-solo-si-logramos-estar-unidos\/#article\",\"isPartOf\":{\"@id\":\"https:\/\/nitu.mx\/index.php\/2020\/05\/12\/especialistas-en-turismo-la-recuperacion-tomara-2-anos-solo-si-logramos-estar-unidos\/\"},\"author\":{\"name\":\"Alejandra Moncisbays\",\"@id\":\"https:\/\/nitu.mx\/#\/schema\/person\/2ecd887b19dfd3382d1f14fc5acf24a8\"},\"headline\":\"Especialistas en turismo: \u201cLa recuperaci\u00f3n tomar\u00e1 2 a\u00f1os, solo si logramos estar unidos\u201c\",\"datePublished\":\"2020-05-12T05:04:29+00:00\",\"dateModified\":\"2020-05-15T02:58:37+00:00\",\"mainEntityOfPage\":{\"@id\":\"https:\/\/nitu.mx\/index.php\/2020\/05\/12\/especialistas-en-turismo-la-recuperacion-tomara-2-anos-solo-si-logramos-estar-unidos\/\"},\"wordCount\":1001,\"commentCount\":0,\"publisher\":{\"@id\":\"https:\/\/nitu.mx\/#\/schema\/person\/ae7a53426417292d3dd07b45a33e01bc\"},\"image\":{\"@id\":\"https:\/\/nitu.mx\/index.php\/2020\/05\/12\/especialistas-en-turismo-la-recuperacion-tomara-2-anos-solo-si-logramos-estar-unidos\/#primaryimage\"},\"thumbnailUrl\":\"https:\/\/nitu.mx\/wp-content\/uploads\/2018\/03\/zozaya.jpg\",\"keywords\":[\"Alejandro Zozaya Gorostiza\",\"Canc\u00fan\",\"Grupo Aerom\u00e9xico\",\"Grupo Xcaret\",\"Marcos Constandse\",\"Miguel Quintana Pali\",\"Sergio Allard\"],\"articleSection\":[\"COVID-19 CORONAVIRUS\",\"M\u00e9xico\"],\"inLanguage\":\"es-MX\",\"potentialAction\":[{\"@type\":\"CommentAction\",\"name\":\"Comment\",\"target\":[\"https:\/\/nitu.mx\/index.php\/2020\/05\/12\/especialistas-en-turismo-la-recuperacion-tomara-2-anos-solo-si-logramos-estar-unidos\/#respond\"]}]},{\"@type\":\"WebPage\",\"@id\":\"https:\/\/nitu.mx\/index.php\/2020\/05\/12\/especialistas-en-turismo-la-recuperacion-tomara-2-anos-solo-si-logramos-estar-unidos\/\",\"url\":\"https:\/\/nitu.mx\/index.php\/2020\/05\/12\/especialistas-en-turismo-la-recuperacion-tomara-2-anos-solo-si-logramos-estar-unidos\/\",\"name\":\"Especialistas en turismo: \u201cLa recuperaci\u00f3n tomar\u00e1 2 a\u00f1os, solo si logramos estar unidos\u201c - Nitu - Noticias de la Industria Turistica\",\"isPartOf\":{\"@id\":\"https:\/\/nitu.mx\/#website\"},\"primaryImageOfPage\":{\"@id\":\"https:\/\/nitu.mx\/index.php\/2020\/05\/12\/especialistas-en-turismo-la-recuperacion-tomara-2-anos-solo-si-logramos-estar-unidos\/#primaryimage\"},\"image\":{\"@id\":\"https:\/\/nitu.mx\/index.php\/2020\/05\/12\/especialistas-en-turismo-la-recuperacion-tomara-2-anos-solo-si-logramos-estar-unidos\/#primaryimage\"},\"thumbnailUrl\":\"https:\/\/nitu.mx\/wp-content\/uploads\/2018\/03\/zozaya.jpg\",\"datePublished\":\"2020-05-12T05:04:29+00:00\",\"dateModified\":\"2020-05-15T02:58:37+00:00\",\"breadcrumb\":{\"@id\":\"https:\/\/nitu.mx\/index.php\/2020\/05\/12\/especialistas-en-turismo-la-recuperacion-tomara-2-anos-solo-si-logramos-estar-unidos\/#breadcrumb\"},\"inLanguage\":\"es-MX\",\"potentialAction\":[{\"@type\":\"ReadAction\",\"target\":[\"https:\/\/nitu.mx\/index.php\/2020\/05\/12\/especialistas-en-turismo-la-recuperacion-tomara-2-anos-solo-si-logramos-estar-unidos\/\"]}]},{\"@type\":\"ImageObject\",\"inLanguage\":\"es-MX\",\"@id\":\"https:\/\/nitu.mx\/index.php\/2020\/05\/12\/especialistas-en-turismo-la-recuperacion-tomara-2-anos-solo-si-logramos-estar-unidos\/#primaryimage\",\"url\":\"https:\/\/nitu.mx\/wp-content\/uploads\/2018\/03\/zozaya.jpg\",\"contentUrl\":\"https:\/\/nitu.mx\/wp-content\/uploads\/2018\/03\/zozaya.jpg\",\"width\":850,\"height\":480,\"caption\":\"zozaya AMResorts\"},{\"@type\":\"BreadcrumbList\",\"@id\":\"https:\/\/nitu.mx\/index.php\/2020\/05\/12\/especialistas-en-turismo-la-recuperacion-tomara-2-anos-solo-si-logramos-estar-unidos\/#breadcrumb\",\"itemListElement\":[{\"@type\":\"ListItem\",\"position\":1,\"name\":\"Inicio\",\"item\":\"https:\/\/nitu.mx\/\"},{\"@type\":\"ListItem\",\"position\":2,\"name\":\"Especialistas en turismo: \u201cLa recuperaci\u00f3n tomar\u00e1 2 a\u00f1os, solo si logramos estar unidos\u201c\"}]},{\"@type\":\"WebSite\",\"@id\":\"https:\/\/nitu.mx\/#website\",\"url\":\"https:\/\/nitu.mx\/\",\"name\":\"Nitu - Noticias de la Industria Turistica\",\"description\":\"Noticias de la Industria Turistica\",\"publisher\":{\"@id\":\"https:\/\/nitu.mx\/#\/schema\/person\/ae7a53426417292d3dd07b45a33e01bc\"},\"alternateName\":\"Noticias de la Industria Turistica\",\"potentialAction\":[{\"@type\":\"SearchAction\",\"target\":{\"@type\":\"EntryPoint\",\"urlTemplate\":\"https:\/\/nitu.mx\/?s={search_term_string}\"},\"query-input\":\"required name=search_term_string\"}],\"inLanguage\":\"es-MX\"},{\"@type\":[\"Person\",\"Organization\"],\"@id\":\"https:\/\/nitu.mx\/#\/schema\/person\/ae7a53426417292d3dd07b45a33e01bc\",\"name\":\"Arturo Medina\",\"image\":{\"@type\":\"ImageObject\",\"inLanguage\":\"es-MX\",\"@id\":\"https:\/\/nitu.mx\/#\/schema\/person\/image\/\",\"url\":\"https:\/\/nitu.mx\/wp-content\/uploads\/2024\/04\/4A315622-1904-4D5C-B022-878CDC840E04-90x90-1.jpeg\",\"contentUrl\":\"https:\/\/nitu.mx\/wp-content\/uploads\/2024\/04\/4A315622-1904-4D5C-B022-878CDC840E04-90x90-1.jpeg\",\"width\":90,\"height\":90,\"caption\":\"Arturo Medina\"},\"logo\":{\"@id\":\"https:\/\/nitu.mx\/#\/schema\/person\/image\/\"},\"description\":\"Director NITU.mx, Egresado de la Escuela de Periodismo Carlos Septi\u00e9n Garc\u00eda. Periodista y analista especializado en turismo desde hace 35 a\u00f1os, radicado en Canc\u00fan Q.Roo. arturo@nitu.mx\",\"sameAs\":[\"https:\/\/nitu.mx\",\"https:\/\/www.facebook.com\/NITUmx\/\",\"medinacancun\",\"https:\/\/twitter.com\/@Arturo_Medina_G\"]},{\"@type\":\"Person\",\"@id\":\"https:\/\/nitu.mx\/#\/schema\/person\/2ecd887b19dfd3382d1f14fc5acf24a8\",\"name\":\"Alejandra Moncisbays\",\"image\":{\"@type\":\"ImageObject\",\"inLanguage\":\"es-MX\",\"@id\":\"https:\/\/nitu.mx\/#\/schema\/person\/image\/\",\"url\":\"https:\/\/secure.gravatar.com\/avatar\/e74f7af0be172b7804dacfd0bfbef787?s=96&d=mm&r=g\",\"contentUrl\":\"https:\/\/secure.gravatar.com\/avatar\/e74f7af0be172b7804dacfd0bfbef787?s=96&d=mm&r=g\",\"caption\":\"Alejandra Moncisbays\"},\"description\":\"Curs\u00e9 la carrera de Periodismo y Comunicaci\u00f3n en la Facultad de Estudios Profesionales Acatl\u00e1n. Vivo en Canc\u00fan desde hace 24 a\u00f1os. Fui reportera de La Tarde de Canc\u00fan, y Novedades de Quintana Roo, colabor\u00e9 en TVCUN, edit\u00e9 Cancun\u00edssimo y colabor\u00e9 en las revistas Latitud21, entre otras, con principal enfoque en los sectores empresarial y tur\u00edstico. Desde hace varios a\u00f1os soy Agente de Seguros con c\u00e9dula de la Comisi\u00f3n Nacional de Seguros y Fianzas. Actualmente, me desarrollo en los \u00e1mbitos del periodismo y el sector asegurador.\",\"sameAs\":[\"https:\/\/nitu.mx\"],\"url\":\"https:\/\/nitu.mx\/index.php\/author\/alejandra\/\"}]}<\/script>\n<!-- \/ Yoast SEO plugin. -->","yoast_head_json":{"title":"Especialistas en turismo: \u201cLa recuperaci\u00f3n tomar\u00e1 2 a\u00f1os, solo si logramos estar unidos\u201c - Nitu - Noticias de la Industria Turistica","robots":{"index":"index","follow":"follow","max-snippet":"max-snippet:-1","max-image-preview":"max-image-preview:large","max-video-preview":"max-video-preview:-1"},"canonical":"https:\/\/nitu.mx\/index.php\/2020\/05\/12\/especialistas-en-turismo-la-recuperacion-tomara-2-anos-solo-si-logramos-estar-unidos\/","twitter_card":"summary_large_image","twitter_title":"Especialistas en turismo: \u201cLa recuperaci\u00f3n tomar\u00e1 2 a\u00f1os, solo si logramos estar unidos\u201c - Nitu - Noticias de la Industria Turistica","twitter_description":"\u201cEl regreso ser\u00e1 lento y poder recuperarse tomar\u00e1 cerca de dos a\u00f1os. Y los procesos deben de ser sencillos, poco costosos y no invasivos para los viajeros. Adem\u00e1s no lo lograremos si no vamos de la mano todo el sector tur\u00edstico y el gobierno\u201d, coincidieron en se\u00f1alar Zozaya, Constandse y Allard, especialistas en turismo durante [&hellip;]","twitter_image":"https:\/\/nitu.mx\/wp-content\/uploads\/2018\/03\/zozaya.jpg","twitter_creator":"@NITUmx","twitter_site":"@Arturo_Medina_G","twitter_misc":{"Escrito por":"Alejandra Moncisbays","Tiempo de lectura":"5 minutos"},"schema":{"@context":"https:\/\/schema.org","@graph":[{"@type":"Article","@id":"https:\/\/nitu.mx\/index.php\/2020\/05\/12\/especialistas-en-turismo-la-recuperacion-tomara-2-anos-solo-si-logramos-estar-unidos\/#article","isPartOf":{"@id":"https:\/\/nitu.mx\/index.php\/2020\/05\/12\/especialistas-en-turismo-la-recuperacion-tomara-2-anos-solo-si-logramos-estar-unidos\/"},"author":{"name":"Alejandra Moncisbays","@id":"https:\/\/nitu.mx\/#\/schema\/person\/2ecd887b19dfd3382d1f14fc5acf24a8"},"headline":"Especialistas en turismo: \u201cLa recuperaci\u00f3n tomar\u00e1 2 a\u00f1os, solo si logramos estar unidos\u201c","datePublished":"2020-05-12T05:04:29+00:00","dateModified":"2020-05-15T02:58:37+00:00","mainEntityOfPage":{"@id":"https:\/\/nitu.mx\/index.php\/2020\/05\/12\/especialistas-en-turismo-la-recuperacion-tomara-2-anos-solo-si-logramos-estar-unidos\/"},"wordCount":1001,"commentCount":0,"publisher":{"@id":"https:\/\/nitu.mx\/#\/schema\/person\/ae7a53426417292d3dd07b45a33e01bc"},"image":{"@id":"https:\/\/nitu.mx\/index.php\/2020\/05\/12\/especialistas-en-turismo-la-recuperacion-tomara-2-anos-solo-si-logramos-estar-unidos\/#primaryimage"},"thumbnailUrl":"https:\/\/nitu.mx\/wp-content\/uploads\/2018\/03\/zozaya.jpg","keywords":["Alejandro Zozaya Gorostiza","Canc\u00fan","Grupo Aerom\u00e9xico","Grupo Xcaret","Marcos Constandse","Miguel Quintana Pali","Sergio Allard"],"articleSection":["COVID-19 CORONAVIRUS","M\u00e9xico"],"inLanguage":"es-MX","potentialAction":[{"@type":"CommentAction","name":"Comment","target":["https:\/\/nitu.mx\/index.php\/2020\/05\/12\/especialistas-en-turismo-la-recuperacion-tomara-2-anos-solo-si-logramos-estar-unidos\/#respond"]}]},{"@type":"WebPage","@id":"https:\/\/nitu.mx\/index.php\/2020\/05\/12\/especialistas-en-turismo-la-recuperacion-tomara-2-anos-solo-si-logramos-estar-unidos\/","url":"https:\/\/nitu.mx\/index.php\/2020\/05\/12\/especialistas-en-turismo-la-recuperacion-tomara-2-anos-solo-si-logramos-estar-unidos\/","name":"Especialistas en turismo: \u201cLa recuperaci\u00f3n tomar\u00e1 2 a\u00f1os, solo si logramos estar unidos\u201c - Nitu - Noticias de la Industria Turistica","isPartOf":{"@id":"https:\/\/nitu.mx\/#website"},"primaryImageOfPage":{"@id":"https:\/\/nitu.mx\/index.php\/2020\/05\/12\/especialistas-en-turismo-la-recuperacion-tomara-2-anos-solo-si-logramos-estar-unidos\/#primaryimage"},"image":{"@id":"https:\/\/nitu.mx\/index.php\/2020\/05\/12\/especialistas-en-turismo-la-recuperacion-tomara-2-anos-solo-si-logramos-estar-unidos\/#primaryimage"},"thumbnailUrl":"https:\/\/nitu.mx\/wp-content\/uploads\/2018\/03\/zozaya.jpg","datePublished":"2020-05-12T05:04:29+00:00","dateModified":"2020-05-15T02:58:37+00:00","breadcrumb":{"@id":"https:\/\/nitu.mx\/index.php\/2020\/05\/12\/especialistas-en-turismo-la-recuperacion-tomara-2-anos-solo-si-logramos-estar-unidos\/#breadcrumb"},"inLanguage":"es-MX","potentialAction":[{"@type":"ReadAction","target":["https:\/\/nitu.mx\/index.php\/2020\/05\/12\/especialistas-en-turismo-la-recuperacion-tomara-2-anos-solo-si-logramos-estar-unidos\/"]}]},{"@type":"ImageObject","inLanguage":"es-MX","@id":"https:\/\/nitu.mx\/index.php\/2020\/05\/12\/especialistas-en-turismo-la-recuperacion-tomara-2-anos-solo-si-logramos-estar-unidos\/#primaryimage","url":"https:\/\/nitu.mx\/wp-content\/uploads\/2018\/03\/zozaya.jpg","contentUrl":"https:\/\/nitu.mx\/wp-content\/uploads\/2018\/03\/zozaya.jpg","width":850,"height":480,"caption":"zozaya AMResorts"},{"@type":"BreadcrumbList","@id":"https:\/\/nitu.mx\/index.php\/2020\/05\/12\/especialistas-en-turismo-la-recuperacion-tomara-2-anos-solo-si-logramos-estar-unidos\/#breadcrumb","itemListElement":[{"@type":"ListItem","position":1,"name":"Inicio","item":"https:\/\/nitu.mx\/"},{"@type":"ListItem","position":2,"name":"Especialistas en turismo: \u201cLa recuperaci\u00f3n tomar\u00e1 2 a\u00f1os, solo si logramos estar unidos\u201c"}]},{"@type":"WebSite","@id":"https:\/\/nitu.mx\/#website","url":"https:\/\/nitu.mx\/","name":"Nitu - Noticias de la Industria Turistica","description":"Noticias de la Industria Turistica","publisher":{"@id":"https:\/\/nitu.mx\/#\/schema\/person\/ae7a53426417292d3dd07b45a33e01bc"},"alternateName":"Noticias de la Industria Turistica","potentialAction":[{"@type":"SearchAction","target":{"@type":"EntryPoint","urlTemplate":"https:\/\/nitu.mx\/?s={search_term_string}"},"query-input":"required name=search_term_string"}],"inLanguage":"es-MX"},{"@type":["Person","Organization"],"@id":"https:\/\/nitu.mx\/#\/schema\/person\/ae7a53426417292d3dd07b45a33e01bc","name":"Arturo Medina","image":{"@type":"ImageObject","inLanguage":"es-MX","@id":"https:\/\/nitu.mx\/#\/schema\/person\/image\/","url":"https:\/\/nitu.mx\/wp-content\/uploads\/2024\/04\/4A315622-1904-4D5C-B022-878CDC840E04-90x90-1.jpeg","contentUrl":"https:\/\/nitu.mx\/wp-content\/uploads\/2024\/04\/4A315622-1904-4D5C-B022-878CDC840E04-90x90-1.jpeg","width":90,"height":90,"caption":"Arturo Medina"},"logo":{"@id":"https:\/\/nitu.mx\/#\/schema\/person\/image\/"},"description":"Director NITU.mx, Egresado de la Escuela de Periodismo Carlos Septi\u00e9n Garc\u00eda. Periodista y analista especializado en turismo desde hace 35 a\u00f1os, radicado en Canc\u00fan Q.Roo. arturo@nitu.mx","sameAs":["https:\/\/nitu.mx","https:\/\/www.facebook.com\/NITUmx\/","medinacancun","https:\/\/twitter.com\/@Arturo_Medina_G"]},{"@type":"Person","@id":"https:\/\/nitu.mx\/#\/schema\/person\/2ecd887b19dfd3382d1f14fc5acf24a8","name":"Alejandra Moncisbays","image":{"@type":"ImageObject","inLanguage":"es-MX","@id":"https:\/\/nitu.mx\/#\/schema\/person\/image\/","url":"https:\/\/secure.gravatar.com\/avatar\/e74f7af0be172b7804dacfd0bfbef787?s=96&d=mm&r=g","contentUrl":"https:\/\/secure.gravatar.com\/avatar\/e74f7af0be172b7804dacfd0bfbef787?s=96&d=mm&r=g","caption":"Alejandra Moncisbays"},"description":"Curs\u00e9 la carrera de Periodismo y Comunicaci\u00f3n en la Facultad de Estudios Profesionales Acatl\u00e1n. Vivo en Canc\u00fan desde hace 24 a\u00f1os. Fui reportera de La Tarde de Canc\u00fan, y Novedades de Quintana Roo, colabor\u00e9 en TVCUN, edit\u00e9 Cancun\u00edssimo y colabor\u00e9 en las revistas Latitud21, entre otras, con principal enfoque en los sectores empresarial y tur\u00edstico. Desde hace varios a\u00f1os soy Agente de Seguros con c\u00e9dula de la Comisi\u00f3n Nacional de Seguros y Fianzas. Actualmente, me desarrollo en los \u00e1mbitos del periodismo y el sector asegurador.","sameAs":["https:\/\/nitu.mx"],"url":"https:\/\/nitu.mx\/index.php\/author\/alejandra\/"}]}},"views":274,"_links":{"self":[{"href":"https:\/\/nitu.mx\/index.php\/wp-json\/wp\/v2\/posts\/42421"}],"collection":[{"href":"https:\/\/nitu.mx\/index.php\/wp-json\/wp\/v2\/posts"}],"about":[{"href":"https:\/\/nitu.mx\/index.php\/wp-json\/wp\/v2\/types\/post"}],"author":[{"embeddable":true,"href":"https:\/\/nitu.mx\/index.php\/wp-json\/wp\/v2\/users\/3"}],"replies":[{"embeddable":true,"href":"https:\/\/nitu.mx\/index.php\/wp-json\/wp\/v2\/comments?post=42421"}],"version-history":[{"count":4,"href":"https:\/\/nitu.mx\/index.php\/wp-json\/wp\/v2\/posts\/42421\/revisions"}],"predecessor-version":[{"id":42520,"href":"https:\/\/nitu.mx\/index.php\/wp-json\/wp\/v2\/posts\/42421\/revisions\/42520"}],"wp:featuredmedia":[{"embeddable":true,"href":"https:\/\/nitu.mx\/index.php\/wp-json\/wp\/v2\/media\/18106"}],"wp:attachment":[{"href":"https:\/\/nitu.mx\/index.php\/wp-json\/wp\/v2\/media?parent=42421"}],"wp:term":[{"taxonomy":"category","embeddable":true,"href":"https:\/\/nitu.mx\/index.php\/wp-json\/wp\/v2\/categories?post=42421"},{"taxonomy":"post_tag","embeddable":true,"href":"https:\/\/nitu.mx\/index.php\/wp-json\/wp\/v2\/tags?post=42421"}],"curies":[{"name":"wp","href":"https:\/\/api.w.org\/{rel}","templated":true}]}}