{"id":42100,"date":"2020-04-28T12:34:09","date_gmt":"2020-04-28T17:34:09","guid":{"rendered":"https:\/\/www.dev.nitu.mx\/?p=42100"},"modified":"2020-04-28T13:03:46","modified_gmt":"2020-04-28T18:03:46","slug":"despegar-confirma-que-compra-de-best-day-podria-demorarse-o-cancelarse","status":"publish","type":"post","link":"https:\/\/nitu.mx\/index.php\/2020\/04\/28\/despegar-confirma-que-compra-de-best-day-podria-demorarse-o-cancelarse\/","title":{"rendered":"Podr\u00eda demorarse o cancelarse compra de Best Day por parte de Despegar"},"content":{"rendered":"\n<p>A tres meses de que Despegar anunciara la adquisici\u00f3n de Best Day Travel Group, la agencia de viajes en l\u00ednea inform\u00f3 la posibilidad de que esta se demore, modifique o se cancele, de no satisfacerse las condiciones estipuladas o los plazos contemplados, por parte de compradores y\/o vendedores.<\/p>\n\n\n\n<p>El acuerdo para que la compa\u00f1\u00eda con sede en Argentina adquiriera al mayor corporativo de viajes de M\u00e9xico qued\u00f3 sujeto a las condiciones de cierre y comerciales, que siguen pendientes, por lo que Despegar \u201cno puede asegurar que se consumar\u00e1 la adquisici\u00f3n en los t\u00e9rminos existentes, en t\u00e9rminos diferentes o en absoluto\u201d, se\u00f1al\u00f3 mediante un comunicado.<\/p>\n\n\n\n<p>Dentro de estas condiciones, se encuentran las aprobaciones regulatorias, en especial la aprobaci\u00f3n de las autoridades de competencia de M\u00e9xico, y de otros pa\u00edses de la regi\u00f3n; adem\u00e1s de otras de orden comercial.<\/p>\n\n\n\n<p>Despegar tambi\u00e9n mantiene estrecha comunicaci\u00f3n con los vendedores, sobre el impacto del COVID-19 y otros desarrollos en Best Day Travel Group.<\/p>\n\n\n\n<p>Para adquirir al corporativo de viajes mexicano, Despegar realiz\u00f3 una inversi\u00f3n de 136 millones de d\u00f3lares, y estimaba incrementar 25 por ciento sus ingresos, as\u00ed como consolidarse como l\u00edder en la regi\u00f3n. (<a href=\"https:\/\/www.dev.nitu.mx\/index.php\/2020\/02\/04\/estima-despegar-crecer-25-a-nivel-regional-tras-adquisicion-de-best-day\/\">Estima Despegar crecer 25% a nivel regional tras adquisici\u00f3n de Best Day<\/a>)<\/p>\n\n\n\n<p>A ra\u00edz de la crisis in\u00e9dita generada por la pandemia del COVID-19, los resultados de Despegar se vieron impactados negativamente, situaci\u00f3n ante la que tom\u00f3 decisiones como reducir 40 por ciento sus costos estructurales.<\/p>\n\n\n\n<p>Las medidas adoptadas contemplaron la reducci\u00f3n de salarios de altos ejecutivos en 50 por ciento, y de gerencia media en 25 por ciento en el segundo trimestre de 2020; y se congelaron las contrataciones y se limitaron los aumentos salariales por inflaci\u00f3n. <\/p>\n\n\n\n<p>Despegar tambi\u00e9n redujo parta de la fuerza laboral, las horas de trabajo e implement\u00f3 licencias no remuneradas en ciertos pa\u00edses; actualmente revisa los contratos y compromisos, acelera la adquisici\u00f3n de Viajes Falabella y renegocia los t\u00e9rminos y condiciones de pago a proveedores.<\/p>\n\n\n\n<p>El compromiso principal de Despegar durante esta contingencia es garantizar la salud y seguridad de sus empleados, apoyar las necesidades de los clientes en este momento de interrupci\u00f3n de viajes, y a largo plazo, asegurar la solidez de la empresa.<\/p>\n","protected":false},"excerpt":{"rendered":"<p>A tres meses de que Despegar anunciara la adquisici\u00f3n de Best Day Travel Group, la agencia de viajes en l\u00ednea inform\u00f3 la posibilidad de que esta se demore, modifique o se cancele, de no satisfacerse las condiciones estipuladas o los plazos contemplados, por parte de compradores y\/o vendedores. El acuerdo para que la compa\u00f1\u00eda con [&hellip;]<\/p>\n","protected":false},"author":18,"featured_media":39473,"comment_status":"open","ping_status":"open","sticky":false,"template":"","format":"standard","meta":{"footnotes":""},"categories":[3],"tags":[66,2130],"yoast_head":"<!-- This site is optimized with the Yoast SEO plugin v22.2 - https:\/\/yoast.com\/wordpress\/plugins\/seo\/ -->\n<title>Podr\u00eda demorarse o cancelarse compra de Best Day por parte de Despegar - Nitu - Noticias de la Industria Turistica<\/title>\n<meta name=\"robots\" content=\"index, follow, max-snippet:-1, max-image-preview:large, max-video-preview:-1\" \/>\n<link rel=\"canonical\" href=\"https:\/\/nitu.mx\/index.php\/2020\/04\/28\/despegar-confirma-que-compra-de-best-day-podria-demorarse-o-cancelarse\/\" \/>\n<meta name=\"twitter:card\" content=\"summary_large_image\" \/>\n<meta name=\"twitter:title\" content=\"Podr\u00eda demorarse o cancelarse compra de Best Day por parte de Despegar - Nitu - Noticias de la Industria Turistica\" \/>\n<meta name=\"twitter:description\" content=\"A tres meses de que Despegar anunciara la adquisici\u00f3n de Best Day Travel Group, la agencia de viajes en l\u00ednea inform\u00f3 la posibilidad de que esta se demore, modifique o se cancele, de no satisfacerse las condiciones estipuladas o los plazos contemplados, por parte de compradores y\/o vendedores. El acuerdo para que la compa\u00f1\u00eda con [&hellip;]\" \/>\n<meta name=\"twitter:image\" content=\"https:\/\/nitu.mx\/wp-content\/uploads\/2020\/01\/Despegar-Best-Day.jpg\" \/>\n<meta name=\"twitter:creator\" content=\"@NITUmx\" \/>\n<meta name=\"twitter:site\" content=\"@Arturo_Medina_G\" \/>\n<meta name=\"twitter:label1\" content=\"Escrito por\" \/>\n\t<meta name=\"twitter:data1\" content=\"Guadalupe Sixto\" \/>\n\t<meta name=\"twitter:label2\" content=\"Tiempo de lectura\" \/>\n\t<meta name=\"twitter:data2\" content=\"2 minutos\" \/>\n<script type=\"application\/ld+json\" class=\"yoast-schema-graph\">{\"@context\":\"https:\/\/schema.org\",\"@graph\":[{\"@type\":\"Article\",\"@id\":\"https:\/\/nitu.mx\/index.php\/2020\/04\/28\/despegar-confirma-que-compra-de-best-day-podria-demorarse-o-cancelarse\/#article\",\"isPartOf\":{\"@id\":\"https:\/\/nitu.mx\/index.php\/2020\/04\/28\/despegar-confirma-que-compra-de-best-day-podria-demorarse-o-cancelarse\/\"},\"author\":{\"name\":\"Guadalupe Sixto\",\"@id\":\"https:\/\/nitu.mx\/#\/schema\/person\/3df3082b5e46037e3f13614d28ee0b77\"},\"headline\":\"Podr\u00eda demorarse o cancelarse compra de Best Day por parte de Despegar\",\"datePublished\":\"2020-04-28T17:34:09+00:00\",\"dateModified\":\"2020-04-28T18:03:46+00:00\",\"mainEntityOfPage\":{\"@id\":\"https:\/\/nitu.mx\/index.php\/2020\/04\/28\/despegar-confirma-que-compra-de-best-day-podria-demorarse-o-cancelarse\/\"},\"wordCount\":397,\"commentCount\":0,\"publisher\":{\"@id\":\"https:\/\/nitu.mx\/#\/schema\/person\/ae7a53426417292d3dd07b45a33e01bc\"},\"image\":{\"@id\":\"https:\/\/nitu.mx\/index.php\/2020\/04\/28\/despegar-confirma-que-compra-de-best-day-podria-demorarse-o-cancelarse\/#primaryimage\"},\"thumbnailUrl\":\"https:\/\/nitu.mx\/wp-content\/uploads\/2020\/01\/Despegar-Best-Day.jpg\",\"keywords\":[\"Best Day Travel Group\",\"Despegar\"],\"articleSection\":[\"Agencias de Viajes\"],\"inLanguage\":\"es-MX\",\"potentialAction\":[{\"@type\":\"CommentAction\",\"name\":\"Comment\",\"target\":[\"https:\/\/nitu.mx\/index.php\/2020\/04\/28\/despegar-confirma-que-compra-de-best-day-podria-demorarse-o-cancelarse\/#respond\"]}]},{\"@type\":\"WebPage\",\"@id\":\"https:\/\/nitu.mx\/index.php\/2020\/04\/28\/despegar-confirma-que-compra-de-best-day-podria-demorarse-o-cancelarse\/\",\"url\":\"https:\/\/nitu.mx\/index.php\/2020\/04\/28\/despegar-confirma-que-compra-de-best-day-podria-demorarse-o-cancelarse\/\",\"name\":\"Podr\u00eda demorarse o cancelarse compra de Best Day por parte de Despegar - Nitu - Noticias de la Industria Turistica\",\"isPartOf\":{\"@id\":\"https:\/\/nitu.mx\/#website\"},\"primaryImageOfPage\":{\"@id\":\"https:\/\/nitu.mx\/index.php\/2020\/04\/28\/despegar-confirma-que-compra-de-best-day-podria-demorarse-o-cancelarse\/#primaryimage\"},\"image\":{\"@id\":\"https:\/\/nitu.mx\/index.php\/2020\/04\/28\/despegar-confirma-que-compra-de-best-day-podria-demorarse-o-cancelarse\/#primaryimage\"},\"thumbnailUrl\":\"https:\/\/nitu.mx\/wp-content\/uploads\/2020\/01\/Despegar-Best-Day.jpg\",\"datePublished\":\"2020-04-28T17:34:09+00:00\",\"dateModified\":\"2020-04-28T18:03:46+00:00\",\"breadcrumb\":{\"@id\":\"https:\/\/nitu.mx\/index.php\/2020\/04\/28\/despegar-confirma-que-compra-de-best-day-podria-demorarse-o-cancelarse\/#breadcrumb\"},\"inLanguage\":\"es-MX\",\"potentialAction\":[{\"@type\":\"ReadAction\",\"target\":[\"https:\/\/nitu.mx\/index.php\/2020\/04\/28\/despegar-confirma-que-compra-de-best-day-podria-demorarse-o-cancelarse\/\"]}]},{\"@type\":\"ImageObject\",\"inLanguage\":\"es-MX\",\"@id\":\"https:\/\/nitu.mx\/index.php\/2020\/04\/28\/despegar-confirma-que-compra-de-best-day-podria-demorarse-o-cancelarse\/#primaryimage\",\"url\":\"https:\/\/nitu.mx\/wp-content\/uploads\/2020\/01\/Despegar-Best-Day.jpg\",\"contentUrl\":\"https:\/\/nitu.mx\/wp-content\/uploads\/2020\/01\/Despegar-Best-Day.jpg\",\"width\":850,\"height\":480,\"caption\":\"Despegar\"},{\"@type\":\"BreadcrumbList\",\"@id\":\"https:\/\/nitu.mx\/index.php\/2020\/04\/28\/despegar-confirma-que-compra-de-best-day-podria-demorarse-o-cancelarse\/#breadcrumb\",\"itemListElement\":[{\"@type\":\"ListItem\",\"position\":1,\"name\":\"Inicio\",\"item\":\"https:\/\/nitu.mx\/\"},{\"@type\":\"ListItem\",\"position\":2,\"name\":\"Podr\u00eda demorarse o cancelarse compra de Best Day por parte de Despegar\"}]},{\"@type\":\"WebSite\",\"@id\":\"https:\/\/nitu.mx\/#website\",\"url\":\"https:\/\/nitu.mx\/\",\"name\":\"Nitu - Noticias de la Industria Turistica\",\"description\":\"Noticias de la Industria Turistica\",\"publisher\":{\"@id\":\"https:\/\/nitu.mx\/#\/schema\/person\/ae7a53426417292d3dd07b45a33e01bc\"},\"alternateName\":\"Noticias de la Industria Turistica\",\"potentialAction\":[{\"@type\":\"SearchAction\",\"target\":{\"@type\":\"EntryPoint\",\"urlTemplate\":\"https:\/\/nitu.mx\/?s={search_term_string}\"},\"query-input\":\"required name=search_term_string\"}],\"inLanguage\":\"es-MX\"},{\"@type\":[\"Person\",\"Organization\"],\"@id\":\"https:\/\/nitu.mx\/#\/schema\/person\/ae7a53426417292d3dd07b45a33e01bc\",\"name\":\"Arturo Medina\",\"image\":{\"@type\":\"ImageObject\",\"inLanguage\":\"es-MX\",\"@id\":\"https:\/\/nitu.mx\/#\/schema\/person\/image\/\",\"url\":\"https:\/\/nitu.mx\/wp-content\/uploads\/2024\/04\/4A315622-1904-4D5C-B022-878CDC840E04-90x90-1.jpeg\",\"contentUrl\":\"https:\/\/nitu.mx\/wp-content\/uploads\/2024\/04\/4A315622-1904-4D5C-B022-878CDC840E04-90x90-1.jpeg\",\"width\":90,\"height\":90,\"caption\":\"Arturo Medina\"},\"logo\":{\"@id\":\"https:\/\/nitu.mx\/#\/schema\/person\/image\/\"},\"description\":\"Director NITU.mx, Egresado de la Escuela de Periodismo Carlos Septi\u00e9n Garc\u00eda. Periodista y analista especializado en turismo desde hace 35 a\u00f1os, radicado en Canc\u00fan Q.Roo. arturo@nitu.mx\",\"sameAs\":[\"https:\/\/nitu.mx\",\"https:\/\/www.facebook.com\/NITUmx\/\",\"medinacancun\",\"https:\/\/twitter.com\/@Arturo_Medina_G\"]},{\"@type\":\"Person\",\"@id\":\"https:\/\/nitu.mx\/#\/schema\/person\/3df3082b5e46037e3f13614d28ee0b77\",\"name\":\"Guadalupe Sixto\",\"image\":{\"@type\":\"ImageObject\",\"inLanguage\":\"es-MX\",\"@id\":\"https:\/\/nitu.mx\/#\/schema\/person\/image\/\",\"url\":\"https:\/\/secure.gravatar.com\/avatar\/13914e1b0e1919e91f9539de4dc584c4?s=96&d=mm&r=g\",\"contentUrl\":\"https:\/\/secure.gravatar.com\/avatar\/13914e1b0e1919e91f9539de4dc584c4?s=96&d=mm&r=g\",\"caption\":\"Guadalupe Sixto\"},\"url\":\"https:\/\/nitu.mx\/index.php\/author\/gsixto\/\"}]}<\/script>\n<!-- \/ Yoast SEO plugin. -->","yoast_head_json":{"title":"Podr\u00eda demorarse o cancelarse compra de Best Day por parte de Despegar - Nitu - Noticias de la Industria Turistica","robots":{"index":"index","follow":"follow","max-snippet":"max-snippet:-1","max-image-preview":"max-image-preview:large","max-video-preview":"max-video-preview:-1"},"canonical":"https:\/\/nitu.mx\/index.php\/2020\/04\/28\/despegar-confirma-que-compra-de-best-day-podria-demorarse-o-cancelarse\/","twitter_card":"summary_large_image","twitter_title":"Podr\u00eda demorarse o cancelarse compra de Best Day por parte de Despegar - Nitu - Noticias de la Industria Turistica","twitter_description":"A tres meses de que Despegar anunciara la adquisici\u00f3n de Best Day Travel Group, la agencia de viajes en l\u00ednea inform\u00f3 la posibilidad de que esta se demore, modifique o se cancele, de no satisfacerse las condiciones estipuladas o los plazos contemplados, por parte de compradores y\/o vendedores. El acuerdo para que la compa\u00f1\u00eda con [&hellip;]","twitter_image":"https:\/\/nitu.mx\/wp-content\/uploads\/2020\/01\/Despegar-Best-Day.jpg","twitter_creator":"@NITUmx","twitter_site":"@Arturo_Medina_G","twitter_misc":{"Escrito por":"Guadalupe Sixto","Tiempo de lectura":"2 minutos"},"schema":{"@context":"https:\/\/schema.org","@graph":[{"@type":"Article","@id":"https:\/\/nitu.mx\/index.php\/2020\/04\/28\/despegar-confirma-que-compra-de-best-day-podria-demorarse-o-cancelarse\/#article","isPartOf":{"@id":"https:\/\/nitu.mx\/index.php\/2020\/04\/28\/despegar-confirma-que-compra-de-best-day-podria-demorarse-o-cancelarse\/"},"author":{"name":"Guadalupe Sixto","@id":"https:\/\/nitu.mx\/#\/schema\/person\/3df3082b5e46037e3f13614d28ee0b77"},"headline":"Podr\u00eda demorarse o cancelarse compra de Best Day por parte de Despegar","datePublished":"2020-04-28T17:34:09+00:00","dateModified":"2020-04-28T18:03:46+00:00","mainEntityOfPage":{"@id":"https:\/\/nitu.mx\/index.php\/2020\/04\/28\/despegar-confirma-que-compra-de-best-day-podria-demorarse-o-cancelarse\/"},"wordCount":397,"commentCount":0,"publisher":{"@id":"https:\/\/nitu.mx\/#\/schema\/person\/ae7a53426417292d3dd07b45a33e01bc"},"image":{"@id":"https:\/\/nitu.mx\/index.php\/2020\/04\/28\/despegar-confirma-que-compra-de-best-day-podria-demorarse-o-cancelarse\/#primaryimage"},"thumbnailUrl":"https:\/\/nitu.mx\/wp-content\/uploads\/2020\/01\/Despegar-Best-Day.jpg","keywords":["Best Day Travel Group","Despegar"],"articleSection":["Agencias de Viajes"],"inLanguage":"es-MX","potentialAction":[{"@type":"CommentAction","name":"Comment","target":["https:\/\/nitu.mx\/index.php\/2020\/04\/28\/despegar-confirma-que-compra-de-best-day-podria-demorarse-o-cancelarse\/#respond"]}]},{"@type":"WebPage","@id":"https:\/\/nitu.mx\/index.php\/2020\/04\/28\/despegar-confirma-que-compra-de-best-day-podria-demorarse-o-cancelarse\/","url":"https:\/\/nitu.mx\/index.php\/2020\/04\/28\/despegar-confirma-que-compra-de-best-day-podria-demorarse-o-cancelarse\/","name":"Podr\u00eda demorarse o cancelarse compra de Best Day por parte de Despegar - Nitu - Noticias de la Industria Turistica","isPartOf":{"@id":"https:\/\/nitu.mx\/#website"},"primaryImageOfPage":{"@id":"https:\/\/nitu.mx\/index.php\/2020\/04\/28\/despegar-confirma-que-compra-de-best-day-podria-demorarse-o-cancelarse\/#primaryimage"},"image":{"@id":"https:\/\/nitu.mx\/index.php\/2020\/04\/28\/despegar-confirma-que-compra-de-best-day-podria-demorarse-o-cancelarse\/#primaryimage"},"thumbnailUrl":"https:\/\/nitu.mx\/wp-content\/uploads\/2020\/01\/Despegar-Best-Day.jpg","datePublished":"2020-04-28T17:34:09+00:00","dateModified":"2020-04-28T18:03:46+00:00","breadcrumb":{"@id":"https:\/\/nitu.mx\/index.php\/2020\/04\/28\/despegar-confirma-que-compra-de-best-day-podria-demorarse-o-cancelarse\/#breadcrumb"},"inLanguage":"es-MX","potentialAction":[{"@type":"ReadAction","target":["https:\/\/nitu.mx\/index.php\/2020\/04\/28\/despegar-confirma-que-compra-de-best-day-podria-demorarse-o-cancelarse\/"]}]},{"@type":"ImageObject","inLanguage":"es-MX","@id":"https:\/\/nitu.mx\/index.php\/2020\/04\/28\/despegar-confirma-que-compra-de-best-day-podria-demorarse-o-cancelarse\/#primaryimage","url":"https:\/\/nitu.mx\/wp-content\/uploads\/2020\/01\/Despegar-Best-Day.jpg","contentUrl":"https:\/\/nitu.mx\/wp-content\/uploads\/2020\/01\/Despegar-Best-Day.jpg","width":850,"height":480,"caption":"Despegar"},{"@type":"BreadcrumbList","@id":"https:\/\/nitu.mx\/index.php\/2020\/04\/28\/despegar-confirma-que-compra-de-best-day-podria-demorarse-o-cancelarse\/#breadcrumb","itemListElement":[{"@type":"ListItem","position":1,"name":"Inicio","item":"https:\/\/nitu.mx\/"},{"@type":"ListItem","position":2,"name":"Podr\u00eda demorarse o cancelarse compra de Best Day por parte de Despegar"}]},{"@type":"WebSite","@id":"https:\/\/nitu.mx\/#website","url":"https:\/\/nitu.mx\/","name":"Nitu - Noticias de la Industria Turistica","description":"Noticias de la Industria Turistica","publisher":{"@id":"https:\/\/nitu.mx\/#\/schema\/person\/ae7a53426417292d3dd07b45a33e01bc"},"alternateName":"Noticias de la Industria Turistica","potentialAction":[{"@type":"SearchAction","target":{"@type":"EntryPoint","urlTemplate":"https:\/\/nitu.mx\/?s={search_term_string}"},"query-input":"required name=search_term_string"}],"inLanguage":"es-MX"},{"@type":["Person","Organization"],"@id":"https:\/\/nitu.mx\/#\/schema\/person\/ae7a53426417292d3dd07b45a33e01bc","name":"Arturo Medina","image":{"@type":"ImageObject","inLanguage":"es-MX","@id":"https:\/\/nitu.mx\/#\/schema\/person\/image\/","url":"https:\/\/nitu.mx\/wp-content\/uploads\/2024\/04\/4A315622-1904-4D5C-B022-878CDC840E04-90x90-1.jpeg","contentUrl":"https:\/\/nitu.mx\/wp-content\/uploads\/2024\/04\/4A315622-1904-4D5C-B022-878CDC840E04-90x90-1.jpeg","width":90,"height":90,"caption":"Arturo Medina"},"logo":{"@id":"https:\/\/nitu.mx\/#\/schema\/person\/image\/"},"description":"Director NITU.mx, Egresado de la Escuela de Periodismo Carlos Septi\u00e9n Garc\u00eda. Periodista y analista especializado en turismo desde hace 35 a\u00f1os, radicado en Canc\u00fan Q.Roo. arturo@nitu.mx","sameAs":["https:\/\/nitu.mx","https:\/\/www.facebook.com\/NITUmx\/","medinacancun","https:\/\/twitter.com\/@Arturo_Medina_G"]},{"@type":"Person","@id":"https:\/\/nitu.mx\/#\/schema\/person\/3df3082b5e46037e3f13614d28ee0b77","name":"Guadalupe Sixto","image":{"@type":"ImageObject","inLanguage":"es-MX","@id":"https:\/\/nitu.mx\/#\/schema\/person\/image\/","url":"https:\/\/secure.gravatar.com\/avatar\/13914e1b0e1919e91f9539de4dc584c4?s=96&d=mm&r=g","contentUrl":"https:\/\/secure.gravatar.com\/avatar\/13914e1b0e1919e91f9539de4dc584c4?s=96&d=mm&r=g","caption":"Guadalupe Sixto"},"url":"https:\/\/nitu.mx\/index.php\/author\/gsixto\/"}]}},"views":341,"_links":{"self":[{"href":"https:\/\/nitu.mx\/index.php\/wp-json\/wp\/v2\/posts\/42100"}],"collection":[{"href":"https:\/\/nitu.mx\/index.php\/wp-json\/wp\/v2\/posts"}],"about":[{"href":"https:\/\/nitu.mx\/index.php\/wp-json\/wp\/v2\/types\/post"}],"author":[{"embeddable":true,"href":"https:\/\/nitu.mx\/index.php\/wp-json\/wp\/v2\/users\/18"}],"replies":[{"embeddable":true,"href":"https:\/\/nitu.mx\/index.php\/wp-json\/wp\/v2\/comments?post=42100"}],"version-history":[{"count":5,"href":"https:\/\/nitu.mx\/index.php\/wp-json\/wp\/v2\/posts\/42100\/revisions"}],"predecessor-version":[{"id":42106,"href":"https:\/\/nitu.mx\/index.php\/wp-json\/wp\/v2\/posts\/42100\/revisions\/42106"}],"wp:featuredmedia":[{"embeddable":true,"href":"https:\/\/nitu.mx\/index.php\/wp-json\/wp\/v2\/media\/39473"}],"wp:attachment":[{"href":"https:\/\/nitu.mx\/index.php\/wp-json\/wp\/v2\/media?parent=42100"}],"wp:term":[{"taxonomy":"category","embeddable":true,"href":"https:\/\/nitu.mx\/index.php\/wp-json\/wp\/v2\/categories?post=42100"},{"taxonomy":"post_tag","embeddable":true,"href":"https:\/\/nitu.mx\/index.php\/wp-json\/wp\/v2\/tags?post=42100"}],"curies":[{"name":"wp","href":"https:\/\/api.w.org\/{rel}","templated":true}]}}