{"id":42021,"date":"2020-04-24T00:03:26","date_gmt":"2020-04-24T05:03:26","guid":{"rendered":"https:\/\/www.dev.nitu.mx\/?p=42021"},"modified":"2020-04-24T00:36:51","modified_gmt":"2020-04-24T05:36:51","slug":"sectur-y-profeco-recomiendan-a-prestadores-de-servicios-turisticos-implementar-politicas-flexibles","status":"publish","type":"post","link":"https:\/\/nitu.mx\/index.php\/2020\/04\/24\/sectur-y-profeco-recomiendan-a-prestadores-de-servicios-turisticos-implementar-politicas-flexibles\/","title":{"rendered":"Sectur y Profeco recomiendan a prestadores de servicios tur\u00edsticos implementar pol\u00edticas flexibles"},"content":{"rendered":"\n<p>La Secretar\u00eda de Turismo del Gobierno de M\u00e9xico (Sectur) y la Procuradur\u00eda Federal del Consumidor (Profeco) informan a todos los prestadores de servicios tur\u00edsticos que est\u00e1n a su disposici\u00f3n los mecanismos de soluci\u00f3n de controversias a distancia denominados Concilianet y Conciliaexpr\u00e9s.<\/p>\n\n\n\n<p>En atenci\u00f3n a la petici\u00f3n de la Profeco, la Secretar\u00eda de Turismo federal da a conocer a los prestadores de servicios tur\u00edsticos que est\u00e1n invitados a participar de estos mecanismos en caso de requerir solucionar alguna controversia.<\/p>\n\n\n\n<p>Profeco precis\u00f3 que, en materia de Turismo, algunos proveedores, como las l\u00edneas a\u00e9reas comerciales que operan en M\u00e9xico, han aplicado desde el inicio de la contingencia del Covid-19, diversas medidas de flexibilidad para aquellos pasajeros cuyos vuelos han sido afectados o bien, decidan cancelar o modificar la fecha de su viaje.<\/p>\n\n\n\n<p>Sin embargo, explica que no obstante, ha advertido con motivo de algunas reclamaciones recibidas que, cuando el consumidor adquiri\u00f3 sus vuelos o realiz\u00f3 la contrataci\u00f3n de otros servicios tur\u00edsticos, como hoteles, a trav\u00e9s de una agencia de viajes, \u00e9sta penaliza a los consumidores, les aplica diversos cargos o cambia algunas condiciones, aun cuando el proveedor principal ofrece pol\u00edticas flexibles para cambios, cancelaciones o reintegros, tomando en cuenta que la responsabilidad en la contingencia sanitaria es ajena a ambas partes. (<a href=\"https:\/\/www.dev.nitu.mx\/index.php\/2020\/04\/08\/sectur-presenta-estrategia-digital-para-contener-crisis-del-sector-turistico\/\">Sectur presenta estrategia digital para contener crisis del sector tur\u00edstico<\/a>).<\/p>\n\n\n\n<p>Por tanto, Sectur y Profeco recomiendan sean contempladas pol\u00edticas de flexibilidad durante la emergencia sanitaria, y se eviten m\u00e9todos y pr\u00e1cticas comerciales que afecten a la poblaci\u00f3n consumidora.<\/p>\n","protected":false},"excerpt":{"rendered":"<p>La Secretar\u00eda de Turismo del Gobierno de M\u00e9xico (Sectur) y la Procuradur\u00eda Federal del Consumidor (Profeco) informan a todos los prestadores de servicios tur\u00edsticos que est\u00e1n a su disposici\u00f3n los mecanismos de soluci\u00f3n de controversias a distancia denominados Concilianet y Conciliaexpr\u00e9s. En atenci\u00f3n a la petici\u00f3n de la Profeco, la Secretar\u00eda de Turismo federal da [&hellip;]<\/p>\n","protected":false},"author":17,"featured_media":15340,"comment_status":"open","ping_status":"open","sticky":false,"template":"","format":"standard","meta":{"footnotes":""},"categories":[5,6],"tags":[18906,1238,31],"yoast_head":"<!-- This site is optimized with the Yoast SEO plugin v22.2 - https:\/\/yoast.com\/wordpress\/plugins\/seo\/ -->\n<title>Sectur y Profeco recomiendan a prestadores de servicios tur\u00edsticos implementar pol\u00edticas flexibles - Nitu - Noticias de la Industria Turistica<\/title>\n<meta name=\"robots\" content=\"index, follow, max-snippet:-1, max-image-preview:large, max-video-preview:-1\" \/>\n<link rel=\"canonical\" href=\"https:\/\/nitu.mx\/index.php\/2020\/04\/24\/sectur-y-profeco-recomiendan-a-prestadores-de-servicios-turisticos-implementar-politicas-flexibles\/\" \/>\n<meta name=\"twitter:card\" content=\"summary_large_image\" \/>\n<meta name=\"twitter:title\" content=\"Sectur y Profeco recomiendan a prestadores de servicios tur\u00edsticos implementar pol\u00edticas flexibles - Nitu - Noticias de la Industria Turistica\" \/>\n<meta name=\"twitter:description\" content=\"La Secretar\u00eda de Turismo del Gobierno de M\u00e9xico (Sectur) y la Procuradur\u00eda Federal del Consumidor (Profeco) informan a todos los prestadores de servicios tur\u00edsticos que est\u00e1n a su disposici\u00f3n los mecanismos de soluci\u00f3n de controversias a distancia denominados Concilianet y Conciliaexpr\u00e9s. En atenci\u00f3n a la petici\u00f3n de la Profeco, la Secretar\u00eda de Turismo federal da [&hellip;]\" \/>\n<meta name=\"twitter:image\" content=\"https:\/\/nitu.mx\/wp-content\/uploads\/2017\/11\/profeco-aicm.jpg\" \/>\n<meta name=\"twitter:creator\" content=\"@NITUmx\" \/>\n<meta name=\"twitter:site\" content=\"@Arturo_Medina_G\" \/>\n<meta name=\"twitter:label1\" content=\"Escrito por\" \/>\n\t<meta name=\"twitter:data1\" content=\"Redacci\u00f3n\" \/>\n\t<meta name=\"twitter:label2\" content=\"Tiempo de lectura\" \/>\n\t<meta name=\"twitter:data2\" content=\"1 minuto\" \/>\n<script type=\"application\/ld+json\" class=\"yoast-schema-graph\">{\"@context\":\"https:\/\/schema.org\",\"@graph\":[{\"@type\":\"Article\",\"@id\":\"https:\/\/nitu.mx\/index.php\/2020\/04\/24\/sectur-y-profeco-recomiendan-a-prestadores-de-servicios-turisticos-implementar-politicas-flexibles\/#article\",\"isPartOf\":{\"@id\":\"https:\/\/nitu.mx\/index.php\/2020\/04\/24\/sectur-y-profeco-recomiendan-a-prestadores-de-servicios-turisticos-implementar-politicas-flexibles\/\"},\"author\":{\"name\":\"Redacci\u00f3n\",\"@id\":\"https:\/\/nitu.mx\/#\/schema\/person\/4a28fe9bd65924f7c90623773daf1b0b\"},\"headline\":\"Sectur y Profeco recomiendan a prestadores de servicios tur\u00edsticos implementar pol\u00edticas flexibles\",\"datePublished\":\"2020-04-24T05:03:26+00:00\",\"dateModified\":\"2020-04-24T05:36:51+00:00\",\"mainEntityOfPage\":{\"@id\":\"https:\/\/nitu.mx\/index.php\/2020\/04\/24\/sectur-y-profeco-recomiendan-a-prestadores-de-servicios-turisticos-implementar-politicas-flexibles\/\"},\"wordCount\":285,\"commentCount\":0,\"publisher\":{\"@id\":\"https:\/\/nitu.mx\/#\/schema\/person\/ae7a53426417292d3dd07b45a33e01bc\"},\"image\":{\"@id\":\"https:\/\/nitu.mx\/index.php\/2020\/04\/24\/sectur-y-profeco-recomiendan-a-prestadores-de-servicios-turisticos-implementar-politicas-flexibles\/#primaryimage\"},\"thumbnailUrl\":\"https:\/\/nitu.mx\/wp-content\/uploads\/2017\/11\/profeco-aicm.jpg\",\"keywords\":[\"Covid-19\",\"Miguel Torruco Marqu\u00e9s\",\"Profeco\"],\"articleSection\":[\"Destinos\",\"M\u00e9xico\"],\"inLanguage\":\"es-MX\",\"potentialAction\":[{\"@type\":\"CommentAction\",\"name\":\"Comment\",\"target\":[\"https:\/\/nitu.mx\/index.php\/2020\/04\/24\/sectur-y-profeco-recomiendan-a-prestadores-de-servicios-turisticos-implementar-politicas-flexibles\/#respond\"]}]},{\"@type\":\"WebPage\",\"@id\":\"https:\/\/nitu.mx\/index.php\/2020\/04\/24\/sectur-y-profeco-recomiendan-a-prestadores-de-servicios-turisticos-implementar-politicas-flexibles\/\",\"url\":\"https:\/\/nitu.mx\/index.php\/2020\/04\/24\/sectur-y-profeco-recomiendan-a-prestadores-de-servicios-turisticos-implementar-politicas-flexibles\/\",\"name\":\"Sectur y Profeco recomiendan a prestadores de servicios tur\u00edsticos implementar pol\u00edticas flexibles - Nitu - Noticias de la Industria Turistica\",\"isPartOf\":{\"@id\":\"https:\/\/nitu.mx\/#website\"},\"primaryImageOfPage\":{\"@id\":\"https:\/\/nitu.mx\/index.php\/2020\/04\/24\/sectur-y-profeco-recomiendan-a-prestadores-de-servicios-turisticos-implementar-politicas-flexibles\/#primaryimage\"},\"image\":{\"@id\":\"https:\/\/nitu.mx\/index.php\/2020\/04\/24\/sectur-y-profeco-recomiendan-a-prestadores-de-servicios-turisticos-implementar-politicas-flexibles\/#primaryimage\"},\"thumbnailUrl\":\"https:\/\/nitu.mx\/wp-content\/uploads\/2017\/11\/profeco-aicm.jpg\",\"datePublished\":\"2020-04-24T05:03:26+00:00\",\"dateModified\":\"2020-04-24T05:36:51+00:00\",\"breadcrumb\":{\"@id\":\"https:\/\/nitu.mx\/index.php\/2020\/04\/24\/sectur-y-profeco-recomiendan-a-prestadores-de-servicios-turisticos-implementar-politicas-flexibles\/#breadcrumb\"},\"inLanguage\":\"es-MX\",\"potentialAction\":[{\"@type\":\"ReadAction\",\"target\":[\"https:\/\/nitu.mx\/index.php\/2020\/04\/24\/sectur-y-profeco-recomiendan-a-prestadores-de-servicios-turisticos-implementar-politicas-flexibles\/\"]}]},{\"@type\":\"ImageObject\",\"inLanguage\":\"es-MX\",\"@id\":\"https:\/\/nitu.mx\/index.php\/2020\/04\/24\/sectur-y-profeco-recomiendan-a-prestadores-de-servicios-turisticos-implementar-politicas-flexibles\/#primaryimage\",\"url\":\"https:\/\/nitu.mx\/wp-content\/uploads\/2017\/11\/profeco-aicm.jpg\",\"contentUrl\":\"https:\/\/nitu.mx\/wp-content\/uploads\/2017\/11\/profeco-aicm.jpg\",\"width\":850,\"height\":480,\"caption\":\"profeco aicm\"},{\"@type\":\"BreadcrumbList\",\"@id\":\"https:\/\/nitu.mx\/index.php\/2020\/04\/24\/sectur-y-profeco-recomiendan-a-prestadores-de-servicios-turisticos-implementar-politicas-flexibles\/#breadcrumb\",\"itemListElement\":[{\"@type\":\"ListItem\",\"position\":1,\"name\":\"Inicio\",\"item\":\"https:\/\/nitu.mx\/\"},{\"@type\":\"ListItem\",\"position\":2,\"name\":\"Sectur y Profeco recomiendan a prestadores de servicios tur\u00edsticos implementar pol\u00edticas flexibles\"}]},{\"@type\":\"WebSite\",\"@id\":\"https:\/\/nitu.mx\/#website\",\"url\":\"https:\/\/nitu.mx\/\",\"name\":\"Nitu - Noticias de la Industria Turistica\",\"description\":\"Noticias de la Industria Turistica\",\"publisher\":{\"@id\":\"https:\/\/nitu.mx\/#\/schema\/person\/ae7a53426417292d3dd07b45a33e01bc\"},\"alternateName\":\"Noticias de la Industria Turistica\",\"potentialAction\":[{\"@type\":\"SearchAction\",\"target\":{\"@type\":\"EntryPoint\",\"urlTemplate\":\"https:\/\/nitu.mx\/?s={search_term_string}\"},\"query-input\":\"required name=search_term_string\"}],\"inLanguage\":\"es-MX\"},{\"@type\":[\"Person\",\"Organization\"],\"@id\":\"https:\/\/nitu.mx\/#\/schema\/person\/ae7a53426417292d3dd07b45a33e01bc\",\"name\":\"Arturo Medina\",\"image\":{\"@type\":\"ImageObject\",\"inLanguage\":\"es-MX\",\"@id\":\"https:\/\/nitu.mx\/#\/schema\/person\/image\/\",\"url\":\"https:\/\/nitu.mx\/wp-content\/uploads\/2024\/04\/4A315622-1904-4D5C-B022-878CDC840E04-90x90-1.jpeg\",\"contentUrl\":\"https:\/\/nitu.mx\/wp-content\/uploads\/2024\/04\/4A315622-1904-4D5C-B022-878CDC840E04-90x90-1.jpeg\",\"width\":90,\"height\":90,\"caption\":\"Arturo Medina\"},\"logo\":{\"@id\":\"https:\/\/nitu.mx\/#\/schema\/person\/image\/\"},\"description\":\"Director NITU.mx, Egresado de la Escuela de Periodismo Carlos Septi\u00e9n Garc\u00eda. Periodista y analista especializado en turismo desde hace 35 a\u00f1os, radicado en Canc\u00fan Q.Roo. arturo@nitu.mx\",\"sameAs\":[\"https:\/\/nitu.mx\",\"https:\/\/www.facebook.com\/NITUmx\/\",\"medinacancun\",\"https:\/\/twitter.com\/@Arturo_Medina_G\"]},{\"@type\":\"Person\",\"@id\":\"https:\/\/nitu.mx\/#\/schema\/person\/4a28fe9bd65924f7c90623773daf1b0b\",\"name\":\"Redacci\u00f3n\",\"image\":{\"@type\":\"ImageObject\",\"inLanguage\":\"es-MX\",\"@id\":\"https:\/\/nitu.mx\/#\/schema\/person\/image\/\",\"url\":\"https:\/\/secure.gravatar.com\/avatar\/5dd011c8ccfc5cd7e4c81e42252aab38?s=96&d=mm&r=g\",\"contentUrl\":\"https:\/\/secure.gravatar.com\/avatar\/5dd011c8ccfc5cd7e4c81e42252aab38?s=96&d=mm&r=g\",\"caption\":\"Redacci\u00f3n\"},\"url\":\"https:\/\/nitu.mx\/index.php\/author\/redaccion\/\"}]}<\/script>\n<!-- \/ Yoast SEO plugin. -->","yoast_head_json":{"title":"Sectur y Profeco recomiendan a prestadores de servicios tur\u00edsticos implementar pol\u00edticas flexibles - Nitu - Noticias de la Industria Turistica","robots":{"index":"index","follow":"follow","max-snippet":"max-snippet:-1","max-image-preview":"max-image-preview:large","max-video-preview":"max-video-preview:-1"},"canonical":"https:\/\/nitu.mx\/index.php\/2020\/04\/24\/sectur-y-profeco-recomiendan-a-prestadores-de-servicios-turisticos-implementar-politicas-flexibles\/","twitter_card":"summary_large_image","twitter_title":"Sectur y Profeco recomiendan a prestadores de servicios tur\u00edsticos implementar pol\u00edticas flexibles - Nitu - Noticias de la Industria Turistica","twitter_description":"La Secretar\u00eda de Turismo del Gobierno de M\u00e9xico (Sectur) y la Procuradur\u00eda Federal del Consumidor (Profeco) informan a todos los prestadores de servicios tur\u00edsticos que est\u00e1n a su disposici\u00f3n los mecanismos de soluci\u00f3n de controversias a distancia denominados Concilianet y Conciliaexpr\u00e9s. En atenci\u00f3n a la petici\u00f3n de la Profeco, la Secretar\u00eda de Turismo federal da [&hellip;]","twitter_image":"https:\/\/nitu.mx\/wp-content\/uploads\/2017\/11\/profeco-aicm.jpg","twitter_creator":"@NITUmx","twitter_site":"@Arturo_Medina_G","twitter_misc":{"Escrito por":"Redacci\u00f3n","Tiempo de lectura":"1 minuto"},"schema":{"@context":"https:\/\/schema.org","@graph":[{"@type":"Article","@id":"https:\/\/nitu.mx\/index.php\/2020\/04\/24\/sectur-y-profeco-recomiendan-a-prestadores-de-servicios-turisticos-implementar-politicas-flexibles\/#article","isPartOf":{"@id":"https:\/\/nitu.mx\/index.php\/2020\/04\/24\/sectur-y-profeco-recomiendan-a-prestadores-de-servicios-turisticos-implementar-politicas-flexibles\/"},"author":{"name":"Redacci\u00f3n","@id":"https:\/\/nitu.mx\/#\/schema\/person\/4a28fe9bd65924f7c90623773daf1b0b"},"headline":"Sectur y Profeco recomiendan a prestadores de servicios tur\u00edsticos implementar pol\u00edticas flexibles","datePublished":"2020-04-24T05:03:26+00:00","dateModified":"2020-04-24T05:36:51+00:00","mainEntityOfPage":{"@id":"https:\/\/nitu.mx\/index.php\/2020\/04\/24\/sectur-y-profeco-recomiendan-a-prestadores-de-servicios-turisticos-implementar-politicas-flexibles\/"},"wordCount":285,"commentCount":0,"publisher":{"@id":"https:\/\/nitu.mx\/#\/schema\/person\/ae7a53426417292d3dd07b45a33e01bc"},"image":{"@id":"https:\/\/nitu.mx\/index.php\/2020\/04\/24\/sectur-y-profeco-recomiendan-a-prestadores-de-servicios-turisticos-implementar-politicas-flexibles\/#primaryimage"},"thumbnailUrl":"https:\/\/nitu.mx\/wp-content\/uploads\/2017\/11\/profeco-aicm.jpg","keywords":["Covid-19","Miguel Torruco Marqu\u00e9s","Profeco"],"articleSection":["Destinos","M\u00e9xico"],"inLanguage":"es-MX","potentialAction":[{"@type":"CommentAction","name":"Comment","target":["https:\/\/nitu.mx\/index.php\/2020\/04\/24\/sectur-y-profeco-recomiendan-a-prestadores-de-servicios-turisticos-implementar-politicas-flexibles\/#respond"]}]},{"@type":"WebPage","@id":"https:\/\/nitu.mx\/index.php\/2020\/04\/24\/sectur-y-profeco-recomiendan-a-prestadores-de-servicios-turisticos-implementar-politicas-flexibles\/","url":"https:\/\/nitu.mx\/index.php\/2020\/04\/24\/sectur-y-profeco-recomiendan-a-prestadores-de-servicios-turisticos-implementar-politicas-flexibles\/","name":"Sectur y Profeco recomiendan a prestadores de servicios tur\u00edsticos implementar pol\u00edticas flexibles - Nitu - Noticias de la Industria Turistica","isPartOf":{"@id":"https:\/\/nitu.mx\/#website"},"primaryImageOfPage":{"@id":"https:\/\/nitu.mx\/index.php\/2020\/04\/24\/sectur-y-profeco-recomiendan-a-prestadores-de-servicios-turisticos-implementar-politicas-flexibles\/#primaryimage"},"image":{"@id":"https:\/\/nitu.mx\/index.php\/2020\/04\/24\/sectur-y-profeco-recomiendan-a-prestadores-de-servicios-turisticos-implementar-politicas-flexibles\/#primaryimage"},"thumbnailUrl":"https:\/\/nitu.mx\/wp-content\/uploads\/2017\/11\/profeco-aicm.jpg","datePublished":"2020-04-24T05:03:26+00:00","dateModified":"2020-04-24T05:36:51+00:00","breadcrumb":{"@id":"https:\/\/nitu.mx\/index.php\/2020\/04\/24\/sectur-y-profeco-recomiendan-a-prestadores-de-servicios-turisticos-implementar-politicas-flexibles\/#breadcrumb"},"inLanguage":"es-MX","potentialAction":[{"@type":"ReadAction","target":["https:\/\/nitu.mx\/index.php\/2020\/04\/24\/sectur-y-profeco-recomiendan-a-prestadores-de-servicios-turisticos-implementar-politicas-flexibles\/"]}]},{"@type":"ImageObject","inLanguage":"es-MX","@id":"https:\/\/nitu.mx\/index.php\/2020\/04\/24\/sectur-y-profeco-recomiendan-a-prestadores-de-servicios-turisticos-implementar-politicas-flexibles\/#primaryimage","url":"https:\/\/nitu.mx\/wp-content\/uploads\/2017\/11\/profeco-aicm.jpg","contentUrl":"https:\/\/nitu.mx\/wp-content\/uploads\/2017\/11\/profeco-aicm.jpg","width":850,"height":480,"caption":"profeco aicm"},{"@type":"BreadcrumbList","@id":"https:\/\/nitu.mx\/index.php\/2020\/04\/24\/sectur-y-profeco-recomiendan-a-prestadores-de-servicios-turisticos-implementar-politicas-flexibles\/#breadcrumb","itemListElement":[{"@type":"ListItem","position":1,"name":"Inicio","item":"https:\/\/nitu.mx\/"},{"@type":"ListItem","position":2,"name":"Sectur y Profeco recomiendan a prestadores de servicios tur\u00edsticos implementar pol\u00edticas flexibles"}]},{"@type":"WebSite","@id":"https:\/\/nitu.mx\/#website","url":"https:\/\/nitu.mx\/","name":"Nitu - Noticias de la Industria Turistica","description":"Noticias de la Industria Turistica","publisher":{"@id":"https:\/\/nitu.mx\/#\/schema\/person\/ae7a53426417292d3dd07b45a33e01bc"},"alternateName":"Noticias de la Industria Turistica","potentialAction":[{"@type":"SearchAction","target":{"@type":"EntryPoint","urlTemplate":"https:\/\/nitu.mx\/?s={search_term_string}"},"query-input":"required name=search_term_string"}],"inLanguage":"es-MX"},{"@type":["Person","Organization"],"@id":"https:\/\/nitu.mx\/#\/schema\/person\/ae7a53426417292d3dd07b45a33e01bc","name":"Arturo Medina","image":{"@type":"ImageObject","inLanguage":"es-MX","@id":"https:\/\/nitu.mx\/#\/schema\/person\/image\/","url":"https:\/\/nitu.mx\/wp-content\/uploads\/2024\/04\/4A315622-1904-4D5C-B022-878CDC840E04-90x90-1.jpeg","contentUrl":"https:\/\/nitu.mx\/wp-content\/uploads\/2024\/04\/4A315622-1904-4D5C-B022-878CDC840E04-90x90-1.jpeg","width":90,"height":90,"caption":"Arturo Medina"},"logo":{"@id":"https:\/\/nitu.mx\/#\/schema\/person\/image\/"},"description":"Director NITU.mx, Egresado de la Escuela de Periodismo Carlos Septi\u00e9n Garc\u00eda. Periodista y analista especializado en turismo desde hace 35 a\u00f1os, radicado en Canc\u00fan Q.Roo. arturo@nitu.mx","sameAs":["https:\/\/nitu.mx","https:\/\/www.facebook.com\/NITUmx\/","medinacancun","https:\/\/twitter.com\/@Arturo_Medina_G"]},{"@type":"Person","@id":"https:\/\/nitu.mx\/#\/schema\/person\/4a28fe9bd65924f7c90623773daf1b0b","name":"Redacci\u00f3n","image":{"@type":"ImageObject","inLanguage":"es-MX","@id":"https:\/\/nitu.mx\/#\/schema\/person\/image\/","url":"https:\/\/secure.gravatar.com\/avatar\/5dd011c8ccfc5cd7e4c81e42252aab38?s=96&d=mm&r=g","contentUrl":"https:\/\/secure.gravatar.com\/avatar\/5dd011c8ccfc5cd7e4c81e42252aab38?s=96&d=mm&r=g","caption":"Redacci\u00f3n"},"url":"https:\/\/nitu.mx\/index.php\/author\/redaccion\/"}]}},"views":918,"_links":{"self":[{"href":"https:\/\/nitu.mx\/index.php\/wp-json\/wp\/v2\/posts\/42021"}],"collection":[{"href":"https:\/\/nitu.mx\/index.php\/wp-json\/wp\/v2\/posts"}],"about":[{"href":"https:\/\/nitu.mx\/index.php\/wp-json\/wp\/v2\/types\/post"}],"author":[{"embeddable":true,"href":"https:\/\/nitu.mx\/index.php\/wp-json\/wp\/v2\/users\/17"}],"replies":[{"embeddable":true,"href":"https:\/\/nitu.mx\/index.php\/wp-json\/wp\/v2\/comments?post=42021"}],"version-history":[{"count":2,"href":"https:\/\/nitu.mx\/index.php\/wp-json\/wp\/v2\/posts\/42021\/revisions"}],"predecessor-version":[{"id":42024,"href":"https:\/\/nitu.mx\/index.php\/wp-json\/wp\/v2\/posts\/42021\/revisions\/42024"}],"wp:featuredmedia":[{"embeddable":true,"href":"https:\/\/nitu.mx\/index.php\/wp-json\/wp\/v2\/media\/15340"}],"wp:attachment":[{"href":"https:\/\/nitu.mx\/index.php\/wp-json\/wp\/v2\/media?parent=42021"}],"wp:term":[{"taxonomy":"category","embeddable":true,"href":"https:\/\/nitu.mx\/index.php\/wp-json\/wp\/v2\/categories?post=42021"},{"taxonomy":"post_tag","embeddable":true,"href":"https:\/\/nitu.mx\/index.php\/wp-json\/wp\/v2\/tags?post=42021"}],"curies":[{"name":"wp","href":"https:\/\/api.w.org\/{rel}","templated":true}]}}