{"id":41996,"date":"2020-04-23T00:36:08","date_gmt":"2020-04-23T05:36:08","guid":{"rendered":"https:\/\/www.dev.nitu.mx\/?p=41996"},"modified":"2020-04-23T00:39:33","modified_gmt":"2020-04-23T05:39:33","slug":"el-mar-de-acapulco-se-vuelve-bioluminiscente","status":"publish","type":"post","link":"https:\/\/nitu.mx\/index.php\/2020\/04\/23\/el-mar-de-acapulco-se-vuelve-bioluminiscente\/","title":{"rendered":"El mar de Acapulco se vuelve bioluminiscente"},"content":{"rendered":"\n<p>En teor\u00eda por la ausencia de la presencia humana, aunque algunos dicen que ya hab\u00eda sucedido, el mar del puerto de Acapulco se ti\u00f1o de azul en un fen\u00f3meno pocas veces visto de bioluminiscencia.<\/p>\n\n\n\n<figure class=\"wp-block-embed-twitter wp-block-embed is-type-rich is-provider-twitter\"><div class=\"wp-block-embed__wrapper\">\n<blockquote class=\"twitter-tweet\" data-width=\"550\" data-dnt=\"true\"><p lang=\"es\" dir=\"ltr\">Hace unos d\u00edas en Acapulco se vio fen\u00f3meno de bioluminiscencia como desde hace 60 a\u00f1os no se ve\u00eda.<br><br>Es momento de reflexionar, la naturaleza nos est\u00e1 dando otra oportunidad. <a href=\"https:\/\/t.co\/cZ890oAWHt\">pic.twitter.com\/cZ890oAWHt<\/a><\/p>&mdash; C\u2095\u2090\u1d63\u1d63\u2092 \ud83c\udf65\ud83e\uddad (@EdberdMolina) <a href=\"https:\/\/twitter.com\/EdberdMolina\/status\/1252770560360103936?ref_src=twsrc%5Etfw\">April 22, 2020<\/a><\/blockquote><script async src=\"https:\/\/platform.twitter.com\/widgets.js\" charset=\"utf-8\"><\/script>\n<\/div><\/figure>\n\n\n\n<p>Las aguas de Puerto Marqu\u00e9s fueron el escenario de este tan pocas veces visto suceso.<\/p>\n\n\n\n<p>Se trata de un fen\u00f3meno que recibe el nombre de bioluminiscencia y se debe a una reacci\u00f3n bioqu\u00edmica de un organismo, en este caso microalgas o plancton luminoso, que emiten luz con el movimiento.<\/p>\n\n\n\n<p>Algunos medios locales reportaron que hac\u00eda seis d\u00e9cadas que esto no se observaba en la zona.\u00a0(<a href=\"https:\/\/www.dev.nitu.mx\/index.php\/2019\/12\/25\/acapulco-cuenta-con-las-3-playas-mas-contaminadas-de-mexico-cofepris\/\">Acapulco cuenta con las 3 playas m\u00e1s contaminadas de M\u00e9xico: Cofepris<\/a>).<\/p>\n\n\n\n<figure class=\"wp-block-embed-twitter wp-block-embed is-type-rich is-provider-twitter\"><div class=\"wp-block-embed__wrapper\">\nhttps:\/\/twitter.com\/marianalvarezac\/status\/1252480199356305409?s=20\n<\/div><\/figure>\n\n\n\n<p>La bioluminiscencia es el proceso a trav\u00e9s del cual los organismos vivos producen luz, la cual es el resultado de una reacci\u00f3n bioqu\u00edmica en la que com\u00fanmente interviene una enzima llamada luciferasa.<\/p>\n\n\n\n<p>Si este fen\u00f3meno se captara en Holbox en Quintana Roo, no dejar\u00eda de ser fant\u00e1stico y un regalo de la naturaleza, pero es algo que sucede muy frecuentemente en el Caribe Mexicano, y uno de los atractivos en verano de este rinc\u00f3n de Quintana Roo.<\/p>\n\n\n\n<figure class=\"wp-block-embed-twitter wp-block-embed is-type-rich is-provider-twitter\"><div class=\"wp-block-embed__wrapper\">\n<blockquote class=\"twitter-tweet\" data-width=\"550\" data-dnt=\"true\"><p lang=\"es\" dir=\"ltr\"><a href=\"https:\/\/twitter.com\/hashtag\/HiperVital?src=hash&amp;ref_src=twsrc%5Etfw\">#HiperVital<\/a> Bioluminiscencia en <a href=\"https:\/\/twitter.com\/hashtag\/Holbox?src=hash&amp;ref_src=twsrc%5Etfw\">#Holbox<\/a> \u00bfLa has visto? Con\u00f3cela aqu\u00ed: <a href=\"https:\/\/t.co\/Z6GIUD4XZ5\">https:\/\/t.co\/Z6GIUD4XZ5<\/a> <a href=\"https:\/\/twitter.com\/sedetur?ref_src=twsrc%5Etfw\">@sedetur<\/a> <a href=\"https:\/\/twitter.com\/hashtag\/turismo?src=hash&amp;ref_src=twsrc%5Etfw\">#turismo<\/a> <a href=\"https:\/\/t.co\/1voJ2jJybR\">pic.twitter.com\/1voJ2jJybR<\/a><\/p>&mdash; Hiper Vital (@hiper_vital) <a href=\"https:\/\/twitter.com\/hiper_vital\/status\/775719843504988160?ref_src=twsrc%5Etfw\">September 13, 2016<\/a><\/blockquote><script async src=\"https:\/\/platform.twitter.com\/widgets.js\" charset=\"utf-8\"><\/script>\n<\/div><\/figure>\n","protected":false},"excerpt":{"rendered":"<p>En teor\u00eda por la ausencia de la presencia humana, aunque algunos dicen que ya hab\u00eda sucedido, el mar del puerto de Acapulco se ti\u00f1o de azul en un fen\u00f3meno pocas veces visto de bioluminiscencia. Las aguas de Puerto Marqu\u00e9s fueron el escenario de este tan pocas veces visto suceso. Se trata de un fen\u00f3meno que [&hellip;]<\/p>\n","protected":false},"author":17,"featured_media":41998,"comment_status":"open","ping_status":"open","sticky":false,"template":"","format":"standard","meta":{"footnotes":""},"categories":[5],"tags":[40,1511],"yoast_head":"<!-- This site is optimized with the Yoast SEO plugin v22.2 - https:\/\/yoast.com\/wordpress\/plugins\/seo\/ -->\n<title>El mar de Acapulco se vuelve bioluminiscente - Nitu - Noticias de la Industria Turistica<\/title>\n<meta name=\"robots\" content=\"index, follow, max-snippet:-1, max-image-preview:large, max-video-preview:-1\" \/>\n<link rel=\"canonical\" href=\"https:\/\/nitu.mx\/index.php\/2020\/04\/23\/el-mar-de-acapulco-se-vuelve-bioluminiscente\/\" \/>\n<meta name=\"twitter:card\" content=\"summary_large_image\" \/>\n<meta name=\"twitter:title\" content=\"El mar de Acapulco se vuelve bioluminiscente - Nitu - Noticias de la Industria Turistica\" \/>\n<meta name=\"twitter:description\" content=\"En teor\u00eda por la ausencia de la presencia humana, aunque algunos dicen que ya hab\u00eda sucedido, el mar del puerto de Acapulco se ti\u00f1o de azul en un fen\u00f3meno pocas veces visto de bioluminiscencia. Las aguas de Puerto Marqu\u00e9s fueron el escenario de este tan pocas veces visto suceso. Se trata de un fen\u00f3meno que [&hellip;]\" \/>\n<meta name=\"twitter:image\" content=\"https:\/\/nitu.mx\/wp-content\/uploads\/2020\/04\/bio.jpeg\" \/>\n<meta name=\"twitter:creator\" content=\"@NITUmx\" \/>\n<meta name=\"twitter:site\" content=\"@Arturo_Medina_G\" \/>\n<meta name=\"twitter:label1\" content=\"Escrito por\" \/>\n\t<meta name=\"twitter:data1\" content=\"Redacci\u00f3n\" \/>\n\t<meta name=\"twitter:label2\" content=\"Tiempo de lectura\" \/>\n\t<meta name=\"twitter:data2\" content=\"1 minuto\" \/>\n<script type=\"application\/ld+json\" class=\"yoast-schema-graph\">{\"@context\":\"https:\/\/schema.org\",\"@graph\":[{\"@type\":\"Article\",\"@id\":\"https:\/\/nitu.mx\/index.php\/2020\/04\/23\/el-mar-de-acapulco-se-vuelve-bioluminiscente\/#article\",\"isPartOf\":{\"@id\":\"https:\/\/nitu.mx\/index.php\/2020\/04\/23\/el-mar-de-acapulco-se-vuelve-bioluminiscente\/\"},\"author\":{\"name\":\"Redacci\u00f3n\",\"@id\":\"https:\/\/nitu.mx\/#\/schema\/person\/4a28fe9bd65924f7c90623773daf1b0b\"},\"headline\":\"El mar de Acapulco se vuelve bioluminiscente\",\"datePublished\":\"2020-04-23T05:36:08+00:00\",\"dateModified\":\"2020-04-23T05:39:33+00:00\",\"mainEntityOfPage\":{\"@id\":\"https:\/\/nitu.mx\/index.php\/2020\/04\/23\/el-mar-de-acapulco-se-vuelve-bioluminiscente\/\"},\"wordCount\":232,\"commentCount\":0,\"publisher\":{\"@id\":\"https:\/\/nitu.mx\/#\/schema\/person\/ae7a53426417292d3dd07b45a33e01bc\"},\"image\":{\"@id\":\"https:\/\/nitu.mx\/index.php\/2020\/04\/23\/el-mar-de-acapulco-se-vuelve-bioluminiscente\/#primaryimage\"},\"thumbnailUrl\":\"https:\/\/nitu.mx\/wp-content\/uploads\/2020\/04\/bio.jpeg\",\"keywords\":[\"Acapulco\",\"Holbox\"],\"articleSection\":[\"Destinos\"],\"inLanguage\":\"es-MX\",\"potentialAction\":[{\"@type\":\"CommentAction\",\"name\":\"Comment\",\"target\":[\"https:\/\/nitu.mx\/index.php\/2020\/04\/23\/el-mar-de-acapulco-se-vuelve-bioluminiscente\/#respond\"]}]},{\"@type\":\"WebPage\",\"@id\":\"https:\/\/nitu.mx\/index.php\/2020\/04\/23\/el-mar-de-acapulco-se-vuelve-bioluminiscente\/\",\"url\":\"https:\/\/nitu.mx\/index.php\/2020\/04\/23\/el-mar-de-acapulco-se-vuelve-bioluminiscente\/\",\"name\":\"El mar de Acapulco se vuelve bioluminiscente - Nitu - Noticias de la Industria Turistica\",\"isPartOf\":{\"@id\":\"https:\/\/nitu.mx\/#website\"},\"primaryImageOfPage\":{\"@id\":\"https:\/\/nitu.mx\/index.php\/2020\/04\/23\/el-mar-de-acapulco-se-vuelve-bioluminiscente\/#primaryimage\"},\"image\":{\"@id\":\"https:\/\/nitu.mx\/index.php\/2020\/04\/23\/el-mar-de-acapulco-se-vuelve-bioluminiscente\/#primaryimage\"},\"thumbnailUrl\":\"https:\/\/nitu.mx\/wp-content\/uploads\/2020\/04\/bio.jpeg\",\"datePublished\":\"2020-04-23T05:36:08+00:00\",\"dateModified\":\"2020-04-23T05:39:33+00:00\",\"breadcrumb\":{\"@id\":\"https:\/\/nitu.mx\/index.php\/2020\/04\/23\/el-mar-de-acapulco-se-vuelve-bioluminiscente\/#breadcrumb\"},\"inLanguage\":\"es-MX\",\"potentialAction\":[{\"@type\":\"ReadAction\",\"target\":[\"https:\/\/nitu.mx\/index.php\/2020\/04\/23\/el-mar-de-acapulco-se-vuelve-bioluminiscente\/\"]}]},{\"@type\":\"ImageObject\",\"inLanguage\":\"es-MX\",\"@id\":\"https:\/\/nitu.mx\/index.php\/2020\/04\/23\/el-mar-de-acapulco-se-vuelve-bioluminiscente\/#primaryimage\",\"url\":\"https:\/\/nitu.mx\/wp-content\/uploads\/2020\/04\/bio.jpeg\",\"contentUrl\":\"https:\/\/nitu.mx\/wp-content\/uploads\/2020\/04\/bio.jpeg\",\"width\":287,\"height\":176},{\"@type\":\"BreadcrumbList\",\"@id\":\"https:\/\/nitu.mx\/index.php\/2020\/04\/23\/el-mar-de-acapulco-se-vuelve-bioluminiscente\/#breadcrumb\",\"itemListElement\":[{\"@type\":\"ListItem\",\"position\":1,\"name\":\"Inicio\",\"item\":\"https:\/\/nitu.mx\/\"},{\"@type\":\"ListItem\",\"position\":2,\"name\":\"El mar de Acapulco se vuelve bioluminiscente\"}]},{\"@type\":\"WebSite\",\"@id\":\"https:\/\/nitu.mx\/#website\",\"url\":\"https:\/\/nitu.mx\/\",\"name\":\"Nitu - Noticias de la Industria Turistica\",\"description\":\"Noticias de la Industria Turistica\",\"publisher\":{\"@id\":\"https:\/\/nitu.mx\/#\/schema\/person\/ae7a53426417292d3dd07b45a33e01bc\"},\"alternateName\":\"Noticias de la Industria Turistica\",\"potentialAction\":[{\"@type\":\"SearchAction\",\"target\":{\"@type\":\"EntryPoint\",\"urlTemplate\":\"https:\/\/nitu.mx\/?s={search_term_string}\"},\"query-input\":\"required name=search_term_string\"}],\"inLanguage\":\"es-MX\"},{\"@type\":[\"Person\",\"Organization\"],\"@id\":\"https:\/\/nitu.mx\/#\/schema\/person\/ae7a53426417292d3dd07b45a33e01bc\",\"name\":\"Arturo Medina\",\"image\":{\"@type\":\"ImageObject\",\"inLanguage\":\"es-MX\",\"@id\":\"https:\/\/nitu.mx\/#\/schema\/person\/image\/\",\"url\":\"https:\/\/nitu.mx\/wp-content\/uploads\/2024\/04\/4A315622-1904-4D5C-B022-878CDC840E04-90x90-1.jpeg\",\"contentUrl\":\"https:\/\/nitu.mx\/wp-content\/uploads\/2024\/04\/4A315622-1904-4D5C-B022-878CDC840E04-90x90-1.jpeg\",\"width\":90,\"height\":90,\"caption\":\"Arturo Medina\"},\"logo\":{\"@id\":\"https:\/\/nitu.mx\/#\/schema\/person\/image\/\"},\"description\":\"Director NITU.mx, Egresado de la Escuela de Periodismo Carlos Septi\u00e9n Garc\u00eda. Periodista y analista especializado en turismo desde hace 35 a\u00f1os, radicado en Canc\u00fan Q.Roo. arturo@nitu.mx\",\"sameAs\":[\"https:\/\/nitu.mx\",\"https:\/\/www.facebook.com\/NITUmx\/\",\"medinacancun\",\"https:\/\/twitter.com\/@Arturo_Medina_G\"]},{\"@type\":\"Person\",\"@id\":\"https:\/\/nitu.mx\/#\/schema\/person\/4a28fe9bd65924f7c90623773daf1b0b\",\"name\":\"Redacci\u00f3n\",\"image\":{\"@type\":\"ImageObject\",\"inLanguage\":\"es-MX\",\"@id\":\"https:\/\/nitu.mx\/#\/schema\/person\/image\/\",\"url\":\"https:\/\/secure.gravatar.com\/avatar\/5dd011c8ccfc5cd7e4c81e42252aab38?s=96&d=mm&r=g\",\"contentUrl\":\"https:\/\/secure.gravatar.com\/avatar\/5dd011c8ccfc5cd7e4c81e42252aab38?s=96&d=mm&r=g\",\"caption\":\"Redacci\u00f3n\"},\"url\":\"https:\/\/nitu.mx\/index.php\/author\/redaccion\/\"}]}<\/script>\n<!-- \/ Yoast SEO plugin. -->","yoast_head_json":{"title":"El mar de Acapulco se vuelve bioluminiscente - Nitu - Noticias de la Industria Turistica","robots":{"index":"index","follow":"follow","max-snippet":"max-snippet:-1","max-image-preview":"max-image-preview:large","max-video-preview":"max-video-preview:-1"},"canonical":"https:\/\/nitu.mx\/index.php\/2020\/04\/23\/el-mar-de-acapulco-se-vuelve-bioluminiscente\/","twitter_card":"summary_large_image","twitter_title":"El mar de Acapulco se vuelve bioluminiscente - Nitu - Noticias de la Industria Turistica","twitter_description":"En teor\u00eda por la ausencia de la presencia humana, aunque algunos dicen que ya hab\u00eda sucedido, el mar del puerto de Acapulco se ti\u00f1o de azul en un fen\u00f3meno pocas veces visto de bioluminiscencia. Las aguas de Puerto Marqu\u00e9s fueron el escenario de este tan pocas veces visto suceso. Se trata de un fen\u00f3meno que [&hellip;]","twitter_image":"https:\/\/nitu.mx\/wp-content\/uploads\/2020\/04\/bio.jpeg","twitter_creator":"@NITUmx","twitter_site":"@Arturo_Medina_G","twitter_misc":{"Escrito por":"Redacci\u00f3n","Tiempo de lectura":"1 minuto"},"schema":{"@context":"https:\/\/schema.org","@graph":[{"@type":"Article","@id":"https:\/\/nitu.mx\/index.php\/2020\/04\/23\/el-mar-de-acapulco-se-vuelve-bioluminiscente\/#article","isPartOf":{"@id":"https:\/\/nitu.mx\/index.php\/2020\/04\/23\/el-mar-de-acapulco-se-vuelve-bioluminiscente\/"},"author":{"name":"Redacci\u00f3n","@id":"https:\/\/nitu.mx\/#\/schema\/person\/4a28fe9bd65924f7c90623773daf1b0b"},"headline":"El mar de Acapulco se vuelve bioluminiscente","datePublished":"2020-04-23T05:36:08+00:00","dateModified":"2020-04-23T05:39:33+00:00","mainEntityOfPage":{"@id":"https:\/\/nitu.mx\/index.php\/2020\/04\/23\/el-mar-de-acapulco-se-vuelve-bioluminiscente\/"},"wordCount":232,"commentCount":0,"publisher":{"@id":"https:\/\/nitu.mx\/#\/schema\/person\/ae7a53426417292d3dd07b45a33e01bc"},"image":{"@id":"https:\/\/nitu.mx\/index.php\/2020\/04\/23\/el-mar-de-acapulco-se-vuelve-bioluminiscente\/#primaryimage"},"thumbnailUrl":"https:\/\/nitu.mx\/wp-content\/uploads\/2020\/04\/bio.jpeg","keywords":["Acapulco","Holbox"],"articleSection":["Destinos"],"inLanguage":"es-MX","potentialAction":[{"@type":"CommentAction","name":"Comment","target":["https:\/\/nitu.mx\/index.php\/2020\/04\/23\/el-mar-de-acapulco-se-vuelve-bioluminiscente\/#respond"]}]},{"@type":"WebPage","@id":"https:\/\/nitu.mx\/index.php\/2020\/04\/23\/el-mar-de-acapulco-se-vuelve-bioluminiscente\/","url":"https:\/\/nitu.mx\/index.php\/2020\/04\/23\/el-mar-de-acapulco-se-vuelve-bioluminiscente\/","name":"El mar de Acapulco se vuelve bioluminiscente - Nitu - Noticias de la Industria Turistica","isPartOf":{"@id":"https:\/\/nitu.mx\/#website"},"primaryImageOfPage":{"@id":"https:\/\/nitu.mx\/index.php\/2020\/04\/23\/el-mar-de-acapulco-se-vuelve-bioluminiscente\/#primaryimage"},"image":{"@id":"https:\/\/nitu.mx\/index.php\/2020\/04\/23\/el-mar-de-acapulco-se-vuelve-bioluminiscente\/#primaryimage"},"thumbnailUrl":"https:\/\/nitu.mx\/wp-content\/uploads\/2020\/04\/bio.jpeg","datePublished":"2020-04-23T05:36:08+00:00","dateModified":"2020-04-23T05:39:33+00:00","breadcrumb":{"@id":"https:\/\/nitu.mx\/index.php\/2020\/04\/23\/el-mar-de-acapulco-se-vuelve-bioluminiscente\/#breadcrumb"},"inLanguage":"es-MX","potentialAction":[{"@type":"ReadAction","target":["https:\/\/nitu.mx\/index.php\/2020\/04\/23\/el-mar-de-acapulco-se-vuelve-bioluminiscente\/"]}]},{"@type":"ImageObject","inLanguage":"es-MX","@id":"https:\/\/nitu.mx\/index.php\/2020\/04\/23\/el-mar-de-acapulco-se-vuelve-bioluminiscente\/#primaryimage","url":"https:\/\/nitu.mx\/wp-content\/uploads\/2020\/04\/bio.jpeg","contentUrl":"https:\/\/nitu.mx\/wp-content\/uploads\/2020\/04\/bio.jpeg","width":287,"height":176},{"@type":"BreadcrumbList","@id":"https:\/\/nitu.mx\/index.php\/2020\/04\/23\/el-mar-de-acapulco-se-vuelve-bioluminiscente\/#breadcrumb","itemListElement":[{"@type":"ListItem","position":1,"name":"Inicio","item":"https:\/\/nitu.mx\/"},{"@type":"ListItem","position":2,"name":"El mar de Acapulco se vuelve bioluminiscente"}]},{"@type":"WebSite","@id":"https:\/\/nitu.mx\/#website","url":"https:\/\/nitu.mx\/","name":"Nitu - Noticias de la Industria Turistica","description":"Noticias de la Industria Turistica","publisher":{"@id":"https:\/\/nitu.mx\/#\/schema\/person\/ae7a53426417292d3dd07b45a33e01bc"},"alternateName":"Noticias de la Industria Turistica","potentialAction":[{"@type":"SearchAction","target":{"@type":"EntryPoint","urlTemplate":"https:\/\/nitu.mx\/?s={search_term_string}"},"query-input":"required name=search_term_string"}],"inLanguage":"es-MX"},{"@type":["Person","Organization"],"@id":"https:\/\/nitu.mx\/#\/schema\/person\/ae7a53426417292d3dd07b45a33e01bc","name":"Arturo Medina","image":{"@type":"ImageObject","inLanguage":"es-MX","@id":"https:\/\/nitu.mx\/#\/schema\/person\/image\/","url":"https:\/\/nitu.mx\/wp-content\/uploads\/2024\/04\/4A315622-1904-4D5C-B022-878CDC840E04-90x90-1.jpeg","contentUrl":"https:\/\/nitu.mx\/wp-content\/uploads\/2024\/04\/4A315622-1904-4D5C-B022-878CDC840E04-90x90-1.jpeg","width":90,"height":90,"caption":"Arturo Medina"},"logo":{"@id":"https:\/\/nitu.mx\/#\/schema\/person\/image\/"},"description":"Director NITU.mx, Egresado de la Escuela de Periodismo Carlos Septi\u00e9n Garc\u00eda. Periodista y analista especializado en turismo desde hace 35 a\u00f1os, radicado en Canc\u00fan Q.Roo. arturo@nitu.mx","sameAs":["https:\/\/nitu.mx","https:\/\/www.facebook.com\/NITUmx\/","medinacancun","https:\/\/twitter.com\/@Arturo_Medina_G"]},{"@type":"Person","@id":"https:\/\/nitu.mx\/#\/schema\/person\/4a28fe9bd65924f7c90623773daf1b0b","name":"Redacci\u00f3n","image":{"@type":"ImageObject","inLanguage":"es-MX","@id":"https:\/\/nitu.mx\/#\/schema\/person\/image\/","url":"https:\/\/secure.gravatar.com\/avatar\/5dd011c8ccfc5cd7e4c81e42252aab38?s=96&d=mm&r=g","contentUrl":"https:\/\/secure.gravatar.com\/avatar\/5dd011c8ccfc5cd7e4c81e42252aab38?s=96&d=mm&r=g","caption":"Redacci\u00f3n"},"url":"https:\/\/nitu.mx\/index.php\/author\/redaccion\/"}]}},"views":345,"_links":{"self":[{"href":"https:\/\/nitu.mx\/index.php\/wp-json\/wp\/v2\/posts\/41996"}],"collection":[{"href":"https:\/\/nitu.mx\/index.php\/wp-json\/wp\/v2\/posts"}],"about":[{"href":"https:\/\/nitu.mx\/index.php\/wp-json\/wp\/v2\/types\/post"}],"author":[{"embeddable":true,"href":"https:\/\/nitu.mx\/index.php\/wp-json\/wp\/v2\/users\/17"}],"replies":[{"embeddable":true,"href":"https:\/\/nitu.mx\/index.php\/wp-json\/wp\/v2\/comments?post=41996"}],"version-history":[{"count":3,"href":"https:\/\/nitu.mx\/index.php\/wp-json\/wp\/v2\/posts\/41996\/revisions"}],"predecessor-version":[{"id":42005,"href":"https:\/\/nitu.mx\/index.php\/wp-json\/wp\/v2\/posts\/41996\/revisions\/42005"}],"wp:featuredmedia":[{"embeddable":true,"href":"https:\/\/nitu.mx\/index.php\/wp-json\/wp\/v2\/media\/41998"}],"wp:attachment":[{"href":"https:\/\/nitu.mx\/index.php\/wp-json\/wp\/v2\/media?parent=41996"}],"wp:term":[{"taxonomy":"category","embeddable":true,"href":"https:\/\/nitu.mx\/index.php\/wp-json\/wp\/v2\/categories?post=41996"},{"taxonomy":"post_tag","embeddable":true,"href":"https:\/\/nitu.mx\/index.php\/wp-json\/wp\/v2\/tags?post=41996"}],"curies":[{"name":"wp","href":"https:\/\/api.w.org\/{rel}","templated":true}]}}