{"id":41986,"date":"2020-04-23T00:36:02","date_gmt":"2020-04-23T05:36:02","guid":{"rendered":"https:\/\/www.dev.nitu.mx\/?p=41986"},"modified":"2020-04-23T00:39:03","modified_gmt":"2020-04-23T05:39:03","slug":"caribe-mexicano-vera-recuperacion-turistica-en-dos-anos-dario-flota","status":"publish","type":"post","link":"https:\/\/nitu.mx\/index.php\/2020\/04\/23\/caribe-mexicano-vera-recuperacion-turistica-en-dos-anos-dario-flota\/","title":{"rendered":"Caribe Mexicano ver\u00e1 recuperaci\u00f3n tur\u00edstica en dos a\u00f1os: Dar\u00edo Flota"},"content":{"rendered":"\n<p>El director del Consejo de Promoci\u00f3n Tur\u00edstica de Quintana Roo (CPTQ), Dar\u00edo Flota Ocampo, estima que la recuperaci\u00f3n tur\u00edstica del Caribe Mexicano ser\u00e1 lenta y tomar\u00e1 hasta dos a\u00f1os, luego de la crisis derivada del COVID-19.<\/p>\n\n\n\n<p>Mediante una conferencia de prensa en l\u00ednea, el directivo detall\u00f3 los pasos que ya se iniciaron y las estrategias que impulsar\u00e1 el CPTQ para lograr estos resultados, los cuales paulatinamente se reflejar\u00e1n en la actividad tur\u00edstica de los 12 destinos del estado.<\/p>\n\n\n\n<p>Dar\u00edo Flota reconoci\u00f3 las acciones emprendidas por el gobierno de Quintana Roo, a trav\u00e9s de la campa\u00f1a \u201cJuntos Saldremos Adelante\u201d, que incluye las estrategias en materia de salud, apoyo a las familias y al empleo, y el impulso al sector tur\u00edstico.<\/p>\n\n\n\n<p>La recuperaci\u00f3n tur\u00edstica del Caribe Mexicano constar\u00e1 de tres fases, la primera ya arranc\u00f3 con la campa\u00f1a \u201cEl Para\u00edso puede esperar\u201d y con reuniones con los empresarios del sector. Seguir\u00e1 la presencia en redes sociales, m\u00e1s comunicaci\u00f3n y el festejo de los 50 a\u00f1os de Canc\u00fan; para finalmente hacer campa\u00f1as por regiones.<\/p>\n\n\n\n<p>Sobre esta \u00faltima fase, Flota Ocampo se\u00f1al\u00f3 que cada uno de los destinos tur\u00edsticos de Quintana Roo tienen focalizado el mercado que los visita, y es hacia donde se dirigir\u00e1n los mensajes: Canc\u00fan a Estados Unidos, Riviera Maya al europeo, Chetumal al nacional y de Belice, y Cozumel al norteamericano y nacional.<\/p>\n\n\n\n<p>Adem\u00e1s, habr\u00e1 campa\u00f1as pensadas en el mercado latinoamericano, que ha crecido en los \u00faltimos a\u00f1os tanto en conectividad como en llegada de visitantes.<\/p>\n\n\n\n<p>El director del CPTQ aclar\u00f3 que se han defendido en la mayor proporci\u00f3n posible las fuentes de trabajo, y aclar\u00f3 que las bajas registradas el pasado mes de marzo fueron de empleos temporales, cuyas bajas ya estaban contempladas antes de la pandemia.<\/p>\n\n\n\n<p>Uno de los motores que repuntar\u00e1 el turismo en el Caribe Mexicano es la conectividad a\u00e9rea, que ahora opera en el Aeropuerto de Canc\u00fan a cinco o seis por ciento de su capacidad, con 15 vuelos nacionales y cinco de Estados Unidos.<\/p>\n\n\n\n<p>Delta y Southwest ya levantaron la mano para reiniciar la normalidad de vuelos en cuanto sea posible, pero se sabe que hay un alto inter\u00e9s de m\u00e1s l\u00edneas estadounidenses y de viajeros por visitar el Caribe Mexicano. (<a href=\"https:\/\/www.dev.nitu.mx\/index.php\/2020\/04\/21\/tenemos-que-volver-a-las-4-p-producto-precio-plaza-y-promocion-dario-flota\/\">Tenemos que volver a las 4 \u201cP\u201d producto, precio, plaza y promoci\u00f3n: Dar\u00edo Flota<\/a>).<\/p>\n\n\n\n<p>Sin embargo, el CPTQ reconoce que aunque la actividad tur\u00edstica regresar\u00e1 tal y como la conocemos, as\u00ed como la sostenibilidad se volvi\u00f3 un atractivo para los viajeros, ahora lo ser\u00e1 el tema sanitario.<\/p>\n\n\n\n<p>Por ello, ya trabajan en capacitaci\u00f3n con organismos como la Asociaci\u00f3n de Hoteles de Riviera Maya para que los establecimientos realicen medidas higi\u00e9nicas y den tranquilidad al turista.<\/p>\n\n\n\n<p>En el tema de reuniones, no est\u00e1 claro cuando regresar\u00e1n los congresos, ante el da\u00f1o de la econom\u00eda. El Centro de Convenciones de Canc\u00fan est\u00e1 previsto abrir para 2021, pues los presupuestos para expositores tambi\u00e9n est\u00e1n reducidos.<\/p>\n\n\n\n<p>Con este claro panorama, el CPTQ enfoca sus esfuerzos para lograr la pronta recuperaci\u00f3n del sector tur\u00edstico del Caribe Mexicano.<\/p>\n\n\n\n<figure class=\"wp-block-embed-youtube wp-block-embed is-type-video is-provider-youtube wp-embed-aspect-16-9 wp-has-aspect-ratio\"><div class=\"wp-block-embed__wrapper\">\n<iframe loading=\"lazy\" title=\"QUEDATE EN CASA Final\" width=\"1320\" height=\"743\" src=\"https:\/\/www.youtube.com\/embed\/nLHz3aYeJF4?feature=oembed\" frameborder=\"0\" allow=\"accelerometer; autoplay; clipboard-write; encrypted-media; gyroscope; picture-in-picture; web-share\" allowfullscreen><\/iframe>\n<\/div><\/figure>\n","protected":false},"excerpt":{"rendered":"<p>El director del Consejo de Promoci\u00f3n Tur\u00edstica de Quintana Roo (CPTQ), Dar\u00edo Flota Ocampo, estima que la recuperaci\u00f3n tur\u00edstica del Caribe Mexicano ser\u00e1 lenta y tomar\u00e1 hasta dos a\u00f1os, luego de la crisis derivada del COVID-19. Mediante una conferencia de prensa en l\u00ednea, el directivo detall\u00f3 los pasos que ya se iniciaron y las estrategias [&hellip;]<\/p>\n","protected":false},"author":18,"featured_media":40609,"comment_status":"open","ping_status":"open","sticky":false,"template":"","format":"standard","meta":{"footnotes":""},"categories":[18475,19057],"tags":[83,3161,8145,1812],"yoast_head":"<!-- This site is optimized with the Yoast SEO plugin v22.2 - https:\/\/yoast.com\/wordpress\/plugins\/seo\/ -->\n<title>Caribe Mexicano ver\u00e1 recuperaci\u00f3n tur\u00edstica en dos a\u00f1os: Dar\u00edo Flota - Nitu - Noticias de la Industria Turistica<\/title>\n<meta name=\"robots\" content=\"index, follow, max-snippet:-1, max-image-preview:large, max-video-preview:-1\" \/>\n<link rel=\"canonical\" href=\"https:\/\/nitu.mx\/index.php\/2020\/04\/23\/caribe-mexicano-vera-recuperacion-turistica-en-dos-anos-dario-flota\/\" \/>\n<meta name=\"twitter:card\" content=\"summary_large_image\" \/>\n<meta name=\"twitter:title\" content=\"Caribe Mexicano ver\u00e1 recuperaci\u00f3n tur\u00edstica en dos a\u00f1os: Dar\u00edo Flota - Nitu - Noticias de la Industria Turistica\" \/>\n<meta name=\"twitter:description\" content=\"El director del Consejo de Promoci\u00f3n Tur\u00edstica de Quintana Roo (CPTQ), Dar\u00edo Flota Ocampo, estima que la recuperaci\u00f3n tur\u00edstica del Caribe Mexicano ser\u00e1 lenta y tomar\u00e1 hasta dos a\u00f1os, luego de la crisis derivada del COVID-19. Mediante una conferencia de prensa en l\u00ednea, el directivo detall\u00f3 los pasos que ya se iniciaron y las estrategias [&hellip;]\" \/>\n<meta name=\"twitter:image\" content=\"https:\/\/nitu.mx\/wp-content\/uploads\/2020\/03\/Dario-Flota.jpg\" \/>\n<meta name=\"twitter:creator\" content=\"@NITUmx\" \/>\n<meta name=\"twitter:site\" content=\"@Arturo_Medina_G\" \/>\n<meta name=\"twitter:label1\" content=\"Escrito por\" \/>\n\t<meta name=\"twitter:data1\" content=\"Guadalupe Sixto\" \/>\n\t<meta name=\"twitter:label2\" content=\"Tiempo de lectura\" \/>\n\t<meta name=\"twitter:data2\" content=\"3 minutos\" \/>\n<script type=\"application\/ld+json\" class=\"yoast-schema-graph\">{\"@context\":\"https:\/\/schema.org\",\"@graph\":[{\"@type\":\"Article\",\"@id\":\"https:\/\/nitu.mx\/index.php\/2020\/04\/23\/caribe-mexicano-vera-recuperacion-turistica-en-dos-anos-dario-flota\/#article\",\"isPartOf\":{\"@id\":\"https:\/\/nitu.mx\/index.php\/2020\/04\/23\/caribe-mexicano-vera-recuperacion-turistica-en-dos-anos-dario-flota\/\"},\"author\":{\"name\":\"Guadalupe Sixto\",\"@id\":\"https:\/\/nitu.mx\/#\/schema\/person\/3df3082b5e46037e3f13614d28ee0b77\"},\"headline\":\"Caribe Mexicano ver\u00e1 recuperaci\u00f3n tur\u00edstica en dos a\u00f1os: Dar\u00edo Flota\",\"datePublished\":\"2020-04-23T05:36:02+00:00\",\"dateModified\":\"2020-04-23T05:39:03+00:00\",\"mainEntityOfPage\":{\"@id\":\"https:\/\/nitu.mx\/index.php\/2020\/04\/23\/caribe-mexicano-vera-recuperacion-turistica-en-dos-anos-dario-flota\/\"},\"wordCount\":565,\"commentCount\":0,\"publisher\":{\"@id\":\"https:\/\/nitu.mx\/#\/schema\/person\/ae7a53426417292d3dd07b45a33e01bc\"},\"image\":{\"@id\":\"https:\/\/nitu.mx\/index.php\/2020\/04\/23\/caribe-mexicano-vera-recuperacion-turistica-en-dos-anos-dario-flota\/#primaryimage\"},\"thumbnailUrl\":\"https:\/\/nitu.mx\/wp-content\/uploads\/2020\/03\/Dario-Flota.jpg\",\"keywords\":[\"Caribe mexicano\",\"Consejo de Promoci\u00f3n Tur\u00edstica de Quintana Roo\",\"CPTQ\",\"Dar\u00edo Flota\"],\"articleSection\":[\"Caribe Mexicano\",\"COVID-19 CORONAVIRUS\"],\"inLanguage\":\"es-MX\",\"potentialAction\":[{\"@type\":\"CommentAction\",\"name\":\"Comment\",\"target\":[\"https:\/\/nitu.mx\/index.php\/2020\/04\/23\/caribe-mexicano-vera-recuperacion-turistica-en-dos-anos-dario-flota\/#respond\"]}]},{\"@type\":\"WebPage\",\"@id\":\"https:\/\/nitu.mx\/index.php\/2020\/04\/23\/caribe-mexicano-vera-recuperacion-turistica-en-dos-anos-dario-flota\/\",\"url\":\"https:\/\/nitu.mx\/index.php\/2020\/04\/23\/caribe-mexicano-vera-recuperacion-turistica-en-dos-anos-dario-flota\/\",\"name\":\"Caribe Mexicano ver\u00e1 recuperaci\u00f3n tur\u00edstica en dos a\u00f1os: Dar\u00edo Flota - Nitu - Noticias de la Industria Turistica\",\"isPartOf\":{\"@id\":\"https:\/\/nitu.mx\/#website\"},\"primaryImageOfPage\":{\"@id\":\"https:\/\/nitu.mx\/index.php\/2020\/04\/23\/caribe-mexicano-vera-recuperacion-turistica-en-dos-anos-dario-flota\/#primaryimage\"},\"image\":{\"@id\":\"https:\/\/nitu.mx\/index.php\/2020\/04\/23\/caribe-mexicano-vera-recuperacion-turistica-en-dos-anos-dario-flota\/#primaryimage\"},\"thumbnailUrl\":\"https:\/\/nitu.mx\/wp-content\/uploads\/2020\/03\/Dario-Flota.jpg\",\"datePublished\":\"2020-04-23T05:36:02+00:00\",\"dateModified\":\"2020-04-23T05:39:03+00:00\",\"breadcrumb\":{\"@id\":\"https:\/\/nitu.mx\/index.php\/2020\/04\/23\/caribe-mexicano-vera-recuperacion-turistica-en-dos-anos-dario-flota\/#breadcrumb\"},\"inLanguage\":\"es-MX\",\"potentialAction\":[{\"@type\":\"ReadAction\",\"target\":[\"https:\/\/nitu.mx\/index.php\/2020\/04\/23\/caribe-mexicano-vera-recuperacion-turistica-en-dos-anos-dario-flota\/\"]}]},{\"@type\":\"ImageObject\",\"inLanguage\":\"es-MX\",\"@id\":\"https:\/\/nitu.mx\/index.php\/2020\/04\/23\/caribe-mexicano-vera-recuperacion-turistica-en-dos-anos-dario-flota\/#primaryimage\",\"url\":\"https:\/\/nitu.mx\/wp-content\/uploads\/2020\/03\/Dario-Flota.jpg\",\"contentUrl\":\"https:\/\/nitu.mx\/wp-content\/uploads\/2020\/03\/Dario-Flota.jpg\",\"width\":850,\"height\":480,\"caption\":\"Dario Flota CPTQ\"},{\"@type\":\"BreadcrumbList\",\"@id\":\"https:\/\/nitu.mx\/index.php\/2020\/04\/23\/caribe-mexicano-vera-recuperacion-turistica-en-dos-anos-dario-flota\/#breadcrumb\",\"itemListElement\":[{\"@type\":\"ListItem\",\"position\":1,\"name\":\"Inicio\",\"item\":\"https:\/\/nitu.mx\/\"},{\"@type\":\"ListItem\",\"position\":2,\"name\":\"Caribe Mexicano ver\u00e1 recuperaci\u00f3n tur\u00edstica en dos a\u00f1os: Dar\u00edo Flota\"}]},{\"@type\":\"WebSite\",\"@id\":\"https:\/\/nitu.mx\/#website\",\"url\":\"https:\/\/nitu.mx\/\",\"name\":\"Nitu - Noticias de la Industria Turistica\",\"description\":\"Noticias de la Industria Turistica\",\"publisher\":{\"@id\":\"https:\/\/nitu.mx\/#\/schema\/person\/ae7a53426417292d3dd07b45a33e01bc\"},\"alternateName\":\"Noticias de la Industria Turistica\",\"potentialAction\":[{\"@type\":\"SearchAction\",\"target\":{\"@type\":\"EntryPoint\",\"urlTemplate\":\"https:\/\/nitu.mx\/?s={search_term_string}\"},\"query-input\":\"required name=search_term_string\"}],\"inLanguage\":\"es-MX\"},{\"@type\":[\"Person\",\"Organization\"],\"@id\":\"https:\/\/nitu.mx\/#\/schema\/person\/ae7a53426417292d3dd07b45a33e01bc\",\"name\":\"Arturo Medina\",\"image\":{\"@type\":\"ImageObject\",\"inLanguage\":\"es-MX\",\"@id\":\"https:\/\/nitu.mx\/#\/schema\/person\/image\/\",\"url\":\"https:\/\/nitu.mx\/wp-content\/uploads\/2024\/04\/4A315622-1904-4D5C-B022-878CDC840E04-90x90-1.jpeg\",\"contentUrl\":\"https:\/\/nitu.mx\/wp-content\/uploads\/2024\/04\/4A315622-1904-4D5C-B022-878CDC840E04-90x90-1.jpeg\",\"width\":90,\"height\":90,\"caption\":\"Arturo Medina\"},\"logo\":{\"@id\":\"https:\/\/nitu.mx\/#\/schema\/person\/image\/\"},\"description\":\"Director NITU.mx, Egresado de la Escuela de Periodismo Carlos Septi\u00e9n Garc\u00eda. Periodista y analista especializado en turismo desde hace 35 a\u00f1os, radicado en Canc\u00fan Q.Roo. arturo@nitu.mx\",\"sameAs\":[\"https:\/\/nitu.mx\",\"https:\/\/www.facebook.com\/NITUmx\/\",\"medinacancun\",\"https:\/\/twitter.com\/@Arturo_Medina_G\"]},{\"@type\":\"Person\",\"@id\":\"https:\/\/nitu.mx\/#\/schema\/person\/3df3082b5e46037e3f13614d28ee0b77\",\"name\":\"Guadalupe Sixto\",\"image\":{\"@type\":\"ImageObject\",\"inLanguage\":\"es-MX\",\"@id\":\"https:\/\/nitu.mx\/#\/schema\/person\/image\/\",\"url\":\"https:\/\/secure.gravatar.com\/avatar\/13914e1b0e1919e91f9539de4dc584c4?s=96&d=mm&r=g\",\"contentUrl\":\"https:\/\/secure.gravatar.com\/avatar\/13914e1b0e1919e91f9539de4dc584c4?s=96&d=mm&r=g\",\"caption\":\"Guadalupe Sixto\"},\"url\":\"https:\/\/nitu.mx\/index.php\/author\/gsixto\/\"}]}<\/script>\n<!-- \/ Yoast SEO plugin. -->","yoast_head_json":{"title":"Caribe Mexicano ver\u00e1 recuperaci\u00f3n tur\u00edstica en dos a\u00f1os: Dar\u00edo Flota - Nitu - Noticias de la Industria Turistica","robots":{"index":"index","follow":"follow","max-snippet":"max-snippet:-1","max-image-preview":"max-image-preview:large","max-video-preview":"max-video-preview:-1"},"canonical":"https:\/\/nitu.mx\/index.php\/2020\/04\/23\/caribe-mexicano-vera-recuperacion-turistica-en-dos-anos-dario-flota\/","twitter_card":"summary_large_image","twitter_title":"Caribe Mexicano ver\u00e1 recuperaci\u00f3n tur\u00edstica en dos a\u00f1os: Dar\u00edo Flota - Nitu - Noticias de la Industria Turistica","twitter_description":"El director del Consejo de Promoci\u00f3n Tur\u00edstica de Quintana Roo (CPTQ), Dar\u00edo Flota Ocampo, estima que la recuperaci\u00f3n tur\u00edstica del Caribe Mexicano ser\u00e1 lenta y tomar\u00e1 hasta dos a\u00f1os, luego de la crisis derivada del COVID-19. Mediante una conferencia de prensa en l\u00ednea, el directivo detall\u00f3 los pasos que ya se iniciaron y las estrategias [&hellip;]","twitter_image":"https:\/\/nitu.mx\/wp-content\/uploads\/2020\/03\/Dario-Flota.jpg","twitter_creator":"@NITUmx","twitter_site":"@Arturo_Medina_G","twitter_misc":{"Escrito por":"Guadalupe Sixto","Tiempo de lectura":"3 minutos"},"schema":{"@context":"https:\/\/schema.org","@graph":[{"@type":"Article","@id":"https:\/\/nitu.mx\/index.php\/2020\/04\/23\/caribe-mexicano-vera-recuperacion-turistica-en-dos-anos-dario-flota\/#article","isPartOf":{"@id":"https:\/\/nitu.mx\/index.php\/2020\/04\/23\/caribe-mexicano-vera-recuperacion-turistica-en-dos-anos-dario-flota\/"},"author":{"name":"Guadalupe Sixto","@id":"https:\/\/nitu.mx\/#\/schema\/person\/3df3082b5e46037e3f13614d28ee0b77"},"headline":"Caribe Mexicano ver\u00e1 recuperaci\u00f3n tur\u00edstica en dos a\u00f1os: Dar\u00edo Flota","datePublished":"2020-04-23T05:36:02+00:00","dateModified":"2020-04-23T05:39:03+00:00","mainEntityOfPage":{"@id":"https:\/\/nitu.mx\/index.php\/2020\/04\/23\/caribe-mexicano-vera-recuperacion-turistica-en-dos-anos-dario-flota\/"},"wordCount":565,"commentCount":0,"publisher":{"@id":"https:\/\/nitu.mx\/#\/schema\/person\/ae7a53426417292d3dd07b45a33e01bc"},"image":{"@id":"https:\/\/nitu.mx\/index.php\/2020\/04\/23\/caribe-mexicano-vera-recuperacion-turistica-en-dos-anos-dario-flota\/#primaryimage"},"thumbnailUrl":"https:\/\/nitu.mx\/wp-content\/uploads\/2020\/03\/Dario-Flota.jpg","keywords":["Caribe mexicano","Consejo de Promoci\u00f3n Tur\u00edstica de Quintana Roo","CPTQ","Dar\u00edo Flota"],"articleSection":["Caribe Mexicano","COVID-19 CORONAVIRUS"],"inLanguage":"es-MX","potentialAction":[{"@type":"CommentAction","name":"Comment","target":["https:\/\/nitu.mx\/index.php\/2020\/04\/23\/caribe-mexicano-vera-recuperacion-turistica-en-dos-anos-dario-flota\/#respond"]}]},{"@type":"WebPage","@id":"https:\/\/nitu.mx\/index.php\/2020\/04\/23\/caribe-mexicano-vera-recuperacion-turistica-en-dos-anos-dario-flota\/","url":"https:\/\/nitu.mx\/index.php\/2020\/04\/23\/caribe-mexicano-vera-recuperacion-turistica-en-dos-anos-dario-flota\/","name":"Caribe Mexicano ver\u00e1 recuperaci\u00f3n tur\u00edstica en dos a\u00f1os: Dar\u00edo Flota - Nitu - Noticias de la Industria Turistica","isPartOf":{"@id":"https:\/\/nitu.mx\/#website"},"primaryImageOfPage":{"@id":"https:\/\/nitu.mx\/index.php\/2020\/04\/23\/caribe-mexicano-vera-recuperacion-turistica-en-dos-anos-dario-flota\/#primaryimage"},"image":{"@id":"https:\/\/nitu.mx\/index.php\/2020\/04\/23\/caribe-mexicano-vera-recuperacion-turistica-en-dos-anos-dario-flota\/#primaryimage"},"thumbnailUrl":"https:\/\/nitu.mx\/wp-content\/uploads\/2020\/03\/Dario-Flota.jpg","datePublished":"2020-04-23T05:36:02+00:00","dateModified":"2020-04-23T05:39:03+00:00","breadcrumb":{"@id":"https:\/\/nitu.mx\/index.php\/2020\/04\/23\/caribe-mexicano-vera-recuperacion-turistica-en-dos-anos-dario-flota\/#breadcrumb"},"inLanguage":"es-MX","potentialAction":[{"@type":"ReadAction","target":["https:\/\/nitu.mx\/index.php\/2020\/04\/23\/caribe-mexicano-vera-recuperacion-turistica-en-dos-anos-dario-flota\/"]}]},{"@type":"ImageObject","inLanguage":"es-MX","@id":"https:\/\/nitu.mx\/index.php\/2020\/04\/23\/caribe-mexicano-vera-recuperacion-turistica-en-dos-anos-dario-flota\/#primaryimage","url":"https:\/\/nitu.mx\/wp-content\/uploads\/2020\/03\/Dario-Flota.jpg","contentUrl":"https:\/\/nitu.mx\/wp-content\/uploads\/2020\/03\/Dario-Flota.jpg","width":850,"height":480,"caption":"Dario Flota CPTQ"},{"@type":"BreadcrumbList","@id":"https:\/\/nitu.mx\/index.php\/2020\/04\/23\/caribe-mexicano-vera-recuperacion-turistica-en-dos-anos-dario-flota\/#breadcrumb","itemListElement":[{"@type":"ListItem","position":1,"name":"Inicio","item":"https:\/\/nitu.mx\/"},{"@type":"ListItem","position":2,"name":"Caribe Mexicano ver\u00e1 recuperaci\u00f3n tur\u00edstica en dos a\u00f1os: Dar\u00edo Flota"}]},{"@type":"WebSite","@id":"https:\/\/nitu.mx\/#website","url":"https:\/\/nitu.mx\/","name":"Nitu - Noticias de la Industria Turistica","description":"Noticias de la Industria Turistica","publisher":{"@id":"https:\/\/nitu.mx\/#\/schema\/person\/ae7a53426417292d3dd07b45a33e01bc"},"alternateName":"Noticias de la Industria Turistica","potentialAction":[{"@type":"SearchAction","target":{"@type":"EntryPoint","urlTemplate":"https:\/\/nitu.mx\/?s={search_term_string}"},"query-input":"required name=search_term_string"}],"inLanguage":"es-MX"},{"@type":["Person","Organization"],"@id":"https:\/\/nitu.mx\/#\/schema\/person\/ae7a53426417292d3dd07b45a33e01bc","name":"Arturo Medina","image":{"@type":"ImageObject","inLanguage":"es-MX","@id":"https:\/\/nitu.mx\/#\/schema\/person\/image\/","url":"https:\/\/nitu.mx\/wp-content\/uploads\/2024\/04\/4A315622-1904-4D5C-B022-878CDC840E04-90x90-1.jpeg","contentUrl":"https:\/\/nitu.mx\/wp-content\/uploads\/2024\/04\/4A315622-1904-4D5C-B022-878CDC840E04-90x90-1.jpeg","width":90,"height":90,"caption":"Arturo Medina"},"logo":{"@id":"https:\/\/nitu.mx\/#\/schema\/person\/image\/"},"description":"Director NITU.mx, Egresado de la Escuela de Periodismo Carlos Septi\u00e9n Garc\u00eda. Periodista y analista especializado en turismo desde hace 35 a\u00f1os, radicado en Canc\u00fan Q.Roo. arturo@nitu.mx","sameAs":["https:\/\/nitu.mx","https:\/\/www.facebook.com\/NITUmx\/","medinacancun","https:\/\/twitter.com\/@Arturo_Medina_G"]},{"@type":"Person","@id":"https:\/\/nitu.mx\/#\/schema\/person\/3df3082b5e46037e3f13614d28ee0b77","name":"Guadalupe Sixto","image":{"@type":"ImageObject","inLanguage":"es-MX","@id":"https:\/\/nitu.mx\/#\/schema\/person\/image\/","url":"https:\/\/secure.gravatar.com\/avatar\/13914e1b0e1919e91f9539de4dc584c4?s=96&d=mm&r=g","contentUrl":"https:\/\/secure.gravatar.com\/avatar\/13914e1b0e1919e91f9539de4dc584c4?s=96&d=mm&r=g","caption":"Guadalupe Sixto"},"url":"https:\/\/nitu.mx\/index.php\/author\/gsixto\/"}]}},"views":327,"_links":{"self":[{"href":"https:\/\/nitu.mx\/index.php\/wp-json\/wp\/v2\/posts\/41986"}],"collection":[{"href":"https:\/\/nitu.mx\/index.php\/wp-json\/wp\/v2\/posts"}],"about":[{"href":"https:\/\/nitu.mx\/index.php\/wp-json\/wp\/v2\/types\/post"}],"author":[{"embeddable":true,"href":"https:\/\/nitu.mx\/index.php\/wp-json\/wp\/v2\/users\/18"}],"replies":[{"embeddable":true,"href":"https:\/\/nitu.mx\/index.php\/wp-json\/wp\/v2\/comments?post=41986"}],"version-history":[{"count":4,"href":"https:\/\/nitu.mx\/index.php\/wp-json\/wp\/v2\/posts\/41986\/revisions"}],"predecessor-version":[{"id":42006,"href":"https:\/\/nitu.mx\/index.php\/wp-json\/wp\/v2\/posts\/41986\/revisions\/42006"}],"wp:featuredmedia":[{"embeddable":true,"href":"https:\/\/nitu.mx\/index.php\/wp-json\/wp\/v2\/media\/40609"}],"wp:attachment":[{"href":"https:\/\/nitu.mx\/index.php\/wp-json\/wp\/v2\/media?parent=41986"}],"wp:term":[{"taxonomy":"category","embeddable":true,"href":"https:\/\/nitu.mx\/index.php\/wp-json\/wp\/v2\/categories?post=41986"},{"taxonomy":"post_tag","embeddable":true,"href":"https:\/\/nitu.mx\/index.php\/wp-json\/wp\/v2\/tags?post=41986"}],"curies":[{"name":"wp","href":"https:\/\/api.w.org\/{rel}","templated":true}]}}