{"id":41975,"date":"2020-04-22T00:13:51","date_gmt":"2020-04-22T05:13:51","guid":{"rendered":"https:\/\/www.dev.nitu.mx\/?p=41975"},"modified":"2020-04-22T00:25:31","modified_gmt":"2020-04-22T05:25:31","slug":"hoteldo-lanza-la-campana-digital-para-agentes-de-viajes-seguimos-aqui-para-ti","status":"publish","type":"post","link":"https:\/\/nitu.mx\/index.php\/2020\/04\/22\/hoteldo-lanza-la-campana-digital-para-agentes-de-viajes-seguimos-aqui-para-ti\/","title":{"rendered":"HotelDO lanza la campa\u00f1a digital para agentes de viajes \u201cSeguimos aqu\u00ed para ti\u201d"},"content":{"rendered":"<p>Best Day Travel Group, corporativo tur\u00edstico de M\u00e9xico reafirma, a trav\u00e9s de su l\u00ednea de negocio HotelDO, la plataforma de reservas en l\u00ednea especializada para agencias de viajes de M\u00e9xico y Latinoam\u00e9rica, su compromiso con los agentes de viajes, ante la actual situaci\u00f3n y comparte su campa\u00f1a \u201cSeguimos aqu\u00ed para ti\u201d.<\/p>\n<p>Dicha campa\u00f1a tiene como objetivo hacer saber, a los agentes de viajes que trabajan con HotelDO, que estamos juntos en esta contingencia y que, a pesar de que en este momento el paso es lento para todos, seguimos adelante con el esp\u00edritu creativo y alegre que nos caracteriza\u201d mencion\u00f3 Alejandro Calligaris, CEO de Best Day Travel Group.<\/p>\n<p>HotelDO sabe que este es momento para hacer una pausa, ya que el mundo est\u00e1 \u201ctomando un respiro\u201d.<br \/>\nEs tiempo de ser responsables con toda la comunidad, por lo que constantemente transmite la importancia de quedarse en casa, de cuidarse y cuidar a los dem\u00e1s. Como parte de esta campa\u00f1a, en los pr\u00f3ximos d\u00edas HotelDO convocar\u00e1 a la comunidad de agentes de viaje, a trav\u00e9s de sus redes sociales, para a participar en una serie de webinars de capacitaci\u00f3n y actualizaci\u00f3n.<\/p>\n<p>\u201cEn HotelDO queremos continuar presentes con nuestros clientes y hacerles llegar un mensaje optimista, de solidaridad y de apoyo.<br \/>\nTenemos la certeza de que, pronto, nuestro mundo recibir\u00e1 a nuestros pasajeros en un entorno m\u00e1s sano y vivo que nunca.<\/p>\n<p>Con esto en mente, hemos preparado una serie de webinars que estar\u00e1n disponibles en nuestras plataformas en las siguientes semanas\u201d, afirm\u00f3 Daniel V\u00e1zquez, Managing Director de HotelDO.<\/p>\n<p>HotelDO destaca que esta crisis de salud mundial (COVID-19) terminar\u00e1 y, mientras eso sucede, sigue trabajando para acortar la distancia y conectar a los viajeros de todo el mundo.<\/p>\n<p>El video \u201cSeguimos aqu\u00ed para ti\u201d se ha difundido, de manera org\u00e1nica, a trav\u00e9s de Youtube, Facebook, Instagram y LinkedIn y enfatiza, entre otras cosas, que HotelDO seguir\u00e1 apoyando a los agentes de viajes, facilitando herramientas de viaje y diversos beneficios, a trav\u00e9s de sus plataformas. Link al video: https:\/\/youtu.be\/kgec_zlhej0<\/p>\n","protected":false},"excerpt":{"rendered":"<p>Best Day Travel Group, corporativo tur\u00edstico de M\u00e9xico reafirma, a trav\u00e9s de su l\u00ednea de negocio HotelDO, la plataforma de reservas en l\u00ednea especializada para agencias de viajes de M\u00e9xico y Latinoam\u00e9rica, su compromiso con los agentes de viajes, ante la actual situaci\u00f3n y comparte su campa\u00f1a \u201cSeguimos aqu\u00ed para ti\u201d. Dicha campa\u00f1a tiene como [&hellip;]<\/p>\n","protected":false},"author":3,"featured_media":41979,"comment_status":"open","ping_status":"open","sticky":false,"template":"","format":"standard","meta":{"footnotes":""},"categories":[3,18475],"tags":[5826,43,18906,19322,1090,260,19270],"yoast_head":"<!-- This site is optimized with the Yoast SEO plugin v22.2 - https:\/\/yoast.com\/wordpress\/plugins\/seo\/ -->\n<title>HotelDO lanza la campa\u00f1a digital para agentes de viajes \u201cSeguimos aqu\u00ed para ti\u201d - Nitu - Noticias de la Industria Turistica<\/title>\n<meta name=\"robots\" content=\"index, follow, max-snippet:-1, max-image-preview:large, max-video-preview:-1\" \/>\n<link rel=\"canonical\" href=\"https:\/\/nitu.mx\/index.php\/2020\/04\/22\/hoteldo-lanza-la-campana-digital-para-agentes-de-viajes-seguimos-aqui-para-ti\/\" \/>\n<meta name=\"twitter:card\" content=\"summary_large_image\" \/>\n<meta name=\"twitter:title\" content=\"HotelDO lanza la campa\u00f1a digital para agentes de viajes \u201cSeguimos aqu\u00ed para ti\u201d - Nitu - Noticias de la Industria Turistica\" \/>\n<meta name=\"twitter:description\" content=\"Best Day Travel Group, corporativo tur\u00edstico de M\u00e9xico reafirma, a trav\u00e9s de su l\u00ednea de negocio HotelDO, la plataforma de reservas en l\u00ednea especializada para agencias de viajes de M\u00e9xico y Latinoam\u00e9rica, su compromiso con los agentes de viajes, ante la actual situaci\u00f3n y comparte su campa\u00f1a \u201cSeguimos aqu\u00ed para ti\u201d. Dicha campa\u00f1a tiene como [&hellip;]\" \/>\n<meta name=\"twitter:image\" content=\"https:\/\/nitu.mx\/wp-content\/uploads\/2020\/04\/Hotel-DO-seguimos-contigo.jpg\" \/>\n<meta name=\"twitter:creator\" content=\"@NITUmx\" \/>\n<meta name=\"twitter:site\" content=\"@Arturo_Medina_G\" \/>\n<meta name=\"twitter:label1\" content=\"Escrito por\" \/>\n\t<meta name=\"twitter:data1\" content=\"Alejandra Moncisbays\" \/>\n\t<meta name=\"twitter:label2\" content=\"Tiempo de lectura\" \/>\n\t<meta name=\"twitter:data2\" content=\"2 minutos\" \/>\n<script type=\"application\/ld+json\" class=\"yoast-schema-graph\">{\"@context\":\"https:\/\/schema.org\",\"@graph\":[{\"@type\":\"Article\",\"@id\":\"https:\/\/nitu.mx\/index.php\/2020\/04\/22\/hoteldo-lanza-la-campana-digital-para-agentes-de-viajes-seguimos-aqui-para-ti\/#article\",\"isPartOf\":{\"@id\":\"https:\/\/nitu.mx\/index.php\/2020\/04\/22\/hoteldo-lanza-la-campana-digital-para-agentes-de-viajes-seguimos-aqui-para-ti\/\"},\"author\":{\"name\":\"Alejandra Moncisbays\",\"@id\":\"https:\/\/nitu.mx\/#\/schema\/person\/2ecd887b19dfd3382d1f14fc5acf24a8\"},\"headline\":\"HotelDO lanza la campa\u00f1a digital para agentes de viajes \u201cSeguimos aqu\u00ed para ti\u201d\",\"datePublished\":\"2020-04-22T05:13:51+00:00\",\"dateModified\":\"2020-04-22T05:25:31+00:00\",\"mainEntityOfPage\":{\"@id\":\"https:\/\/nitu.mx\/index.php\/2020\/04\/22\/hoteldo-lanza-la-campana-digital-para-agentes-de-viajes-seguimos-aqui-para-ti\/\"},\"wordCount\":377,\"commentCount\":0,\"publisher\":{\"@id\":\"https:\/\/nitu.mx\/#\/schema\/person\/ae7a53426417292d3dd07b45a33e01bc\"},\"image\":{\"@id\":\"https:\/\/nitu.mx\/index.php\/2020\/04\/22\/hoteldo-lanza-la-campana-digital-para-agentes-de-viajes-seguimos-aqui-para-ti\/#primaryimage\"},\"thumbnailUrl\":\"https:\/\/nitu.mx\/wp-content\/uploads\/2020\/04\/Hotel-DO-seguimos-contigo.jpg\",\"keywords\":[\"agentes de viajes\",\"Canc\u00fan\",\"Covid-19\",\"crisis mundial\",\"HotelDO\",\"Quintana Roo\",\"webinars\"],\"articleSection\":[\"Agencias de Viajes\",\"Caribe Mexicano\"],\"inLanguage\":\"es-MX\",\"potentialAction\":[{\"@type\":\"CommentAction\",\"name\":\"Comment\",\"target\":[\"https:\/\/nitu.mx\/index.php\/2020\/04\/22\/hoteldo-lanza-la-campana-digital-para-agentes-de-viajes-seguimos-aqui-para-ti\/#respond\"]}]},{\"@type\":\"WebPage\",\"@id\":\"https:\/\/nitu.mx\/index.php\/2020\/04\/22\/hoteldo-lanza-la-campana-digital-para-agentes-de-viajes-seguimos-aqui-para-ti\/\",\"url\":\"https:\/\/nitu.mx\/index.php\/2020\/04\/22\/hoteldo-lanza-la-campana-digital-para-agentes-de-viajes-seguimos-aqui-para-ti\/\",\"name\":\"HotelDO lanza la campa\u00f1a digital para agentes de viajes \u201cSeguimos aqu\u00ed para ti\u201d - Nitu - Noticias de la Industria Turistica\",\"isPartOf\":{\"@id\":\"https:\/\/nitu.mx\/#website\"},\"primaryImageOfPage\":{\"@id\":\"https:\/\/nitu.mx\/index.php\/2020\/04\/22\/hoteldo-lanza-la-campana-digital-para-agentes-de-viajes-seguimos-aqui-para-ti\/#primaryimage\"},\"image\":{\"@id\":\"https:\/\/nitu.mx\/index.php\/2020\/04\/22\/hoteldo-lanza-la-campana-digital-para-agentes-de-viajes-seguimos-aqui-para-ti\/#primaryimage\"},\"thumbnailUrl\":\"https:\/\/nitu.mx\/wp-content\/uploads\/2020\/04\/Hotel-DO-seguimos-contigo.jpg\",\"datePublished\":\"2020-04-22T05:13:51+00:00\",\"dateModified\":\"2020-04-22T05:25:31+00:00\",\"breadcrumb\":{\"@id\":\"https:\/\/nitu.mx\/index.php\/2020\/04\/22\/hoteldo-lanza-la-campana-digital-para-agentes-de-viajes-seguimos-aqui-para-ti\/#breadcrumb\"},\"inLanguage\":\"es-MX\",\"potentialAction\":[{\"@type\":\"ReadAction\",\"target\":[\"https:\/\/nitu.mx\/index.php\/2020\/04\/22\/hoteldo-lanza-la-campana-digital-para-agentes-de-viajes-seguimos-aqui-para-ti\/\"]}]},{\"@type\":\"ImageObject\",\"inLanguage\":\"es-MX\",\"@id\":\"https:\/\/nitu.mx\/index.php\/2020\/04\/22\/hoteldo-lanza-la-campana-digital-para-agentes-de-viajes-seguimos-aqui-para-ti\/#primaryimage\",\"url\":\"https:\/\/nitu.mx\/wp-content\/uploads\/2020\/04\/Hotel-DO-seguimos-contigo.jpg\",\"contentUrl\":\"https:\/\/nitu.mx\/wp-content\/uploads\/2020\/04\/Hotel-DO-seguimos-contigo.jpg\",\"width\":850,\"height\":480,\"caption\":\"Hotel DO\"},{\"@type\":\"BreadcrumbList\",\"@id\":\"https:\/\/nitu.mx\/index.php\/2020\/04\/22\/hoteldo-lanza-la-campana-digital-para-agentes-de-viajes-seguimos-aqui-para-ti\/#breadcrumb\",\"itemListElement\":[{\"@type\":\"ListItem\",\"position\":1,\"name\":\"Inicio\",\"item\":\"https:\/\/nitu.mx\/\"},{\"@type\":\"ListItem\",\"position\":2,\"name\":\"HotelDO lanza la campa\u00f1a digital para agentes de viajes \u201cSeguimos aqu\u00ed para ti\u201d\"}]},{\"@type\":\"WebSite\",\"@id\":\"https:\/\/nitu.mx\/#website\",\"url\":\"https:\/\/nitu.mx\/\",\"name\":\"Nitu - Noticias de la Industria Turistica\",\"description\":\"Noticias de la Industria Turistica\",\"publisher\":{\"@id\":\"https:\/\/nitu.mx\/#\/schema\/person\/ae7a53426417292d3dd07b45a33e01bc\"},\"alternateName\":\"Noticias de la Industria Turistica\",\"potentialAction\":[{\"@type\":\"SearchAction\",\"target\":{\"@type\":\"EntryPoint\",\"urlTemplate\":\"https:\/\/nitu.mx\/?s={search_term_string}\"},\"query-input\":\"required name=search_term_string\"}],\"inLanguage\":\"es-MX\"},{\"@type\":[\"Person\",\"Organization\"],\"@id\":\"https:\/\/nitu.mx\/#\/schema\/person\/ae7a53426417292d3dd07b45a33e01bc\",\"name\":\"Arturo Medina\",\"image\":{\"@type\":\"ImageObject\",\"inLanguage\":\"es-MX\",\"@id\":\"https:\/\/nitu.mx\/#\/schema\/person\/image\/\",\"url\":\"https:\/\/nitu.mx\/wp-content\/uploads\/2024\/04\/4A315622-1904-4D5C-B022-878CDC840E04-90x90-1.jpeg\",\"contentUrl\":\"https:\/\/nitu.mx\/wp-content\/uploads\/2024\/04\/4A315622-1904-4D5C-B022-878CDC840E04-90x90-1.jpeg\",\"width\":90,\"height\":90,\"caption\":\"Arturo Medina\"},\"logo\":{\"@id\":\"https:\/\/nitu.mx\/#\/schema\/person\/image\/\"},\"description\":\"Director NITU.mx, Egresado de la Escuela de Periodismo Carlos Septi\u00e9n Garc\u00eda. Periodista y analista especializado en turismo desde hace 35 a\u00f1os, radicado en Canc\u00fan Q.Roo. arturo@nitu.mx\",\"sameAs\":[\"https:\/\/nitu.mx\",\"https:\/\/www.facebook.com\/NITUmx\/\",\"medinacancun\",\"https:\/\/twitter.com\/@Arturo_Medina_G\"]},{\"@type\":\"Person\",\"@id\":\"https:\/\/nitu.mx\/#\/schema\/person\/2ecd887b19dfd3382d1f14fc5acf24a8\",\"name\":\"Alejandra Moncisbays\",\"image\":{\"@type\":\"ImageObject\",\"inLanguage\":\"es-MX\",\"@id\":\"https:\/\/nitu.mx\/#\/schema\/person\/image\/\",\"url\":\"https:\/\/secure.gravatar.com\/avatar\/e74f7af0be172b7804dacfd0bfbef787?s=96&d=mm&r=g\",\"contentUrl\":\"https:\/\/secure.gravatar.com\/avatar\/e74f7af0be172b7804dacfd0bfbef787?s=96&d=mm&r=g\",\"caption\":\"Alejandra Moncisbays\"},\"description\":\"Curs\u00e9 la carrera de Periodismo y Comunicaci\u00f3n en la Facultad de Estudios Profesionales Acatl\u00e1n. Vivo en Canc\u00fan desde hace 24 a\u00f1os. Fui reportera de La Tarde de Canc\u00fan, y Novedades de Quintana Roo, colabor\u00e9 en TVCUN, edit\u00e9 Cancun\u00edssimo y colabor\u00e9 en las revistas Latitud21, entre otras, con principal enfoque en los sectores empresarial y tur\u00edstico. Desde hace varios a\u00f1os soy Agente de Seguros con c\u00e9dula de la Comisi\u00f3n Nacional de Seguros y Fianzas. Actualmente, me desarrollo en los \u00e1mbitos del periodismo y el sector asegurador.\",\"sameAs\":[\"https:\/\/nitu.mx\"],\"url\":\"https:\/\/nitu.mx\/index.php\/author\/alejandra\/\"}]}<\/script>\n<!-- \/ Yoast SEO plugin. -->","yoast_head_json":{"title":"HotelDO lanza la campa\u00f1a digital para agentes de viajes \u201cSeguimos aqu\u00ed para ti\u201d - Nitu - Noticias de la Industria Turistica","robots":{"index":"index","follow":"follow","max-snippet":"max-snippet:-1","max-image-preview":"max-image-preview:large","max-video-preview":"max-video-preview:-1"},"canonical":"https:\/\/nitu.mx\/index.php\/2020\/04\/22\/hoteldo-lanza-la-campana-digital-para-agentes-de-viajes-seguimos-aqui-para-ti\/","twitter_card":"summary_large_image","twitter_title":"HotelDO lanza la campa\u00f1a digital para agentes de viajes \u201cSeguimos aqu\u00ed para ti\u201d - Nitu - Noticias de la Industria Turistica","twitter_description":"Best Day Travel Group, corporativo tur\u00edstico de M\u00e9xico reafirma, a trav\u00e9s de su l\u00ednea de negocio HotelDO, la plataforma de reservas en l\u00ednea especializada para agencias de viajes de M\u00e9xico y Latinoam\u00e9rica, su compromiso con los agentes de viajes, ante la actual situaci\u00f3n y comparte su campa\u00f1a \u201cSeguimos aqu\u00ed para ti\u201d. Dicha campa\u00f1a tiene como [&hellip;]","twitter_image":"https:\/\/nitu.mx\/wp-content\/uploads\/2020\/04\/Hotel-DO-seguimos-contigo.jpg","twitter_creator":"@NITUmx","twitter_site":"@Arturo_Medina_G","twitter_misc":{"Escrito por":"Alejandra Moncisbays","Tiempo de lectura":"2 minutos"},"schema":{"@context":"https:\/\/schema.org","@graph":[{"@type":"Article","@id":"https:\/\/nitu.mx\/index.php\/2020\/04\/22\/hoteldo-lanza-la-campana-digital-para-agentes-de-viajes-seguimos-aqui-para-ti\/#article","isPartOf":{"@id":"https:\/\/nitu.mx\/index.php\/2020\/04\/22\/hoteldo-lanza-la-campana-digital-para-agentes-de-viajes-seguimos-aqui-para-ti\/"},"author":{"name":"Alejandra Moncisbays","@id":"https:\/\/nitu.mx\/#\/schema\/person\/2ecd887b19dfd3382d1f14fc5acf24a8"},"headline":"HotelDO lanza la campa\u00f1a digital para agentes de viajes \u201cSeguimos aqu\u00ed para ti\u201d","datePublished":"2020-04-22T05:13:51+00:00","dateModified":"2020-04-22T05:25:31+00:00","mainEntityOfPage":{"@id":"https:\/\/nitu.mx\/index.php\/2020\/04\/22\/hoteldo-lanza-la-campana-digital-para-agentes-de-viajes-seguimos-aqui-para-ti\/"},"wordCount":377,"commentCount":0,"publisher":{"@id":"https:\/\/nitu.mx\/#\/schema\/person\/ae7a53426417292d3dd07b45a33e01bc"},"image":{"@id":"https:\/\/nitu.mx\/index.php\/2020\/04\/22\/hoteldo-lanza-la-campana-digital-para-agentes-de-viajes-seguimos-aqui-para-ti\/#primaryimage"},"thumbnailUrl":"https:\/\/nitu.mx\/wp-content\/uploads\/2020\/04\/Hotel-DO-seguimos-contigo.jpg","keywords":["agentes de viajes","Canc\u00fan","Covid-19","crisis mundial","HotelDO","Quintana Roo","webinars"],"articleSection":["Agencias de Viajes","Caribe Mexicano"],"inLanguage":"es-MX","potentialAction":[{"@type":"CommentAction","name":"Comment","target":["https:\/\/nitu.mx\/index.php\/2020\/04\/22\/hoteldo-lanza-la-campana-digital-para-agentes-de-viajes-seguimos-aqui-para-ti\/#respond"]}]},{"@type":"WebPage","@id":"https:\/\/nitu.mx\/index.php\/2020\/04\/22\/hoteldo-lanza-la-campana-digital-para-agentes-de-viajes-seguimos-aqui-para-ti\/","url":"https:\/\/nitu.mx\/index.php\/2020\/04\/22\/hoteldo-lanza-la-campana-digital-para-agentes-de-viajes-seguimos-aqui-para-ti\/","name":"HotelDO lanza la campa\u00f1a digital para agentes de viajes \u201cSeguimos aqu\u00ed para ti\u201d - Nitu - Noticias de la Industria Turistica","isPartOf":{"@id":"https:\/\/nitu.mx\/#website"},"primaryImageOfPage":{"@id":"https:\/\/nitu.mx\/index.php\/2020\/04\/22\/hoteldo-lanza-la-campana-digital-para-agentes-de-viajes-seguimos-aqui-para-ti\/#primaryimage"},"image":{"@id":"https:\/\/nitu.mx\/index.php\/2020\/04\/22\/hoteldo-lanza-la-campana-digital-para-agentes-de-viajes-seguimos-aqui-para-ti\/#primaryimage"},"thumbnailUrl":"https:\/\/nitu.mx\/wp-content\/uploads\/2020\/04\/Hotel-DO-seguimos-contigo.jpg","datePublished":"2020-04-22T05:13:51+00:00","dateModified":"2020-04-22T05:25:31+00:00","breadcrumb":{"@id":"https:\/\/nitu.mx\/index.php\/2020\/04\/22\/hoteldo-lanza-la-campana-digital-para-agentes-de-viajes-seguimos-aqui-para-ti\/#breadcrumb"},"inLanguage":"es-MX","potentialAction":[{"@type":"ReadAction","target":["https:\/\/nitu.mx\/index.php\/2020\/04\/22\/hoteldo-lanza-la-campana-digital-para-agentes-de-viajes-seguimos-aqui-para-ti\/"]}]},{"@type":"ImageObject","inLanguage":"es-MX","@id":"https:\/\/nitu.mx\/index.php\/2020\/04\/22\/hoteldo-lanza-la-campana-digital-para-agentes-de-viajes-seguimos-aqui-para-ti\/#primaryimage","url":"https:\/\/nitu.mx\/wp-content\/uploads\/2020\/04\/Hotel-DO-seguimos-contigo.jpg","contentUrl":"https:\/\/nitu.mx\/wp-content\/uploads\/2020\/04\/Hotel-DO-seguimos-contigo.jpg","width":850,"height":480,"caption":"Hotel DO"},{"@type":"BreadcrumbList","@id":"https:\/\/nitu.mx\/index.php\/2020\/04\/22\/hoteldo-lanza-la-campana-digital-para-agentes-de-viajes-seguimos-aqui-para-ti\/#breadcrumb","itemListElement":[{"@type":"ListItem","position":1,"name":"Inicio","item":"https:\/\/nitu.mx\/"},{"@type":"ListItem","position":2,"name":"HotelDO lanza la campa\u00f1a digital para agentes de viajes \u201cSeguimos aqu\u00ed para ti\u201d"}]},{"@type":"WebSite","@id":"https:\/\/nitu.mx\/#website","url":"https:\/\/nitu.mx\/","name":"Nitu - Noticias de la Industria Turistica","description":"Noticias de la Industria Turistica","publisher":{"@id":"https:\/\/nitu.mx\/#\/schema\/person\/ae7a53426417292d3dd07b45a33e01bc"},"alternateName":"Noticias de la Industria Turistica","potentialAction":[{"@type":"SearchAction","target":{"@type":"EntryPoint","urlTemplate":"https:\/\/nitu.mx\/?s={search_term_string}"},"query-input":"required name=search_term_string"}],"inLanguage":"es-MX"},{"@type":["Person","Organization"],"@id":"https:\/\/nitu.mx\/#\/schema\/person\/ae7a53426417292d3dd07b45a33e01bc","name":"Arturo Medina","image":{"@type":"ImageObject","inLanguage":"es-MX","@id":"https:\/\/nitu.mx\/#\/schema\/person\/image\/","url":"https:\/\/nitu.mx\/wp-content\/uploads\/2024\/04\/4A315622-1904-4D5C-B022-878CDC840E04-90x90-1.jpeg","contentUrl":"https:\/\/nitu.mx\/wp-content\/uploads\/2024\/04\/4A315622-1904-4D5C-B022-878CDC840E04-90x90-1.jpeg","width":90,"height":90,"caption":"Arturo Medina"},"logo":{"@id":"https:\/\/nitu.mx\/#\/schema\/person\/image\/"},"description":"Director NITU.mx, Egresado de la Escuela de Periodismo Carlos Septi\u00e9n Garc\u00eda. Periodista y analista especializado en turismo desde hace 35 a\u00f1os, radicado en Canc\u00fan Q.Roo. arturo@nitu.mx","sameAs":["https:\/\/nitu.mx","https:\/\/www.facebook.com\/NITUmx\/","medinacancun","https:\/\/twitter.com\/@Arturo_Medina_G"]},{"@type":"Person","@id":"https:\/\/nitu.mx\/#\/schema\/person\/2ecd887b19dfd3382d1f14fc5acf24a8","name":"Alejandra Moncisbays","image":{"@type":"ImageObject","inLanguage":"es-MX","@id":"https:\/\/nitu.mx\/#\/schema\/person\/image\/","url":"https:\/\/secure.gravatar.com\/avatar\/e74f7af0be172b7804dacfd0bfbef787?s=96&d=mm&r=g","contentUrl":"https:\/\/secure.gravatar.com\/avatar\/e74f7af0be172b7804dacfd0bfbef787?s=96&d=mm&r=g","caption":"Alejandra Moncisbays"},"description":"Curs\u00e9 la carrera de Periodismo y Comunicaci\u00f3n en la Facultad de Estudios Profesionales Acatl\u00e1n. Vivo en Canc\u00fan desde hace 24 a\u00f1os. Fui reportera de La Tarde de Canc\u00fan, y Novedades de Quintana Roo, colabor\u00e9 en TVCUN, edit\u00e9 Cancun\u00edssimo y colabor\u00e9 en las revistas Latitud21, entre otras, con principal enfoque en los sectores empresarial y tur\u00edstico. Desde hace varios a\u00f1os soy Agente de Seguros con c\u00e9dula de la Comisi\u00f3n Nacional de Seguros y Fianzas. Actualmente, me desarrollo en los \u00e1mbitos del periodismo y el sector asegurador.","sameAs":["https:\/\/nitu.mx"],"url":"https:\/\/nitu.mx\/index.php\/author\/alejandra\/"}]}},"views":316,"_links":{"self":[{"href":"https:\/\/nitu.mx\/index.php\/wp-json\/wp\/v2\/posts\/41975"}],"collection":[{"href":"https:\/\/nitu.mx\/index.php\/wp-json\/wp\/v2\/posts"}],"about":[{"href":"https:\/\/nitu.mx\/index.php\/wp-json\/wp\/v2\/types\/post"}],"author":[{"embeddable":true,"href":"https:\/\/nitu.mx\/index.php\/wp-json\/wp\/v2\/users\/3"}],"replies":[{"embeddable":true,"href":"https:\/\/nitu.mx\/index.php\/wp-json\/wp\/v2\/comments?post=41975"}],"version-history":[{"count":1,"href":"https:\/\/nitu.mx\/index.php\/wp-json\/wp\/v2\/posts\/41975\/revisions"}],"predecessor-version":[{"id":41976,"href":"https:\/\/nitu.mx\/index.php\/wp-json\/wp\/v2\/posts\/41975\/revisions\/41976"}],"wp:featuredmedia":[{"embeddable":true,"href":"https:\/\/nitu.mx\/index.php\/wp-json\/wp\/v2\/media\/41979"}],"wp:attachment":[{"href":"https:\/\/nitu.mx\/index.php\/wp-json\/wp\/v2\/media?parent=41975"}],"wp:term":[{"taxonomy":"category","embeddable":true,"href":"https:\/\/nitu.mx\/index.php\/wp-json\/wp\/v2\/categories?post=41975"},{"taxonomy":"post_tag","embeddable":true,"href":"https:\/\/nitu.mx\/index.php\/wp-json\/wp\/v2\/tags?post=41975"}],"curies":[{"name":"wp","href":"https:\/\/api.w.org\/{rel}","templated":true}]}}