{"id":41967,"date":"2020-04-21T17:28:31","date_gmt":"2020-04-21T22:28:31","guid":{"rendered":"https:\/\/www.dev.nitu.mx\/?p=41967"},"modified":"2020-04-22T18:07:48","modified_gmt":"2020-04-22T23:07:48","slug":"turismo-sera-de-los-ultimos-sectores-en-recuperarse-del-covid-19","status":"publish","type":"post","link":"https:\/\/nitu.mx\/index.php\/2020\/04\/21\/turismo-sera-de-los-ultimos-sectores-en-recuperarse-del-covid-19\/","title":{"rendered":"Turismo ser\u00e1 de los \u00faltimos sectores en recuperarse del COVID-19"},"content":{"rendered":"\n<p>El panorama no es alentador para los expertos del sector tur\u00edstico, pues auguran que ser\u00e1 de los \u00faltimos en recuperarse cuando termine la etapa cr\u00edtica de la pandemia del COVID-19. Analistas, funcionarios y empresarios coinciden en esta idea y ya se preparan para enfrentarla con diferentes estrategias.<\/p>\n\n\n\n<p>La fuerte recesi\u00f3n econ\u00f3mica que viene tras la pandemia y el temor de que contin\u00faen los contagios como lo han indicado las autoridades de salud a nivel global, son los dos principales factores que har\u00e1n m\u00e1s lenta la recuperaci\u00f3n.<\/p>\n\n\n\n<p>La afectaci\u00f3n al turismo por el brote de coronavirus inici\u00f3 con el descenso de operaciones a\u00e9reas por las restricciones de viajes y cierre de fronteras que hicieron varios pa\u00edses del mundo. Hoy pr\u00e1cticamente las aerol\u00edneas est\u00e1n paradas y algunas en serios problemas por sobrevivir.<\/p>\n\n\n\n<p>La Asociaci\u00f3n Internacional de Transporte A\u00e9reo (IATA) tiene estimado que el tr\u00e1nsito a\u00e9reo ver\u00e1 50 por ciento de recuperaci\u00f3n hacia finales de a\u00f1o. En su m\u00e1s reciente informe, revela que 60 por ciento de los pasajeros contemplan viajar dentro de los primeros dos meses despu\u00e9s de la contingencia, sin embargo el 40 por ciento restante piensa esperar hasta medio a\u00f1o.<\/p>\n\n\n\n<p>Aunque existe un gran inter\u00e9s por retomar los viajes, casi 70 por ciento de los posibles turistas esperar\u00e1n hasta considerar su situaci\u00f3n financiera, antes de hacerlo.<\/p>\n\n\n\n<p>El ex secretario de Turismo federal, Enrique de la Madrid, coincide con otros expertos del sector; y ve como riesgo una fuerte ca\u00edda de las tarifas, lo cual va a impactar en la econom\u00eda de las empresas principalmente hoteleras y a\u00e9reas, por lo que no considera que esta sea una buena opci\u00f3n para cuando pase la situaci\u00f3n. (<a href=\"https:\/\/www.dev.nitu.mx\/index.php\/2020\/04\/21\/tenemos-que-volver-a-las-4-p-producto-precio-plaza-y-promocion-dario-flota\/\">Tenemos que volver a las 4 \u201cP\u201d producto, precio, plaza y promoci\u00f3n: Dario Flota<\/a>)<\/p>\n\n\n\n<p>Para el experto en marketing tur\u00edstico, Miguel Baigts, la crisis desatada por el COVID-19 har\u00e1 replantearse la forma de vender y promocionar los destinos. Sin embargo, considera que las tecnolog\u00edas digitales a nuestro alcance hacen la tarea m\u00e1s f\u00e1cil, siempre que se usen adecuadamente y se env\u00eden mensajes asertivos al mercado, quien tambi\u00e9n habr\u00e1 cambiado.<\/p>\n\n\n\n<p>Empresarios hoteleros y de la industria de reuniones ven en el turismo de negocios la v\u00eda m\u00e1s r\u00e1pida&nbsp; para iniciar la recuperaci\u00f3n del sector; pues a pesar del boom tecnol\u00f3gico que manifiesta su poder durante la cuarentena, no frenar\u00e1 la importancia de tratar asuntos de manera presencial.<\/p>\n\n\n\n<p>El propio secretario de Turismo federal, Miguel Torruco Marqu\u00e9s, advierte que ser\u00e1 el turismo interno, no solo en M\u00e9xico, sino en cada pa\u00eds, quienes levanten al sector. Los viajes carreteros y viajes a destinos ubicados a cuatro horas promedio por v\u00eda terrestre, ser\u00e1n los primeros que visite el turista.<\/p>\n\n\n\n<p>En Oriente y Europa poco a poco inicia la apertura a actividades y a la movilidad, lo que despierta la esperanza de los turisteros, quienes en Am\u00e9rica apenas est\u00e1n en la parte m\u00e1s compleja de la pandemia.<\/p>\n","protected":false},"excerpt":{"rendered":"<p>El panorama no es alentador para los expertos del sector tur\u00edstico, pues auguran que ser\u00e1 de los \u00faltimos en recuperarse cuando termine la etapa cr\u00edtica de la pandemia del COVID-19. Analistas, funcionarios y empresarios coinciden en esta idea y ya se preparan para enfrentarla con diferentes estrategias. La fuerte recesi\u00f3n econ\u00f3mica que viene tras la [&hellip;]<\/p>\n","protected":false},"author":17,"featured_media":33323,"comment_status":"open","ping_status":"open","sticky":false,"template":"","format":"standard","meta":{"footnotes":""},"categories":[5],"tags":[18906,176,1734,910],"yoast_head":"<!-- This site is optimized with the Yoast SEO plugin v22.2 - https:\/\/yoast.com\/wordpress\/plugins\/seo\/ -->\n<title>Turismo ser\u00e1 de los \u00faltimos sectores en recuperarse del COVID-19 - Nitu - Noticias de la Industria Turistica<\/title>\n<meta name=\"robots\" content=\"index, follow, max-snippet:-1, max-image-preview:large, max-video-preview:-1\" \/>\n<link rel=\"canonical\" href=\"https:\/\/nitu.mx\/index.php\/2020\/04\/21\/turismo-sera-de-los-ultimos-sectores-en-recuperarse-del-covid-19\/\" \/>\n<meta name=\"twitter:card\" content=\"summary_large_image\" \/>\n<meta name=\"twitter:title\" content=\"Turismo ser\u00e1 de los \u00faltimos sectores en recuperarse del COVID-19 - Nitu - Noticias de la Industria Turistica\" \/>\n<meta name=\"twitter:description\" content=\"El panorama no es alentador para los expertos del sector tur\u00edstico, pues auguran que ser\u00e1 de los \u00faltimos en recuperarse cuando termine la etapa cr\u00edtica de la pandemia del COVID-19. Analistas, funcionarios y empresarios coinciden en esta idea y ya se preparan para enfrentarla con diferentes estrategias. La fuerte recesi\u00f3n econ\u00f3mica que viene tras la [&hellip;]\" \/>\n<meta name=\"twitter:image\" content=\"https:\/\/nitu.mx\/wp-content\/uploads\/2019\/07\/Mazatl\u00e1n-playa.jpg\" \/>\n<meta name=\"twitter:creator\" content=\"@NITUmx\" \/>\n<meta name=\"twitter:site\" content=\"@Arturo_Medina_G\" \/>\n<meta name=\"twitter:label1\" content=\"Escrito por\" \/>\n\t<meta name=\"twitter:data1\" content=\"Redacci\u00f3n\" \/>\n\t<meta name=\"twitter:label2\" content=\"Tiempo de lectura\" \/>\n\t<meta name=\"twitter:data2\" content=\"3 minutos\" \/>\n<script type=\"application\/ld+json\" class=\"yoast-schema-graph\">{\"@context\":\"https:\/\/schema.org\",\"@graph\":[{\"@type\":\"Article\",\"@id\":\"https:\/\/nitu.mx\/index.php\/2020\/04\/21\/turismo-sera-de-los-ultimos-sectores-en-recuperarse-del-covid-19\/#article\",\"isPartOf\":{\"@id\":\"https:\/\/nitu.mx\/index.php\/2020\/04\/21\/turismo-sera-de-los-ultimos-sectores-en-recuperarse-del-covid-19\/\"},\"author\":{\"name\":\"Redacci\u00f3n\",\"@id\":\"https:\/\/nitu.mx\/#\/schema\/person\/4a28fe9bd65924f7c90623773daf1b0b\"},\"headline\":\"Turismo ser\u00e1 de los \u00faltimos sectores en recuperarse del COVID-19\",\"datePublished\":\"2020-04-21T22:28:31+00:00\",\"dateModified\":\"2020-04-22T23:07:48+00:00\",\"mainEntityOfPage\":{\"@id\":\"https:\/\/nitu.mx\/index.php\/2020\/04\/21\/turismo-sera-de-los-ultimos-sectores-en-recuperarse-del-covid-19\/\"},\"wordCount\":532,\"commentCount\":0,\"publisher\":{\"@id\":\"https:\/\/nitu.mx\/#\/schema\/person\/ae7a53426417292d3dd07b45a33e01bc\"},\"image\":{\"@id\":\"https:\/\/nitu.mx\/index.php\/2020\/04\/21\/turismo-sera-de-los-ultimos-sectores-en-recuperarse-del-covid-19\/#primaryimage\"},\"thumbnailUrl\":\"https:\/\/nitu.mx\/wp-content\/uploads\/2019\/07\/Mazatl\u00e1n-playa.jpg\",\"keywords\":[\"Covid-19\",\"Enrique de la Madrid\",\"IATA\",\"Miguel Torruco\"],\"articleSection\":[\"Destinos\"],\"inLanguage\":\"es-MX\",\"potentialAction\":[{\"@type\":\"CommentAction\",\"name\":\"Comment\",\"target\":[\"https:\/\/nitu.mx\/index.php\/2020\/04\/21\/turismo-sera-de-los-ultimos-sectores-en-recuperarse-del-covid-19\/#respond\"]}]},{\"@type\":\"WebPage\",\"@id\":\"https:\/\/nitu.mx\/index.php\/2020\/04\/21\/turismo-sera-de-los-ultimos-sectores-en-recuperarse-del-covid-19\/\",\"url\":\"https:\/\/nitu.mx\/index.php\/2020\/04\/21\/turismo-sera-de-los-ultimos-sectores-en-recuperarse-del-covid-19\/\",\"name\":\"Turismo ser\u00e1 de los \u00faltimos sectores en recuperarse del COVID-19 - Nitu - Noticias de la Industria Turistica\",\"isPartOf\":{\"@id\":\"https:\/\/nitu.mx\/#website\"},\"primaryImageOfPage\":{\"@id\":\"https:\/\/nitu.mx\/index.php\/2020\/04\/21\/turismo-sera-de-los-ultimos-sectores-en-recuperarse-del-covid-19\/#primaryimage\"},\"image\":{\"@id\":\"https:\/\/nitu.mx\/index.php\/2020\/04\/21\/turismo-sera-de-los-ultimos-sectores-en-recuperarse-del-covid-19\/#primaryimage\"},\"thumbnailUrl\":\"https:\/\/nitu.mx\/wp-content\/uploads\/2019\/07\/Mazatl\u00e1n-playa.jpg\",\"datePublished\":\"2020-04-21T22:28:31+00:00\",\"dateModified\":\"2020-04-22T23:07:48+00:00\",\"breadcrumb\":{\"@id\":\"https:\/\/nitu.mx\/index.php\/2020\/04\/21\/turismo-sera-de-los-ultimos-sectores-en-recuperarse-del-covid-19\/#breadcrumb\"},\"inLanguage\":\"es-MX\",\"potentialAction\":[{\"@type\":\"ReadAction\",\"target\":[\"https:\/\/nitu.mx\/index.php\/2020\/04\/21\/turismo-sera-de-los-ultimos-sectores-en-recuperarse-del-covid-19\/\"]}]},{\"@type\":\"ImageObject\",\"inLanguage\":\"es-MX\",\"@id\":\"https:\/\/nitu.mx\/index.php\/2020\/04\/21\/turismo-sera-de-los-ultimos-sectores-en-recuperarse-del-covid-19\/#primaryimage\",\"url\":\"https:\/\/nitu.mx\/wp-content\/uploads\/2019\/07\/Mazatl\u00e1n-playa.jpg\",\"contentUrl\":\"https:\/\/nitu.mx\/wp-content\/uploads\/2019\/07\/Mazatl\u00e1n-playa.jpg\",\"width\":850,\"height\":480,\"caption\":\"fines de semana largos ANCH\"},{\"@type\":\"BreadcrumbList\",\"@id\":\"https:\/\/nitu.mx\/index.php\/2020\/04\/21\/turismo-sera-de-los-ultimos-sectores-en-recuperarse-del-covid-19\/#breadcrumb\",\"itemListElement\":[{\"@type\":\"ListItem\",\"position\":1,\"name\":\"Inicio\",\"item\":\"https:\/\/nitu.mx\/\"},{\"@type\":\"ListItem\",\"position\":2,\"name\":\"Turismo ser\u00e1 de los \u00faltimos sectores en recuperarse del COVID-19\"}]},{\"@type\":\"WebSite\",\"@id\":\"https:\/\/nitu.mx\/#website\",\"url\":\"https:\/\/nitu.mx\/\",\"name\":\"Nitu - Noticias de la Industria Turistica\",\"description\":\"Noticias de la Industria Turistica\",\"publisher\":{\"@id\":\"https:\/\/nitu.mx\/#\/schema\/person\/ae7a53426417292d3dd07b45a33e01bc\"},\"alternateName\":\"Noticias de la Industria Turistica\",\"potentialAction\":[{\"@type\":\"SearchAction\",\"target\":{\"@type\":\"EntryPoint\",\"urlTemplate\":\"https:\/\/nitu.mx\/?s={search_term_string}\"},\"query-input\":\"required name=search_term_string\"}],\"inLanguage\":\"es-MX\"},{\"@type\":[\"Person\",\"Organization\"],\"@id\":\"https:\/\/nitu.mx\/#\/schema\/person\/ae7a53426417292d3dd07b45a33e01bc\",\"name\":\"Arturo Medina\",\"image\":{\"@type\":\"ImageObject\",\"inLanguage\":\"es-MX\",\"@id\":\"https:\/\/nitu.mx\/#\/schema\/person\/image\/\",\"url\":\"https:\/\/nitu.mx\/wp-content\/uploads\/2024\/04\/4A315622-1904-4D5C-B022-878CDC840E04-90x90-1.jpeg\",\"contentUrl\":\"https:\/\/nitu.mx\/wp-content\/uploads\/2024\/04\/4A315622-1904-4D5C-B022-878CDC840E04-90x90-1.jpeg\",\"width\":90,\"height\":90,\"caption\":\"Arturo Medina\"},\"logo\":{\"@id\":\"https:\/\/nitu.mx\/#\/schema\/person\/image\/\"},\"description\":\"Director NITU.mx, Egresado de la Escuela de Periodismo Carlos Septi\u00e9n Garc\u00eda. Periodista y analista especializado en turismo desde hace 35 a\u00f1os, radicado en Canc\u00fan Q.Roo. arturo@nitu.mx\",\"sameAs\":[\"https:\/\/nitu.mx\",\"https:\/\/www.facebook.com\/NITUmx\/\",\"medinacancun\",\"https:\/\/twitter.com\/@Arturo_Medina_G\"]},{\"@type\":\"Person\",\"@id\":\"https:\/\/nitu.mx\/#\/schema\/person\/4a28fe9bd65924f7c90623773daf1b0b\",\"name\":\"Redacci\u00f3n\",\"image\":{\"@type\":\"ImageObject\",\"inLanguage\":\"es-MX\",\"@id\":\"https:\/\/nitu.mx\/#\/schema\/person\/image\/\",\"url\":\"https:\/\/secure.gravatar.com\/avatar\/5dd011c8ccfc5cd7e4c81e42252aab38?s=96&d=mm&r=g\",\"contentUrl\":\"https:\/\/secure.gravatar.com\/avatar\/5dd011c8ccfc5cd7e4c81e42252aab38?s=96&d=mm&r=g\",\"caption\":\"Redacci\u00f3n\"},\"url\":\"https:\/\/nitu.mx\/index.php\/author\/redaccion\/\"}]}<\/script>\n<!-- \/ Yoast SEO plugin. -->","yoast_head_json":{"title":"Turismo ser\u00e1 de los \u00faltimos sectores en recuperarse del COVID-19 - Nitu - Noticias de la Industria Turistica","robots":{"index":"index","follow":"follow","max-snippet":"max-snippet:-1","max-image-preview":"max-image-preview:large","max-video-preview":"max-video-preview:-1"},"canonical":"https:\/\/nitu.mx\/index.php\/2020\/04\/21\/turismo-sera-de-los-ultimos-sectores-en-recuperarse-del-covid-19\/","twitter_card":"summary_large_image","twitter_title":"Turismo ser\u00e1 de los \u00faltimos sectores en recuperarse del COVID-19 - Nitu - Noticias de la Industria Turistica","twitter_description":"El panorama no es alentador para los expertos del sector tur\u00edstico, pues auguran que ser\u00e1 de los \u00faltimos en recuperarse cuando termine la etapa cr\u00edtica de la pandemia del COVID-19. Analistas, funcionarios y empresarios coinciden en esta idea y ya se preparan para enfrentarla con diferentes estrategias. La fuerte recesi\u00f3n econ\u00f3mica que viene tras la [&hellip;]","twitter_image":"https:\/\/nitu.mx\/wp-content\/uploads\/2019\/07\/Mazatl\u00e1n-playa.jpg","twitter_creator":"@NITUmx","twitter_site":"@Arturo_Medina_G","twitter_misc":{"Escrito por":"Redacci\u00f3n","Tiempo de lectura":"3 minutos"},"schema":{"@context":"https:\/\/schema.org","@graph":[{"@type":"Article","@id":"https:\/\/nitu.mx\/index.php\/2020\/04\/21\/turismo-sera-de-los-ultimos-sectores-en-recuperarse-del-covid-19\/#article","isPartOf":{"@id":"https:\/\/nitu.mx\/index.php\/2020\/04\/21\/turismo-sera-de-los-ultimos-sectores-en-recuperarse-del-covid-19\/"},"author":{"name":"Redacci\u00f3n","@id":"https:\/\/nitu.mx\/#\/schema\/person\/4a28fe9bd65924f7c90623773daf1b0b"},"headline":"Turismo ser\u00e1 de los \u00faltimos sectores en recuperarse del COVID-19","datePublished":"2020-04-21T22:28:31+00:00","dateModified":"2020-04-22T23:07:48+00:00","mainEntityOfPage":{"@id":"https:\/\/nitu.mx\/index.php\/2020\/04\/21\/turismo-sera-de-los-ultimos-sectores-en-recuperarse-del-covid-19\/"},"wordCount":532,"commentCount":0,"publisher":{"@id":"https:\/\/nitu.mx\/#\/schema\/person\/ae7a53426417292d3dd07b45a33e01bc"},"image":{"@id":"https:\/\/nitu.mx\/index.php\/2020\/04\/21\/turismo-sera-de-los-ultimos-sectores-en-recuperarse-del-covid-19\/#primaryimage"},"thumbnailUrl":"https:\/\/nitu.mx\/wp-content\/uploads\/2019\/07\/Mazatl\u00e1n-playa.jpg","keywords":["Covid-19","Enrique de la Madrid","IATA","Miguel Torruco"],"articleSection":["Destinos"],"inLanguage":"es-MX","potentialAction":[{"@type":"CommentAction","name":"Comment","target":["https:\/\/nitu.mx\/index.php\/2020\/04\/21\/turismo-sera-de-los-ultimos-sectores-en-recuperarse-del-covid-19\/#respond"]}]},{"@type":"WebPage","@id":"https:\/\/nitu.mx\/index.php\/2020\/04\/21\/turismo-sera-de-los-ultimos-sectores-en-recuperarse-del-covid-19\/","url":"https:\/\/nitu.mx\/index.php\/2020\/04\/21\/turismo-sera-de-los-ultimos-sectores-en-recuperarse-del-covid-19\/","name":"Turismo ser\u00e1 de los \u00faltimos sectores en recuperarse del COVID-19 - Nitu - Noticias de la Industria Turistica","isPartOf":{"@id":"https:\/\/nitu.mx\/#website"},"primaryImageOfPage":{"@id":"https:\/\/nitu.mx\/index.php\/2020\/04\/21\/turismo-sera-de-los-ultimos-sectores-en-recuperarse-del-covid-19\/#primaryimage"},"image":{"@id":"https:\/\/nitu.mx\/index.php\/2020\/04\/21\/turismo-sera-de-los-ultimos-sectores-en-recuperarse-del-covid-19\/#primaryimage"},"thumbnailUrl":"https:\/\/nitu.mx\/wp-content\/uploads\/2019\/07\/Mazatl\u00e1n-playa.jpg","datePublished":"2020-04-21T22:28:31+00:00","dateModified":"2020-04-22T23:07:48+00:00","breadcrumb":{"@id":"https:\/\/nitu.mx\/index.php\/2020\/04\/21\/turismo-sera-de-los-ultimos-sectores-en-recuperarse-del-covid-19\/#breadcrumb"},"inLanguage":"es-MX","potentialAction":[{"@type":"ReadAction","target":["https:\/\/nitu.mx\/index.php\/2020\/04\/21\/turismo-sera-de-los-ultimos-sectores-en-recuperarse-del-covid-19\/"]}]},{"@type":"ImageObject","inLanguage":"es-MX","@id":"https:\/\/nitu.mx\/index.php\/2020\/04\/21\/turismo-sera-de-los-ultimos-sectores-en-recuperarse-del-covid-19\/#primaryimage","url":"https:\/\/nitu.mx\/wp-content\/uploads\/2019\/07\/Mazatl\u00e1n-playa.jpg","contentUrl":"https:\/\/nitu.mx\/wp-content\/uploads\/2019\/07\/Mazatl\u00e1n-playa.jpg","width":850,"height":480,"caption":"fines de semana largos ANCH"},{"@type":"BreadcrumbList","@id":"https:\/\/nitu.mx\/index.php\/2020\/04\/21\/turismo-sera-de-los-ultimos-sectores-en-recuperarse-del-covid-19\/#breadcrumb","itemListElement":[{"@type":"ListItem","position":1,"name":"Inicio","item":"https:\/\/nitu.mx\/"},{"@type":"ListItem","position":2,"name":"Turismo ser\u00e1 de los \u00faltimos sectores en recuperarse del COVID-19"}]},{"@type":"WebSite","@id":"https:\/\/nitu.mx\/#website","url":"https:\/\/nitu.mx\/","name":"Nitu - Noticias de la Industria Turistica","description":"Noticias de la Industria Turistica","publisher":{"@id":"https:\/\/nitu.mx\/#\/schema\/person\/ae7a53426417292d3dd07b45a33e01bc"},"alternateName":"Noticias de la Industria Turistica","potentialAction":[{"@type":"SearchAction","target":{"@type":"EntryPoint","urlTemplate":"https:\/\/nitu.mx\/?s={search_term_string}"},"query-input":"required name=search_term_string"}],"inLanguage":"es-MX"},{"@type":["Person","Organization"],"@id":"https:\/\/nitu.mx\/#\/schema\/person\/ae7a53426417292d3dd07b45a33e01bc","name":"Arturo Medina","image":{"@type":"ImageObject","inLanguage":"es-MX","@id":"https:\/\/nitu.mx\/#\/schema\/person\/image\/","url":"https:\/\/nitu.mx\/wp-content\/uploads\/2024\/04\/4A315622-1904-4D5C-B022-878CDC840E04-90x90-1.jpeg","contentUrl":"https:\/\/nitu.mx\/wp-content\/uploads\/2024\/04\/4A315622-1904-4D5C-B022-878CDC840E04-90x90-1.jpeg","width":90,"height":90,"caption":"Arturo Medina"},"logo":{"@id":"https:\/\/nitu.mx\/#\/schema\/person\/image\/"},"description":"Director NITU.mx, Egresado de la Escuela de Periodismo Carlos Septi\u00e9n Garc\u00eda. Periodista y analista especializado en turismo desde hace 35 a\u00f1os, radicado en Canc\u00fan Q.Roo. arturo@nitu.mx","sameAs":["https:\/\/nitu.mx","https:\/\/www.facebook.com\/NITUmx\/","medinacancun","https:\/\/twitter.com\/@Arturo_Medina_G"]},{"@type":"Person","@id":"https:\/\/nitu.mx\/#\/schema\/person\/4a28fe9bd65924f7c90623773daf1b0b","name":"Redacci\u00f3n","image":{"@type":"ImageObject","inLanguage":"es-MX","@id":"https:\/\/nitu.mx\/#\/schema\/person\/image\/","url":"https:\/\/secure.gravatar.com\/avatar\/5dd011c8ccfc5cd7e4c81e42252aab38?s=96&d=mm&r=g","contentUrl":"https:\/\/secure.gravatar.com\/avatar\/5dd011c8ccfc5cd7e4c81e42252aab38?s=96&d=mm&r=g","caption":"Redacci\u00f3n"},"url":"https:\/\/nitu.mx\/index.php\/author\/redaccion\/"}]}},"views":320,"_links":{"self":[{"href":"https:\/\/nitu.mx\/index.php\/wp-json\/wp\/v2\/posts\/41967"}],"collection":[{"href":"https:\/\/nitu.mx\/index.php\/wp-json\/wp\/v2\/posts"}],"about":[{"href":"https:\/\/nitu.mx\/index.php\/wp-json\/wp\/v2\/types\/post"}],"author":[{"embeddable":true,"href":"https:\/\/nitu.mx\/index.php\/wp-json\/wp\/v2\/users\/17"}],"replies":[{"embeddable":true,"href":"https:\/\/nitu.mx\/index.php\/wp-json\/wp\/v2\/comments?post=41967"}],"version-history":[{"count":1,"href":"https:\/\/nitu.mx\/index.php\/wp-json\/wp\/v2\/posts\/41967\/revisions"}],"predecessor-version":[{"id":41968,"href":"https:\/\/nitu.mx\/index.php\/wp-json\/wp\/v2\/posts\/41967\/revisions\/41968"}],"wp:featuredmedia":[{"embeddable":true,"href":"https:\/\/nitu.mx\/index.php\/wp-json\/wp\/v2\/media\/33323"}],"wp:attachment":[{"href":"https:\/\/nitu.mx\/index.php\/wp-json\/wp\/v2\/media?parent=41967"}],"wp:term":[{"taxonomy":"category","embeddable":true,"href":"https:\/\/nitu.mx\/index.php\/wp-json\/wp\/v2\/categories?post=41967"},{"taxonomy":"post_tag","embeddable":true,"href":"https:\/\/nitu.mx\/index.php\/wp-json\/wp\/v2\/tags?post=41967"}],"curies":[{"name":"wp","href":"https:\/\/api.w.org\/{rel}","templated":true}]}}