{"id":41961,"date":"2020-04-21T12:30:29","date_gmt":"2020-04-21T17:30:29","guid":{"rendered":"https:\/\/www.dev.nitu.mx\/?p=41961"},"modified":"2020-04-22T13:15:28","modified_gmt":"2020-04-22T18:15:28","slug":"tenemos-que-volver-a-las-4-p-producto-precio-plaza-y-promocion-dario-flota","status":"publish","type":"post","link":"https:\/\/nitu.mx\/index.php\/2020\/04\/21\/tenemos-que-volver-a-las-4-p-producto-precio-plaza-y-promocion-dario-flota\/","title":{"rendered":"Tenemos que volver a las 4 &#8220;P&#8221; producto, precio, plaza y promoci\u00f3n: Dar\u00edo Flota"},"content":{"rendered":"\n<p>En la reflexi\u00f3n luego de participar en un encuentro virtual llamado el &#8220;Turismo que Viene&#8221; el director del Consejo de Promoci\u00f3n Tur\u00edstica de Quintana Roo, Dario Flota Ocampo, comento que una vez que pase la emergencia por el COVID-19 habr\u00e1 que volver a las cuatro &#8220;P&#8221; producto, precio, plaza y promoci\u00f3n.<\/p>\n\n\n\n<p>La facilidad de desplazamiento ser\u00e1 un factor determinante para la recuperaci\u00f3n de los destinos tur\u00edsticos del Caribe Mexicano, asever\u00f3 Dario Flota en el p\u00e1nel denominado&nbsp;<em>El Destino de la Promoci\u00f3n&nbsp;<\/em>mismo que tuvo record de asistencia de mil personas y fue moderado por Tony Yarto,&nbsp;director general del Grupo Turespacio,&nbsp;donde<em>&nbsp;<\/em>tambi\u00e9n particip\u00f3 Gilberto Salcedo, vicepresidente de Turismo Pro Colombia.&nbsp;<\/p>\n\n\n\n<p>El encuentro virtual es parte de una serie de webinars denominados el \u201cTurismo que Viene\u201d que organiza INCUBATOUR con diferentes representantes del sector tur\u00edstico a trav\u00e9s de la plataforma ZOOM.<\/p>\n\n\n\n<figure class=\"wp-block-embed-youtube wp-block-embed is-type-video is-provider-youtube wp-embed-aspect-16-9 wp-has-aspect-ratio\"><div class=\"wp-block-embed__wrapper\">\n<iframe loading=\"lazy\" title=\"Cancun 50 a\u00f1os \u201cEl para\u00edso puede esperar\u201d\" width=\"1320\" height=\"743\" src=\"https:\/\/www.youtube.com\/embed\/STlThtvB2_w?feature=oembed\" frameborder=\"0\" allow=\"accelerometer; autoplay; clipboard-write; encrypted-media; gyroscope; picture-in-picture; web-share\" allowfullscreen><\/iframe>\n<\/div><figcaption>Justo en su cumplea\u00f1os 50 Canc\u00fan vive en paz, pero sin alma, el alma que le dan los miles de trabajadores y turistas que cada d\u00eda le dan vida. \u201cEl para\u00edso puede esperar\u201d<\/figcaption><\/figure>\n\n\n\n<p>\u201cVa a ser necesario reactivar la econom\u00eda desde la tiendida de la esquina, la peluquer\u00eda del barrio y poco a poco ir de menos a m\u00e1s. Creo que primero vendr\u00e1n los m\u00e1s cercanos, el turista va a viajar, cuando pueda hacerlo, a lugares que tiene f\u00e1cil movilidad y despu\u00e9s se ir\u00e1n desplazando. Se deber\u00e1n hacer rutas para que en un mismo viaje se pueda ir a varios lugares. Hay que presionar en la b\u00fasqueda de aerol\u00edneas americanas por regresar lo m\u00e1s pronto posible al Aeropuerto Internacional de Canc\u00fan refleja el inter\u00e9s del principal mercado extranjero para el Caribe Mexicano, Estados Unidos. A\u00fan as\u00ed se seguir\u00e1n todas las indicaciones que las autoridades federales determinen para procurar la salud y ser\u00e1 en el transcurso de los pr\u00f3ximos d\u00edas cuando se determinen este tipo de acciones.<\/p>\n\n\n\n<figure class=\"wp-block-image size-large\"><img decoding=\"async\" loading=\"lazy\" width=\"1024\" height=\"576\" src=\"https:\/\/www.dev.nitu.mx\/wp-content\/uploads\/2020\/04\/WhatsApp-Image-2020-04-21-at-12.13.03-1024x576.jpeg\" alt=\"\" class=\"wp-image-41963\" srcset=\"https:\/\/nitu.mx\/wp-content\/uploads\/2020\/04\/WhatsApp-Image-2020-04-21-at-12.13.03-1024x576.jpeg 1024w, https:\/\/nitu.mx\/wp-content\/uploads\/2020\/04\/WhatsApp-Image-2020-04-21-at-12.13.03-300x169.jpeg 300w, https:\/\/nitu.mx\/wp-content\/uploads\/2020\/04\/WhatsApp-Image-2020-04-21-at-12.13.03-768x432.jpeg 768w, https:\/\/nitu.mx\/wp-content\/uploads\/2020\/04\/WhatsApp-Image-2020-04-21-at-12.13.03-848x478.jpeg 848w, https:\/\/nitu.mx\/wp-content\/uploads\/2020\/04\/WhatsApp-Image-2020-04-21-at-12.13.03.jpeg 1280w\" sizes=\"(max-width: 1024px) 100vw, 1024px\" \/><\/figure>\n\n\n\n<p>El CPTQ&nbsp;&nbsp;se mantiene trabajando en la campa\u00f1a de promoci\u00f3n que se lanzar\u00e1 para la recuperaci\u00f3n de los destinos tur\u00edsticos del Caribe Mexicano en las pr\u00f3ximas semanas. Mientras que este 20 de abril se estren\u00f3 la secuela del video \u201cEl Para\u00edso Puede Esperar\u201d esta vez enfocado en el aniversario 50 de Canc\u00fan. Durante los pr\u00f3ximos d\u00edas, Flota Ocampo seguir\u00e1 participando en conferencias virtuales y seminarios dirigidos a agentes de viajes.&nbsp;<\/p>\n\n\n\n<p><\/p>\n","protected":false},"excerpt":{"rendered":"<p>En la reflexi\u00f3n luego de participar en un encuentro virtual llamado el &#8220;Turismo que Viene&#8221; el director del Consejo de Promoci\u00f3n Tur\u00edstica de Quintana Roo, Dario Flota Ocampo, comento que una vez que pase la emergencia por el COVID-19 habr\u00e1 que volver a las cuatro &#8220;P&#8221; producto, precio, plaza y promoci\u00f3n. La facilidad de desplazamiento [&hellip;]<\/p>\n","protected":false},"author":17,"featured_media":41896,"comment_status":"open","ping_status":"open","sticky":false,"template":"","format":"standard","meta":{"footnotes":""},"categories":[18475,5],"tags":[83,8145,1812],"yoast_head":"<!-- This site is optimized with the Yoast SEO plugin v22.2 - https:\/\/yoast.com\/wordpress\/plugins\/seo\/ -->\n<title>Tenemos que volver a las 4 &quot;P&quot; producto, precio, plaza y promoci\u00f3n: Dar\u00edo Flota - Nitu - Noticias de la Industria Turistica<\/title>\n<meta name=\"robots\" content=\"index, follow, max-snippet:-1, max-image-preview:large, max-video-preview:-1\" \/>\n<link rel=\"canonical\" href=\"https:\/\/nitu.mx\/index.php\/2020\/04\/21\/tenemos-que-volver-a-las-4-p-producto-precio-plaza-y-promocion-dario-flota\/\" \/>\n<meta name=\"twitter:card\" content=\"summary_large_image\" \/>\n<meta name=\"twitter:title\" content=\"Tenemos que volver a las 4 &quot;P&quot; producto, precio, plaza y promoci\u00f3n: Dar\u00edo Flota - Nitu - Noticias de la Industria Turistica\" \/>\n<meta name=\"twitter:description\" content=\"En la reflexi\u00f3n luego de participar en un encuentro virtual llamado el &#8220;Turismo que Viene&#8221; el director del Consejo de Promoci\u00f3n Tur\u00edstica de Quintana Roo, Dario Flota Ocampo, comento que una vez que pase la emergencia por el COVID-19 habr\u00e1 que volver a las cuatro &#8220;P&#8221; producto, precio, plaza y promoci\u00f3n. La facilidad de desplazamiento [&hellip;]\" \/>\n<meta name=\"twitter:image\" content=\"https:\/\/nitu.mx\/wp-content\/uploads\/2020\/04\/WhatsApp-Image-2020-04-19-at-19.04.27-1.jpeg\" \/>\n<meta name=\"twitter:creator\" content=\"@NITUmx\" \/>\n<meta name=\"twitter:site\" content=\"@Arturo_Medina_G\" \/>\n<meta name=\"twitter:label1\" content=\"Escrito por\" \/>\n\t<meta name=\"twitter:data1\" content=\"Redacci\u00f3n\" \/>\n\t<meta name=\"twitter:label2\" content=\"Tiempo de lectura\" \/>\n\t<meta name=\"twitter:data2\" content=\"2 minutos\" \/>\n<script type=\"application\/ld+json\" class=\"yoast-schema-graph\">{\"@context\":\"https:\/\/schema.org\",\"@graph\":[{\"@type\":\"Article\",\"@id\":\"https:\/\/nitu.mx\/index.php\/2020\/04\/21\/tenemos-que-volver-a-las-4-p-producto-precio-plaza-y-promocion-dario-flota\/#article\",\"isPartOf\":{\"@id\":\"https:\/\/nitu.mx\/index.php\/2020\/04\/21\/tenemos-que-volver-a-las-4-p-producto-precio-plaza-y-promocion-dario-flota\/\"},\"author\":{\"name\":\"Redacci\u00f3n\",\"@id\":\"https:\/\/nitu.mx\/#\/schema\/person\/4a28fe9bd65924f7c90623773daf1b0b\"},\"headline\":\"Tenemos que volver a las 4 &#8220;P&#8221; producto, precio, plaza y promoci\u00f3n: Dar\u00edo Flota\",\"datePublished\":\"2020-04-21T17:30:29+00:00\",\"dateModified\":\"2020-04-22T18:15:28+00:00\",\"mainEntityOfPage\":{\"@id\":\"https:\/\/nitu.mx\/index.php\/2020\/04\/21\/tenemos-que-volver-a-las-4-p-producto-precio-plaza-y-promocion-dario-flota\/\"},\"wordCount\":445,\"commentCount\":0,\"publisher\":{\"@id\":\"https:\/\/nitu.mx\/#\/schema\/person\/ae7a53426417292d3dd07b45a33e01bc\"},\"image\":{\"@id\":\"https:\/\/nitu.mx\/index.php\/2020\/04\/21\/tenemos-que-volver-a-las-4-p-producto-precio-plaza-y-promocion-dario-flota\/#primaryimage\"},\"thumbnailUrl\":\"https:\/\/nitu.mx\/wp-content\/uploads\/2020\/04\/WhatsApp-Image-2020-04-19-at-19.04.27-1.jpeg\",\"keywords\":[\"Caribe mexicano\",\"CPTQ\",\"Dar\u00edo Flota\"],\"articleSection\":[\"Caribe Mexicano\",\"Destinos\"],\"inLanguage\":\"es-MX\",\"potentialAction\":[{\"@type\":\"CommentAction\",\"name\":\"Comment\",\"target\":[\"https:\/\/nitu.mx\/index.php\/2020\/04\/21\/tenemos-que-volver-a-las-4-p-producto-precio-plaza-y-promocion-dario-flota\/#respond\"]}]},{\"@type\":\"WebPage\",\"@id\":\"https:\/\/nitu.mx\/index.php\/2020\/04\/21\/tenemos-que-volver-a-las-4-p-producto-precio-plaza-y-promocion-dario-flota\/\",\"url\":\"https:\/\/nitu.mx\/index.php\/2020\/04\/21\/tenemos-que-volver-a-las-4-p-producto-precio-plaza-y-promocion-dario-flota\/\",\"name\":\"Tenemos que volver a las 4 \\\"P\\\" producto, precio, plaza y promoci\u00f3n: Dar\u00edo Flota - Nitu - Noticias de la Industria Turistica\",\"isPartOf\":{\"@id\":\"https:\/\/nitu.mx\/#website\"},\"primaryImageOfPage\":{\"@id\":\"https:\/\/nitu.mx\/index.php\/2020\/04\/21\/tenemos-que-volver-a-las-4-p-producto-precio-plaza-y-promocion-dario-flota\/#primaryimage\"},\"image\":{\"@id\":\"https:\/\/nitu.mx\/index.php\/2020\/04\/21\/tenemos-que-volver-a-las-4-p-producto-precio-plaza-y-promocion-dario-flota\/#primaryimage\"},\"thumbnailUrl\":\"https:\/\/nitu.mx\/wp-content\/uploads\/2020\/04\/WhatsApp-Image-2020-04-19-at-19.04.27-1.jpeg\",\"datePublished\":\"2020-04-21T17:30:29+00:00\",\"dateModified\":\"2020-04-22T18:15:28+00:00\",\"breadcrumb\":{\"@id\":\"https:\/\/nitu.mx\/index.php\/2020\/04\/21\/tenemos-que-volver-a-las-4-p-producto-precio-plaza-y-promocion-dario-flota\/#breadcrumb\"},\"inLanguage\":\"es-MX\",\"potentialAction\":[{\"@type\":\"ReadAction\",\"target\":[\"https:\/\/nitu.mx\/index.php\/2020\/04\/21\/tenemos-que-volver-a-las-4-p-producto-precio-plaza-y-promocion-dario-flota\/\"]}]},{\"@type\":\"ImageObject\",\"inLanguage\":\"es-MX\",\"@id\":\"https:\/\/nitu.mx\/index.php\/2020\/04\/21\/tenemos-que-volver-a-las-4-p-producto-precio-plaza-y-promocion-dario-flota\/#primaryimage\",\"url\":\"https:\/\/nitu.mx\/wp-content\/uploads\/2020\/04\/WhatsApp-Image-2020-04-19-at-19.04.27-1.jpeg\",\"contentUrl\":\"https:\/\/nitu.mx\/wp-content\/uploads\/2020\/04\/WhatsApp-Image-2020-04-19-at-19.04.27-1.jpeg\",\"width\":1280,\"height\":723},{\"@type\":\"BreadcrumbList\",\"@id\":\"https:\/\/nitu.mx\/index.php\/2020\/04\/21\/tenemos-que-volver-a-las-4-p-producto-precio-plaza-y-promocion-dario-flota\/#breadcrumb\",\"itemListElement\":[{\"@type\":\"ListItem\",\"position\":1,\"name\":\"Inicio\",\"item\":\"https:\/\/nitu.mx\/\"},{\"@type\":\"ListItem\",\"position\":2,\"name\":\"Tenemos que volver a las 4 &#8220;P&#8221; producto, precio, plaza y promoci\u00f3n: Dar\u00edo Flota\"}]},{\"@type\":\"WebSite\",\"@id\":\"https:\/\/nitu.mx\/#website\",\"url\":\"https:\/\/nitu.mx\/\",\"name\":\"Nitu - Noticias de la Industria Turistica\",\"description\":\"Noticias de la Industria Turistica\",\"publisher\":{\"@id\":\"https:\/\/nitu.mx\/#\/schema\/person\/ae7a53426417292d3dd07b45a33e01bc\"},\"alternateName\":\"Noticias de la Industria Turistica\",\"potentialAction\":[{\"@type\":\"SearchAction\",\"target\":{\"@type\":\"EntryPoint\",\"urlTemplate\":\"https:\/\/nitu.mx\/?s={search_term_string}\"},\"query-input\":\"required name=search_term_string\"}],\"inLanguage\":\"es-MX\"},{\"@type\":[\"Person\",\"Organization\"],\"@id\":\"https:\/\/nitu.mx\/#\/schema\/person\/ae7a53426417292d3dd07b45a33e01bc\",\"name\":\"Arturo Medina\",\"image\":{\"@type\":\"ImageObject\",\"inLanguage\":\"es-MX\",\"@id\":\"https:\/\/nitu.mx\/#\/schema\/person\/image\/\",\"url\":\"https:\/\/nitu.mx\/wp-content\/uploads\/2024\/04\/4A315622-1904-4D5C-B022-878CDC840E04-90x90-1.jpeg\",\"contentUrl\":\"https:\/\/nitu.mx\/wp-content\/uploads\/2024\/04\/4A315622-1904-4D5C-B022-878CDC840E04-90x90-1.jpeg\",\"width\":90,\"height\":90,\"caption\":\"Arturo Medina\"},\"logo\":{\"@id\":\"https:\/\/nitu.mx\/#\/schema\/person\/image\/\"},\"description\":\"Director NITU.mx, Egresado de la Escuela de Periodismo Carlos Septi\u00e9n Garc\u00eda. Periodista y analista especializado en turismo desde hace 35 a\u00f1os, radicado en Canc\u00fan Q.Roo. arturo@nitu.mx\",\"sameAs\":[\"https:\/\/nitu.mx\",\"https:\/\/www.facebook.com\/NITUmx\/\",\"medinacancun\",\"https:\/\/twitter.com\/@Arturo_Medina_G\"]},{\"@type\":\"Person\",\"@id\":\"https:\/\/nitu.mx\/#\/schema\/person\/4a28fe9bd65924f7c90623773daf1b0b\",\"name\":\"Redacci\u00f3n\",\"image\":{\"@type\":\"ImageObject\",\"inLanguage\":\"es-MX\",\"@id\":\"https:\/\/nitu.mx\/#\/schema\/person\/image\/\",\"url\":\"https:\/\/secure.gravatar.com\/avatar\/5dd011c8ccfc5cd7e4c81e42252aab38?s=96&d=mm&r=g\",\"contentUrl\":\"https:\/\/secure.gravatar.com\/avatar\/5dd011c8ccfc5cd7e4c81e42252aab38?s=96&d=mm&r=g\",\"caption\":\"Redacci\u00f3n\"},\"url\":\"https:\/\/nitu.mx\/index.php\/author\/redaccion\/\"}]}<\/script>\n<!-- \/ Yoast SEO plugin. -->","yoast_head_json":{"title":"Tenemos que volver a las 4 \"P\" producto, precio, plaza y promoci\u00f3n: Dar\u00edo Flota - Nitu - Noticias de la Industria Turistica","robots":{"index":"index","follow":"follow","max-snippet":"max-snippet:-1","max-image-preview":"max-image-preview:large","max-video-preview":"max-video-preview:-1"},"canonical":"https:\/\/nitu.mx\/index.php\/2020\/04\/21\/tenemos-que-volver-a-las-4-p-producto-precio-plaza-y-promocion-dario-flota\/","twitter_card":"summary_large_image","twitter_title":"Tenemos que volver a las 4 \"P\" producto, precio, plaza y promoci\u00f3n: Dar\u00edo Flota - Nitu - Noticias de la Industria Turistica","twitter_description":"En la reflexi\u00f3n luego de participar en un encuentro virtual llamado el &#8220;Turismo que Viene&#8221; el director del Consejo de Promoci\u00f3n Tur\u00edstica de Quintana Roo, Dario Flota Ocampo, comento que una vez que pase la emergencia por el COVID-19 habr\u00e1 que volver a las cuatro &#8220;P&#8221; producto, precio, plaza y promoci\u00f3n. La facilidad de desplazamiento [&hellip;]","twitter_image":"https:\/\/nitu.mx\/wp-content\/uploads\/2020\/04\/WhatsApp-Image-2020-04-19-at-19.04.27-1.jpeg","twitter_creator":"@NITUmx","twitter_site":"@Arturo_Medina_G","twitter_misc":{"Escrito por":"Redacci\u00f3n","Tiempo de lectura":"2 minutos"},"schema":{"@context":"https:\/\/schema.org","@graph":[{"@type":"Article","@id":"https:\/\/nitu.mx\/index.php\/2020\/04\/21\/tenemos-que-volver-a-las-4-p-producto-precio-plaza-y-promocion-dario-flota\/#article","isPartOf":{"@id":"https:\/\/nitu.mx\/index.php\/2020\/04\/21\/tenemos-que-volver-a-las-4-p-producto-precio-plaza-y-promocion-dario-flota\/"},"author":{"name":"Redacci\u00f3n","@id":"https:\/\/nitu.mx\/#\/schema\/person\/4a28fe9bd65924f7c90623773daf1b0b"},"headline":"Tenemos que volver a las 4 &#8220;P&#8221; producto, precio, plaza y promoci\u00f3n: Dar\u00edo Flota","datePublished":"2020-04-21T17:30:29+00:00","dateModified":"2020-04-22T18:15:28+00:00","mainEntityOfPage":{"@id":"https:\/\/nitu.mx\/index.php\/2020\/04\/21\/tenemos-que-volver-a-las-4-p-producto-precio-plaza-y-promocion-dario-flota\/"},"wordCount":445,"commentCount":0,"publisher":{"@id":"https:\/\/nitu.mx\/#\/schema\/person\/ae7a53426417292d3dd07b45a33e01bc"},"image":{"@id":"https:\/\/nitu.mx\/index.php\/2020\/04\/21\/tenemos-que-volver-a-las-4-p-producto-precio-plaza-y-promocion-dario-flota\/#primaryimage"},"thumbnailUrl":"https:\/\/nitu.mx\/wp-content\/uploads\/2020\/04\/WhatsApp-Image-2020-04-19-at-19.04.27-1.jpeg","keywords":["Caribe mexicano","CPTQ","Dar\u00edo Flota"],"articleSection":["Caribe Mexicano","Destinos"],"inLanguage":"es-MX","potentialAction":[{"@type":"CommentAction","name":"Comment","target":["https:\/\/nitu.mx\/index.php\/2020\/04\/21\/tenemos-que-volver-a-las-4-p-producto-precio-plaza-y-promocion-dario-flota\/#respond"]}]},{"@type":"WebPage","@id":"https:\/\/nitu.mx\/index.php\/2020\/04\/21\/tenemos-que-volver-a-las-4-p-producto-precio-plaza-y-promocion-dario-flota\/","url":"https:\/\/nitu.mx\/index.php\/2020\/04\/21\/tenemos-que-volver-a-las-4-p-producto-precio-plaza-y-promocion-dario-flota\/","name":"Tenemos que volver a las 4 \"P\" producto, precio, plaza y promoci\u00f3n: Dar\u00edo Flota - Nitu - Noticias de la Industria Turistica","isPartOf":{"@id":"https:\/\/nitu.mx\/#website"},"primaryImageOfPage":{"@id":"https:\/\/nitu.mx\/index.php\/2020\/04\/21\/tenemos-que-volver-a-las-4-p-producto-precio-plaza-y-promocion-dario-flota\/#primaryimage"},"image":{"@id":"https:\/\/nitu.mx\/index.php\/2020\/04\/21\/tenemos-que-volver-a-las-4-p-producto-precio-plaza-y-promocion-dario-flota\/#primaryimage"},"thumbnailUrl":"https:\/\/nitu.mx\/wp-content\/uploads\/2020\/04\/WhatsApp-Image-2020-04-19-at-19.04.27-1.jpeg","datePublished":"2020-04-21T17:30:29+00:00","dateModified":"2020-04-22T18:15:28+00:00","breadcrumb":{"@id":"https:\/\/nitu.mx\/index.php\/2020\/04\/21\/tenemos-que-volver-a-las-4-p-producto-precio-plaza-y-promocion-dario-flota\/#breadcrumb"},"inLanguage":"es-MX","potentialAction":[{"@type":"ReadAction","target":["https:\/\/nitu.mx\/index.php\/2020\/04\/21\/tenemos-que-volver-a-las-4-p-producto-precio-plaza-y-promocion-dario-flota\/"]}]},{"@type":"ImageObject","inLanguage":"es-MX","@id":"https:\/\/nitu.mx\/index.php\/2020\/04\/21\/tenemos-que-volver-a-las-4-p-producto-precio-plaza-y-promocion-dario-flota\/#primaryimage","url":"https:\/\/nitu.mx\/wp-content\/uploads\/2020\/04\/WhatsApp-Image-2020-04-19-at-19.04.27-1.jpeg","contentUrl":"https:\/\/nitu.mx\/wp-content\/uploads\/2020\/04\/WhatsApp-Image-2020-04-19-at-19.04.27-1.jpeg","width":1280,"height":723},{"@type":"BreadcrumbList","@id":"https:\/\/nitu.mx\/index.php\/2020\/04\/21\/tenemos-que-volver-a-las-4-p-producto-precio-plaza-y-promocion-dario-flota\/#breadcrumb","itemListElement":[{"@type":"ListItem","position":1,"name":"Inicio","item":"https:\/\/nitu.mx\/"},{"@type":"ListItem","position":2,"name":"Tenemos que volver a las 4 &#8220;P&#8221; producto, precio, plaza y promoci\u00f3n: Dar\u00edo Flota"}]},{"@type":"WebSite","@id":"https:\/\/nitu.mx\/#website","url":"https:\/\/nitu.mx\/","name":"Nitu - Noticias de la Industria Turistica","description":"Noticias de la Industria Turistica","publisher":{"@id":"https:\/\/nitu.mx\/#\/schema\/person\/ae7a53426417292d3dd07b45a33e01bc"},"alternateName":"Noticias de la Industria Turistica","potentialAction":[{"@type":"SearchAction","target":{"@type":"EntryPoint","urlTemplate":"https:\/\/nitu.mx\/?s={search_term_string}"},"query-input":"required name=search_term_string"}],"inLanguage":"es-MX"},{"@type":["Person","Organization"],"@id":"https:\/\/nitu.mx\/#\/schema\/person\/ae7a53426417292d3dd07b45a33e01bc","name":"Arturo Medina","image":{"@type":"ImageObject","inLanguage":"es-MX","@id":"https:\/\/nitu.mx\/#\/schema\/person\/image\/","url":"https:\/\/nitu.mx\/wp-content\/uploads\/2024\/04\/4A315622-1904-4D5C-B022-878CDC840E04-90x90-1.jpeg","contentUrl":"https:\/\/nitu.mx\/wp-content\/uploads\/2024\/04\/4A315622-1904-4D5C-B022-878CDC840E04-90x90-1.jpeg","width":90,"height":90,"caption":"Arturo Medina"},"logo":{"@id":"https:\/\/nitu.mx\/#\/schema\/person\/image\/"},"description":"Director NITU.mx, Egresado de la Escuela de Periodismo Carlos Septi\u00e9n Garc\u00eda. Periodista y analista especializado en turismo desde hace 35 a\u00f1os, radicado en Canc\u00fan Q.Roo. arturo@nitu.mx","sameAs":["https:\/\/nitu.mx","https:\/\/www.facebook.com\/NITUmx\/","medinacancun","https:\/\/twitter.com\/@Arturo_Medina_G"]},{"@type":"Person","@id":"https:\/\/nitu.mx\/#\/schema\/person\/4a28fe9bd65924f7c90623773daf1b0b","name":"Redacci\u00f3n","image":{"@type":"ImageObject","inLanguage":"es-MX","@id":"https:\/\/nitu.mx\/#\/schema\/person\/image\/","url":"https:\/\/secure.gravatar.com\/avatar\/5dd011c8ccfc5cd7e4c81e42252aab38?s=96&d=mm&r=g","contentUrl":"https:\/\/secure.gravatar.com\/avatar\/5dd011c8ccfc5cd7e4c81e42252aab38?s=96&d=mm&r=g","caption":"Redacci\u00f3n"},"url":"https:\/\/nitu.mx\/index.php\/author\/redaccion\/"}]}},"views":285,"_links":{"self":[{"href":"https:\/\/nitu.mx\/index.php\/wp-json\/wp\/v2\/posts\/41961"}],"collection":[{"href":"https:\/\/nitu.mx\/index.php\/wp-json\/wp\/v2\/posts"}],"about":[{"href":"https:\/\/nitu.mx\/index.php\/wp-json\/wp\/v2\/types\/post"}],"author":[{"embeddable":true,"href":"https:\/\/nitu.mx\/index.php\/wp-json\/wp\/v2\/users\/17"}],"replies":[{"embeddable":true,"href":"https:\/\/nitu.mx\/index.php\/wp-json\/wp\/v2\/comments?post=41961"}],"version-history":[{"count":5,"href":"https:\/\/nitu.mx\/index.php\/wp-json\/wp\/v2\/posts\/41961\/revisions"}],"predecessor-version":[{"id":41983,"href":"https:\/\/nitu.mx\/index.php\/wp-json\/wp\/v2\/posts\/41961\/revisions\/41983"}],"wp:featuredmedia":[{"embeddable":true,"href":"https:\/\/nitu.mx\/index.php\/wp-json\/wp\/v2\/media\/41896"}],"wp:attachment":[{"href":"https:\/\/nitu.mx\/index.php\/wp-json\/wp\/v2\/media?parent=41961"}],"wp:term":[{"taxonomy":"category","embeddable":true,"href":"https:\/\/nitu.mx\/index.php\/wp-json\/wp\/v2\/categories?post=41961"},{"taxonomy":"post_tag","embeddable":true,"href":"https:\/\/nitu.mx\/index.php\/wp-json\/wp\/v2\/tags?post=41961"}],"curies":[{"name":"wp","href":"https:\/\/api.w.org\/{rel}","templated":true}]}}