{"id":41877,"date":"2020-04-20T00:50:34","date_gmt":"2020-04-20T05:50:34","guid":{"rendered":"https:\/\/www.dev.nitu.mx\/?p=41877"},"modified":"2020-04-20T01:15:30","modified_gmt":"2020-04-20T06:15:30","slug":"paralizado-al-97-el-aeropuerto-de-cancun","status":"publish","type":"post","link":"https:\/\/nitu.mx\/index.php\/2020\/04\/20\/paralizado-al-97-el-aeropuerto-de-cancun\/","title":{"rendered":"Paralizado al 97% el aeropuerto de Canc\u00fan"},"content":{"rendered":"\n<p>El aeropuerto de Canc\u00fan report\u00f3 ayer el menor n\u00famero de operaciones durante la actual crisis por la pandemia, solo 16 aviones aterrizaron y despegaron de sus pistas que lucen desoladas.<\/p>\n\n\n\n<p>En un domingo como este que termin\u00f3 el aeropuerto no hubiera tenido menos de 600 operaciones, contra las 32 que tuvo, todas ellas en la Terminal 4 como ya habia sido anunciado.<\/p>\n\n\n\n<p>En el mas reciente conteo, se han perdido a partir de la primera cancelacion por la pandemia de COVID-19, el 10 de marzo mas de 20 mil operaciones y arriba de los 4 millones de asientos (entre llegadas y salidas).<\/p>\n\n\n\n<p>El desglose de operaciones programadas para este domingo 19 de abril fue,&nbsp;Total 32, llegadas 16, de las que 14 fueron nacionales y 2 internacionales.&nbsp;Salidas 16, de las cuales fueron 14 nacionales y 2 internacionales<\/p>\n\n\n\n<p>Habitualmente las calles interiores del aeropuerto lucen con una gran cantidad de autos y camionetas turisticas yendo y viniendo, algo que en estas fechas simplemente es un recuerdo.<\/p>\n\n\n<div id='gallery-1' class='gallery galleryid-41877 gallery-columns-3 gallery-size-herald-lay-c1'><figure class='gallery-item'>\n\t\t\t<div class='gallery-icon landscape'>\n\t\t\t\t<a class=\"herald-popup\" href='https:\/\/nitu.mx\/wp-content\/uploads\/2020\/04\/WhatsApp-Image-2020-04-19-at-10.42.59.jpeg'><img width=\"470\" height=\"264\" src=\"https:\/\/nitu.mx\/wp-content\/uploads\/2020\/04\/WhatsApp-Image-2020-04-19-at-10.42.59.jpeg\" class=\"attachment-herald-lay-c1 size-herald-lay-c1\" alt=\"\" decoding=\"async\" loading=\"lazy\" srcset=\"https:\/\/nitu.mx\/wp-content\/uploads\/2020\/04\/WhatsApp-Image-2020-04-19-at-10.42.59.jpeg 1280w, https:\/\/nitu.mx\/wp-content\/uploads\/2020\/04\/WhatsApp-Image-2020-04-19-at-10.42.59-300x169.jpeg 300w, https:\/\/nitu.mx\/wp-content\/uploads\/2020\/04\/WhatsApp-Image-2020-04-19-at-10.42.59-1024x576.jpeg 1024w, https:\/\/nitu.mx\/wp-content\/uploads\/2020\/04\/WhatsApp-Image-2020-04-19-at-10.42.59-768x432.jpeg 768w, https:\/\/nitu.mx\/wp-content\/uploads\/2020\/04\/WhatsApp-Image-2020-04-19-at-10.42.59-848x478.jpeg 848w\" sizes=\"(max-width: 470px) 100vw, 470px\" \/><\/a>\n\t\t\t<\/div><\/figure><figure class='gallery-item'>\n\t\t\t<div class='gallery-icon landscape'>\n\t\t\t\t<a class=\"herald-popup\" href='https:\/\/nitu.mx\/wp-content\/uploads\/2020\/04\/WhatsApp-Image-2020-04-19-at-10.43.01.jpeg'><img width=\"470\" height=\"264\" src=\"https:\/\/nitu.mx\/wp-content\/uploads\/2020\/04\/WhatsApp-Image-2020-04-19-at-10.43.01.jpeg\" class=\"attachment-herald-lay-c1 size-herald-lay-c1\" alt=\"\" decoding=\"async\" loading=\"lazy\" srcset=\"https:\/\/nitu.mx\/wp-content\/uploads\/2020\/04\/WhatsApp-Image-2020-04-19-at-10.43.01.jpeg 1280w, https:\/\/nitu.mx\/wp-content\/uploads\/2020\/04\/WhatsApp-Image-2020-04-19-at-10.43.01-300x169.jpeg 300w, https:\/\/nitu.mx\/wp-content\/uploads\/2020\/04\/WhatsApp-Image-2020-04-19-at-10.43.01-1024x576.jpeg 1024w, https:\/\/nitu.mx\/wp-content\/uploads\/2020\/04\/WhatsApp-Image-2020-04-19-at-10.43.01-768x432.jpeg 768w, https:\/\/nitu.mx\/wp-content\/uploads\/2020\/04\/WhatsApp-Image-2020-04-19-at-10.43.01-848x478.jpeg 848w\" sizes=\"(max-width: 470px) 100vw, 470px\" \/><\/a>\n\t\t\t<\/div><\/figure><figure class='gallery-item'>\n\t\t\t<div class='gallery-icon landscape'>\n\t\t\t\t<a class=\"herald-popup\" href='https:\/\/nitu.mx\/wp-content\/uploads\/2020\/04\/WhatsApp-Image-2020-04-19-at-10.43.02.jpeg'><img width=\"470\" height=\"264\" src=\"https:\/\/nitu.mx\/wp-content\/uploads\/2020\/04\/WhatsApp-Image-2020-04-19-at-10.43.02.jpeg\" class=\"attachment-herald-lay-c1 size-herald-lay-c1\" alt=\"\" decoding=\"async\" loading=\"lazy\" srcset=\"https:\/\/nitu.mx\/wp-content\/uploads\/2020\/04\/WhatsApp-Image-2020-04-19-at-10.43.02.jpeg 1280w, https:\/\/nitu.mx\/wp-content\/uploads\/2020\/04\/WhatsApp-Image-2020-04-19-at-10.43.02-300x169.jpeg 300w, https:\/\/nitu.mx\/wp-content\/uploads\/2020\/04\/WhatsApp-Image-2020-04-19-at-10.43.02-1024x576.jpeg 1024w, https:\/\/nitu.mx\/wp-content\/uploads\/2020\/04\/WhatsApp-Image-2020-04-19-at-10.43.02-768x432.jpeg 768w, https:\/\/nitu.mx\/wp-content\/uploads\/2020\/04\/WhatsApp-Image-2020-04-19-at-10.43.02-848x478.jpeg 848w\" sizes=\"(max-width: 470px) 100vw, 470px\" \/><\/a>\n\t\t\t<\/div><\/figure><figure class='gallery-item'>\n\t\t\t<div class='gallery-icon landscape'>\n\t\t\t\t<a class=\"herald-popup\" href='https:\/\/nitu.mx\/wp-content\/uploads\/2020\/04\/WhatsApp-Image-2020-04-19-at-10.43.03.jpeg'><img width=\"470\" height=\"264\" src=\"https:\/\/nitu.mx\/wp-content\/uploads\/2020\/04\/WhatsApp-Image-2020-04-19-at-10.43.03.jpeg\" class=\"attachment-herald-lay-c1 size-herald-lay-c1\" alt=\"\" decoding=\"async\" loading=\"lazy\" srcset=\"https:\/\/nitu.mx\/wp-content\/uploads\/2020\/04\/WhatsApp-Image-2020-04-19-at-10.43.03.jpeg 1280w, https:\/\/nitu.mx\/wp-content\/uploads\/2020\/04\/WhatsApp-Image-2020-04-19-at-10.43.03-300x169.jpeg 300w, https:\/\/nitu.mx\/wp-content\/uploads\/2020\/04\/WhatsApp-Image-2020-04-19-at-10.43.03-1024x576.jpeg 1024w, https:\/\/nitu.mx\/wp-content\/uploads\/2020\/04\/WhatsApp-Image-2020-04-19-at-10.43.03-768x432.jpeg 768w, https:\/\/nitu.mx\/wp-content\/uploads\/2020\/04\/WhatsApp-Image-2020-04-19-at-10.43.03-848x478.jpeg 848w\" sizes=\"(max-width: 470px) 100vw, 470px\" \/><\/a>\n\t\t\t<\/div><\/figure><figure class='gallery-item'>\n\t\t\t<div class='gallery-icon landscape'>\n\t\t\t\t<a class=\"herald-popup\" href='https:\/\/nitu.mx\/wp-content\/uploads\/2020\/04\/WhatsApp-Image-2020-04-19-at-10.43.04-1.jpeg'><img width=\"470\" height=\"264\" src=\"https:\/\/nitu.mx\/wp-content\/uploads\/2020\/04\/WhatsApp-Image-2020-04-19-at-10.43.04-1.jpeg\" class=\"attachment-herald-lay-c1 size-herald-lay-c1\" alt=\"\" decoding=\"async\" loading=\"lazy\" srcset=\"https:\/\/nitu.mx\/wp-content\/uploads\/2020\/04\/WhatsApp-Image-2020-04-19-at-10.43.04-1.jpeg 1280w, https:\/\/nitu.mx\/wp-content\/uploads\/2020\/04\/WhatsApp-Image-2020-04-19-at-10.43.04-1-300x169.jpeg 300w, https:\/\/nitu.mx\/wp-content\/uploads\/2020\/04\/WhatsApp-Image-2020-04-19-at-10.43.04-1-1024x576.jpeg 1024w, https:\/\/nitu.mx\/wp-content\/uploads\/2020\/04\/WhatsApp-Image-2020-04-19-at-10.43.04-1-768x432.jpeg 768w, https:\/\/nitu.mx\/wp-content\/uploads\/2020\/04\/WhatsApp-Image-2020-04-19-at-10.43.04-1-848x478.jpeg 848w\" sizes=\"(max-width: 470px) 100vw, 470px\" \/><\/a>\n\t\t\t<\/div><\/figure><figure class='gallery-item'>\n\t\t\t<div class='gallery-icon landscape'>\n\t\t\t\t<a class=\"herald-popup\" href='https:\/\/nitu.mx\/wp-content\/uploads\/2020\/04\/WhatsApp-Image-2020-04-19-at-10.43.04-2.jpeg'><img width=\"470\" height=\"264\" src=\"https:\/\/nitu.mx\/wp-content\/uploads\/2020\/04\/WhatsApp-Image-2020-04-19-at-10.43.04-2.jpeg\" class=\"attachment-herald-lay-c1 size-herald-lay-c1\" alt=\"\" decoding=\"async\" loading=\"lazy\" srcset=\"https:\/\/nitu.mx\/wp-content\/uploads\/2020\/04\/WhatsApp-Image-2020-04-19-at-10.43.04-2.jpeg 1280w, https:\/\/nitu.mx\/wp-content\/uploads\/2020\/04\/WhatsApp-Image-2020-04-19-at-10.43.04-2-300x169.jpeg 300w, https:\/\/nitu.mx\/wp-content\/uploads\/2020\/04\/WhatsApp-Image-2020-04-19-at-10.43.04-2-1024x576.jpeg 1024w, https:\/\/nitu.mx\/wp-content\/uploads\/2020\/04\/WhatsApp-Image-2020-04-19-at-10.43.04-2-768x432.jpeg 768w, https:\/\/nitu.mx\/wp-content\/uploads\/2020\/04\/WhatsApp-Image-2020-04-19-at-10.43.04-2-848x478.jpeg 848w\" sizes=\"(max-width: 470px) 100vw, 470px\" \/><\/a>\n\t\t\t<\/div><\/figure><figure class='gallery-item'>\n\t\t\t<div class='gallery-icon landscape'>\n\t\t\t\t<a class=\"herald-popup\" href='https:\/\/nitu.mx\/wp-content\/uploads\/2020\/04\/WhatsApp-Image-2020-04-19-at-10.43.04.jpeg'><img width=\"470\" height=\"264\" src=\"https:\/\/nitu.mx\/wp-content\/uploads\/2020\/04\/WhatsApp-Image-2020-04-19-at-10.43.04.jpeg\" class=\"attachment-herald-lay-c1 size-herald-lay-c1\" alt=\"\" decoding=\"async\" loading=\"lazy\" srcset=\"https:\/\/nitu.mx\/wp-content\/uploads\/2020\/04\/WhatsApp-Image-2020-04-19-at-10.43.04.jpeg 1280w, https:\/\/nitu.mx\/wp-content\/uploads\/2020\/04\/WhatsApp-Image-2020-04-19-at-10.43.04-300x169.jpeg 300w, https:\/\/nitu.mx\/wp-content\/uploads\/2020\/04\/WhatsApp-Image-2020-04-19-at-10.43.04-1024x576.jpeg 1024w, https:\/\/nitu.mx\/wp-content\/uploads\/2020\/04\/WhatsApp-Image-2020-04-19-at-10.43.04-768x432.jpeg 768w, https:\/\/nitu.mx\/wp-content\/uploads\/2020\/04\/WhatsApp-Image-2020-04-19-at-10.43.04-848x478.jpeg 848w\" sizes=\"(max-width: 470px) 100vw, 470px\" \/><\/a>\n\t\t\t<\/div><\/figure>\n\t\t<\/div>\n","protected":false},"excerpt":{"rendered":"<p>El aeropuerto de Canc\u00fan report\u00f3 ayer el menor n\u00famero de operaciones durante la actual crisis por la pandemia, solo 16 aviones aterrizaron y despegaron de sus pistas que lucen desoladas. En un domingo como este que termin\u00f3 el aeropuerto no hubiera tenido menos de 600 operaciones, contra las 32 que tuvo, todas ellas en la [&hellip;]<\/p>\n","protected":false},"author":2,"featured_media":41878,"comment_status":"open","ping_status":"open","sticky":false,"template":"","format":"standard","meta":{"footnotes":""},"categories":[29,19057,5],"tags":[19299,198],"yoast_head":"<!-- This site is optimized with the Yoast SEO plugin v22.2 - https:\/\/yoast.com\/wordpress\/plugins\/seo\/ -->\n<title>Paralizado al 97% el aeropuerto de Canc\u00fan - Nitu - Noticias de la Industria Turistica<\/title>\n<meta name=\"robots\" content=\"index, follow, max-snippet:-1, max-image-preview:large, max-video-preview:-1\" \/>\n<link rel=\"canonical\" href=\"https:\/\/nitu.mx\/index.php\/2020\/04\/20\/paralizado-al-97-el-aeropuerto-de-cancun\/\" \/>\n<meta name=\"twitter:card\" content=\"summary_large_image\" \/>\n<meta name=\"twitter:title\" content=\"Paralizado al 97% el aeropuerto de Canc\u00fan - Nitu - Noticias de la Industria Turistica\" \/>\n<meta name=\"twitter:description\" content=\"El aeropuerto de Canc\u00fan report\u00f3 ayer el menor n\u00famero de operaciones durante la actual crisis por la pandemia, solo 16 aviones aterrizaron y despegaron de sus pistas que lucen desoladas. En un domingo como este que termin\u00f3 el aeropuerto no hubiera tenido menos de 600 operaciones, contra las 32 que tuvo, todas ellas en la [&hellip;]\" \/>\n<meta name=\"twitter:image\" content=\"https:\/\/nitu.mx\/wp-content\/uploads\/2020\/04\/WhatsApp-Image-2020-04-19-at-10.43.01-1.jpeg\" \/>\n<meta name=\"twitter:creator\" content=\"@Arturo_Medina_G\" \/>\n<meta name=\"twitter:site\" content=\"@Arturo_Medina_G\" \/>\n<meta name=\"twitter:label1\" content=\"Escrito por\" \/>\n\t<meta name=\"twitter:data1\" content=\"Arturo Medina\" \/>\n\t<meta name=\"twitter:label2\" content=\"Tiempo de lectura\" \/>\n\t<meta name=\"twitter:data2\" content=\"1 minuto\" \/>\n<script type=\"application\/ld+json\" class=\"yoast-schema-graph\">{\"@context\":\"https:\/\/schema.org\",\"@graph\":[{\"@type\":\"Article\",\"@id\":\"https:\/\/nitu.mx\/index.php\/2020\/04\/20\/paralizado-al-97-el-aeropuerto-de-cancun\/#article\",\"isPartOf\":{\"@id\":\"https:\/\/nitu.mx\/index.php\/2020\/04\/20\/paralizado-al-97-el-aeropuerto-de-cancun\/\"},\"author\":{\"name\":\"Arturo Medina\",\"@id\":\"https:\/\/nitu.mx\/#\/schema\/person\/ae7a53426417292d3dd07b45a33e01bc\"},\"headline\":\"Paralizado al 97% el aeropuerto de Canc\u00fan\",\"datePublished\":\"2020-04-20T05:50:34+00:00\",\"dateModified\":\"2020-04-20T06:15:30+00:00\",\"mainEntityOfPage\":{\"@id\":\"https:\/\/nitu.mx\/index.php\/2020\/04\/20\/paralizado-al-97-el-aeropuerto-de-cancun\/\"},\"wordCount\":162,\"commentCount\":0,\"publisher\":{\"@id\":\"https:\/\/nitu.mx\/#\/schema\/person\/ae7a53426417292d3dd07b45a33e01bc\"},\"image\":{\"@id\":\"https:\/\/nitu.mx\/index.php\/2020\/04\/20\/paralizado-al-97-el-aeropuerto-de-cancun\/#primaryimage\"},\"thumbnailUrl\":\"https:\/\/nitu.mx\/wp-content\/uploads\/2020\/04\/WhatsApp-Image-2020-04-19-at-10.43.01-1.jpeg\",\"keywords\":[\"Aeropuerto Internacioanl de Cancun\",\"ASUR\"],\"articleSection\":[\"Aerol\u00edneas\",\"COVID-19 CORONAVIRUS\",\"Destinos\"],\"inLanguage\":\"es-MX\",\"potentialAction\":[{\"@type\":\"CommentAction\",\"name\":\"Comment\",\"target\":[\"https:\/\/nitu.mx\/index.php\/2020\/04\/20\/paralizado-al-97-el-aeropuerto-de-cancun\/#respond\"]}]},{\"@type\":\"WebPage\",\"@id\":\"https:\/\/nitu.mx\/index.php\/2020\/04\/20\/paralizado-al-97-el-aeropuerto-de-cancun\/\",\"url\":\"https:\/\/nitu.mx\/index.php\/2020\/04\/20\/paralizado-al-97-el-aeropuerto-de-cancun\/\",\"name\":\"Paralizado al 97% el aeropuerto de Canc\u00fan - Nitu - Noticias de la Industria Turistica\",\"isPartOf\":{\"@id\":\"https:\/\/nitu.mx\/#website\"},\"primaryImageOfPage\":{\"@id\":\"https:\/\/nitu.mx\/index.php\/2020\/04\/20\/paralizado-al-97-el-aeropuerto-de-cancun\/#primaryimage\"},\"image\":{\"@id\":\"https:\/\/nitu.mx\/index.php\/2020\/04\/20\/paralizado-al-97-el-aeropuerto-de-cancun\/#primaryimage\"},\"thumbnailUrl\":\"https:\/\/nitu.mx\/wp-content\/uploads\/2020\/04\/WhatsApp-Image-2020-04-19-at-10.43.01-1.jpeg\",\"datePublished\":\"2020-04-20T05:50:34+00:00\",\"dateModified\":\"2020-04-20T06:15:30+00:00\",\"breadcrumb\":{\"@id\":\"https:\/\/nitu.mx\/index.php\/2020\/04\/20\/paralizado-al-97-el-aeropuerto-de-cancun\/#breadcrumb\"},\"inLanguage\":\"es-MX\",\"potentialAction\":[{\"@type\":\"ReadAction\",\"target\":[\"https:\/\/nitu.mx\/index.php\/2020\/04\/20\/paralizado-al-97-el-aeropuerto-de-cancun\/\"]}]},{\"@type\":\"ImageObject\",\"inLanguage\":\"es-MX\",\"@id\":\"https:\/\/nitu.mx\/index.php\/2020\/04\/20\/paralizado-al-97-el-aeropuerto-de-cancun\/#primaryimage\",\"url\":\"https:\/\/nitu.mx\/wp-content\/uploads\/2020\/04\/WhatsApp-Image-2020-04-19-at-10.43.01-1.jpeg\",\"contentUrl\":\"https:\/\/nitu.mx\/wp-content\/uploads\/2020\/04\/WhatsApp-Image-2020-04-19-at-10.43.01-1.jpeg\",\"width\":1280,\"height\":720},{\"@type\":\"BreadcrumbList\",\"@id\":\"https:\/\/nitu.mx\/index.php\/2020\/04\/20\/paralizado-al-97-el-aeropuerto-de-cancun\/#breadcrumb\",\"itemListElement\":[{\"@type\":\"ListItem\",\"position\":1,\"name\":\"Inicio\",\"item\":\"https:\/\/nitu.mx\/\"},{\"@type\":\"ListItem\",\"position\":2,\"name\":\"Paralizado al 97% el aeropuerto de Canc\u00fan\"}]},{\"@type\":\"WebSite\",\"@id\":\"https:\/\/nitu.mx\/#website\",\"url\":\"https:\/\/nitu.mx\/\",\"name\":\"Nitu - Noticias de la Industria Turistica\",\"description\":\"Noticias de la Industria Turistica\",\"publisher\":{\"@id\":\"https:\/\/nitu.mx\/#\/schema\/person\/ae7a53426417292d3dd07b45a33e01bc\"},\"alternateName\":\"Noticias de la Industria Turistica\",\"potentialAction\":[{\"@type\":\"SearchAction\",\"target\":{\"@type\":\"EntryPoint\",\"urlTemplate\":\"https:\/\/nitu.mx\/?s={search_term_string}\"},\"query-input\":\"required name=search_term_string\"}],\"inLanguage\":\"es-MX\"},{\"@type\":[\"Person\",\"Organization\"],\"@id\":\"https:\/\/nitu.mx\/#\/schema\/person\/ae7a53426417292d3dd07b45a33e01bc\",\"name\":\"Arturo Medina\",\"image\":{\"@type\":\"ImageObject\",\"inLanguage\":\"es-MX\",\"@id\":\"https:\/\/nitu.mx\/#\/schema\/person\/image\/\",\"url\":\"https:\/\/nitu.mx\/wp-content\/uploads\/2024\/04\/4A315622-1904-4D5C-B022-878CDC840E04-90x90-1.jpeg\",\"contentUrl\":\"https:\/\/nitu.mx\/wp-content\/uploads\/2024\/04\/4A315622-1904-4D5C-B022-878CDC840E04-90x90-1.jpeg\",\"width\":90,\"height\":90,\"caption\":\"Arturo Medina\"},\"logo\":{\"@id\":\"https:\/\/nitu.mx\/#\/schema\/person\/image\/\"},\"description\":\"Director NITU.mx, Egresado de la Escuela de Periodismo Carlos Septi\u00e9n Garc\u00eda. Periodista y analista especializado en turismo desde hace 35 a\u00f1os, radicado en Canc\u00fan Q.Roo. arturo@nitu.mx\",\"sameAs\":[\"https:\/\/nitu.mx\",\"https:\/\/www.facebook.com\/NITUmx\/\",\"medinacancun\",\"https:\/\/twitter.com\/@Arturo_Medina_G\"],\"url\":\"https:\/\/nitu.mx\/index.php\/author\/arturo-medina\/\"}]}<\/script>\n<!-- \/ Yoast SEO plugin. -->","yoast_head_json":{"title":"Paralizado al 97% el aeropuerto de Canc\u00fan - Nitu - Noticias de la Industria Turistica","robots":{"index":"index","follow":"follow","max-snippet":"max-snippet:-1","max-image-preview":"max-image-preview:large","max-video-preview":"max-video-preview:-1"},"canonical":"https:\/\/nitu.mx\/index.php\/2020\/04\/20\/paralizado-al-97-el-aeropuerto-de-cancun\/","twitter_card":"summary_large_image","twitter_title":"Paralizado al 97% el aeropuerto de Canc\u00fan - Nitu - Noticias de la Industria Turistica","twitter_description":"El aeropuerto de Canc\u00fan report\u00f3 ayer el menor n\u00famero de operaciones durante la actual crisis por la pandemia, solo 16 aviones aterrizaron y despegaron de sus pistas que lucen desoladas. En un domingo como este que termin\u00f3 el aeropuerto no hubiera tenido menos de 600 operaciones, contra las 32 que tuvo, todas ellas en la [&hellip;]","twitter_image":"https:\/\/nitu.mx\/wp-content\/uploads\/2020\/04\/WhatsApp-Image-2020-04-19-at-10.43.01-1.jpeg","twitter_creator":"@Arturo_Medina_G","twitter_site":"@Arturo_Medina_G","twitter_misc":{"Escrito por":"Arturo Medina","Tiempo de lectura":"1 minuto"},"schema":{"@context":"https:\/\/schema.org","@graph":[{"@type":"Article","@id":"https:\/\/nitu.mx\/index.php\/2020\/04\/20\/paralizado-al-97-el-aeropuerto-de-cancun\/#article","isPartOf":{"@id":"https:\/\/nitu.mx\/index.php\/2020\/04\/20\/paralizado-al-97-el-aeropuerto-de-cancun\/"},"author":{"name":"Arturo Medina","@id":"https:\/\/nitu.mx\/#\/schema\/person\/ae7a53426417292d3dd07b45a33e01bc"},"headline":"Paralizado al 97% el aeropuerto de Canc\u00fan","datePublished":"2020-04-20T05:50:34+00:00","dateModified":"2020-04-20T06:15:30+00:00","mainEntityOfPage":{"@id":"https:\/\/nitu.mx\/index.php\/2020\/04\/20\/paralizado-al-97-el-aeropuerto-de-cancun\/"},"wordCount":162,"commentCount":0,"publisher":{"@id":"https:\/\/nitu.mx\/#\/schema\/person\/ae7a53426417292d3dd07b45a33e01bc"},"image":{"@id":"https:\/\/nitu.mx\/index.php\/2020\/04\/20\/paralizado-al-97-el-aeropuerto-de-cancun\/#primaryimage"},"thumbnailUrl":"https:\/\/nitu.mx\/wp-content\/uploads\/2020\/04\/WhatsApp-Image-2020-04-19-at-10.43.01-1.jpeg","keywords":["Aeropuerto Internacioanl de Cancun","ASUR"],"articleSection":["Aerol\u00edneas","COVID-19 CORONAVIRUS","Destinos"],"inLanguage":"es-MX","potentialAction":[{"@type":"CommentAction","name":"Comment","target":["https:\/\/nitu.mx\/index.php\/2020\/04\/20\/paralizado-al-97-el-aeropuerto-de-cancun\/#respond"]}]},{"@type":"WebPage","@id":"https:\/\/nitu.mx\/index.php\/2020\/04\/20\/paralizado-al-97-el-aeropuerto-de-cancun\/","url":"https:\/\/nitu.mx\/index.php\/2020\/04\/20\/paralizado-al-97-el-aeropuerto-de-cancun\/","name":"Paralizado al 97% el aeropuerto de Canc\u00fan - Nitu - Noticias de la Industria Turistica","isPartOf":{"@id":"https:\/\/nitu.mx\/#website"},"primaryImageOfPage":{"@id":"https:\/\/nitu.mx\/index.php\/2020\/04\/20\/paralizado-al-97-el-aeropuerto-de-cancun\/#primaryimage"},"image":{"@id":"https:\/\/nitu.mx\/index.php\/2020\/04\/20\/paralizado-al-97-el-aeropuerto-de-cancun\/#primaryimage"},"thumbnailUrl":"https:\/\/nitu.mx\/wp-content\/uploads\/2020\/04\/WhatsApp-Image-2020-04-19-at-10.43.01-1.jpeg","datePublished":"2020-04-20T05:50:34+00:00","dateModified":"2020-04-20T06:15:30+00:00","breadcrumb":{"@id":"https:\/\/nitu.mx\/index.php\/2020\/04\/20\/paralizado-al-97-el-aeropuerto-de-cancun\/#breadcrumb"},"inLanguage":"es-MX","potentialAction":[{"@type":"ReadAction","target":["https:\/\/nitu.mx\/index.php\/2020\/04\/20\/paralizado-al-97-el-aeropuerto-de-cancun\/"]}]},{"@type":"ImageObject","inLanguage":"es-MX","@id":"https:\/\/nitu.mx\/index.php\/2020\/04\/20\/paralizado-al-97-el-aeropuerto-de-cancun\/#primaryimage","url":"https:\/\/nitu.mx\/wp-content\/uploads\/2020\/04\/WhatsApp-Image-2020-04-19-at-10.43.01-1.jpeg","contentUrl":"https:\/\/nitu.mx\/wp-content\/uploads\/2020\/04\/WhatsApp-Image-2020-04-19-at-10.43.01-1.jpeg","width":1280,"height":720},{"@type":"BreadcrumbList","@id":"https:\/\/nitu.mx\/index.php\/2020\/04\/20\/paralizado-al-97-el-aeropuerto-de-cancun\/#breadcrumb","itemListElement":[{"@type":"ListItem","position":1,"name":"Inicio","item":"https:\/\/nitu.mx\/"},{"@type":"ListItem","position":2,"name":"Paralizado al 97% el aeropuerto de Canc\u00fan"}]},{"@type":"WebSite","@id":"https:\/\/nitu.mx\/#website","url":"https:\/\/nitu.mx\/","name":"Nitu - Noticias de la Industria Turistica","description":"Noticias de la Industria Turistica","publisher":{"@id":"https:\/\/nitu.mx\/#\/schema\/person\/ae7a53426417292d3dd07b45a33e01bc"},"alternateName":"Noticias de la Industria Turistica","potentialAction":[{"@type":"SearchAction","target":{"@type":"EntryPoint","urlTemplate":"https:\/\/nitu.mx\/?s={search_term_string}"},"query-input":"required name=search_term_string"}],"inLanguage":"es-MX"},{"@type":["Person","Organization"],"@id":"https:\/\/nitu.mx\/#\/schema\/person\/ae7a53426417292d3dd07b45a33e01bc","name":"Arturo Medina","image":{"@type":"ImageObject","inLanguage":"es-MX","@id":"https:\/\/nitu.mx\/#\/schema\/person\/image\/","url":"https:\/\/nitu.mx\/wp-content\/uploads\/2024\/04\/4A315622-1904-4D5C-B022-878CDC840E04-90x90-1.jpeg","contentUrl":"https:\/\/nitu.mx\/wp-content\/uploads\/2024\/04\/4A315622-1904-4D5C-B022-878CDC840E04-90x90-1.jpeg","width":90,"height":90,"caption":"Arturo Medina"},"logo":{"@id":"https:\/\/nitu.mx\/#\/schema\/person\/image\/"},"description":"Director NITU.mx, Egresado de la Escuela de Periodismo Carlos Septi\u00e9n Garc\u00eda. Periodista y analista especializado en turismo desde hace 35 a\u00f1os, radicado en Canc\u00fan Q.Roo. arturo@nitu.mx","sameAs":["https:\/\/nitu.mx","https:\/\/www.facebook.com\/NITUmx\/","medinacancun","https:\/\/twitter.com\/@Arturo_Medina_G"],"url":"https:\/\/nitu.mx\/index.php\/author\/arturo-medina\/"}]}},"views":335,"_links":{"self":[{"href":"https:\/\/nitu.mx\/index.php\/wp-json\/wp\/v2\/posts\/41877"}],"collection":[{"href":"https:\/\/nitu.mx\/index.php\/wp-json\/wp\/v2\/posts"}],"about":[{"href":"https:\/\/nitu.mx\/index.php\/wp-json\/wp\/v2\/types\/post"}],"author":[{"embeddable":true,"href":"https:\/\/nitu.mx\/index.php\/wp-json\/wp\/v2\/users\/2"}],"replies":[{"embeddable":true,"href":"https:\/\/nitu.mx\/index.php\/wp-json\/wp\/v2\/comments?post=41877"}],"version-history":[{"count":2,"href":"https:\/\/nitu.mx\/index.php\/wp-json\/wp\/v2\/posts\/41877\/revisions"}],"predecessor-version":[{"id":41926,"href":"https:\/\/nitu.mx\/index.php\/wp-json\/wp\/v2\/posts\/41877\/revisions\/41926"}],"wp:featuredmedia":[{"embeddable":true,"href":"https:\/\/nitu.mx\/index.php\/wp-json\/wp\/v2\/media\/41878"}],"wp:attachment":[{"href":"https:\/\/nitu.mx\/index.php\/wp-json\/wp\/v2\/media?parent=41877"}],"wp:term":[{"taxonomy":"category","embeddable":true,"href":"https:\/\/nitu.mx\/index.php\/wp-json\/wp\/v2\/categories?post=41877"},{"taxonomy":"post_tag","embeddable":true,"href":"https:\/\/nitu.mx\/index.php\/wp-json\/wp\/v2\/tags?post=41877"}],"curies":[{"name":"wp","href":"https:\/\/api.w.org\/{rel}","templated":true}]}}