{"id":41869,"date":"2020-04-18T23:56:46","date_gmt":"2020-04-19T04:56:46","guid":{"rendered":"https:\/\/www.dev.nitu.mx\/?p=41869"},"modified":"2020-04-18T23:57:19","modified_gmt":"2020-04-19T04:57:19","slug":"un-hotelero-de-leyenda","status":"publish","type":"post","link":"https:\/\/nitu.mx\/index.php\/2020\/04\/18\/un-hotelero-de-leyenda\/","title":{"rendered":"Un hotelero de leyenda"},"content":{"rendered":"\n<p>Por Gerardo Garcia <\/p>\n\n\n\n<p>Lo recuerdo as\u00ed. Siempre con su blazer y sus zapatos que compraba en una tienda en el Barrio de Salamanca en Madrid.<\/p>\n\n\n\n<p>Lo recuerdo as\u00ed. Irreverente, inteligente, expresivo en extremo.&nbsp;<\/p>\n\n\n\n<p>Hombre de bien.<\/p>\n\n\n\n<p>Pedro Pueyo comenz\u00f3, como casi todos los hoteleros espa\u00f1oles, en las islas de aquel pa\u00eds. Pedro, inquieto siempre, se aventur\u00f3 en Cuba a invertir en hoteler\u00eda. Fue ah\u00ed en una reuni\u00f3n con hoteleros, que un funcionario mexicano le habl\u00f3 de\u00a0\u00a0Canc\u00fan, que para \u00e9l entonces no estaba en el mapa. Ah\u00ed le hablaron del programa de los swaps, y del apoyo gubernamental a la inversi\u00f3n tur\u00edstica.\u00a0<\/p>\n\n\n\n<p>Y ah\u00ed cambi\u00f3 su vida.<\/p>\n\n\n\n<p>D\u00edas despu\u00e9s lleg\u00f3 a conocer Canc\u00fan y la historia es conocida. Primero construy\u00f3 el Oasis Canc\u00fan, que fue el primero en tener m\u00e1s de mil habitaciones en un solo inmueble. Innovador fue el primero en ofrecer el all inclusive -a\u00f1os despu\u00e9s fue tambi\u00e9n el primero en meter a sus hoteles el espect\u00e1culo, conciertos, festivales, boxeo- y tras ese hotel construy\u00f3 cinco m\u00e1s en el Caribe mexicano.&nbsp;&nbsp;<\/p>\n\n\n\n<p>Pedro, en principio, fue un hombre genial. Un personaje de la vida. Con su cigarro en la mano y un single malt en la mesa.Gesticulador, hablando siempre tan fuerte que todo el restaurante escuchaba aquella frase de \u201cme cago en sus muertos\u201d. Su risa genial, sus historias de vida.&nbsp;<\/p>\n\n\n\n<p>Su leyenda.<\/p>\n\n\n\n<p>Se ha ido nuestro Pedro. Constructor de Canc\u00fan. Sus hoteles, la l\u00ednea a\u00e9rea que tuvo, su locura maravillosa.&nbsp;<\/p>\n\n\n\n<p>Su cari\u00f1o de amigo.<\/p>\n\n\n\n<p>Imagino el dolor de su grupo cercano de amigos que tambi\u00e9n eran sus colaboradores. El maravilloso Guillermo Portella, el hermano, mi hermano Jes\u00fas Almaguer, el enorme personaje que es Javier Mara\u00f1\u00f3n, Rub\u00e9n Olmos, Paola. Tantos que eran familia.<\/p>\n\n\n\n<p>Quiero imaginarlo donde est\u00e9 con el single malt el cigarrillo en la mano y su eterna inconformidad. Era un revolucionario en todos sentidos.<\/p>\n\n\n\n<p>Era un gran amigo<\/p>\n\n\n\n<p>Es una leyenda.<\/p>\n\n\n\n<p>Vaya biem amigo<\/p>\n\n\n\n<p>Vaya biem.<\/p>\n","protected":false},"excerpt":{"rendered":"<p>Por Gerardo Garcia Lo recuerdo as\u00ed. Siempre con su blazer y sus zapatos que compraba en una tienda en el Barrio de Salamanca en Madrid. Lo recuerdo as\u00ed. Irreverente, inteligente, expresivo en extremo.&nbsp; Hombre de bien. Pedro Pueyo comenz\u00f3, como casi todos los hoteleros espa\u00f1oles, en las islas de aquel pa\u00eds. Pedro, inquieto siempre, se [&hellip;]<\/p>\n","protected":false},"author":17,"featured_media":41870,"comment_status":"open","ping_status":"open","sticky":false,"template":"","format":"standard","meta":{"footnotes":""},"categories":[6629],"tags":[1224,1225],"yoast_head":"<!-- This site is optimized with the Yoast SEO plugin v22.2 - https:\/\/yoast.com\/wordpress\/plugins\/seo\/ -->\n<title>Un hotelero de leyenda - Nitu - Noticias de la Industria Turistica<\/title>\n<meta name=\"robots\" content=\"index, follow, max-snippet:-1, max-image-preview:large, max-video-preview:-1\" \/>\n<link rel=\"canonical\" href=\"https:\/\/nitu.mx\/index.php\/2020\/04\/18\/un-hotelero-de-leyenda\/\" \/>\n<meta name=\"twitter:card\" content=\"summary_large_image\" \/>\n<meta name=\"twitter:title\" content=\"Un hotelero de leyenda - Nitu - Noticias de la Industria Turistica\" \/>\n<meta name=\"twitter:description\" content=\"Por Gerardo Garcia Lo recuerdo as\u00ed. Siempre con su blazer y sus zapatos que compraba en una tienda en el Barrio de Salamanca en Madrid. Lo recuerdo as\u00ed. Irreverente, inteligente, expresivo en extremo.&nbsp; Hombre de bien. Pedro Pueyo comenz\u00f3, como casi todos los hoteleros espa\u00f1oles, en las islas de aquel pa\u00eds. Pedro, inquieto siempre, se [&hellip;]\" \/>\n<meta name=\"twitter:image\" content=\"https:\/\/nitu.mx\/wp-content\/uploads\/2020\/04\/descarga.jpeg\" \/>\n<meta name=\"twitter:creator\" content=\"@NITUmx\" \/>\n<meta name=\"twitter:site\" content=\"@Arturo_Medina_G\" \/>\n<meta name=\"twitter:label1\" content=\"Escrito por\" \/>\n\t<meta name=\"twitter:data1\" content=\"Redacci\u00f3n\" \/>\n\t<meta name=\"twitter:label2\" content=\"Tiempo de lectura\" \/>\n\t<meta name=\"twitter:data2\" content=\"2 minutos\" \/>\n<script type=\"application\/ld+json\" class=\"yoast-schema-graph\">{\"@context\":\"https:\/\/schema.org\",\"@graph\":[{\"@type\":\"Article\",\"@id\":\"https:\/\/nitu.mx\/index.php\/2020\/04\/18\/un-hotelero-de-leyenda\/#article\",\"isPartOf\":{\"@id\":\"https:\/\/nitu.mx\/index.php\/2020\/04\/18\/un-hotelero-de-leyenda\/\"},\"author\":{\"name\":\"Redacci\u00f3n\",\"@id\":\"https:\/\/nitu.mx\/#\/schema\/person\/4a28fe9bd65924f7c90623773daf1b0b\"},\"headline\":\"Un hotelero de leyenda\",\"datePublished\":\"2020-04-19T04:56:46+00:00\",\"dateModified\":\"2020-04-19T04:57:19+00:00\",\"mainEntityOfPage\":{\"@id\":\"https:\/\/nitu.mx\/index.php\/2020\/04\/18\/un-hotelero-de-leyenda\/\"},\"wordCount\":354,\"commentCount\":0,\"publisher\":{\"@id\":\"https:\/\/nitu.mx\/#\/schema\/person\/ae7a53426417292d3dd07b45a33e01bc\"},\"image\":{\"@id\":\"https:\/\/nitu.mx\/index.php\/2020\/04\/18\/un-hotelero-de-leyenda\/#primaryimage\"},\"thumbnailUrl\":\"https:\/\/nitu.mx\/wp-content\/uploads\/2020\/04\/descarga.jpeg\",\"keywords\":[\"Grupo Oasis\",\"Pedro Pueyo\"],\"articleSection\":[\"Opini\u00f3n\"],\"inLanguage\":\"es-MX\",\"potentialAction\":[{\"@type\":\"CommentAction\",\"name\":\"Comment\",\"target\":[\"https:\/\/nitu.mx\/index.php\/2020\/04\/18\/un-hotelero-de-leyenda\/#respond\"]}]},{\"@type\":\"WebPage\",\"@id\":\"https:\/\/nitu.mx\/index.php\/2020\/04\/18\/un-hotelero-de-leyenda\/\",\"url\":\"https:\/\/nitu.mx\/index.php\/2020\/04\/18\/un-hotelero-de-leyenda\/\",\"name\":\"Un hotelero de leyenda - Nitu - Noticias de la Industria Turistica\",\"isPartOf\":{\"@id\":\"https:\/\/nitu.mx\/#website\"},\"primaryImageOfPage\":{\"@id\":\"https:\/\/nitu.mx\/index.php\/2020\/04\/18\/un-hotelero-de-leyenda\/#primaryimage\"},\"image\":{\"@id\":\"https:\/\/nitu.mx\/index.php\/2020\/04\/18\/un-hotelero-de-leyenda\/#primaryimage\"},\"thumbnailUrl\":\"https:\/\/nitu.mx\/wp-content\/uploads\/2020\/04\/descarga.jpeg\",\"datePublished\":\"2020-04-19T04:56:46+00:00\",\"dateModified\":\"2020-04-19T04:57:19+00:00\",\"breadcrumb\":{\"@id\":\"https:\/\/nitu.mx\/index.php\/2020\/04\/18\/un-hotelero-de-leyenda\/#breadcrumb\"},\"inLanguage\":\"es-MX\",\"potentialAction\":[{\"@type\":\"ReadAction\",\"target\":[\"https:\/\/nitu.mx\/index.php\/2020\/04\/18\/un-hotelero-de-leyenda\/\"]}]},{\"@type\":\"ImageObject\",\"inLanguage\":\"es-MX\",\"@id\":\"https:\/\/nitu.mx\/index.php\/2020\/04\/18\/un-hotelero-de-leyenda\/#primaryimage\",\"url\":\"https:\/\/nitu.mx\/wp-content\/uploads\/2020\/04\/descarga.jpeg\",\"contentUrl\":\"https:\/\/nitu.mx\/wp-content\/uploads\/2020\/04\/descarga.jpeg\",\"width\":318,\"height\":159},{\"@type\":\"BreadcrumbList\",\"@id\":\"https:\/\/nitu.mx\/index.php\/2020\/04\/18\/un-hotelero-de-leyenda\/#breadcrumb\",\"itemListElement\":[{\"@type\":\"ListItem\",\"position\":1,\"name\":\"Inicio\",\"item\":\"https:\/\/nitu.mx\/\"},{\"@type\":\"ListItem\",\"position\":2,\"name\":\"Un hotelero de leyenda\"}]},{\"@type\":\"WebSite\",\"@id\":\"https:\/\/nitu.mx\/#website\",\"url\":\"https:\/\/nitu.mx\/\",\"name\":\"Nitu - Noticias de la Industria Turistica\",\"description\":\"Noticias de la Industria Turistica\",\"publisher\":{\"@id\":\"https:\/\/nitu.mx\/#\/schema\/person\/ae7a53426417292d3dd07b45a33e01bc\"},\"alternateName\":\"Noticias de la Industria Turistica\",\"potentialAction\":[{\"@type\":\"SearchAction\",\"target\":{\"@type\":\"EntryPoint\",\"urlTemplate\":\"https:\/\/nitu.mx\/?s={search_term_string}\"},\"query-input\":\"required name=search_term_string\"}],\"inLanguage\":\"es-MX\"},{\"@type\":[\"Person\",\"Organization\"],\"@id\":\"https:\/\/nitu.mx\/#\/schema\/person\/ae7a53426417292d3dd07b45a33e01bc\",\"name\":\"Arturo Medina\",\"image\":{\"@type\":\"ImageObject\",\"inLanguage\":\"es-MX\",\"@id\":\"https:\/\/nitu.mx\/#\/schema\/person\/image\/\",\"url\":\"https:\/\/nitu.mx\/wp-content\/uploads\/2024\/04\/4A315622-1904-4D5C-B022-878CDC840E04-90x90-1.jpeg\",\"contentUrl\":\"https:\/\/nitu.mx\/wp-content\/uploads\/2024\/04\/4A315622-1904-4D5C-B022-878CDC840E04-90x90-1.jpeg\",\"width\":90,\"height\":90,\"caption\":\"Arturo Medina\"},\"logo\":{\"@id\":\"https:\/\/nitu.mx\/#\/schema\/person\/image\/\"},\"description\":\"Director NITU.mx, Egresado de la Escuela de Periodismo Carlos Septi\u00e9n Garc\u00eda. Periodista y analista especializado en turismo desde hace 35 a\u00f1os, radicado en Canc\u00fan Q.Roo. arturo@nitu.mx\",\"sameAs\":[\"https:\/\/nitu.mx\",\"https:\/\/www.facebook.com\/NITUmx\/\",\"medinacancun\",\"https:\/\/twitter.com\/@Arturo_Medina_G\"]},{\"@type\":\"Person\",\"@id\":\"https:\/\/nitu.mx\/#\/schema\/person\/4a28fe9bd65924f7c90623773daf1b0b\",\"name\":\"Redacci\u00f3n\",\"image\":{\"@type\":\"ImageObject\",\"inLanguage\":\"es-MX\",\"@id\":\"https:\/\/nitu.mx\/#\/schema\/person\/image\/\",\"url\":\"https:\/\/secure.gravatar.com\/avatar\/5dd011c8ccfc5cd7e4c81e42252aab38?s=96&d=mm&r=g\",\"contentUrl\":\"https:\/\/secure.gravatar.com\/avatar\/5dd011c8ccfc5cd7e4c81e42252aab38?s=96&d=mm&r=g\",\"caption\":\"Redacci\u00f3n\"},\"url\":\"https:\/\/nitu.mx\/index.php\/author\/redaccion\/\"}]}<\/script>\n<!-- \/ Yoast SEO plugin. -->","yoast_head_json":{"title":"Un hotelero de leyenda - Nitu - Noticias de la Industria Turistica","robots":{"index":"index","follow":"follow","max-snippet":"max-snippet:-1","max-image-preview":"max-image-preview:large","max-video-preview":"max-video-preview:-1"},"canonical":"https:\/\/nitu.mx\/index.php\/2020\/04\/18\/un-hotelero-de-leyenda\/","twitter_card":"summary_large_image","twitter_title":"Un hotelero de leyenda - Nitu - Noticias de la Industria Turistica","twitter_description":"Por Gerardo Garcia Lo recuerdo as\u00ed. Siempre con su blazer y sus zapatos que compraba en una tienda en el Barrio de Salamanca en Madrid. Lo recuerdo as\u00ed. Irreverente, inteligente, expresivo en extremo.&nbsp; Hombre de bien. Pedro Pueyo comenz\u00f3, como casi todos los hoteleros espa\u00f1oles, en las islas de aquel pa\u00eds. Pedro, inquieto siempre, se [&hellip;]","twitter_image":"https:\/\/nitu.mx\/wp-content\/uploads\/2020\/04\/descarga.jpeg","twitter_creator":"@NITUmx","twitter_site":"@Arturo_Medina_G","twitter_misc":{"Escrito por":"Redacci\u00f3n","Tiempo de lectura":"2 minutos"},"schema":{"@context":"https:\/\/schema.org","@graph":[{"@type":"Article","@id":"https:\/\/nitu.mx\/index.php\/2020\/04\/18\/un-hotelero-de-leyenda\/#article","isPartOf":{"@id":"https:\/\/nitu.mx\/index.php\/2020\/04\/18\/un-hotelero-de-leyenda\/"},"author":{"name":"Redacci\u00f3n","@id":"https:\/\/nitu.mx\/#\/schema\/person\/4a28fe9bd65924f7c90623773daf1b0b"},"headline":"Un hotelero de leyenda","datePublished":"2020-04-19T04:56:46+00:00","dateModified":"2020-04-19T04:57:19+00:00","mainEntityOfPage":{"@id":"https:\/\/nitu.mx\/index.php\/2020\/04\/18\/un-hotelero-de-leyenda\/"},"wordCount":354,"commentCount":0,"publisher":{"@id":"https:\/\/nitu.mx\/#\/schema\/person\/ae7a53426417292d3dd07b45a33e01bc"},"image":{"@id":"https:\/\/nitu.mx\/index.php\/2020\/04\/18\/un-hotelero-de-leyenda\/#primaryimage"},"thumbnailUrl":"https:\/\/nitu.mx\/wp-content\/uploads\/2020\/04\/descarga.jpeg","keywords":["Grupo Oasis","Pedro Pueyo"],"articleSection":["Opini\u00f3n"],"inLanguage":"es-MX","potentialAction":[{"@type":"CommentAction","name":"Comment","target":["https:\/\/nitu.mx\/index.php\/2020\/04\/18\/un-hotelero-de-leyenda\/#respond"]}]},{"@type":"WebPage","@id":"https:\/\/nitu.mx\/index.php\/2020\/04\/18\/un-hotelero-de-leyenda\/","url":"https:\/\/nitu.mx\/index.php\/2020\/04\/18\/un-hotelero-de-leyenda\/","name":"Un hotelero de leyenda - Nitu - Noticias de la Industria Turistica","isPartOf":{"@id":"https:\/\/nitu.mx\/#website"},"primaryImageOfPage":{"@id":"https:\/\/nitu.mx\/index.php\/2020\/04\/18\/un-hotelero-de-leyenda\/#primaryimage"},"image":{"@id":"https:\/\/nitu.mx\/index.php\/2020\/04\/18\/un-hotelero-de-leyenda\/#primaryimage"},"thumbnailUrl":"https:\/\/nitu.mx\/wp-content\/uploads\/2020\/04\/descarga.jpeg","datePublished":"2020-04-19T04:56:46+00:00","dateModified":"2020-04-19T04:57:19+00:00","breadcrumb":{"@id":"https:\/\/nitu.mx\/index.php\/2020\/04\/18\/un-hotelero-de-leyenda\/#breadcrumb"},"inLanguage":"es-MX","potentialAction":[{"@type":"ReadAction","target":["https:\/\/nitu.mx\/index.php\/2020\/04\/18\/un-hotelero-de-leyenda\/"]}]},{"@type":"ImageObject","inLanguage":"es-MX","@id":"https:\/\/nitu.mx\/index.php\/2020\/04\/18\/un-hotelero-de-leyenda\/#primaryimage","url":"https:\/\/nitu.mx\/wp-content\/uploads\/2020\/04\/descarga.jpeg","contentUrl":"https:\/\/nitu.mx\/wp-content\/uploads\/2020\/04\/descarga.jpeg","width":318,"height":159},{"@type":"BreadcrumbList","@id":"https:\/\/nitu.mx\/index.php\/2020\/04\/18\/un-hotelero-de-leyenda\/#breadcrumb","itemListElement":[{"@type":"ListItem","position":1,"name":"Inicio","item":"https:\/\/nitu.mx\/"},{"@type":"ListItem","position":2,"name":"Un hotelero de leyenda"}]},{"@type":"WebSite","@id":"https:\/\/nitu.mx\/#website","url":"https:\/\/nitu.mx\/","name":"Nitu - Noticias de la Industria Turistica","description":"Noticias de la Industria Turistica","publisher":{"@id":"https:\/\/nitu.mx\/#\/schema\/person\/ae7a53426417292d3dd07b45a33e01bc"},"alternateName":"Noticias de la Industria Turistica","potentialAction":[{"@type":"SearchAction","target":{"@type":"EntryPoint","urlTemplate":"https:\/\/nitu.mx\/?s={search_term_string}"},"query-input":"required name=search_term_string"}],"inLanguage":"es-MX"},{"@type":["Person","Organization"],"@id":"https:\/\/nitu.mx\/#\/schema\/person\/ae7a53426417292d3dd07b45a33e01bc","name":"Arturo Medina","image":{"@type":"ImageObject","inLanguage":"es-MX","@id":"https:\/\/nitu.mx\/#\/schema\/person\/image\/","url":"https:\/\/nitu.mx\/wp-content\/uploads\/2024\/04\/4A315622-1904-4D5C-B022-878CDC840E04-90x90-1.jpeg","contentUrl":"https:\/\/nitu.mx\/wp-content\/uploads\/2024\/04\/4A315622-1904-4D5C-B022-878CDC840E04-90x90-1.jpeg","width":90,"height":90,"caption":"Arturo Medina"},"logo":{"@id":"https:\/\/nitu.mx\/#\/schema\/person\/image\/"},"description":"Director NITU.mx, Egresado de la Escuela de Periodismo Carlos Septi\u00e9n Garc\u00eda. Periodista y analista especializado en turismo desde hace 35 a\u00f1os, radicado en Canc\u00fan Q.Roo. arturo@nitu.mx","sameAs":["https:\/\/nitu.mx","https:\/\/www.facebook.com\/NITUmx\/","medinacancun","https:\/\/twitter.com\/@Arturo_Medina_G"]},{"@type":"Person","@id":"https:\/\/nitu.mx\/#\/schema\/person\/4a28fe9bd65924f7c90623773daf1b0b","name":"Redacci\u00f3n","image":{"@type":"ImageObject","inLanguage":"es-MX","@id":"https:\/\/nitu.mx\/#\/schema\/person\/image\/","url":"https:\/\/secure.gravatar.com\/avatar\/5dd011c8ccfc5cd7e4c81e42252aab38?s=96&d=mm&r=g","contentUrl":"https:\/\/secure.gravatar.com\/avatar\/5dd011c8ccfc5cd7e4c81e42252aab38?s=96&d=mm&r=g","caption":"Redacci\u00f3n"},"url":"https:\/\/nitu.mx\/index.php\/author\/redaccion\/"}]}},"views":793,"_links":{"self":[{"href":"https:\/\/nitu.mx\/index.php\/wp-json\/wp\/v2\/posts\/41869"}],"collection":[{"href":"https:\/\/nitu.mx\/index.php\/wp-json\/wp\/v2\/posts"}],"about":[{"href":"https:\/\/nitu.mx\/index.php\/wp-json\/wp\/v2\/types\/post"}],"author":[{"embeddable":true,"href":"https:\/\/nitu.mx\/index.php\/wp-json\/wp\/v2\/users\/17"}],"replies":[{"embeddable":true,"href":"https:\/\/nitu.mx\/index.php\/wp-json\/wp\/v2\/comments?post=41869"}],"version-history":[{"count":1,"href":"https:\/\/nitu.mx\/index.php\/wp-json\/wp\/v2\/posts\/41869\/revisions"}],"predecessor-version":[{"id":41871,"href":"https:\/\/nitu.mx\/index.php\/wp-json\/wp\/v2\/posts\/41869\/revisions\/41871"}],"wp:featuredmedia":[{"embeddable":true,"href":"https:\/\/nitu.mx\/index.php\/wp-json\/wp\/v2\/media\/41870"}],"wp:attachment":[{"href":"https:\/\/nitu.mx\/index.php\/wp-json\/wp\/v2\/media?parent=41869"}],"wp:term":[{"taxonomy":"category","embeddable":true,"href":"https:\/\/nitu.mx\/index.php\/wp-json\/wp\/v2\/categories?post=41869"},{"taxonomy":"post_tag","embeddable":true,"href":"https:\/\/nitu.mx\/index.php\/wp-json\/wp\/v2\/tags?post=41869"}],"curies":[{"name":"wp","href":"https:\/\/api.w.org\/{rel}","templated":true}]}}