{"id":41763,"date":"2020-04-13T18:20:39","date_gmt":"2020-04-13T23:20:39","guid":{"rendered":"https:\/\/www.dev.nitu.mx\/?p=41763"},"modified":"2020-04-14T00:35:06","modified_gmt":"2020-04-14T05:35:06","slug":"amav-va-por-campana-nacional-contra-las-agencias-de-viajes-patito","status":"publish","type":"post","link":"https:\/\/nitu.mx\/index.php\/2020\/04\/13\/amav-va-por-campana-nacional-contra-las-agencias-de-viajes-patito\/","title":{"rendered":"AMAV va por campa\u00f1a nacional contra las agencias de viajes \u201cpatito\u201d"},"content":{"rendered":"<p>La Asociaci\u00f3n Mexicana de Agencias de Viajes (AMAV) ya trabaja en la reactivaci\u00f3n de la actividad tur\u00edstica del pa\u00eds, que entre otras acciones contempla una campa\u00f1a nacional para consolidar a la asociaci\u00f3n y frenar a las agencias de viajes no registradas, conocidas como \u201cpatito\u201d.<\/p>\n<p>El presidente nacional de AMAV, Eduardo Paniagua Morales, coment\u00f3 que este tipo de negocios ya empez\u00f3 a vender paquetes de viajes a precios \u201cirrisorios\u201d a trav\u00e9s de las redes sociales, aun cuando todav\u00eda no se sabe cu\u00e1ndo se reactivar\u00e1 la actividad tur\u00edstica.<\/p>\n<p>Otros planes en los que trabaja la asociaci\u00f3n son la modernizaci\u00f3n y digitalizaci\u00f3n de las agencias de viajes, para incentivar la compra de paquetes a trav\u00e9s de ellas, una vez que salgamos de la pandemia.<\/p>\n<p>Se brindar\u00e1 apoyo en materia de comunicaci\u00f3n, digitalizaci\u00f3n, creaci\u00f3n de planes y lluvia de ideas para la creaci\u00f3n de nuevo producto tur\u00edstico, como las Catas de vino de San Luis Potos\u00ed, el tour del Cristo Negro en Campeche y la ruta Pajareando en Quintana Roo.<\/p>\n<p>Para lograr todo esto, AMAV busca la obtenci\u00f3n de cr\u00e9ditos con tasas preferenciales para los afiliados, as\u00ed como cr\u00e9ditos a la palabra para sus colaboradores con pagos c\u00f3modos, m\u00e1s all\u00e1 de las gestiones que realiza de la mano del resto del sector empresarial tur\u00edstico, as\u00ed como de las solicitudes que realiza cada filial estatal con las autoridades de la entidad federativa que les corresponda.<\/p>\n<p>Paniagua tambi\u00e9n coment\u00f3 que AMAV se sumar\u00e1 a la estrategia de la Secretar\u00eda de Turismo (Sectur) y VisitMexico, para trabajar de forma conjunta para fondear difundir y lograr los mejores impactos de la campa\u00f1a de promoci\u00f3n que se implementar\u00e1 a nivel nacional e internacional.\u00a0<a title=\"Sectur presenta estrategia digital para contener crisis del sector tur\u00edstico\" href=\"https:\/\/www.dev.nitu.mx\/index.php\/2020\/04\/08\/sectur-presenta-estrategia-digital-para-contener-crisis-del-sector-turistico\/\" rel=\"bookmark\">(Sectur presenta estrategia digital para contener crisis del sector tur\u00edstico<\/a>)<\/p>\n<p>De acuerdo con AMAV, esta campa\u00f1a requerir\u00e1 una inversi\u00f3n de 385 millones de pesos, de los cuales los empresarios ya reunieron 300 millones y el resto ser\u00e1 aportado por estados y municipios.<\/p>\n","protected":false},"excerpt":{"rendered":"<p>La Asociaci\u00f3n Mexicana de Agencias de Viajes (AMAV) ya trabaja en la reactivaci\u00f3n de la actividad tur\u00edstica del pa\u00eds, que entre otras acciones contempla una campa\u00f1a nacional para consolidar a la asociaci\u00f3n y frenar a las agencias de viajes no registradas, conocidas como \u201cpatito\u201d. El presidente nacional de AMAV, Eduardo Paniagua Morales, coment\u00f3 que este [&hellip;]<\/p>\n","protected":false},"author":18,"featured_media":33850,"comment_status":"open","ping_status":"open","sticky":false,"template":"","format":"standard","meta":{"footnotes":""},"categories":[3,19057],"tags":[849,16528,1152,260,93,17143],"yoast_head":"<!-- This site is optimized with the Yoast SEO plugin v22.2 - https:\/\/yoast.com\/wordpress\/plugins\/seo\/ -->\n<title>AMAV va por campa\u00f1a nacional contra las agencias de viajes \u201cpatito\u201d - Nitu - Noticias de la Industria Turistica<\/title>\n<meta name=\"robots\" content=\"index, follow, max-snippet:-1, max-image-preview:large, max-video-preview:-1\" \/>\n<link rel=\"canonical\" href=\"https:\/\/nitu.mx\/index.php\/2020\/04\/13\/amav-va-por-campana-nacional-contra-las-agencias-de-viajes-patito\/\" \/>\n<meta name=\"twitter:card\" content=\"summary_large_image\" \/>\n<meta name=\"twitter:title\" content=\"AMAV va por campa\u00f1a nacional contra las agencias de viajes \u201cpatito\u201d - Nitu - Noticias de la Industria Turistica\" \/>\n<meta name=\"twitter:description\" content=\"La Asociaci\u00f3n Mexicana de Agencias de Viajes (AMAV) ya trabaja en la reactivaci\u00f3n de la actividad tur\u00edstica del pa\u00eds, que entre otras acciones contempla una campa\u00f1a nacional para consolidar a la asociaci\u00f3n y frenar a las agencias de viajes no registradas, conocidas como \u201cpatito\u201d. El presidente nacional de AMAV, Eduardo Paniagua Morales, coment\u00f3 que este [&hellip;]\" \/>\n<meta name=\"twitter:image\" content=\"https:\/\/nitu.mx\/wp-content\/uploads\/2019\/07\/turismo-playas-canc\u00fan.jpg\" \/>\n<meta name=\"twitter:creator\" content=\"@NITUmx\" \/>\n<meta name=\"twitter:site\" content=\"@Arturo_Medina_G\" \/>\n<meta name=\"twitter:label1\" content=\"Escrito por\" \/>\n\t<meta name=\"twitter:data1\" content=\"Guadalupe Sixto\" \/>\n\t<meta name=\"twitter:label2\" content=\"Tiempo de lectura\" \/>\n\t<meta name=\"twitter:data2\" content=\"2 minutos\" \/>\n<script type=\"application\/ld+json\" class=\"yoast-schema-graph\">{\"@context\":\"https:\/\/schema.org\",\"@graph\":[{\"@type\":\"Article\",\"@id\":\"https:\/\/nitu.mx\/index.php\/2020\/04\/13\/amav-va-por-campana-nacional-contra-las-agencias-de-viajes-patito\/#article\",\"isPartOf\":{\"@id\":\"https:\/\/nitu.mx\/index.php\/2020\/04\/13\/amav-va-por-campana-nacional-contra-las-agencias-de-viajes-patito\/\"},\"author\":{\"name\":\"Guadalupe Sixto\",\"@id\":\"https:\/\/nitu.mx\/#\/schema\/person\/3df3082b5e46037e3f13614d28ee0b77\"},\"headline\":\"AMAV va por campa\u00f1a nacional contra las agencias de viajes \u201cpatito\u201d\",\"datePublished\":\"2020-04-13T23:20:39+00:00\",\"dateModified\":\"2020-04-14T05:35:06+00:00\",\"mainEntityOfPage\":{\"@id\":\"https:\/\/nitu.mx\/index.php\/2020\/04\/13\/amav-va-por-campana-nacional-contra-las-agencias-de-viajes-patito\/\"},\"wordCount\":358,\"commentCount\":0,\"publisher\":{\"@id\":\"https:\/\/nitu.mx\/#\/schema\/person\/ae7a53426417292d3dd07b45a33e01bc\"},\"image\":{\"@id\":\"https:\/\/nitu.mx\/index.php\/2020\/04\/13\/amav-va-por-campana-nacional-contra-las-agencias-de-viajes-patito\/#primaryimage\"},\"thumbnailUrl\":\"https:\/\/nitu.mx\/wp-content\/uploads\/2019\/07\/turismo-playas-canc\u00fan.jpg\",\"keywords\":[\"AMAV\",\"Eduardo Paniagua\",\"Promoci\u00f3n Tur\u00edstica\",\"Quintana Roo\",\"Sectur\",\"VisitMexico\"],\"articleSection\":[\"Agencias de Viajes\",\"COVID-19 CORONAVIRUS\"],\"inLanguage\":\"es-MX\",\"potentialAction\":[{\"@type\":\"CommentAction\",\"name\":\"Comment\",\"target\":[\"https:\/\/nitu.mx\/index.php\/2020\/04\/13\/amav-va-por-campana-nacional-contra-las-agencias-de-viajes-patito\/#respond\"]}]},{\"@type\":\"WebPage\",\"@id\":\"https:\/\/nitu.mx\/index.php\/2020\/04\/13\/amav-va-por-campana-nacional-contra-las-agencias-de-viajes-patito\/\",\"url\":\"https:\/\/nitu.mx\/index.php\/2020\/04\/13\/amav-va-por-campana-nacional-contra-las-agencias-de-viajes-patito\/\",\"name\":\"AMAV va por campa\u00f1a nacional contra las agencias de viajes \u201cpatito\u201d - Nitu - Noticias de la Industria Turistica\",\"isPartOf\":{\"@id\":\"https:\/\/nitu.mx\/#website\"},\"primaryImageOfPage\":{\"@id\":\"https:\/\/nitu.mx\/index.php\/2020\/04\/13\/amav-va-por-campana-nacional-contra-las-agencias-de-viajes-patito\/#primaryimage\"},\"image\":{\"@id\":\"https:\/\/nitu.mx\/index.php\/2020\/04\/13\/amav-va-por-campana-nacional-contra-las-agencias-de-viajes-patito\/#primaryimage\"},\"thumbnailUrl\":\"https:\/\/nitu.mx\/wp-content\/uploads\/2019\/07\/turismo-playas-canc\u00fan.jpg\",\"datePublished\":\"2020-04-13T23:20:39+00:00\",\"dateModified\":\"2020-04-14T05:35:06+00:00\",\"breadcrumb\":{\"@id\":\"https:\/\/nitu.mx\/index.php\/2020\/04\/13\/amav-va-por-campana-nacional-contra-las-agencias-de-viajes-patito\/#breadcrumb\"},\"inLanguage\":\"es-MX\",\"potentialAction\":[{\"@type\":\"ReadAction\",\"target\":[\"https:\/\/nitu.mx\/index.php\/2020\/04\/13\/amav-va-por-campana-nacional-contra-las-agencias-de-viajes-patito\/\"]}]},{\"@type\":\"ImageObject\",\"inLanguage\":\"es-MX\",\"@id\":\"https:\/\/nitu.mx\/index.php\/2020\/04\/13\/amav-va-por-campana-nacional-contra-las-agencias-de-viajes-patito\/#primaryimage\",\"url\":\"https:\/\/nitu.mx\/wp-content\/uploads\/2019\/07\/turismo-playas-canc\u00fan.jpg\",\"contentUrl\":\"https:\/\/nitu.mx\/wp-content\/uploads\/2019\/07\/turismo-playas-canc\u00fan.jpg\",\"width\":850,\"height\":480,\"caption\":\"Sedetur Quintana Roo Playas PriceTravel Canc\u00fan AMAV\"},{\"@type\":\"BreadcrumbList\",\"@id\":\"https:\/\/nitu.mx\/index.php\/2020\/04\/13\/amav-va-por-campana-nacional-contra-las-agencias-de-viajes-patito\/#breadcrumb\",\"itemListElement\":[{\"@type\":\"ListItem\",\"position\":1,\"name\":\"Inicio\",\"item\":\"https:\/\/nitu.mx\/\"},{\"@type\":\"ListItem\",\"position\":2,\"name\":\"AMAV va por campa\u00f1a nacional contra las agencias de viajes \u201cpatito\u201d\"}]},{\"@type\":\"WebSite\",\"@id\":\"https:\/\/nitu.mx\/#website\",\"url\":\"https:\/\/nitu.mx\/\",\"name\":\"Nitu - Noticias de la Industria Turistica\",\"description\":\"Noticias de la Industria Turistica\",\"publisher\":{\"@id\":\"https:\/\/nitu.mx\/#\/schema\/person\/ae7a53426417292d3dd07b45a33e01bc\"},\"alternateName\":\"Noticias de la Industria Turistica\",\"potentialAction\":[{\"@type\":\"SearchAction\",\"target\":{\"@type\":\"EntryPoint\",\"urlTemplate\":\"https:\/\/nitu.mx\/?s={search_term_string}\"},\"query-input\":\"required name=search_term_string\"}],\"inLanguage\":\"es-MX\"},{\"@type\":[\"Person\",\"Organization\"],\"@id\":\"https:\/\/nitu.mx\/#\/schema\/person\/ae7a53426417292d3dd07b45a33e01bc\",\"name\":\"Arturo Medina\",\"image\":{\"@type\":\"ImageObject\",\"inLanguage\":\"es-MX\",\"@id\":\"https:\/\/nitu.mx\/#\/schema\/person\/image\/\",\"url\":\"https:\/\/nitu.mx\/wp-content\/uploads\/2024\/04\/4A315622-1904-4D5C-B022-878CDC840E04-90x90-1.jpeg\",\"contentUrl\":\"https:\/\/nitu.mx\/wp-content\/uploads\/2024\/04\/4A315622-1904-4D5C-B022-878CDC840E04-90x90-1.jpeg\",\"width\":90,\"height\":90,\"caption\":\"Arturo Medina\"},\"logo\":{\"@id\":\"https:\/\/nitu.mx\/#\/schema\/person\/image\/\"},\"description\":\"Director NITU.mx, Egresado de la Escuela de Periodismo Carlos Septi\u00e9n Garc\u00eda. Periodista y analista especializado en turismo desde hace 35 a\u00f1os, radicado en Canc\u00fan Q.Roo. arturo@nitu.mx\",\"sameAs\":[\"https:\/\/nitu.mx\",\"https:\/\/www.facebook.com\/NITUmx\/\",\"medinacancun\",\"https:\/\/twitter.com\/@Arturo_Medina_G\"]},{\"@type\":\"Person\",\"@id\":\"https:\/\/nitu.mx\/#\/schema\/person\/3df3082b5e46037e3f13614d28ee0b77\",\"name\":\"Guadalupe Sixto\",\"image\":{\"@type\":\"ImageObject\",\"inLanguage\":\"es-MX\",\"@id\":\"https:\/\/nitu.mx\/#\/schema\/person\/image\/\",\"url\":\"https:\/\/secure.gravatar.com\/avatar\/13914e1b0e1919e91f9539de4dc584c4?s=96&d=mm&r=g\",\"contentUrl\":\"https:\/\/secure.gravatar.com\/avatar\/13914e1b0e1919e91f9539de4dc584c4?s=96&d=mm&r=g\",\"caption\":\"Guadalupe Sixto\"},\"url\":\"https:\/\/nitu.mx\/index.php\/author\/gsixto\/\"}]}<\/script>\n<!-- \/ Yoast SEO plugin. -->","yoast_head_json":{"title":"AMAV va por campa\u00f1a nacional contra las agencias de viajes \u201cpatito\u201d - Nitu - Noticias de la Industria Turistica","robots":{"index":"index","follow":"follow","max-snippet":"max-snippet:-1","max-image-preview":"max-image-preview:large","max-video-preview":"max-video-preview:-1"},"canonical":"https:\/\/nitu.mx\/index.php\/2020\/04\/13\/amav-va-por-campana-nacional-contra-las-agencias-de-viajes-patito\/","twitter_card":"summary_large_image","twitter_title":"AMAV va por campa\u00f1a nacional contra las agencias de viajes \u201cpatito\u201d - Nitu - Noticias de la Industria Turistica","twitter_description":"La Asociaci\u00f3n Mexicana de Agencias de Viajes (AMAV) ya trabaja en la reactivaci\u00f3n de la actividad tur\u00edstica del pa\u00eds, que entre otras acciones contempla una campa\u00f1a nacional para consolidar a la asociaci\u00f3n y frenar a las agencias de viajes no registradas, conocidas como \u201cpatito\u201d. El presidente nacional de AMAV, Eduardo Paniagua Morales, coment\u00f3 que este [&hellip;]","twitter_image":"https:\/\/nitu.mx\/wp-content\/uploads\/2019\/07\/turismo-playas-canc\u00fan.jpg","twitter_creator":"@NITUmx","twitter_site":"@Arturo_Medina_G","twitter_misc":{"Escrito por":"Guadalupe Sixto","Tiempo de lectura":"2 minutos"},"schema":{"@context":"https:\/\/schema.org","@graph":[{"@type":"Article","@id":"https:\/\/nitu.mx\/index.php\/2020\/04\/13\/amav-va-por-campana-nacional-contra-las-agencias-de-viajes-patito\/#article","isPartOf":{"@id":"https:\/\/nitu.mx\/index.php\/2020\/04\/13\/amav-va-por-campana-nacional-contra-las-agencias-de-viajes-patito\/"},"author":{"name":"Guadalupe Sixto","@id":"https:\/\/nitu.mx\/#\/schema\/person\/3df3082b5e46037e3f13614d28ee0b77"},"headline":"AMAV va por campa\u00f1a nacional contra las agencias de viajes \u201cpatito\u201d","datePublished":"2020-04-13T23:20:39+00:00","dateModified":"2020-04-14T05:35:06+00:00","mainEntityOfPage":{"@id":"https:\/\/nitu.mx\/index.php\/2020\/04\/13\/amav-va-por-campana-nacional-contra-las-agencias-de-viajes-patito\/"},"wordCount":358,"commentCount":0,"publisher":{"@id":"https:\/\/nitu.mx\/#\/schema\/person\/ae7a53426417292d3dd07b45a33e01bc"},"image":{"@id":"https:\/\/nitu.mx\/index.php\/2020\/04\/13\/amav-va-por-campana-nacional-contra-las-agencias-de-viajes-patito\/#primaryimage"},"thumbnailUrl":"https:\/\/nitu.mx\/wp-content\/uploads\/2019\/07\/turismo-playas-canc\u00fan.jpg","keywords":["AMAV","Eduardo Paniagua","Promoci\u00f3n Tur\u00edstica","Quintana Roo","Sectur","VisitMexico"],"articleSection":["Agencias de Viajes","COVID-19 CORONAVIRUS"],"inLanguage":"es-MX","potentialAction":[{"@type":"CommentAction","name":"Comment","target":["https:\/\/nitu.mx\/index.php\/2020\/04\/13\/amav-va-por-campana-nacional-contra-las-agencias-de-viajes-patito\/#respond"]}]},{"@type":"WebPage","@id":"https:\/\/nitu.mx\/index.php\/2020\/04\/13\/amav-va-por-campana-nacional-contra-las-agencias-de-viajes-patito\/","url":"https:\/\/nitu.mx\/index.php\/2020\/04\/13\/amav-va-por-campana-nacional-contra-las-agencias-de-viajes-patito\/","name":"AMAV va por campa\u00f1a nacional contra las agencias de viajes \u201cpatito\u201d - Nitu - Noticias de la Industria Turistica","isPartOf":{"@id":"https:\/\/nitu.mx\/#website"},"primaryImageOfPage":{"@id":"https:\/\/nitu.mx\/index.php\/2020\/04\/13\/amav-va-por-campana-nacional-contra-las-agencias-de-viajes-patito\/#primaryimage"},"image":{"@id":"https:\/\/nitu.mx\/index.php\/2020\/04\/13\/amav-va-por-campana-nacional-contra-las-agencias-de-viajes-patito\/#primaryimage"},"thumbnailUrl":"https:\/\/nitu.mx\/wp-content\/uploads\/2019\/07\/turismo-playas-canc\u00fan.jpg","datePublished":"2020-04-13T23:20:39+00:00","dateModified":"2020-04-14T05:35:06+00:00","breadcrumb":{"@id":"https:\/\/nitu.mx\/index.php\/2020\/04\/13\/amav-va-por-campana-nacional-contra-las-agencias-de-viajes-patito\/#breadcrumb"},"inLanguage":"es-MX","potentialAction":[{"@type":"ReadAction","target":["https:\/\/nitu.mx\/index.php\/2020\/04\/13\/amav-va-por-campana-nacional-contra-las-agencias-de-viajes-patito\/"]}]},{"@type":"ImageObject","inLanguage":"es-MX","@id":"https:\/\/nitu.mx\/index.php\/2020\/04\/13\/amav-va-por-campana-nacional-contra-las-agencias-de-viajes-patito\/#primaryimage","url":"https:\/\/nitu.mx\/wp-content\/uploads\/2019\/07\/turismo-playas-canc\u00fan.jpg","contentUrl":"https:\/\/nitu.mx\/wp-content\/uploads\/2019\/07\/turismo-playas-canc\u00fan.jpg","width":850,"height":480,"caption":"Sedetur Quintana Roo Playas PriceTravel Canc\u00fan AMAV"},{"@type":"BreadcrumbList","@id":"https:\/\/nitu.mx\/index.php\/2020\/04\/13\/amav-va-por-campana-nacional-contra-las-agencias-de-viajes-patito\/#breadcrumb","itemListElement":[{"@type":"ListItem","position":1,"name":"Inicio","item":"https:\/\/nitu.mx\/"},{"@type":"ListItem","position":2,"name":"AMAV va por campa\u00f1a nacional contra las agencias de viajes \u201cpatito\u201d"}]},{"@type":"WebSite","@id":"https:\/\/nitu.mx\/#website","url":"https:\/\/nitu.mx\/","name":"Nitu - Noticias de la Industria Turistica","description":"Noticias de la Industria Turistica","publisher":{"@id":"https:\/\/nitu.mx\/#\/schema\/person\/ae7a53426417292d3dd07b45a33e01bc"},"alternateName":"Noticias de la Industria Turistica","potentialAction":[{"@type":"SearchAction","target":{"@type":"EntryPoint","urlTemplate":"https:\/\/nitu.mx\/?s={search_term_string}"},"query-input":"required name=search_term_string"}],"inLanguage":"es-MX"},{"@type":["Person","Organization"],"@id":"https:\/\/nitu.mx\/#\/schema\/person\/ae7a53426417292d3dd07b45a33e01bc","name":"Arturo Medina","image":{"@type":"ImageObject","inLanguage":"es-MX","@id":"https:\/\/nitu.mx\/#\/schema\/person\/image\/","url":"https:\/\/nitu.mx\/wp-content\/uploads\/2024\/04\/4A315622-1904-4D5C-B022-878CDC840E04-90x90-1.jpeg","contentUrl":"https:\/\/nitu.mx\/wp-content\/uploads\/2024\/04\/4A315622-1904-4D5C-B022-878CDC840E04-90x90-1.jpeg","width":90,"height":90,"caption":"Arturo Medina"},"logo":{"@id":"https:\/\/nitu.mx\/#\/schema\/person\/image\/"},"description":"Director NITU.mx, Egresado de la Escuela de Periodismo Carlos Septi\u00e9n Garc\u00eda. Periodista y analista especializado en turismo desde hace 35 a\u00f1os, radicado en Canc\u00fan Q.Roo. arturo@nitu.mx","sameAs":["https:\/\/nitu.mx","https:\/\/www.facebook.com\/NITUmx\/","medinacancun","https:\/\/twitter.com\/@Arturo_Medina_G"]},{"@type":"Person","@id":"https:\/\/nitu.mx\/#\/schema\/person\/3df3082b5e46037e3f13614d28ee0b77","name":"Guadalupe Sixto","image":{"@type":"ImageObject","inLanguage":"es-MX","@id":"https:\/\/nitu.mx\/#\/schema\/person\/image\/","url":"https:\/\/secure.gravatar.com\/avatar\/13914e1b0e1919e91f9539de4dc584c4?s=96&d=mm&r=g","contentUrl":"https:\/\/secure.gravatar.com\/avatar\/13914e1b0e1919e91f9539de4dc584c4?s=96&d=mm&r=g","caption":"Guadalupe Sixto"},"url":"https:\/\/nitu.mx\/index.php\/author\/gsixto\/"}]}},"views":330,"_links":{"self":[{"href":"https:\/\/nitu.mx\/index.php\/wp-json\/wp\/v2\/posts\/41763"}],"collection":[{"href":"https:\/\/nitu.mx\/index.php\/wp-json\/wp\/v2\/posts"}],"about":[{"href":"https:\/\/nitu.mx\/index.php\/wp-json\/wp\/v2\/types\/post"}],"author":[{"embeddable":true,"href":"https:\/\/nitu.mx\/index.php\/wp-json\/wp\/v2\/users\/18"}],"replies":[{"embeddable":true,"href":"https:\/\/nitu.mx\/index.php\/wp-json\/wp\/v2\/comments?post=41763"}],"version-history":[{"count":1,"href":"https:\/\/nitu.mx\/index.php\/wp-json\/wp\/v2\/posts\/41763\/revisions"}],"predecessor-version":[{"id":41764,"href":"https:\/\/nitu.mx\/index.php\/wp-json\/wp\/v2\/posts\/41763\/revisions\/41764"}],"wp:featuredmedia":[{"embeddable":true,"href":"https:\/\/nitu.mx\/index.php\/wp-json\/wp\/v2\/media\/33850"}],"wp:attachment":[{"href":"https:\/\/nitu.mx\/index.php\/wp-json\/wp\/v2\/media?parent=41763"}],"wp:term":[{"taxonomy":"category","embeddable":true,"href":"https:\/\/nitu.mx\/index.php\/wp-json\/wp\/v2\/categories?post=41763"},{"taxonomy":"post_tag","embeddable":true,"href":"https:\/\/nitu.mx\/index.php\/wp-json\/wp\/v2\/tags?post=41763"}],"curies":[{"name":"wp","href":"https:\/\/api.w.org\/{rel}","templated":true}]}}