{"id":41740,"date":"2020-04-12T22:17:43","date_gmt":"2020-04-13T03:17:43","guid":{"rendered":"https:\/\/www.dev.nitu.mx\/?p=41740"},"modified":"2020-04-13T00:47:02","modified_gmt":"2020-04-13T05:47:02","slug":"afeet-lanza-campana-de-webinars-de-capacitacion-para-sus-socias","status":"publish","type":"post","link":"https:\/\/nitu.mx\/index.php\/2020\/04\/12\/afeet-lanza-campana-de-webinars-de-capacitacion-para-sus-socias\/","title":{"rendered":"AFEET lanza campa\u00f1a de webinars de capacitaci\u00f3n para sus socias"},"content":{"rendered":"<p>A trav\u00e9s de la campa\u00f1a #M\u00e9xicoCuentasConNosotras, la Asociaci\u00f3n Femenil de Ejecutivas de Empresas Tur\u00edsticas (AFEET) promueve una serie de webinaars de inter\u00e9s para las m\u00e1s de 500 socias de la asociaci\u00f3n en temas relacionados con turismo.<\/p>\n<p>Mediante esta iniciativa, AFEET hace frente a las condiciones generadas por la contingencia sanitaria del COVID-19, y da continuidad a los proyectos de corto y mediano plazo que contribuyan con el desarrollo tur\u00edstico de M\u00e9xico.<\/p>\n<p>La presidenta nacional de AFEET, Brenda Alonso, destaca que el escenario actual representa un desaf\u00edo para todos los pa\u00edses, pero al mismo tiempo, es la oportunidad para reinventarse, evolucionar y crecer.<\/p>\n<p>La asociaci\u00f3n que re\u00fane a empresarias del sector tur\u00edstico reafirm\u00f3 sus tres ejes de acci\u00f3n: capacitaci\u00f3n, networking y responsabilidad social, los cuales ser\u00e1n impulsados a trav\u00e9s de estas herramientas tecnol\u00f3gicas para dar seguimiento a sus proyectos y fortalecer las acciones que la industria tur\u00edstica necesita.<\/p>\n<p>Para los webinars de AFEET, que se llevan a cabo en las distintas plataformas de la asociaci\u00f3n, se cuenta con la participaci\u00f3n de representantes y autoridades del sector tur\u00edstico. El m\u00e1s reciente fue impartido por la secretaria de Turismo de Yucat\u00e1n, Michelle Fridman, con el t\u00edtulo \u201cUn recorrido a trav\u00e9s de Yucat\u00e1n\u201d.\u00a0<a title=\"Sectur presenta estrategia digital para contener crisis del sector tur\u00edstico\" href=\"https:\/\/www.dev.nitu.mx\/index.php\/2020\/04\/08\/sectur-presenta-estrategia-digital-para-contener-crisis-del-sector-turistico\/\" rel=\"bookmark\">(Sectur presenta estrategia digital para contener crisis del sector tur\u00edstico<\/a>).<\/p>\n<p>Este a\u00f1o, AFEET celebrar\u00e1 sus primeros 50 a\u00f1os de haber sido fundada, como una asociaci\u00f3n que integra a mujeres ejecutivas l\u00edderes del turismo, de los distintos ramos que comprende el sector, como agencias de viajes, tour operadoras, aerol\u00edneas, hoteles, arrendadoras de autos, hasta universidades y escuelas de turismo.<\/p>\n<p>En su objetivo por tener m\u00e1s presencia internacional, actualmente ya cuenta con socias inscritas en pa\u00edses como Alemania, Brasil, Espa\u00f1a, Estados Unidos y Reino Unido.<\/p>\n","protected":false},"excerpt":{"rendered":"<p>A trav\u00e9s de la campa\u00f1a #M\u00e9xicoCuentasConNosotras, la Asociaci\u00f3n Femenil de Ejecutivas de Empresas Tur\u00edsticas (AFEET) promueve una serie de webinaars de inter\u00e9s para las m\u00e1s de 500 socias de la asociaci\u00f3n en temas relacionados con turismo. Mediante esta iniciativa, AFEET hace frente a las condiciones generadas por la contingencia sanitaria del COVID-19, y da continuidad [&hellip;]<\/p>\n","protected":false},"author":17,"featured_media":41746,"comment_status":"open","ping_status":"open","sticky":false,"template":"","format":"standard","meta":{"footnotes":""},"categories":[3,19057],"tags":[2078,13778,18906,12599,19270,449],"yoast_head":"<!-- This site is optimized with the Yoast SEO plugin v22.2 - https:\/\/yoast.com\/wordpress\/plugins\/seo\/ -->\n<title>AFEET lanza campa\u00f1a de webinars de capacitaci\u00f3n para sus socias - Nitu - Noticias de la Industria Turistica<\/title>\n<meta name=\"robots\" content=\"index, follow, max-snippet:-1, max-image-preview:large, max-video-preview:-1\" \/>\n<link rel=\"canonical\" href=\"https:\/\/nitu.mx\/index.php\/2020\/04\/12\/afeet-lanza-campana-de-webinars-de-capacitacion-para-sus-socias\/\" \/>\n<meta name=\"twitter:card\" content=\"summary_large_image\" \/>\n<meta name=\"twitter:title\" content=\"AFEET lanza campa\u00f1a de webinars de capacitaci\u00f3n para sus socias - Nitu - Noticias de la Industria Turistica\" \/>\n<meta name=\"twitter:description\" content=\"A trav\u00e9s de la campa\u00f1a #M\u00e9xicoCuentasConNosotras, la Asociaci\u00f3n Femenil de Ejecutivas de Empresas Tur\u00edsticas (AFEET) promueve una serie de webinaars de inter\u00e9s para las m\u00e1s de 500 socias de la asociaci\u00f3n en temas relacionados con turismo. Mediante esta iniciativa, AFEET hace frente a las condiciones generadas por la contingencia sanitaria del COVID-19, y da continuidad [&hellip;]\" \/>\n<meta name=\"twitter:image\" content=\"https:\/\/nitu.mx\/wp-content\/uploads\/2020\/04\/Afeet-Yucat\u00e1n.jpg\" \/>\n<meta name=\"twitter:creator\" content=\"@NITUmx\" \/>\n<meta name=\"twitter:site\" content=\"@Arturo_Medina_G\" \/>\n<meta name=\"twitter:label1\" content=\"Escrito por\" \/>\n\t<meta name=\"twitter:data1\" content=\"Redacci\u00f3n\" \/>\n\t<meta name=\"twitter:label2\" content=\"Tiempo de lectura\" \/>\n\t<meta name=\"twitter:data2\" content=\"2 minutos\" \/>\n<script type=\"application\/ld+json\" class=\"yoast-schema-graph\">{\"@context\":\"https:\/\/schema.org\",\"@graph\":[{\"@type\":\"Article\",\"@id\":\"https:\/\/nitu.mx\/index.php\/2020\/04\/12\/afeet-lanza-campana-de-webinars-de-capacitacion-para-sus-socias\/#article\",\"isPartOf\":{\"@id\":\"https:\/\/nitu.mx\/index.php\/2020\/04\/12\/afeet-lanza-campana-de-webinars-de-capacitacion-para-sus-socias\/\"},\"author\":{\"name\":\"Redacci\u00f3n\",\"@id\":\"https:\/\/nitu.mx\/#\/schema\/person\/4a28fe9bd65924f7c90623773daf1b0b\"},\"headline\":\"AFEET lanza campa\u00f1a de webinars de capacitaci\u00f3n para sus socias\",\"datePublished\":\"2020-04-13T03:17:43+00:00\",\"dateModified\":\"2020-04-13T05:47:02+00:00\",\"mainEntityOfPage\":{\"@id\":\"https:\/\/nitu.mx\/index.php\/2020\/04\/12\/afeet-lanza-campana-de-webinars-de-capacitacion-para-sus-socias\/\"},\"wordCount\":330,\"commentCount\":0,\"publisher\":{\"@id\":\"https:\/\/nitu.mx\/#\/schema\/person\/ae7a53426417292d3dd07b45a33e01bc\"},\"image\":{\"@id\":\"https:\/\/nitu.mx\/index.php\/2020\/04\/12\/afeet-lanza-campana-de-webinars-de-capacitacion-para-sus-socias\/#primaryimage\"},\"thumbnailUrl\":\"https:\/\/nitu.mx\/wp-content\/uploads\/2020\/04\/Afeet-Yucat\u00e1n.jpg\",\"keywords\":[\"AFEET\",\"Brenda Alonso\",\"Covid-19\",\"Michelle Fridman\",\"webinars\",\"Yucat\u00e1n\"],\"articleSection\":[\"Agencias de Viajes\",\"COVID-19 CORONAVIRUS\"],\"inLanguage\":\"es-MX\",\"potentialAction\":[{\"@type\":\"CommentAction\",\"name\":\"Comment\",\"target\":[\"https:\/\/nitu.mx\/index.php\/2020\/04\/12\/afeet-lanza-campana-de-webinars-de-capacitacion-para-sus-socias\/#respond\"]}]},{\"@type\":\"WebPage\",\"@id\":\"https:\/\/nitu.mx\/index.php\/2020\/04\/12\/afeet-lanza-campana-de-webinars-de-capacitacion-para-sus-socias\/\",\"url\":\"https:\/\/nitu.mx\/index.php\/2020\/04\/12\/afeet-lanza-campana-de-webinars-de-capacitacion-para-sus-socias\/\",\"name\":\"AFEET lanza campa\u00f1a de webinars de capacitaci\u00f3n para sus socias - Nitu - Noticias de la Industria Turistica\",\"isPartOf\":{\"@id\":\"https:\/\/nitu.mx\/#website\"},\"primaryImageOfPage\":{\"@id\":\"https:\/\/nitu.mx\/index.php\/2020\/04\/12\/afeet-lanza-campana-de-webinars-de-capacitacion-para-sus-socias\/#primaryimage\"},\"image\":{\"@id\":\"https:\/\/nitu.mx\/index.php\/2020\/04\/12\/afeet-lanza-campana-de-webinars-de-capacitacion-para-sus-socias\/#primaryimage\"},\"thumbnailUrl\":\"https:\/\/nitu.mx\/wp-content\/uploads\/2020\/04\/Afeet-Yucat\u00e1n.jpg\",\"datePublished\":\"2020-04-13T03:17:43+00:00\",\"dateModified\":\"2020-04-13T05:47:02+00:00\",\"breadcrumb\":{\"@id\":\"https:\/\/nitu.mx\/index.php\/2020\/04\/12\/afeet-lanza-campana-de-webinars-de-capacitacion-para-sus-socias\/#breadcrumb\"},\"inLanguage\":\"es-MX\",\"potentialAction\":[{\"@type\":\"ReadAction\",\"target\":[\"https:\/\/nitu.mx\/index.php\/2020\/04\/12\/afeet-lanza-campana-de-webinars-de-capacitacion-para-sus-socias\/\"]}]},{\"@type\":\"ImageObject\",\"inLanguage\":\"es-MX\",\"@id\":\"https:\/\/nitu.mx\/index.php\/2020\/04\/12\/afeet-lanza-campana-de-webinars-de-capacitacion-para-sus-socias\/#primaryimage\",\"url\":\"https:\/\/nitu.mx\/wp-content\/uploads\/2020\/04\/Afeet-Yucat\u00e1n.jpg\",\"contentUrl\":\"https:\/\/nitu.mx\/wp-content\/uploads\/2020\/04\/Afeet-Yucat\u00e1n.jpg\",\"width\":850,\"height\":480,\"caption\":\"AFEET\"},{\"@type\":\"BreadcrumbList\",\"@id\":\"https:\/\/nitu.mx\/index.php\/2020\/04\/12\/afeet-lanza-campana-de-webinars-de-capacitacion-para-sus-socias\/#breadcrumb\",\"itemListElement\":[{\"@type\":\"ListItem\",\"position\":1,\"name\":\"Inicio\",\"item\":\"https:\/\/nitu.mx\/\"},{\"@type\":\"ListItem\",\"position\":2,\"name\":\"AFEET lanza campa\u00f1a de webinars de capacitaci\u00f3n para sus socias\"}]},{\"@type\":\"WebSite\",\"@id\":\"https:\/\/nitu.mx\/#website\",\"url\":\"https:\/\/nitu.mx\/\",\"name\":\"Nitu - Noticias de la Industria Turistica\",\"description\":\"Noticias de la Industria Turistica\",\"publisher\":{\"@id\":\"https:\/\/nitu.mx\/#\/schema\/person\/ae7a53426417292d3dd07b45a33e01bc\"},\"alternateName\":\"Noticias de la Industria Turistica\",\"potentialAction\":[{\"@type\":\"SearchAction\",\"target\":{\"@type\":\"EntryPoint\",\"urlTemplate\":\"https:\/\/nitu.mx\/?s={search_term_string}\"},\"query-input\":\"required name=search_term_string\"}],\"inLanguage\":\"es-MX\"},{\"@type\":[\"Person\",\"Organization\"],\"@id\":\"https:\/\/nitu.mx\/#\/schema\/person\/ae7a53426417292d3dd07b45a33e01bc\",\"name\":\"Arturo Medina\",\"image\":{\"@type\":\"ImageObject\",\"inLanguage\":\"es-MX\",\"@id\":\"https:\/\/nitu.mx\/#\/schema\/person\/image\/\",\"url\":\"https:\/\/nitu.mx\/wp-content\/uploads\/2024\/04\/4A315622-1904-4D5C-B022-878CDC840E04-90x90-1.jpeg\",\"contentUrl\":\"https:\/\/nitu.mx\/wp-content\/uploads\/2024\/04\/4A315622-1904-4D5C-B022-878CDC840E04-90x90-1.jpeg\",\"width\":90,\"height\":90,\"caption\":\"Arturo Medina\"},\"logo\":{\"@id\":\"https:\/\/nitu.mx\/#\/schema\/person\/image\/\"},\"description\":\"Director NITU.mx, Egresado de la Escuela de Periodismo Carlos Septi\u00e9n Garc\u00eda. Periodista y analista especializado en turismo desde hace 35 a\u00f1os, radicado en Canc\u00fan Q.Roo. arturo@nitu.mx\",\"sameAs\":[\"https:\/\/nitu.mx\",\"https:\/\/www.facebook.com\/NITUmx\/\",\"medinacancun\",\"https:\/\/twitter.com\/@Arturo_Medina_G\"]},{\"@type\":\"Person\",\"@id\":\"https:\/\/nitu.mx\/#\/schema\/person\/4a28fe9bd65924f7c90623773daf1b0b\",\"name\":\"Redacci\u00f3n\",\"image\":{\"@type\":\"ImageObject\",\"inLanguage\":\"es-MX\",\"@id\":\"https:\/\/nitu.mx\/#\/schema\/person\/image\/\",\"url\":\"https:\/\/secure.gravatar.com\/avatar\/5dd011c8ccfc5cd7e4c81e42252aab38?s=96&d=mm&r=g\",\"contentUrl\":\"https:\/\/secure.gravatar.com\/avatar\/5dd011c8ccfc5cd7e4c81e42252aab38?s=96&d=mm&r=g\",\"caption\":\"Redacci\u00f3n\"},\"url\":\"https:\/\/nitu.mx\/index.php\/author\/redaccion\/\"}]}<\/script>\n<!-- \/ Yoast SEO plugin. -->","yoast_head_json":{"title":"AFEET lanza campa\u00f1a de webinars de capacitaci\u00f3n para sus socias - Nitu - Noticias de la Industria Turistica","robots":{"index":"index","follow":"follow","max-snippet":"max-snippet:-1","max-image-preview":"max-image-preview:large","max-video-preview":"max-video-preview:-1"},"canonical":"https:\/\/nitu.mx\/index.php\/2020\/04\/12\/afeet-lanza-campana-de-webinars-de-capacitacion-para-sus-socias\/","twitter_card":"summary_large_image","twitter_title":"AFEET lanza campa\u00f1a de webinars de capacitaci\u00f3n para sus socias - Nitu - Noticias de la Industria Turistica","twitter_description":"A trav\u00e9s de la campa\u00f1a #M\u00e9xicoCuentasConNosotras, la Asociaci\u00f3n Femenil de Ejecutivas de Empresas Tur\u00edsticas (AFEET) promueve una serie de webinaars de inter\u00e9s para las m\u00e1s de 500 socias de la asociaci\u00f3n en temas relacionados con turismo. Mediante esta iniciativa, AFEET hace frente a las condiciones generadas por la contingencia sanitaria del COVID-19, y da continuidad [&hellip;]","twitter_image":"https:\/\/nitu.mx\/wp-content\/uploads\/2020\/04\/Afeet-Yucat\u00e1n.jpg","twitter_creator":"@NITUmx","twitter_site":"@Arturo_Medina_G","twitter_misc":{"Escrito por":"Redacci\u00f3n","Tiempo de lectura":"2 minutos"},"schema":{"@context":"https:\/\/schema.org","@graph":[{"@type":"Article","@id":"https:\/\/nitu.mx\/index.php\/2020\/04\/12\/afeet-lanza-campana-de-webinars-de-capacitacion-para-sus-socias\/#article","isPartOf":{"@id":"https:\/\/nitu.mx\/index.php\/2020\/04\/12\/afeet-lanza-campana-de-webinars-de-capacitacion-para-sus-socias\/"},"author":{"name":"Redacci\u00f3n","@id":"https:\/\/nitu.mx\/#\/schema\/person\/4a28fe9bd65924f7c90623773daf1b0b"},"headline":"AFEET lanza campa\u00f1a de webinars de capacitaci\u00f3n para sus socias","datePublished":"2020-04-13T03:17:43+00:00","dateModified":"2020-04-13T05:47:02+00:00","mainEntityOfPage":{"@id":"https:\/\/nitu.mx\/index.php\/2020\/04\/12\/afeet-lanza-campana-de-webinars-de-capacitacion-para-sus-socias\/"},"wordCount":330,"commentCount":0,"publisher":{"@id":"https:\/\/nitu.mx\/#\/schema\/person\/ae7a53426417292d3dd07b45a33e01bc"},"image":{"@id":"https:\/\/nitu.mx\/index.php\/2020\/04\/12\/afeet-lanza-campana-de-webinars-de-capacitacion-para-sus-socias\/#primaryimage"},"thumbnailUrl":"https:\/\/nitu.mx\/wp-content\/uploads\/2020\/04\/Afeet-Yucat\u00e1n.jpg","keywords":["AFEET","Brenda Alonso","Covid-19","Michelle Fridman","webinars","Yucat\u00e1n"],"articleSection":["Agencias de Viajes","COVID-19 CORONAVIRUS"],"inLanguage":"es-MX","potentialAction":[{"@type":"CommentAction","name":"Comment","target":["https:\/\/nitu.mx\/index.php\/2020\/04\/12\/afeet-lanza-campana-de-webinars-de-capacitacion-para-sus-socias\/#respond"]}]},{"@type":"WebPage","@id":"https:\/\/nitu.mx\/index.php\/2020\/04\/12\/afeet-lanza-campana-de-webinars-de-capacitacion-para-sus-socias\/","url":"https:\/\/nitu.mx\/index.php\/2020\/04\/12\/afeet-lanza-campana-de-webinars-de-capacitacion-para-sus-socias\/","name":"AFEET lanza campa\u00f1a de webinars de capacitaci\u00f3n para sus socias - Nitu - Noticias de la Industria Turistica","isPartOf":{"@id":"https:\/\/nitu.mx\/#website"},"primaryImageOfPage":{"@id":"https:\/\/nitu.mx\/index.php\/2020\/04\/12\/afeet-lanza-campana-de-webinars-de-capacitacion-para-sus-socias\/#primaryimage"},"image":{"@id":"https:\/\/nitu.mx\/index.php\/2020\/04\/12\/afeet-lanza-campana-de-webinars-de-capacitacion-para-sus-socias\/#primaryimage"},"thumbnailUrl":"https:\/\/nitu.mx\/wp-content\/uploads\/2020\/04\/Afeet-Yucat\u00e1n.jpg","datePublished":"2020-04-13T03:17:43+00:00","dateModified":"2020-04-13T05:47:02+00:00","breadcrumb":{"@id":"https:\/\/nitu.mx\/index.php\/2020\/04\/12\/afeet-lanza-campana-de-webinars-de-capacitacion-para-sus-socias\/#breadcrumb"},"inLanguage":"es-MX","potentialAction":[{"@type":"ReadAction","target":["https:\/\/nitu.mx\/index.php\/2020\/04\/12\/afeet-lanza-campana-de-webinars-de-capacitacion-para-sus-socias\/"]}]},{"@type":"ImageObject","inLanguage":"es-MX","@id":"https:\/\/nitu.mx\/index.php\/2020\/04\/12\/afeet-lanza-campana-de-webinars-de-capacitacion-para-sus-socias\/#primaryimage","url":"https:\/\/nitu.mx\/wp-content\/uploads\/2020\/04\/Afeet-Yucat\u00e1n.jpg","contentUrl":"https:\/\/nitu.mx\/wp-content\/uploads\/2020\/04\/Afeet-Yucat\u00e1n.jpg","width":850,"height":480,"caption":"AFEET"},{"@type":"BreadcrumbList","@id":"https:\/\/nitu.mx\/index.php\/2020\/04\/12\/afeet-lanza-campana-de-webinars-de-capacitacion-para-sus-socias\/#breadcrumb","itemListElement":[{"@type":"ListItem","position":1,"name":"Inicio","item":"https:\/\/nitu.mx\/"},{"@type":"ListItem","position":2,"name":"AFEET lanza campa\u00f1a de webinars de capacitaci\u00f3n para sus socias"}]},{"@type":"WebSite","@id":"https:\/\/nitu.mx\/#website","url":"https:\/\/nitu.mx\/","name":"Nitu - Noticias de la Industria Turistica","description":"Noticias de la Industria Turistica","publisher":{"@id":"https:\/\/nitu.mx\/#\/schema\/person\/ae7a53426417292d3dd07b45a33e01bc"},"alternateName":"Noticias de la Industria Turistica","potentialAction":[{"@type":"SearchAction","target":{"@type":"EntryPoint","urlTemplate":"https:\/\/nitu.mx\/?s={search_term_string}"},"query-input":"required name=search_term_string"}],"inLanguage":"es-MX"},{"@type":["Person","Organization"],"@id":"https:\/\/nitu.mx\/#\/schema\/person\/ae7a53426417292d3dd07b45a33e01bc","name":"Arturo Medina","image":{"@type":"ImageObject","inLanguage":"es-MX","@id":"https:\/\/nitu.mx\/#\/schema\/person\/image\/","url":"https:\/\/nitu.mx\/wp-content\/uploads\/2024\/04\/4A315622-1904-4D5C-B022-878CDC840E04-90x90-1.jpeg","contentUrl":"https:\/\/nitu.mx\/wp-content\/uploads\/2024\/04\/4A315622-1904-4D5C-B022-878CDC840E04-90x90-1.jpeg","width":90,"height":90,"caption":"Arturo Medina"},"logo":{"@id":"https:\/\/nitu.mx\/#\/schema\/person\/image\/"},"description":"Director NITU.mx, Egresado de la Escuela de Periodismo Carlos Septi\u00e9n Garc\u00eda. Periodista y analista especializado en turismo desde hace 35 a\u00f1os, radicado en Canc\u00fan Q.Roo. arturo@nitu.mx","sameAs":["https:\/\/nitu.mx","https:\/\/www.facebook.com\/NITUmx\/","medinacancun","https:\/\/twitter.com\/@Arturo_Medina_G"]},{"@type":"Person","@id":"https:\/\/nitu.mx\/#\/schema\/person\/4a28fe9bd65924f7c90623773daf1b0b","name":"Redacci\u00f3n","image":{"@type":"ImageObject","inLanguage":"es-MX","@id":"https:\/\/nitu.mx\/#\/schema\/person\/image\/","url":"https:\/\/secure.gravatar.com\/avatar\/5dd011c8ccfc5cd7e4c81e42252aab38?s=96&d=mm&r=g","contentUrl":"https:\/\/secure.gravatar.com\/avatar\/5dd011c8ccfc5cd7e4c81e42252aab38?s=96&d=mm&r=g","caption":"Redacci\u00f3n"},"url":"https:\/\/nitu.mx\/index.php\/author\/redaccion\/"}]}},"views":275,"_links":{"self":[{"href":"https:\/\/nitu.mx\/index.php\/wp-json\/wp\/v2\/posts\/41740"}],"collection":[{"href":"https:\/\/nitu.mx\/index.php\/wp-json\/wp\/v2\/posts"}],"about":[{"href":"https:\/\/nitu.mx\/index.php\/wp-json\/wp\/v2\/types\/post"}],"author":[{"embeddable":true,"href":"https:\/\/nitu.mx\/index.php\/wp-json\/wp\/v2\/users\/17"}],"replies":[{"embeddable":true,"href":"https:\/\/nitu.mx\/index.php\/wp-json\/wp\/v2\/comments?post=41740"}],"version-history":[{"count":2,"href":"https:\/\/nitu.mx\/index.php\/wp-json\/wp\/v2\/posts\/41740\/revisions"}],"predecessor-version":[{"id":41742,"href":"https:\/\/nitu.mx\/index.php\/wp-json\/wp\/v2\/posts\/41740\/revisions\/41742"}],"wp:featuredmedia":[{"embeddable":true,"href":"https:\/\/nitu.mx\/index.php\/wp-json\/wp\/v2\/media\/41746"}],"wp:attachment":[{"href":"https:\/\/nitu.mx\/index.php\/wp-json\/wp\/v2\/media?parent=41740"}],"wp:term":[{"taxonomy":"category","embeddable":true,"href":"https:\/\/nitu.mx\/index.php\/wp-json\/wp\/v2\/categories?post=41740"},{"taxonomy":"post_tag","embeddable":true,"href":"https:\/\/nitu.mx\/index.php\/wp-json\/wp\/v2\/tags?post=41740"}],"curies":[{"name":"wp","href":"https:\/\/api.w.org\/{rel}","templated":true}]}}