{"id":41665,"date":"2020-04-08T00:07:38","date_gmt":"2020-04-08T05:07:38","guid":{"rendered":"https:\/\/www.dev.nitu.mx\/?p=41665"},"modified":"2020-04-08T00:54:25","modified_gmt":"2020-04-08T05:54:25","slug":"sector-empresarial-dividido-hoteleros-se-deslindan-de-posicion-del-ccec-ante-plan-de-amlo","status":"publish","type":"post","link":"https:\/\/nitu.mx\/index.php\/2020\/04\/08\/sector-empresarial-dividido-hoteleros-se-deslindan-de-posicion-del-ccec-ante-plan-de-amlo\/","title":{"rendered":"Empresarios divididos; hoteleros difieren del CCEC ante plan de AMLO"},"content":{"rendered":"<p>La Asociaci\u00f3n de Hoteles de Canc\u00fan, Puerto Morelos &amp; Isla Mujeres (AHCPM&amp;IM), por medio de un comunicado se\u00f1al\u00f3 no formar parte de la postura expresada por el Consejo Coordinador Empresarial del Caribe que se\u00f1ala que el plan presentado por el presidente Andr\u00e9s Manuel L\u00f3pez Obrador (AMLO), a ra\u00edz del impacto de la pandemia COVID19 no contempla a las PYME dej\u00e1ndolas a la deriva.<\/p>\n<p>Y aunque en el texto no se nombra a la AHCPM&amp;IM, ni aparece su logo, el sector hotelero env\u00edo un comunicado en el que apunta: \u201c\u2026 que no avala el comunicado emitido por el Consejo Coordinador Empresarial del Caribe dirigido A la Opini\u00f3n P\u00fablica y distribuido a trav\u00e9s de diferentes medios, el cual en ning\u00fan momento fue previamente consultado a esta Asociaci\u00f3n\u201d.<\/p>\n<p>El CCE se\u00f1ala en su comunicado que respecto del Programa Emergente para el Bienestar y el Empleo para M\u00e9xico, los organismos, c\u00e1maras empresariales, empresarios y universidades de educaci\u00f3n superior integrantes del CCEC manifestaban su enorme preocupaci\u00f3n debido a la falta de un plan econ\u00f3mico para las peque\u00f1as y medianas empresas del pa\u00eds las cuales est\u00e1n siendo severamente afectadas y con ello todos los mexicanos.<\/p>\n<p>Apunta que en M\u00e9xico las microempresas (de 1 a 10 empleados) representan 95.4% del total de las empresas del pa\u00eds, \u00e9stas en conjunto con las PYME representan el 52% del PIB nacional y el 72% de los empleos formales.<\/p>\n<p>Refieren que se vive un hecho hist\u00f3rico por lo cual se necesitan medidas hist\u00f3ricas, ya que si se extinguen las fuentes de empleo, la gente que actualmente no est\u00e1 laborando no tendr\u00e1 un puesto al cual regresar.<\/p>\n<p>Se\u00f1ala extra\u00f1ar la poca inclusi\u00f3n del sector privado en las medidas de reactivaci\u00f3n econ\u00f3mica por parte del Gobierno Federal, al cual responsabilizamos porque su falta de acci\u00f3n derivar\u00e1 en el cierre de miles de peque\u00f1as y medianas empresas. (<a title=\"CANIRAC, CCEC y empresarios tur\u00edsticos solicitan apoyo urgente del gobierno federal\" href=\"https:\/\/www.dev.nitu.mx\/index.php\/2020\/03\/27\/canirac-ccec-y-empresarios-turisticos-solicitan-apoyo-urgente-del-gobierno-federal\/\" rel=\"bookmark\">CANIRAC, CCEC y empresarios tur\u00edsticos solicitan apoyo urgente del gobierno federal<\/a>).<\/p>\n<p>Enfatizan que el plan presentado por parte del Presidente de la Rep\u00fablica no es sostenible, ni siquiera a corto plazo, por lo que est\u00e1n en desacuerdo en que disponga del dinero de los fideicomisos que fueron creados precisamente para evitar dedazos y asignaciones directas.<\/p>\n<p>\u201cSu plan en muchos sentidos viola todo por lo que este pa\u00eds ha trabajado durante mucho tiempo, las cosas buenas que se lograron habr\u00eda que mantenerlas no extinguirlas para buscar un modelo paternalista por parte del Estado, el cual volvemos a insistir no es viable\u201d, explica el comunicado.<\/p>\n<p>\u201cEstamos preocupados por la seguridad, por la suficiencia alimentaria para las familias quintanarroenses, estamos preocupados por M\u00e9xico. Los organismos empresariales que han solicitado de manera repetida y urgente medidas de salubridad; est\u00edmulos fiscales; y apoyos a las correspondientes autoridades de los tres niveles de gobierno es porque son necesarias para poder salir de esta crisis mundial. Sin ellos no nos podemos comprometer a conservar los empleos, no porque no queramos sino porque no podemos\u201d, finaliza.<\/p>\n","protected":false},"excerpt":{"rendered":"<p>La Asociaci\u00f3n de Hoteles de Canc\u00fan, Puerto Morelos &amp; Isla Mujeres (AHCPM&amp;IM), por medio de un comunicado se\u00f1al\u00f3 no formar parte de la postura expresada por el Consejo Coordinador Empresarial del Caribe que se\u00f1ala que el plan presentado por el presidente Andr\u00e9s Manuel L\u00f3pez Obrador (AMLO), a ra\u00edz del impacto de la pandemia COVID19 no [&hellip;]<\/p>\n","protected":false},"author":3,"featured_media":33427,"comment_status":"open","ping_status":"open","sticky":false,"template":"","format":"standard","meta":{"footnotes":""},"categories":[18475,19057],"tags":[19244,1971,19241,19243,19242],"yoast_head":"<!-- This site is optimized with the Yoast SEO plugin v22.2 - https:\/\/yoast.com\/wordpress\/plugins\/seo\/ -->\n<title>Empresarios divididos; hoteleros difieren del CCEC ante plan de AMLO - Nitu - Noticias de la Industria Turistica<\/title>\n<meta name=\"robots\" content=\"index, follow, max-snippet:-1, max-image-preview:large, max-video-preview:-1\" \/>\n<link rel=\"canonical\" href=\"https:\/\/nitu.mx\/index.php\/2020\/04\/08\/sector-empresarial-dividido-hoteleros-se-deslindan-de-posicion-del-ccec-ante-plan-de-amlo\/\" \/>\n<meta name=\"twitter:card\" content=\"summary_large_image\" \/>\n<meta name=\"twitter:title\" content=\"Empresarios divididos; hoteleros difieren del CCEC ante plan de AMLO - Nitu - Noticias de la Industria Turistica\" \/>\n<meta name=\"twitter:description\" content=\"La Asociaci\u00f3n de Hoteles de Canc\u00fan, Puerto Morelos &amp; Isla Mujeres (AHCPM&amp;IM), por medio de un comunicado se\u00f1al\u00f3 no formar parte de la postura expresada por el Consejo Coordinador Empresarial del Caribe que se\u00f1ala que el plan presentado por el presidente Andr\u00e9s Manuel L\u00f3pez Obrador (AMLO), a ra\u00edz del impacto de la pandemia COVID19 no [&hellip;]\" \/>\n<meta name=\"twitter:image\" content=\"https:\/\/nitu.mx\/wp-content\/uploads\/2019\/07\/hoteleros-cancun.jpg\" \/>\n<meta name=\"twitter:creator\" content=\"@NITUmx\" \/>\n<meta name=\"twitter:site\" content=\"@Arturo_Medina_G\" \/>\n<meta name=\"twitter:label1\" content=\"Escrito por\" \/>\n\t<meta name=\"twitter:data1\" content=\"Alejandra Moncisbays\" \/>\n\t<meta name=\"twitter:label2\" content=\"Tiempo de lectura\" \/>\n\t<meta name=\"twitter:data2\" content=\"3 minutos\" \/>\n<script type=\"application\/ld+json\" class=\"yoast-schema-graph\">{\"@context\":\"https:\/\/schema.org\",\"@graph\":[{\"@type\":\"Article\",\"@id\":\"https:\/\/nitu.mx\/index.php\/2020\/04\/08\/sector-empresarial-dividido-hoteleros-se-deslindan-de-posicion-del-ccec-ante-plan-de-amlo\/#article\",\"isPartOf\":{\"@id\":\"https:\/\/nitu.mx\/index.php\/2020\/04\/08\/sector-empresarial-dividido-hoteleros-se-deslindan-de-posicion-del-ccec-ante-plan-de-amlo\/\"},\"author\":{\"name\":\"Alejandra Moncisbays\",\"@id\":\"https:\/\/nitu.mx\/#\/schema\/person\/2ecd887b19dfd3382d1f14fc5acf24a8\"},\"headline\":\"Empresarios divididos; hoteleros difieren del CCEC ante plan de AMLO\",\"datePublished\":\"2020-04-08T05:07:38+00:00\",\"dateModified\":\"2020-04-08T05:54:25+00:00\",\"mainEntityOfPage\":{\"@id\":\"https:\/\/nitu.mx\/index.php\/2020\/04\/08\/sector-empresarial-dividido-hoteleros-se-deslindan-de-posicion-del-ccec-ante-plan-de-amlo\/\"},\"wordCount\":530,\"commentCount\":0,\"publisher\":{\"@id\":\"https:\/\/nitu.mx\/#\/schema\/person\/ae7a53426417292d3dd07b45a33e01bc\"},\"image\":{\"@id\":\"https:\/\/nitu.mx\/index.php\/2020\/04\/08\/sector-empresarial-dividido-hoteleros-se-deslindan-de-posicion-del-ccec-ante-plan-de-amlo\/#primaryimage\"},\"thumbnailUrl\":\"https:\/\/nitu.mx\/wp-content\/uploads\/2019\/07\/hoteleros-cancun.jpg\",\"keywords\":[\"a ra\u00edz del impacto de la pandemia COVID19 no contempla a las PYME\",\"Consejo Coordinador Empresarial del Caribe\",\"La Asociaci\u00f3n de Hoteles de Canc\u00fan\",\"presidente Andr\u00e9s Manuel L\u00f3pez Obrador (AMLO)\",\"Puerto Morelos &amp; Isla Mujeres (AHCPM&amp;IM)\"],\"articleSection\":[\"Caribe Mexicano\",\"COVID-19 CORONAVIRUS\"],\"inLanguage\":\"es-MX\",\"potentialAction\":[{\"@type\":\"CommentAction\",\"name\":\"Comment\",\"target\":[\"https:\/\/nitu.mx\/index.php\/2020\/04\/08\/sector-empresarial-dividido-hoteleros-se-deslindan-de-posicion-del-ccec-ante-plan-de-amlo\/#respond\"]}]},{\"@type\":\"WebPage\",\"@id\":\"https:\/\/nitu.mx\/index.php\/2020\/04\/08\/sector-empresarial-dividido-hoteleros-se-deslindan-de-posicion-del-ccec-ante-plan-de-amlo\/\",\"url\":\"https:\/\/nitu.mx\/index.php\/2020\/04\/08\/sector-empresarial-dividido-hoteleros-se-deslindan-de-posicion-del-ccec-ante-plan-de-amlo\/\",\"name\":\"Empresarios divididos; hoteleros difieren del CCEC ante plan de AMLO - Nitu - Noticias de la Industria Turistica\",\"isPartOf\":{\"@id\":\"https:\/\/nitu.mx\/#website\"},\"primaryImageOfPage\":{\"@id\":\"https:\/\/nitu.mx\/index.php\/2020\/04\/08\/sector-empresarial-dividido-hoteleros-se-deslindan-de-posicion-del-ccec-ante-plan-de-amlo\/#primaryimage\"},\"image\":{\"@id\":\"https:\/\/nitu.mx\/index.php\/2020\/04\/08\/sector-empresarial-dividido-hoteleros-se-deslindan-de-posicion-del-ccec-ante-plan-de-amlo\/#primaryimage\"},\"thumbnailUrl\":\"https:\/\/nitu.mx\/wp-content\/uploads\/2019\/07\/hoteleros-cancun.jpg\",\"datePublished\":\"2020-04-08T05:07:38+00:00\",\"dateModified\":\"2020-04-08T05:54:25+00:00\",\"breadcrumb\":{\"@id\":\"https:\/\/nitu.mx\/index.php\/2020\/04\/08\/sector-empresarial-dividido-hoteleros-se-deslindan-de-posicion-del-ccec-ante-plan-de-amlo\/#breadcrumb\"},\"inLanguage\":\"es-MX\",\"potentialAction\":[{\"@type\":\"ReadAction\",\"target\":[\"https:\/\/nitu.mx\/index.php\/2020\/04\/08\/sector-empresarial-dividido-hoteleros-se-deslindan-de-posicion-del-ccec-ante-plan-de-amlo\/\"]}]},{\"@type\":\"ImageObject\",\"inLanguage\":\"es-MX\",\"@id\":\"https:\/\/nitu.mx\/index.php\/2020\/04\/08\/sector-empresarial-dividido-hoteleros-se-deslindan-de-posicion-del-ccec-ante-plan-de-amlo\/#primaryimage\",\"url\":\"https:\/\/nitu.mx\/wp-content\/uploads\/2019\/07\/hoteleros-cancun.jpg\",\"contentUrl\":\"https:\/\/nitu.mx\/wp-content\/uploads\/2019\/07\/hoteleros-cancun.jpg\",\"width\":850,\"height\":480,\"caption\":\"CPTQ hoteleros cancun ordenamiento tur\u00edstico fibra \u00f3ptica Francisco L\u00f3pez Reyes turismo sustentable\"},{\"@type\":\"BreadcrumbList\",\"@id\":\"https:\/\/nitu.mx\/index.php\/2020\/04\/08\/sector-empresarial-dividido-hoteleros-se-deslindan-de-posicion-del-ccec-ante-plan-de-amlo\/#breadcrumb\",\"itemListElement\":[{\"@type\":\"ListItem\",\"position\":1,\"name\":\"Inicio\",\"item\":\"https:\/\/nitu.mx\/\"},{\"@type\":\"ListItem\",\"position\":2,\"name\":\"Empresarios divididos; hoteleros difieren del CCEC ante plan de AMLO\"}]},{\"@type\":\"WebSite\",\"@id\":\"https:\/\/nitu.mx\/#website\",\"url\":\"https:\/\/nitu.mx\/\",\"name\":\"Nitu - Noticias de la Industria Turistica\",\"description\":\"Noticias de la Industria Turistica\",\"publisher\":{\"@id\":\"https:\/\/nitu.mx\/#\/schema\/person\/ae7a53426417292d3dd07b45a33e01bc\"},\"alternateName\":\"Noticias de la Industria Turistica\",\"potentialAction\":[{\"@type\":\"SearchAction\",\"target\":{\"@type\":\"EntryPoint\",\"urlTemplate\":\"https:\/\/nitu.mx\/?s={search_term_string}\"},\"query-input\":\"required name=search_term_string\"}],\"inLanguage\":\"es-MX\"},{\"@type\":[\"Person\",\"Organization\"],\"@id\":\"https:\/\/nitu.mx\/#\/schema\/person\/ae7a53426417292d3dd07b45a33e01bc\",\"name\":\"Arturo Medina\",\"image\":{\"@type\":\"ImageObject\",\"inLanguage\":\"es-MX\",\"@id\":\"https:\/\/nitu.mx\/#\/schema\/person\/image\/\",\"url\":\"https:\/\/nitu.mx\/wp-content\/uploads\/2024\/04\/4A315622-1904-4D5C-B022-878CDC840E04-90x90-1.jpeg\",\"contentUrl\":\"https:\/\/nitu.mx\/wp-content\/uploads\/2024\/04\/4A315622-1904-4D5C-B022-878CDC840E04-90x90-1.jpeg\",\"width\":90,\"height\":90,\"caption\":\"Arturo Medina\"},\"logo\":{\"@id\":\"https:\/\/nitu.mx\/#\/schema\/person\/image\/\"},\"description\":\"Director NITU.mx, Egresado de la Escuela de Periodismo Carlos Septi\u00e9n Garc\u00eda. Periodista y analista especializado en turismo desde hace 35 a\u00f1os, radicado en Canc\u00fan Q.Roo. arturo@nitu.mx\",\"sameAs\":[\"https:\/\/nitu.mx\",\"https:\/\/www.facebook.com\/NITUmx\/\",\"medinacancun\",\"https:\/\/twitter.com\/@Arturo_Medina_G\"]},{\"@type\":\"Person\",\"@id\":\"https:\/\/nitu.mx\/#\/schema\/person\/2ecd887b19dfd3382d1f14fc5acf24a8\",\"name\":\"Alejandra Moncisbays\",\"image\":{\"@type\":\"ImageObject\",\"inLanguage\":\"es-MX\",\"@id\":\"https:\/\/nitu.mx\/#\/schema\/person\/image\/\",\"url\":\"https:\/\/secure.gravatar.com\/avatar\/e74f7af0be172b7804dacfd0bfbef787?s=96&d=mm&r=g\",\"contentUrl\":\"https:\/\/secure.gravatar.com\/avatar\/e74f7af0be172b7804dacfd0bfbef787?s=96&d=mm&r=g\",\"caption\":\"Alejandra Moncisbays\"},\"description\":\"Curs\u00e9 la carrera de Periodismo y Comunicaci\u00f3n en la Facultad de Estudios Profesionales Acatl\u00e1n. Vivo en Canc\u00fan desde hace 24 a\u00f1os. Fui reportera de La Tarde de Canc\u00fan, y Novedades de Quintana Roo, colabor\u00e9 en TVCUN, edit\u00e9 Cancun\u00edssimo y colabor\u00e9 en las revistas Latitud21, entre otras, con principal enfoque en los sectores empresarial y tur\u00edstico. Desde hace varios a\u00f1os soy Agente de Seguros con c\u00e9dula de la Comisi\u00f3n Nacional de Seguros y Fianzas. Actualmente, me desarrollo en los \u00e1mbitos del periodismo y el sector asegurador.\",\"sameAs\":[\"https:\/\/nitu.mx\"],\"url\":\"https:\/\/nitu.mx\/index.php\/author\/alejandra\/\"}]}<\/script>\n<!-- \/ Yoast SEO plugin. -->","yoast_head_json":{"title":"Empresarios divididos; hoteleros difieren del CCEC ante plan de AMLO - Nitu - Noticias de la Industria Turistica","robots":{"index":"index","follow":"follow","max-snippet":"max-snippet:-1","max-image-preview":"max-image-preview:large","max-video-preview":"max-video-preview:-1"},"canonical":"https:\/\/nitu.mx\/index.php\/2020\/04\/08\/sector-empresarial-dividido-hoteleros-se-deslindan-de-posicion-del-ccec-ante-plan-de-amlo\/","twitter_card":"summary_large_image","twitter_title":"Empresarios divididos; hoteleros difieren del CCEC ante plan de AMLO - Nitu - Noticias de la Industria Turistica","twitter_description":"La Asociaci\u00f3n de Hoteles de Canc\u00fan, Puerto Morelos &amp; Isla Mujeres (AHCPM&amp;IM), por medio de un comunicado se\u00f1al\u00f3 no formar parte de la postura expresada por el Consejo Coordinador Empresarial del Caribe que se\u00f1ala que el plan presentado por el presidente Andr\u00e9s Manuel L\u00f3pez Obrador (AMLO), a ra\u00edz del impacto de la pandemia COVID19 no [&hellip;]","twitter_image":"https:\/\/nitu.mx\/wp-content\/uploads\/2019\/07\/hoteleros-cancun.jpg","twitter_creator":"@NITUmx","twitter_site":"@Arturo_Medina_G","twitter_misc":{"Escrito por":"Alejandra Moncisbays","Tiempo de lectura":"3 minutos"},"schema":{"@context":"https:\/\/schema.org","@graph":[{"@type":"Article","@id":"https:\/\/nitu.mx\/index.php\/2020\/04\/08\/sector-empresarial-dividido-hoteleros-se-deslindan-de-posicion-del-ccec-ante-plan-de-amlo\/#article","isPartOf":{"@id":"https:\/\/nitu.mx\/index.php\/2020\/04\/08\/sector-empresarial-dividido-hoteleros-se-deslindan-de-posicion-del-ccec-ante-plan-de-amlo\/"},"author":{"name":"Alejandra Moncisbays","@id":"https:\/\/nitu.mx\/#\/schema\/person\/2ecd887b19dfd3382d1f14fc5acf24a8"},"headline":"Empresarios divididos; hoteleros difieren del CCEC ante plan de AMLO","datePublished":"2020-04-08T05:07:38+00:00","dateModified":"2020-04-08T05:54:25+00:00","mainEntityOfPage":{"@id":"https:\/\/nitu.mx\/index.php\/2020\/04\/08\/sector-empresarial-dividido-hoteleros-se-deslindan-de-posicion-del-ccec-ante-plan-de-amlo\/"},"wordCount":530,"commentCount":0,"publisher":{"@id":"https:\/\/nitu.mx\/#\/schema\/person\/ae7a53426417292d3dd07b45a33e01bc"},"image":{"@id":"https:\/\/nitu.mx\/index.php\/2020\/04\/08\/sector-empresarial-dividido-hoteleros-se-deslindan-de-posicion-del-ccec-ante-plan-de-amlo\/#primaryimage"},"thumbnailUrl":"https:\/\/nitu.mx\/wp-content\/uploads\/2019\/07\/hoteleros-cancun.jpg","keywords":["a ra\u00edz del impacto de la pandemia COVID19 no contempla a las PYME","Consejo Coordinador Empresarial del Caribe","La Asociaci\u00f3n de Hoteles de Canc\u00fan","presidente Andr\u00e9s Manuel L\u00f3pez Obrador (AMLO)","Puerto Morelos &amp; Isla Mujeres (AHCPM&amp;IM)"],"articleSection":["Caribe Mexicano","COVID-19 CORONAVIRUS"],"inLanguage":"es-MX","potentialAction":[{"@type":"CommentAction","name":"Comment","target":["https:\/\/nitu.mx\/index.php\/2020\/04\/08\/sector-empresarial-dividido-hoteleros-se-deslindan-de-posicion-del-ccec-ante-plan-de-amlo\/#respond"]}]},{"@type":"WebPage","@id":"https:\/\/nitu.mx\/index.php\/2020\/04\/08\/sector-empresarial-dividido-hoteleros-se-deslindan-de-posicion-del-ccec-ante-plan-de-amlo\/","url":"https:\/\/nitu.mx\/index.php\/2020\/04\/08\/sector-empresarial-dividido-hoteleros-se-deslindan-de-posicion-del-ccec-ante-plan-de-amlo\/","name":"Empresarios divididos; hoteleros difieren del CCEC ante plan de AMLO - Nitu - Noticias de la Industria Turistica","isPartOf":{"@id":"https:\/\/nitu.mx\/#website"},"primaryImageOfPage":{"@id":"https:\/\/nitu.mx\/index.php\/2020\/04\/08\/sector-empresarial-dividido-hoteleros-se-deslindan-de-posicion-del-ccec-ante-plan-de-amlo\/#primaryimage"},"image":{"@id":"https:\/\/nitu.mx\/index.php\/2020\/04\/08\/sector-empresarial-dividido-hoteleros-se-deslindan-de-posicion-del-ccec-ante-plan-de-amlo\/#primaryimage"},"thumbnailUrl":"https:\/\/nitu.mx\/wp-content\/uploads\/2019\/07\/hoteleros-cancun.jpg","datePublished":"2020-04-08T05:07:38+00:00","dateModified":"2020-04-08T05:54:25+00:00","breadcrumb":{"@id":"https:\/\/nitu.mx\/index.php\/2020\/04\/08\/sector-empresarial-dividido-hoteleros-se-deslindan-de-posicion-del-ccec-ante-plan-de-amlo\/#breadcrumb"},"inLanguage":"es-MX","potentialAction":[{"@type":"ReadAction","target":["https:\/\/nitu.mx\/index.php\/2020\/04\/08\/sector-empresarial-dividido-hoteleros-se-deslindan-de-posicion-del-ccec-ante-plan-de-amlo\/"]}]},{"@type":"ImageObject","inLanguage":"es-MX","@id":"https:\/\/nitu.mx\/index.php\/2020\/04\/08\/sector-empresarial-dividido-hoteleros-se-deslindan-de-posicion-del-ccec-ante-plan-de-amlo\/#primaryimage","url":"https:\/\/nitu.mx\/wp-content\/uploads\/2019\/07\/hoteleros-cancun.jpg","contentUrl":"https:\/\/nitu.mx\/wp-content\/uploads\/2019\/07\/hoteleros-cancun.jpg","width":850,"height":480,"caption":"CPTQ hoteleros cancun ordenamiento tur\u00edstico fibra \u00f3ptica Francisco L\u00f3pez Reyes turismo sustentable"},{"@type":"BreadcrumbList","@id":"https:\/\/nitu.mx\/index.php\/2020\/04\/08\/sector-empresarial-dividido-hoteleros-se-deslindan-de-posicion-del-ccec-ante-plan-de-amlo\/#breadcrumb","itemListElement":[{"@type":"ListItem","position":1,"name":"Inicio","item":"https:\/\/nitu.mx\/"},{"@type":"ListItem","position":2,"name":"Empresarios divididos; hoteleros difieren del CCEC ante plan de AMLO"}]},{"@type":"WebSite","@id":"https:\/\/nitu.mx\/#website","url":"https:\/\/nitu.mx\/","name":"Nitu - Noticias de la Industria Turistica","description":"Noticias de la Industria Turistica","publisher":{"@id":"https:\/\/nitu.mx\/#\/schema\/person\/ae7a53426417292d3dd07b45a33e01bc"},"alternateName":"Noticias de la Industria Turistica","potentialAction":[{"@type":"SearchAction","target":{"@type":"EntryPoint","urlTemplate":"https:\/\/nitu.mx\/?s={search_term_string}"},"query-input":"required name=search_term_string"}],"inLanguage":"es-MX"},{"@type":["Person","Organization"],"@id":"https:\/\/nitu.mx\/#\/schema\/person\/ae7a53426417292d3dd07b45a33e01bc","name":"Arturo Medina","image":{"@type":"ImageObject","inLanguage":"es-MX","@id":"https:\/\/nitu.mx\/#\/schema\/person\/image\/","url":"https:\/\/nitu.mx\/wp-content\/uploads\/2024\/04\/4A315622-1904-4D5C-B022-878CDC840E04-90x90-1.jpeg","contentUrl":"https:\/\/nitu.mx\/wp-content\/uploads\/2024\/04\/4A315622-1904-4D5C-B022-878CDC840E04-90x90-1.jpeg","width":90,"height":90,"caption":"Arturo Medina"},"logo":{"@id":"https:\/\/nitu.mx\/#\/schema\/person\/image\/"},"description":"Director NITU.mx, Egresado de la Escuela de Periodismo Carlos Septi\u00e9n Garc\u00eda. Periodista y analista especializado en turismo desde hace 35 a\u00f1os, radicado en Canc\u00fan Q.Roo. arturo@nitu.mx","sameAs":["https:\/\/nitu.mx","https:\/\/www.facebook.com\/NITUmx\/","medinacancun","https:\/\/twitter.com\/@Arturo_Medina_G"]},{"@type":"Person","@id":"https:\/\/nitu.mx\/#\/schema\/person\/2ecd887b19dfd3382d1f14fc5acf24a8","name":"Alejandra Moncisbays","image":{"@type":"ImageObject","inLanguage":"es-MX","@id":"https:\/\/nitu.mx\/#\/schema\/person\/image\/","url":"https:\/\/secure.gravatar.com\/avatar\/e74f7af0be172b7804dacfd0bfbef787?s=96&d=mm&r=g","contentUrl":"https:\/\/secure.gravatar.com\/avatar\/e74f7af0be172b7804dacfd0bfbef787?s=96&d=mm&r=g","caption":"Alejandra Moncisbays"},"description":"Curs\u00e9 la carrera de Periodismo y Comunicaci\u00f3n en la Facultad de Estudios Profesionales Acatl\u00e1n. Vivo en Canc\u00fan desde hace 24 a\u00f1os. Fui reportera de La Tarde de Canc\u00fan, y Novedades de Quintana Roo, colabor\u00e9 en TVCUN, edit\u00e9 Cancun\u00edssimo y colabor\u00e9 en las revistas Latitud21, entre otras, con principal enfoque en los sectores empresarial y tur\u00edstico. Desde hace varios a\u00f1os soy Agente de Seguros con c\u00e9dula de la Comisi\u00f3n Nacional de Seguros y Fianzas. Actualmente, me desarrollo en los \u00e1mbitos del periodismo y el sector asegurador.","sameAs":["https:\/\/nitu.mx"],"url":"https:\/\/nitu.mx\/index.php\/author\/alejandra\/"}]}},"views":292,"_links":{"self":[{"href":"https:\/\/nitu.mx\/index.php\/wp-json\/wp\/v2\/posts\/41665"}],"collection":[{"href":"https:\/\/nitu.mx\/index.php\/wp-json\/wp\/v2\/posts"}],"about":[{"href":"https:\/\/nitu.mx\/index.php\/wp-json\/wp\/v2\/types\/post"}],"author":[{"embeddable":true,"href":"https:\/\/nitu.mx\/index.php\/wp-json\/wp\/v2\/users\/3"}],"replies":[{"embeddable":true,"href":"https:\/\/nitu.mx\/index.php\/wp-json\/wp\/v2\/comments?post=41665"}],"version-history":[{"count":5,"href":"https:\/\/nitu.mx\/index.php\/wp-json\/wp\/v2\/posts\/41665\/revisions"}],"predecessor-version":[{"id":41671,"href":"https:\/\/nitu.mx\/index.php\/wp-json\/wp\/v2\/posts\/41665\/revisions\/41671"}],"wp:featuredmedia":[{"embeddable":true,"href":"https:\/\/nitu.mx\/index.php\/wp-json\/wp\/v2\/media\/33427"}],"wp:attachment":[{"href":"https:\/\/nitu.mx\/index.php\/wp-json\/wp\/v2\/media?parent=41665"}],"wp:term":[{"taxonomy":"category","embeddable":true,"href":"https:\/\/nitu.mx\/index.php\/wp-json\/wp\/v2\/categories?post=41665"},{"taxonomy":"post_tag","embeddable":true,"href":"https:\/\/nitu.mx\/index.php\/wp-json\/wp\/v2\/tags?post=41665"}],"curies":[{"name":"wp","href":"https:\/\/api.w.org\/{rel}","templated":true}]}}