{"id":41627,"date":"2020-04-05T23:58:37","date_gmt":"2020-04-06T04:58:37","guid":{"rendered":"https:\/\/www.dev.nitu.mx\/?p=41627"},"modified":"2020-04-06T00:41:25","modified_gmt":"2020-04-06T05:41:25","slug":"viajeros-mexicanos-se-sienten-optimistas-con-volver-a-viajar-dentro-del-pais","status":"publish","type":"post","link":"https:\/\/nitu.mx\/index.php\/2020\/04\/05\/viajeros-mexicanos-se-sienten-optimistas-con-volver-a-viajar-dentro-del-pais\/","title":{"rendered":"Viajeros mexicanos se sienten optimistas con volver a viajar dentro del pa\u00eds"},"content":{"rendered":"<p class=\"v1MsoNormal\"><span lang=\"ES-MX\">El mundo est\u00e1 pasando un momento \u00fanico en el que necesitamos estar m\u00e1s juntos y sentirnos acompa\u00f1ados, pero desde casa, con la esperanza de que pronto volveremos a ver el mundo.\u00a0De acuerdo con un estudio de Skyscanner, 43% de los mexicanos se siente sumamente optimista con volver a viajar dentro del pa\u00eds.<\/span><\/p>\n<ul type=\"disc\">\n<li class=\"v1MsoListParagraph\"><span lang=\"ES-MX\">Este estudio revel\u00f3 que el 32% piensa que ser\u00e1 seguro viajar por M\u00e9xico dentro de 6 meses.<\/span><\/li>\n<li class=\"v1MsoListParagraph\"><span lang=\"ES-MX\">Esta iniciativa nos permitir\u00e1 que viajeros de todo el mundo compartan sus historias sobre el lugar que visitar\u00e1n pr\u00f3ximamente usando el hashtag #WeWill en todas las redes sociales.<\/span><\/li>\n<\/ul>\n<p class=\"v1MsoNormal\"><b><span lang=\"ES-MX\">\u00a0\u00bfA d\u00f3nde ir\u00e1s cuando todo esto termine? #WeWill<\/span><\/b><\/p>\n<p class=\"v1MsoNormal\"><span lang=\"ES-MX\">\u00a0El 43% de los viajeros mexicanos se sienten sumamente optimista con volver a viajar dentro del pa\u00eds; y respecto a viajar por el extranjero, el 45% se siente muy optimista con la idea de retomar sus planes de viajes al extranjero.<\/span><\/p>\n<p class=\"v1MsoNormal\"><span lang=\"ES-MX\">El 41% piensa que ser\u00e1 seguro hacerlo despu\u00e9s de 6 meses, mientras que el 28% de los viajeros considera que la ventana de tiempo que deber\u00e1n esperar para hacer su viaje fuera de M\u00e9xico ser\u00e1 entre 4 y 6 meses. (<\/span><a title=\"Covid-19 provocar\u00e1 un menor arribo de turistas extranjeros\" href=\"https:\/\/www.dev.nitu.mx\/index.php\/2020\/03\/30\/covid-19-provocara-un-menor-arribo-de-turistas-extranjeros\/\" rel=\"bookmark\">Covid-19 provocar\u00e1 un menor arribo de turistas extranjeros<\/a>).<\/p>\n<p class=\"v1MsoNormal\"><span lang=\"ES-MX\">Skyscanner quiere que mantengas la esperanza y el optimismo durante esta situaci\u00f3n que nos ha generado sentimientos encontrados pero que- aunque a\u00fan no es claro cu\u00e1ndo- terminar\u00e1 y saldremos al mundo con m\u00e1s motivaci\u00f3n para lograr nuestros prop\u00f3sitos viajeros m\u00e1s adelante y en los pr\u00f3ximos a\u00f1os.\u00a0<\/span><\/p>\n<p class=\"v1MsoNormal\"><span lang=\"ES-MX\">Jo McClintock, Director Global de Marca de Skyscanner asegur\u00f3: \u201cparece un momento inusual para hablar de ser positivo. Muchas personas han sido separadas de sus seres queridos y no podemos salir al mundo como quisi\u00e9ramos. Pero es bien sabido que la positividad es parte elemental para afrontar con \u00e9xito una crisis, as\u00ed que solicit\u00e1ndole a nuestros colaboradores y a los viajeros que compartan sus esperanzas y sue\u00f1os de viaje, queremos propagar el optimismo por el futuro y tranquilizarlos para que cuando sus sue\u00f1os se vuelvan realidad nuevamente, Skyscanner estar\u00e1 ah\u00ed para ayudar\u201d.<\/span><\/p>\n<p class=\"v1MsoNormal\"><span lang=\"ES-MX\">Te invitamos a ser parte del movimiento en el que viajeros en M\u00e9xico y alrededor del mundo est\u00e1n compartiendo sus sue\u00f1os sobre cu\u00e1l ser\u00e1 su pr\u00f3ximo destino con el hashtag #WeWill, comp\u00e1rtelo en tus redes sociales (Instagram o Facebook) y Skyscanner estar\u00e1 ah\u00ed para leerte a ti y a todos los viajeros.<\/span><\/p>\n","protected":false},"excerpt":{"rendered":"<p>El mundo est\u00e1 pasando un momento \u00fanico en el que necesitamos estar m\u00e1s juntos y sentirnos acompa\u00f1ados, pero desde casa, con la esperanza de que pronto volveremos a ver el mundo.\u00a0De acuerdo con un estudio de Skyscanner, 43% de los mexicanos se siente sumamente optimista con volver a viajar dentro del pa\u00eds. Este estudio revel\u00f3 [&hellip;]<\/p>\n","protected":false},"author":17,"featured_media":35799,"comment_status":"open","ping_status":"open","sticky":false,"template":"","format":"standard","meta":{"footnotes":""},"categories":[5,6],"tags":[19235,19236,7184],"yoast_head":"<!-- This site is optimized with the Yoast SEO plugin v22.2 - https:\/\/yoast.com\/wordpress\/plugins\/seo\/ -->\n<title>Viajeros mexicanos se sienten optimistas con volver a viajar dentro del pa\u00eds - Nitu - Noticias de la Industria Turistica<\/title>\n<meta name=\"robots\" content=\"index, follow, max-snippet:-1, max-image-preview:large, max-video-preview:-1\" \/>\n<link rel=\"canonical\" href=\"https:\/\/nitu.mx\/index.php\/2020\/04\/05\/viajeros-mexicanos-se-sienten-optimistas-con-volver-a-viajar-dentro-del-pais\/\" \/>\n<meta name=\"twitter:card\" content=\"summary_large_image\" \/>\n<meta name=\"twitter:title\" content=\"Viajeros mexicanos se sienten optimistas con volver a viajar dentro del pa\u00eds - Nitu - Noticias de la Industria Turistica\" \/>\n<meta name=\"twitter:description\" content=\"El mundo est\u00e1 pasando un momento \u00fanico en el que necesitamos estar m\u00e1s juntos y sentirnos acompa\u00f1ados, pero desde casa, con la esperanza de que pronto volveremos a ver el mundo.\u00a0De acuerdo con un estudio de Skyscanner, 43% de los mexicanos se siente sumamente optimista con volver a viajar dentro del pa\u00eds. Este estudio revel\u00f3 [&hellip;]\" \/>\n<meta name=\"twitter:image\" content=\"https:\/\/nitu.mx\/wp-content\/uploads\/2019\/09\/skyscanner-imagen.jpg\" \/>\n<meta name=\"twitter:creator\" content=\"@NITUmx\" \/>\n<meta name=\"twitter:site\" content=\"@Arturo_Medina_G\" \/>\n<meta name=\"twitter:label1\" content=\"Escrito por\" \/>\n\t<meta name=\"twitter:data1\" content=\"Redacci\u00f3n\" \/>\n\t<meta name=\"twitter:label2\" content=\"Tiempo de lectura\" \/>\n\t<meta name=\"twitter:data2\" content=\"2 minutos\" \/>\n<script type=\"application\/ld+json\" class=\"yoast-schema-graph\">{\"@context\":\"https:\/\/schema.org\",\"@graph\":[{\"@type\":\"Article\",\"@id\":\"https:\/\/nitu.mx\/index.php\/2020\/04\/05\/viajeros-mexicanos-se-sienten-optimistas-con-volver-a-viajar-dentro-del-pais\/#article\",\"isPartOf\":{\"@id\":\"https:\/\/nitu.mx\/index.php\/2020\/04\/05\/viajeros-mexicanos-se-sienten-optimistas-con-volver-a-viajar-dentro-del-pais\/\"},\"author\":{\"name\":\"Redacci\u00f3n\",\"@id\":\"https:\/\/nitu.mx\/#\/schema\/person\/4a28fe9bd65924f7c90623773daf1b0b\"},\"headline\":\"Viajeros mexicanos se sienten optimistas con volver a viajar dentro del pa\u00eds\",\"datePublished\":\"2020-04-06T04:58:37+00:00\",\"dateModified\":\"2020-04-06T05:41:25+00:00\",\"mainEntityOfPage\":{\"@id\":\"https:\/\/nitu.mx\/index.php\/2020\/04\/05\/viajeros-mexicanos-se-sienten-optimistas-con-volver-a-viajar-dentro-del-pais\/\"},\"wordCount\":419,\"commentCount\":0,\"publisher\":{\"@id\":\"https:\/\/nitu.mx\/#\/schema\/person\/ae7a53426417292d3dd07b45a33e01bc\"},\"image\":{\"@id\":\"https:\/\/nitu.mx\/index.php\/2020\/04\/05\/viajeros-mexicanos-se-sienten-optimistas-con-volver-a-viajar-dentro-del-pais\/#primaryimage\"},\"thumbnailUrl\":\"https:\/\/nitu.mx\/wp-content\/uploads\/2019\/09\/skyscanner-imagen.jpg\",\"keywords\":[\"#WeWill\",\"Jo McClintock\",\"Skyscanner\"],\"articleSection\":[\"Destinos\",\"M\u00e9xico\"],\"inLanguage\":\"es-MX\",\"potentialAction\":[{\"@type\":\"CommentAction\",\"name\":\"Comment\",\"target\":[\"https:\/\/nitu.mx\/index.php\/2020\/04\/05\/viajeros-mexicanos-se-sienten-optimistas-con-volver-a-viajar-dentro-del-pais\/#respond\"]}]},{\"@type\":\"WebPage\",\"@id\":\"https:\/\/nitu.mx\/index.php\/2020\/04\/05\/viajeros-mexicanos-se-sienten-optimistas-con-volver-a-viajar-dentro-del-pais\/\",\"url\":\"https:\/\/nitu.mx\/index.php\/2020\/04\/05\/viajeros-mexicanos-se-sienten-optimistas-con-volver-a-viajar-dentro-del-pais\/\",\"name\":\"Viajeros mexicanos se sienten optimistas con volver a viajar dentro del pa\u00eds - Nitu - Noticias de la Industria Turistica\",\"isPartOf\":{\"@id\":\"https:\/\/nitu.mx\/#website\"},\"primaryImageOfPage\":{\"@id\":\"https:\/\/nitu.mx\/index.php\/2020\/04\/05\/viajeros-mexicanos-se-sienten-optimistas-con-volver-a-viajar-dentro-del-pais\/#primaryimage\"},\"image\":{\"@id\":\"https:\/\/nitu.mx\/index.php\/2020\/04\/05\/viajeros-mexicanos-se-sienten-optimistas-con-volver-a-viajar-dentro-del-pais\/#primaryimage\"},\"thumbnailUrl\":\"https:\/\/nitu.mx\/wp-content\/uploads\/2019\/09\/skyscanner-imagen.jpg\",\"datePublished\":\"2020-04-06T04:58:37+00:00\",\"dateModified\":\"2020-04-06T05:41:25+00:00\",\"breadcrumb\":{\"@id\":\"https:\/\/nitu.mx\/index.php\/2020\/04\/05\/viajeros-mexicanos-se-sienten-optimistas-con-volver-a-viajar-dentro-del-pais\/#breadcrumb\"},\"inLanguage\":\"es-MX\",\"potentialAction\":[{\"@type\":\"ReadAction\",\"target\":[\"https:\/\/nitu.mx\/index.php\/2020\/04\/05\/viajeros-mexicanos-se-sienten-optimistas-con-volver-a-viajar-dentro-del-pais\/\"]}]},{\"@type\":\"ImageObject\",\"inLanguage\":\"es-MX\",\"@id\":\"https:\/\/nitu.mx\/index.php\/2020\/04\/05\/viajeros-mexicanos-se-sienten-optimistas-con-volver-a-viajar-dentro-del-pais\/#primaryimage\",\"url\":\"https:\/\/nitu.mx\/wp-content\/uploads\/2019\/09\/skyscanner-imagen.jpg\",\"contentUrl\":\"https:\/\/nitu.mx\/wp-content\/uploads\/2019\/09\/skyscanner-imagen.jpg\",\"width\":850,\"height\":480,\"caption\":\"skyscanner viajeros\"},{\"@type\":\"BreadcrumbList\",\"@id\":\"https:\/\/nitu.mx\/index.php\/2020\/04\/05\/viajeros-mexicanos-se-sienten-optimistas-con-volver-a-viajar-dentro-del-pais\/#breadcrumb\",\"itemListElement\":[{\"@type\":\"ListItem\",\"position\":1,\"name\":\"Inicio\",\"item\":\"https:\/\/nitu.mx\/\"},{\"@type\":\"ListItem\",\"position\":2,\"name\":\"Viajeros mexicanos se sienten optimistas con volver a viajar dentro del pa\u00eds\"}]},{\"@type\":\"WebSite\",\"@id\":\"https:\/\/nitu.mx\/#website\",\"url\":\"https:\/\/nitu.mx\/\",\"name\":\"Nitu - Noticias de la Industria Turistica\",\"description\":\"Noticias de la Industria Turistica\",\"publisher\":{\"@id\":\"https:\/\/nitu.mx\/#\/schema\/person\/ae7a53426417292d3dd07b45a33e01bc\"},\"alternateName\":\"Noticias de la Industria Turistica\",\"potentialAction\":[{\"@type\":\"SearchAction\",\"target\":{\"@type\":\"EntryPoint\",\"urlTemplate\":\"https:\/\/nitu.mx\/?s={search_term_string}\"},\"query-input\":\"required name=search_term_string\"}],\"inLanguage\":\"es-MX\"},{\"@type\":[\"Person\",\"Organization\"],\"@id\":\"https:\/\/nitu.mx\/#\/schema\/person\/ae7a53426417292d3dd07b45a33e01bc\",\"name\":\"Arturo Medina\",\"image\":{\"@type\":\"ImageObject\",\"inLanguage\":\"es-MX\",\"@id\":\"https:\/\/nitu.mx\/#\/schema\/person\/image\/\",\"url\":\"https:\/\/nitu.mx\/wp-content\/uploads\/2024\/04\/4A315622-1904-4D5C-B022-878CDC840E04-90x90-1.jpeg\",\"contentUrl\":\"https:\/\/nitu.mx\/wp-content\/uploads\/2024\/04\/4A315622-1904-4D5C-B022-878CDC840E04-90x90-1.jpeg\",\"width\":90,\"height\":90,\"caption\":\"Arturo Medina\"},\"logo\":{\"@id\":\"https:\/\/nitu.mx\/#\/schema\/person\/image\/\"},\"description\":\"Director NITU.mx, Egresado de la Escuela de Periodismo Carlos Septi\u00e9n Garc\u00eda. Periodista y analista especializado en turismo desde hace 35 a\u00f1os, radicado en Canc\u00fan Q.Roo. arturo@nitu.mx\",\"sameAs\":[\"https:\/\/nitu.mx\",\"https:\/\/www.facebook.com\/NITUmx\/\",\"medinacancun\",\"https:\/\/twitter.com\/@Arturo_Medina_G\"]},{\"@type\":\"Person\",\"@id\":\"https:\/\/nitu.mx\/#\/schema\/person\/4a28fe9bd65924f7c90623773daf1b0b\",\"name\":\"Redacci\u00f3n\",\"image\":{\"@type\":\"ImageObject\",\"inLanguage\":\"es-MX\",\"@id\":\"https:\/\/nitu.mx\/#\/schema\/person\/image\/\",\"url\":\"https:\/\/secure.gravatar.com\/avatar\/5dd011c8ccfc5cd7e4c81e42252aab38?s=96&d=mm&r=g\",\"contentUrl\":\"https:\/\/secure.gravatar.com\/avatar\/5dd011c8ccfc5cd7e4c81e42252aab38?s=96&d=mm&r=g\",\"caption\":\"Redacci\u00f3n\"},\"url\":\"https:\/\/nitu.mx\/index.php\/author\/redaccion\/\"}]}<\/script>\n<!-- \/ Yoast SEO plugin. -->","yoast_head_json":{"title":"Viajeros mexicanos se sienten optimistas con volver a viajar dentro del pa\u00eds - Nitu - Noticias de la Industria Turistica","robots":{"index":"index","follow":"follow","max-snippet":"max-snippet:-1","max-image-preview":"max-image-preview:large","max-video-preview":"max-video-preview:-1"},"canonical":"https:\/\/nitu.mx\/index.php\/2020\/04\/05\/viajeros-mexicanos-se-sienten-optimistas-con-volver-a-viajar-dentro-del-pais\/","twitter_card":"summary_large_image","twitter_title":"Viajeros mexicanos se sienten optimistas con volver a viajar dentro del pa\u00eds - Nitu - Noticias de la Industria Turistica","twitter_description":"El mundo est\u00e1 pasando un momento \u00fanico en el que necesitamos estar m\u00e1s juntos y sentirnos acompa\u00f1ados, pero desde casa, con la esperanza de que pronto volveremos a ver el mundo.\u00a0De acuerdo con un estudio de Skyscanner, 43% de los mexicanos se siente sumamente optimista con volver a viajar dentro del pa\u00eds. Este estudio revel\u00f3 [&hellip;]","twitter_image":"https:\/\/nitu.mx\/wp-content\/uploads\/2019\/09\/skyscanner-imagen.jpg","twitter_creator":"@NITUmx","twitter_site":"@Arturo_Medina_G","twitter_misc":{"Escrito por":"Redacci\u00f3n","Tiempo de lectura":"2 minutos"},"schema":{"@context":"https:\/\/schema.org","@graph":[{"@type":"Article","@id":"https:\/\/nitu.mx\/index.php\/2020\/04\/05\/viajeros-mexicanos-se-sienten-optimistas-con-volver-a-viajar-dentro-del-pais\/#article","isPartOf":{"@id":"https:\/\/nitu.mx\/index.php\/2020\/04\/05\/viajeros-mexicanos-se-sienten-optimistas-con-volver-a-viajar-dentro-del-pais\/"},"author":{"name":"Redacci\u00f3n","@id":"https:\/\/nitu.mx\/#\/schema\/person\/4a28fe9bd65924f7c90623773daf1b0b"},"headline":"Viajeros mexicanos se sienten optimistas con volver a viajar dentro del pa\u00eds","datePublished":"2020-04-06T04:58:37+00:00","dateModified":"2020-04-06T05:41:25+00:00","mainEntityOfPage":{"@id":"https:\/\/nitu.mx\/index.php\/2020\/04\/05\/viajeros-mexicanos-se-sienten-optimistas-con-volver-a-viajar-dentro-del-pais\/"},"wordCount":419,"commentCount":0,"publisher":{"@id":"https:\/\/nitu.mx\/#\/schema\/person\/ae7a53426417292d3dd07b45a33e01bc"},"image":{"@id":"https:\/\/nitu.mx\/index.php\/2020\/04\/05\/viajeros-mexicanos-se-sienten-optimistas-con-volver-a-viajar-dentro-del-pais\/#primaryimage"},"thumbnailUrl":"https:\/\/nitu.mx\/wp-content\/uploads\/2019\/09\/skyscanner-imagen.jpg","keywords":["#WeWill","Jo McClintock","Skyscanner"],"articleSection":["Destinos","M\u00e9xico"],"inLanguage":"es-MX","potentialAction":[{"@type":"CommentAction","name":"Comment","target":["https:\/\/nitu.mx\/index.php\/2020\/04\/05\/viajeros-mexicanos-se-sienten-optimistas-con-volver-a-viajar-dentro-del-pais\/#respond"]}]},{"@type":"WebPage","@id":"https:\/\/nitu.mx\/index.php\/2020\/04\/05\/viajeros-mexicanos-se-sienten-optimistas-con-volver-a-viajar-dentro-del-pais\/","url":"https:\/\/nitu.mx\/index.php\/2020\/04\/05\/viajeros-mexicanos-se-sienten-optimistas-con-volver-a-viajar-dentro-del-pais\/","name":"Viajeros mexicanos se sienten optimistas con volver a viajar dentro del pa\u00eds - Nitu - Noticias de la Industria Turistica","isPartOf":{"@id":"https:\/\/nitu.mx\/#website"},"primaryImageOfPage":{"@id":"https:\/\/nitu.mx\/index.php\/2020\/04\/05\/viajeros-mexicanos-se-sienten-optimistas-con-volver-a-viajar-dentro-del-pais\/#primaryimage"},"image":{"@id":"https:\/\/nitu.mx\/index.php\/2020\/04\/05\/viajeros-mexicanos-se-sienten-optimistas-con-volver-a-viajar-dentro-del-pais\/#primaryimage"},"thumbnailUrl":"https:\/\/nitu.mx\/wp-content\/uploads\/2019\/09\/skyscanner-imagen.jpg","datePublished":"2020-04-06T04:58:37+00:00","dateModified":"2020-04-06T05:41:25+00:00","breadcrumb":{"@id":"https:\/\/nitu.mx\/index.php\/2020\/04\/05\/viajeros-mexicanos-se-sienten-optimistas-con-volver-a-viajar-dentro-del-pais\/#breadcrumb"},"inLanguage":"es-MX","potentialAction":[{"@type":"ReadAction","target":["https:\/\/nitu.mx\/index.php\/2020\/04\/05\/viajeros-mexicanos-se-sienten-optimistas-con-volver-a-viajar-dentro-del-pais\/"]}]},{"@type":"ImageObject","inLanguage":"es-MX","@id":"https:\/\/nitu.mx\/index.php\/2020\/04\/05\/viajeros-mexicanos-se-sienten-optimistas-con-volver-a-viajar-dentro-del-pais\/#primaryimage","url":"https:\/\/nitu.mx\/wp-content\/uploads\/2019\/09\/skyscanner-imagen.jpg","contentUrl":"https:\/\/nitu.mx\/wp-content\/uploads\/2019\/09\/skyscanner-imagen.jpg","width":850,"height":480,"caption":"skyscanner viajeros"},{"@type":"BreadcrumbList","@id":"https:\/\/nitu.mx\/index.php\/2020\/04\/05\/viajeros-mexicanos-se-sienten-optimistas-con-volver-a-viajar-dentro-del-pais\/#breadcrumb","itemListElement":[{"@type":"ListItem","position":1,"name":"Inicio","item":"https:\/\/nitu.mx\/"},{"@type":"ListItem","position":2,"name":"Viajeros mexicanos se sienten optimistas con volver a viajar dentro del pa\u00eds"}]},{"@type":"WebSite","@id":"https:\/\/nitu.mx\/#website","url":"https:\/\/nitu.mx\/","name":"Nitu - Noticias de la Industria Turistica","description":"Noticias de la Industria Turistica","publisher":{"@id":"https:\/\/nitu.mx\/#\/schema\/person\/ae7a53426417292d3dd07b45a33e01bc"},"alternateName":"Noticias de la Industria Turistica","potentialAction":[{"@type":"SearchAction","target":{"@type":"EntryPoint","urlTemplate":"https:\/\/nitu.mx\/?s={search_term_string}"},"query-input":"required name=search_term_string"}],"inLanguage":"es-MX"},{"@type":["Person","Organization"],"@id":"https:\/\/nitu.mx\/#\/schema\/person\/ae7a53426417292d3dd07b45a33e01bc","name":"Arturo Medina","image":{"@type":"ImageObject","inLanguage":"es-MX","@id":"https:\/\/nitu.mx\/#\/schema\/person\/image\/","url":"https:\/\/nitu.mx\/wp-content\/uploads\/2024\/04\/4A315622-1904-4D5C-B022-878CDC840E04-90x90-1.jpeg","contentUrl":"https:\/\/nitu.mx\/wp-content\/uploads\/2024\/04\/4A315622-1904-4D5C-B022-878CDC840E04-90x90-1.jpeg","width":90,"height":90,"caption":"Arturo Medina"},"logo":{"@id":"https:\/\/nitu.mx\/#\/schema\/person\/image\/"},"description":"Director NITU.mx, Egresado de la Escuela de Periodismo Carlos Septi\u00e9n Garc\u00eda. Periodista y analista especializado en turismo desde hace 35 a\u00f1os, radicado en Canc\u00fan Q.Roo. arturo@nitu.mx","sameAs":["https:\/\/nitu.mx","https:\/\/www.facebook.com\/NITUmx\/","medinacancun","https:\/\/twitter.com\/@Arturo_Medina_G"]},{"@type":"Person","@id":"https:\/\/nitu.mx\/#\/schema\/person\/4a28fe9bd65924f7c90623773daf1b0b","name":"Redacci\u00f3n","image":{"@type":"ImageObject","inLanguage":"es-MX","@id":"https:\/\/nitu.mx\/#\/schema\/person\/image\/","url":"https:\/\/secure.gravatar.com\/avatar\/5dd011c8ccfc5cd7e4c81e42252aab38?s=96&d=mm&r=g","contentUrl":"https:\/\/secure.gravatar.com\/avatar\/5dd011c8ccfc5cd7e4c81e42252aab38?s=96&d=mm&r=g","caption":"Redacci\u00f3n"},"url":"https:\/\/nitu.mx\/index.php\/author\/redaccion\/"}]}},"views":275,"_links":{"self":[{"href":"https:\/\/nitu.mx\/index.php\/wp-json\/wp\/v2\/posts\/41627"}],"collection":[{"href":"https:\/\/nitu.mx\/index.php\/wp-json\/wp\/v2\/posts"}],"about":[{"href":"https:\/\/nitu.mx\/index.php\/wp-json\/wp\/v2\/types\/post"}],"author":[{"embeddable":true,"href":"https:\/\/nitu.mx\/index.php\/wp-json\/wp\/v2\/users\/17"}],"replies":[{"embeddable":true,"href":"https:\/\/nitu.mx\/index.php\/wp-json\/wp\/v2\/comments?post=41627"}],"version-history":[{"count":1,"href":"https:\/\/nitu.mx\/index.php\/wp-json\/wp\/v2\/posts\/41627\/revisions"}],"predecessor-version":[{"id":41628,"href":"https:\/\/nitu.mx\/index.php\/wp-json\/wp\/v2\/posts\/41627\/revisions\/41628"}],"wp:featuredmedia":[{"embeddable":true,"href":"https:\/\/nitu.mx\/index.php\/wp-json\/wp\/v2\/media\/35799"}],"wp:attachment":[{"href":"https:\/\/nitu.mx\/index.php\/wp-json\/wp\/v2\/media?parent=41627"}],"wp:term":[{"taxonomy":"category","embeddable":true,"href":"https:\/\/nitu.mx\/index.php\/wp-json\/wp\/v2\/categories?post=41627"},{"taxonomy":"post_tag","embeddable":true,"href":"https:\/\/nitu.mx\/index.php\/wp-json\/wp\/v2\/tags?post=41627"}],"curies":[{"name":"wp","href":"https:\/\/api.w.org\/{rel}","templated":true}]}}