{"id":41608,"date":"2020-04-03T15:46:25","date_gmt":"2020-04-03T20:46:25","guid":{"rendered":"https:\/\/www.dev.nitu.mx\/?p=41608"},"modified":"2020-04-03T15:47:53","modified_gmt":"2020-04-03T20:47:53","slug":"cae-trafico-internacional-43-durante-marzo-en-aeropuerto-de-cancun","status":"publish","type":"post","link":"https:\/\/nitu.mx\/index.php\/2020\/04\/03\/cae-trafico-internacional-43-durante-marzo-en-aeropuerto-de-cancun\/","title":{"rendered":"Cae transito internacional 43% durante marzo en Aeropuerto de Canc\u00fan"},"content":{"rendered":"<p>El transito de pasajeros internacionales en el Aeropuerto de Canc\u00fan durante el mes de marzo, descendi\u00f3 43% respecto al mismo mes del a\u00f1o pasado, de acuerdo con el informe mensual que emite la concesionaria ASUR. En el balance anual hasta el mes de marzo, el descenso en el numero de pasajeros fue de 10.6%<\/p>\n<p>ASUR opera aeropuertos en 3 paises y en todos los casos los descensos como consecuencia del coronavirus son muy similares durante el mes de marzo, en comparaci\u00f3n con el a\u00f1o anterior, reflejando decrementos de 35.8% en M\u00e9xico, de 35.9% en Puerto Rico y 36.2% en Colombia. (<a href=\"https:\/\/www.dev.nitu.mx\/index.php\/2020\/03\/31\/ai-cancun-abierto-con-terminales-en-cierre-parcial-y-vuelos-humanitarios\/\">Aeropuerto de Canc\u00fan con cierre parcial, y vuelos humanitarios)<\/a><\/p>\n<p>Ni M\u00e9xico ni Puerto Rico han emitido restricciones de vuelo hasta la fecha. En Puerto Rico, la FAA ha aceptado una solicitud del Gobernador de Puerto Rico de que todos los vuelos con destino a Puerto Rico aterricen en el Aeropuerto LMM, operado por la subsidiaria de ASUR, Aerostar, y que todos los pasajeros sean controlados por representantes del Departamento de Salud de Puerto Rico. Como resultado, el aeropuerto LMM permanece abierto y operativo, aunque con vol\u00famenes de pasajeros y pasajeros sustancialmente reducidos. M\u00e9xico y\/o los Estados Unidos pueden emitir restricciones de vuelo similares a las emitidas en otras partes del mundo, lo que causar\u00eda una reducci\u00f3n adicional significativa en nuestras operaciones. (<a href=\"https:\/\/www.dev.nitu.mx\/index.php\/2020\/03\/20\/aeropuerto-internacional-de-cancun-mantiene-actividad-aerea-reforzada-con-filtros-sanitarios\/\">Aeropuerto Internacional de Canc\u00fan mantiene actividad a\u00e9rea reforzada con filtros sanitarios)<\/a><\/p>\n<p>Adem\u00e1s, en Colombia, el Decreto 439 emitido por el Gobierno el 20 de marzo de 2020 suspendi\u00f3 todos los vuelos internacionales entrantes, incluidos los vuelos de conexi\u00f3n, durante 30 d\u00edas a partir de las 12:01 am del lunes 23 de marzo de 2020. Adem\u00e1s, el Decreto 457 emitido en marzo 22, 2020 forz\u00f3 el aislamiento preventivo, as\u00ed como la suspensi\u00f3n de los viajes a\u00e9reos nacionales entre el 25 de marzo y el 13 de abril de 2020, con excepci\u00f3n de emergencias humanitarias, transporte de carga y mercanc\u00edas, y casos fortuitos o de fuerza mayor<\/p>\n","protected":false},"excerpt":{"rendered":"<p>El transito de pasajeros internacionales en el Aeropuerto de Canc\u00fan durante el mes de marzo, descendi\u00f3 43% respecto al mismo mes del a\u00f1o pasado, de acuerdo con el informe mensual que emite la concesionaria ASUR. En el balance anual hasta el mes de marzo, el descenso en el numero de pasajeros fue de 10.6% ASUR [&hellip;]<\/p>\n","protected":false},"author":2,"featured_media":4985,"comment_status":"open","ping_status":"open","sticky":false,"template":"","format":"standard","meta":{"footnotes":""},"categories":[5],"tags":[766,198,43],"yoast_head":"<!-- This site is optimized with the Yoast SEO plugin v22.2 - https:\/\/yoast.com\/wordpress\/plugins\/seo\/ -->\n<title>Cae transito internacional 43% durante marzo en Aeropuerto de Canc\u00fan - Nitu - Noticias de la Industria Turistica<\/title>\n<meta name=\"robots\" content=\"index, follow, max-snippet:-1, max-image-preview:large, max-video-preview:-1\" \/>\n<link rel=\"canonical\" href=\"https:\/\/nitu.mx\/index.php\/2020\/04\/03\/cae-trafico-internacional-43-durante-marzo-en-aeropuerto-de-cancun\/\" \/>\n<meta name=\"twitter:card\" content=\"summary_large_image\" \/>\n<meta name=\"twitter:title\" content=\"Cae transito internacional 43% durante marzo en Aeropuerto de Canc\u00fan - Nitu - Noticias de la Industria Turistica\" \/>\n<meta name=\"twitter:description\" content=\"El transito de pasajeros internacionales en el Aeropuerto de Canc\u00fan durante el mes de marzo, descendi\u00f3 43% respecto al mismo mes del a\u00f1o pasado, de acuerdo con el informe mensual que emite la concesionaria ASUR. En el balance anual hasta el mes de marzo, el descenso en el numero de pasajeros fue de 10.6% ASUR [&hellip;]\" \/>\n<meta name=\"twitter:image\" content=\"https:\/\/nitu.mx\/wp-content\/uploads\/2016\/12\/aeropuerto-internacional-de-canc\u00fan.jpg\" \/>\n<meta name=\"twitter:creator\" content=\"@Arturo_Medina_G\" \/>\n<meta name=\"twitter:site\" content=\"@Arturo_Medina_G\" \/>\n<meta name=\"twitter:label1\" content=\"Escrito por\" \/>\n\t<meta name=\"twitter:data1\" content=\"Arturo Medina\" \/>\n\t<meta name=\"twitter:label2\" content=\"Tiempo de lectura\" \/>\n\t<meta name=\"twitter:data2\" content=\"2 minutos\" \/>\n<script type=\"application\/ld+json\" class=\"yoast-schema-graph\">{\"@context\":\"https:\/\/schema.org\",\"@graph\":[{\"@type\":\"Article\",\"@id\":\"https:\/\/nitu.mx\/index.php\/2020\/04\/03\/cae-trafico-internacional-43-durante-marzo-en-aeropuerto-de-cancun\/#article\",\"isPartOf\":{\"@id\":\"https:\/\/nitu.mx\/index.php\/2020\/04\/03\/cae-trafico-internacional-43-durante-marzo-en-aeropuerto-de-cancun\/\"},\"author\":{\"name\":\"Arturo Medina\",\"@id\":\"https:\/\/nitu.mx\/#\/schema\/person\/ae7a53426417292d3dd07b45a33e01bc\"},\"headline\":\"Cae transito internacional 43% durante marzo en Aeropuerto de Canc\u00fan\",\"datePublished\":\"2020-04-03T20:46:25+00:00\",\"dateModified\":\"2020-04-03T20:47:53+00:00\",\"mainEntityOfPage\":{\"@id\":\"https:\/\/nitu.mx\/index.php\/2020\/04\/03\/cae-trafico-internacional-43-durante-marzo-en-aeropuerto-de-cancun\/\"},\"wordCount\":339,\"commentCount\":0,\"publisher\":{\"@id\":\"https:\/\/nitu.mx\/#\/schema\/person\/ae7a53426417292d3dd07b45a33e01bc\"},\"image\":{\"@id\":\"https:\/\/nitu.mx\/index.php\/2020\/04\/03\/cae-trafico-internacional-43-durante-marzo-en-aeropuerto-de-cancun\/#primaryimage\"},\"thumbnailUrl\":\"https:\/\/nitu.mx\/wp-content\/uploads\/2016\/12\/aeropuerto-internacional-de-canc\u00fan.jpg\",\"keywords\":[\"Aeropuerto Internacional de Canc\u00fan\",\"ASUR\",\"Canc\u00fan\"],\"articleSection\":[\"Destinos\"],\"inLanguage\":\"es-MX\",\"potentialAction\":[{\"@type\":\"CommentAction\",\"name\":\"Comment\",\"target\":[\"https:\/\/nitu.mx\/index.php\/2020\/04\/03\/cae-trafico-internacional-43-durante-marzo-en-aeropuerto-de-cancun\/#respond\"]}]},{\"@type\":\"WebPage\",\"@id\":\"https:\/\/nitu.mx\/index.php\/2020\/04\/03\/cae-trafico-internacional-43-durante-marzo-en-aeropuerto-de-cancun\/\",\"url\":\"https:\/\/nitu.mx\/index.php\/2020\/04\/03\/cae-trafico-internacional-43-durante-marzo-en-aeropuerto-de-cancun\/\",\"name\":\"Cae transito internacional 43% durante marzo en Aeropuerto de Canc\u00fan - Nitu - Noticias de la Industria Turistica\",\"isPartOf\":{\"@id\":\"https:\/\/nitu.mx\/#website\"},\"primaryImageOfPage\":{\"@id\":\"https:\/\/nitu.mx\/index.php\/2020\/04\/03\/cae-trafico-internacional-43-durante-marzo-en-aeropuerto-de-cancun\/#primaryimage\"},\"image\":{\"@id\":\"https:\/\/nitu.mx\/index.php\/2020\/04\/03\/cae-trafico-internacional-43-durante-marzo-en-aeropuerto-de-cancun\/#primaryimage\"},\"thumbnailUrl\":\"https:\/\/nitu.mx\/wp-content\/uploads\/2016\/12\/aeropuerto-internacional-de-canc\u00fan.jpg\",\"datePublished\":\"2020-04-03T20:46:25+00:00\",\"dateModified\":\"2020-04-03T20:47:53+00:00\",\"breadcrumb\":{\"@id\":\"https:\/\/nitu.mx\/index.php\/2020\/04\/03\/cae-trafico-internacional-43-durante-marzo-en-aeropuerto-de-cancun\/#breadcrumb\"},\"inLanguage\":\"es-MX\",\"potentialAction\":[{\"@type\":\"ReadAction\",\"target\":[\"https:\/\/nitu.mx\/index.php\/2020\/04\/03\/cae-trafico-internacional-43-durante-marzo-en-aeropuerto-de-cancun\/\"]}]},{\"@type\":\"ImageObject\",\"inLanguage\":\"es-MX\",\"@id\":\"https:\/\/nitu.mx\/index.php\/2020\/04\/03\/cae-trafico-internacional-43-durante-marzo-en-aeropuerto-de-cancun\/#primaryimage\",\"url\":\"https:\/\/nitu.mx\/wp-content\/uploads\/2016\/12\/aeropuerto-internacional-de-canc\u00fan.jpg\",\"contentUrl\":\"https:\/\/nitu.mx\/wp-content\/uploads\/2016\/12\/aeropuerto-internacional-de-canc\u00fan.jpg\",\"width\":848,\"height\":478,\"caption\":\"Aeropuerto de Canc\u00fan aeropuertos CDMX-Canc\u00fan\"},{\"@type\":\"BreadcrumbList\",\"@id\":\"https:\/\/nitu.mx\/index.php\/2020\/04\/03\/cae-trafico-internacional-43-durante-marzo-en-aeropuerto-de-cancun\/#breadcrumb\",\"itemListElement\":[{\"@type\":\"ListItem\",\"position\":1,\"name\":\"Inicio\",\"item\":\"https:\/\/nitu.mx\/\"},{\"@type\":\"ListItem\",\"position\":2,\"name\":\"Cae transito internacional 43% durante marzo en Aeropuerto de Canc\u00fan\"}]},{\"@type\":\"WebSite\",\"@id\":\"https:\/\/nitu.mx\/#website\",\"url\":\"https:\/\/nitu.mx\/\",\"name\":\"Nitu - Noticias de la Industria Turistica\",\"description\":\"Noticias de la Industria Turistica\",\"publisher\":{\"@id\":\"https:\/\/nitu.mx\/#\/schema\/person\/ae7a53426417292d3dd07b45a33e01bc\"},\"alternateName\":\"Noticias de la Industria Turistica\",\"potentialAction\":[{\"@type\":\"SearchAction\",\"target\":{\"@type\":\"EntryPoint\",\"urlTemplate\":\"https:\/\/nitu.mx\/?s={search_term_string}\"},\"query-input\":\"required name=search_term_string\"}],\"inLanguage\":\"es-MX\"},{\"@type\":[\"Person\",\"Organization\"],\"@id\":\"https:\/\/nitu.mx\/#\/schema\/person\/ae7a53426417292d3dd07b45a33e01bc\",\"name\":\"Arturo Medina\",\"image\":{\"@type\":\"ImageObject\",\"inLanguage\":\"es-MX\",\"@id\":\"https:\/\/nitu.mx\/#\/schema\/person\/image\/\",\"url\":\"https:\/\/nitu.mx\/wp-content\/uploads\/2024\/04\/4A315622-1904-4D5C-B022-878CDC840E04-90x90-1.jpeg\",\"contentUrl\":\"https:\/\/nitu.mx\/wp-content\/uploads\/2024\/04\/4A315622-1904-4D5C-B022-878CDC840E04-90x90-1.jpeg\",\"width\":90,\"height\":90,\"caption\":\"Arturo Medina\"},\"logo\":{\"@id\":\"https:\/\/nitu.mx\/#\/schema\/person\/image\/\"},\"description\":\"Director NITU.mx, Egresado de la Escuela de Periodismo Carlos Septi\u00e9n Garc\u00eda. Periodista y analista especializado en turismo desde hace 35 a\u00f1os, radicado en Canc\u00fan Q.Roo. arturo@nitu.mx\",\"sameAs\":[\"https:\/\/nitu.mx\",\"https:\/\/www.facebook.com\/NITUmx\/\",\"medinacancun\",\"https:\/\/twitter.com\/@Arturo_Medina_G\"],\"url\":\"https:\/\/nitu.mx\/index.php\/author\/arturo-medina\/\"}]}<\/script>\n<!-- \/ Yoast SEO plugin. -->","yoast_head_json":{"title":"Cae transito internacional 43% durante marzo en Aeropuerto de Canc\u00fan - Nitu - Noticias de la Industria Turistica","robots":{"index":"index","follow":"follow","max-snippet":"max-snippet:-1","max-image-preview":"max-image-preview:large","max-video-preview":"max-video-preview:-1"},"canonical":"https:\/\/nitu.mx\/index.php\/2020\/04\/03\/cae-trafico-internacional-43-durante-marzo-en-aeropuerto-de-cancun\/","twitter_card":"summary_large_image","twitter_title":"Cae transito internacional 43% durante marzo en Aeropuerto de Canc\u00fan - Nitu - Noticias de la Industria Turistica","twitter_description":"El transito de pasajeros internacionales en el Aeropuerto de Canc\u00fan durante el mes de marzo, descendi\u00f3 43% respecto al mismo mes del a\u00f1o pasado, de acuerdo con el informe mensual que emite la concesionaria ASUR. En el balance anual hasta el mes de marzo, el descenso en el numero de pasajeros fue de 10.6% ASUR [&hellip;]","twitter_image":"https:\/\/nitu.mx\/wp-content\/uploads\/2016\/12\/aeropuerto-internacional-de-canc\u00fan.jpg","twitter_creator":"@Arturo_Medina_G","twitter_site":"@Arturo_Medina_G","twitter_misc":{"Escrito por":"Arturo Medina","Tiempo de lectura":"2 minutos"},"schema":{"@context":"https:\/\/schema.org","@graph":[{"@type":"Article","@id":"https:\/\/nitu.mx\/index.php\/2020\/04\/03\/cae-trafico-internacional-43-durante-marzo-en-aeropuerto-de-cancun\/#article","isPartOf":{"@id":"https:\/\/nitu.mx\/index.php\/2020\/04\/03\/cae-trafico-internacional-43-durante-marzo-en-aeropuerto-de-cancun\/"},"author":{"name":"Arturo Medina","@id":"https:\/\/nitu.mx\/#\/schema\/person\/ae7a53426417292d3dd07b45a33e01bc"},"headline":"Cae transito internacional 43% durante marzo en Aeropuerto de Canc\u00fan","datePublished":"2020-04-03T20:46:25+00:00","dateModified":"2020-04-03T20:47:53+00:00","mainEntityOfPage":{"@id":"https:\/\/nitu.mx\/index.php\/2020\/04\/03\/cae-trafico-internacional-43-durante-marzo-en-aeropuerto-de-cancun\/"},"wordCount":339,"commentCount":0,"publisher":{"@id":"https:\/\/nitu.mx\/#\/schema\/person\/ae7a53426417292d3dd07b45a33e01bc"},"image":{"@id":"https:\/\/nitu.mx\/index.php\/2020\/04\/03\/cae-trafico-internacional-43-durante-marzo-en-aeropuerto-de-cancun\/#primaryimage"},"thumbnailUrl":"https:\/\/nitu.mx\/wp-content\/uploads\/2016\/12\/aeropuerto-internacional-de-canc\u00fan.jpg","keywords":["Aeropuerto Internacional de Canc\u00fan","ASUR","Canc\u00fan"],"articleSection":["Destinos"],"inLanguage":"es-MX","potentialAction":[{"@type":"CommentAction","name":"Comment","target":["https:\/\/nitu.mx\/index.php\/2020\/04\/03\/cae-trafico-internacional-43-durante-marzo-en-aeropuerto-de-cancun\/#respond"]}]},{"@type":"WebPage","@id":"https:\/\/nitu.mx\/index.php\/2020\/04\/03\/cae-trafico-internacional-43-durante-marzo-en-aeropuerto-de-cancun\/","url":"https:\/\/nitu.mx\/index.php\/2020\/04\/03\/cae-trafico-internacional-43-durante-marzo-en-aeropuerto-de-cancun\/","name":"Cae transito internacional 43% durante marzo en Aeropuerto de Canc\u00fan - Nitu - Noticias de la Industria Turistica","isPartOf":{"@id":"https:\/\/nitu.mx\/#website"},"primaryImageOfPage":{"@id":"https:\/\/nitu.mx\/index.php\/2020\/04\/03\/cae-trafico-internacional-43-durante-marzo-en-aeropuerto-de-cancun\/#primaryimage"},"image":{"@id":"https:\/\/nitu.mx\/index.php\/2020\/04\/03\/cae-trafico-internacional-43-durante-marzo-en-aeropuerto-de-cancun\/#primaryimage"},"thumbnailUrl":"https:\/\/nitu.mx\/wp-content\/uploads\/2016\/12\/aeropuerto-internacional-de-canc\u00fan.jpg","datePublished":"2020-04-03T20:46:25+00:00","dateModified":"2020-04-03T20:47:53+00:00","breadcrumb":{"@id":"https:\/\/nitu.mx\/index.php\/2020\/04\/03\/cae-trafico-internacional-43-durante-marzo-en-aeropuerto-de-cancun\/#breadcrumb"},"inLanguage":"es-MX","potentialAction":[{"@type":"ReadAction","target":["https:\/\/nitu.mx\/index.php\/2020\/04\/03\/cae-trafico-internacional-43-durante-marzo-en-aeropuerto-de-cancun\/"]}]},{"@type":"ImageObject","inLanguage":"es-MX","@id":"https:\/\/nitu.mx\/index.php\/2020\/04\/03\/cae-trafico-internacional-43-durante-marzo-en-aeropuerto-de-cancun\/#primaryimage","url":"https:\/\/nitu.mx\/wp-content\/uploads\/2016\/12\/aeropuerto-internacional-de-canc\u00fan.jpg","contentUrl":"https:\/\/nitu.mx\/wp-content\/uploads\/2016\/12\/aeropuerto-internacional-de-canc\u00fan.jpg","width":848,"height":478,"caption":"Aeropuerto de Canc\u00fan aeropuertos CDMX-Canc\u00fan"},{"@type":"BreadcrumbList","@id":"https:\/\/nitu.mx\/index.php\/2020\/04\/03\/cae-trafico-internacional-43-durante-marzo-en-aeropuerto-de-cancun\/#breadcrumb","itemListElement":[{"@type":"ListItem","position":1,"name":"Inicio","item":"https:\/\/nitu.mx\/"},{"@type":"ListItem","position":2,"name":"Cae transito internacional 43% durante marzo en Aeropuerto de Canc\u00fan"}]},{"@type":"WebSite","@id":"https:\/\/nitu.mx\/#website","url":"https:\/\/nitu.mx\/","name":"Nitu - Noticias de la Industria Turistica","description":"Noticias de la Industria Turistica","publisher":{"@id":"https:\/\/nitu.mx\/#\/schema\/person\/ae7a53426417292d3dd07b45a33e01bc"},"alternateName":"Noticias de la Industria Turistica","potentialAction":[{"@type":"SearchAction","target":{"@type":"EntryPoint","urlTemplate":"https:\/\/nitu.mx\/?s={search_term_string}"},"query-input":"required name=search_term_string"}],"inLanguage":"es-MX"},{"@type":["Person","Organization"],"@id":"https:\/\/nitu.mx\/#\/schema\/person\/ae7a53426417292d3dd07b45a33e01bc","name":"Arturo Medina","image":{"@type":"ImageObject","inLanguage":"es-MX","@id":"https:\/\/nitu.mx\/#\/schema\/person\/image\/","url":"https:\/\/nitu.mx\/wp-content\/uploads\/2024\/04\/4A315622-1904-4D5C-B022-878CDC840E04-90x90-1.jpeg","contentUrl":"https:\/\/nitu.mx\/wp-content\/uploads\/2024\/04\/4A315622-1904-4D5C-B022-878CDC840E04-90x90-1.jpeg","width":90,"height":90,"caption":"Arturo Medina"},"logo":{"@id":"https:\/\/nitu.mx\/#\/schema\/person\/image\/"},"description":"Director NITU.mx, Egresado de la Escuela de Periodismo Carlos Septi\u00e9n Garc\u00eda. Periodista y analista especializado en turismo desde hace 35 a\u00f1os, radicado en Canc\u00fan Q.Roo. arturo@nitu.mx","sameAs":["https:\/\/nitu.mx","https:\/\/www.facebook.com\/NITUmx\/","medinacancun","https:\/\/twitter.com\/@Arturo_Medina_G"],"url":"https:\/\/nitu.mx\/index.php\/author\/arturo-medina\/"}]}},"views":218,"_links":{"self":[{"href":"https:\/\/nitu.mx\/index.php\/wp-json\/wp\/v2\/posts\/41608"}],"collection":[{"href":"https:\/\/nitu.mx\/index.php\/wp-json\/wp\/v2\/posts"}],"about":[{"href":"https:\/\/nitu.mx\/index.php\/wp-json\/wp\/v2\/types\/post"}],"author":[{"embeddable":true,"href":"https:\/\/nitu.mx\/index.php\/wp-json\/wp\/v2\/users\/2"}],"replies":[{"embeddable":true,"href":"https:\/\/nitu.mx\/index.php\/wp-json\/wp\/v2\/comments?post=41608"}],"version-history":[{"count":3,"href":"https:\/\/nitu.mx\/index.php\/wp-json\/wp\/v2\/posts\/41608\/revisions"}],"predecessor-version":[{"id":41611,"href":"https:\/\/nitu.mx\/index.php\/wp-json\/wp\/v2\/posts\/41608\/revisions\/41611"}],"wp:featuredmedia":[{"embeddable":true,"href":"https:\/\/nitu.mx\/index.php\/wp-json\/wp\/v2\/media\/4985"}],"wp:attachment":[{"href":"https:\/\/nitu.mx\/index.php\/wp-json\/wp\/v2\/media?parent=41608"}],"wp:term":[{"taxonomy":"category","embeddable":true,"href":"https:\/\/nitu.mx\/index.php\/wp-json\/wp\/v2\/categories?post=41608"},{"taxonomy":"post_tag","embeddable":true,"href":"https:\/\/nitu.mx\/index.php\/wp-json\/wp\/v2\/tags?post=41608"}],"curies":[{"name":"wp","href":"https:\/\/api.w.org\/{rel}","templated":true}]}}