{"id":41579,"date":"2020-04-03T01:01:50","date_gmt":"2020-04-03T06:01:50","guid":{"rendered":"https:\/\/www.dev.nitu.mx\/?p=41579"},"modified":"2020-04-03T13:45:40","modified_gmt":"2020-04-03T18:45:40","slug":"pueden-eventos-y-convenciones-salvar-el-otono-en-el-caribe-mexicano","status":"publish","type":"post","link":"https:\/\/nitu.mx\/index.php\/2020\/04\/03\/pueden-eventos-y-convenciones-salvar-el-otono-en-el-caribe-mexicano\/","title":{"rendered":"Pueden eventos y convenciones salvar el oto\u00f1o en el Caribe Mexicano"},"content":{"rendered":"<p>De acuerdo con lo expertos en el tema de eventos, congresos y bodas en el Caribe Mexicano, los eventos reprogramados a causa de la pandemia mundial por el coronavirus COVID-19, podr\u00edan salvar la temporada de oto\u00f1o una vez que la alerta sanitaria haya sido superada en el orbe.<\/p>\n<p>De acuerdo con cifras proporcionadas por Dar\u00edo Flota Ocampo, director del Consejo de Promoci\u00f3n Tur\u00edstica de Quintana Roo, solo el 15% de los eventos programados entre marzo y junio que no podr\u00e1n realizarse por la contingencia han sido cancelados, el resto han sido reprogramados en su mayor\u00eda entre los meses de septiembre y octubre, habitualmente los mas bajos en ocupaci\u00f3n del calendario. (<a title=\"Los n\u00fameros de la crisis Covid-19 en el Caribe Mexicano\" href=\"https:\/\/www.dev.nitu.mx\/index.php\/2020\/03\/31\/los-numeros-de-la-crisis-covid-19-en-el-caribe-mexicano\/\" rel=\"bookmark\">Los n\u00fameros de la crisis Covid-19 en el Caribe Mexicano<\/a>).<\/p>\n<p>En el CPTQ todos los d\u00edas se est\u00e1n realizando reuniones con los diferentes clubes de producto para aterrizar las estrategias especificas correspondientes, de acuerdo al balance de eventos incluso algunos hoteles ya han proyectado altas ocupaciones.<\/p>\n<p>Al contrario del oto\u00f1o, la perspectiva para el verano no es muy alentadora por los tiempos de recuperaci\u00f3n tanto de la pandemia, como de la econom\u00eda, pero sin duda se espera que puedan ser tiempos mejores que los actuales en donde la ocupaci\u00f3n durante el epicentro de la pandemia ha ca\u00eddo por debajo del 10% incluso en los destinos mas importantes de Quintana Roo como Canc\u00fan y Riviera Maya.<\/p>\n","protected":false},"excerpt":{"rendered":"<p>De acuerdo con lo expertos en el tema de eventos, congresos y bodas en el Caribe Mexicano, los eventos reprogramados a causa de la pandemia mundial por el coronavirus COVID-19, podr\u00edan salvar la temporada de oto\u00f1o una vez que la alerta sanitaria haya sido superada en el orbe. De acuerdo con cifras proporcionadas por Dar\u00edo [&hellip;]<\/p>\n","protected":false},"author":2,"featured_media":7726,"comment_status":"open","ping_status":"open","sticky":false,"template":"","format":"standard","meta":{"footnotes":""},"categories":[18475],"tags":[43,83,8145,260,80,710],"yoast_head":"<!-- This site is optimized with the Yoast SEO plugin v22.2 - https:\/\/yoast.com\/wordpress\/plugins\/seo\/ -->\n<title>Pueden eventos y convenciones salvar el oto\u00f1o en el Caribe Mexicano - Nitu - Noticias de la Industria Turistica<\/title>\n<meta name=\"robots\" content=\"index, follow, max-snippet:-1, max-image-preview:large, max-video-preview:-1\" \/>\n<link rel=\"canonical\" href=\"https:\/\/nitu.mx\/index.php\/2020\/04\/03\/pueden-eventos-y-convenciones-salvar-el-otono-en-el-caribe-mexicano\/\" \/>\n<meta name=\"twitter:card\" content=\"summary_large_image\" \/>\n<meta name=\"twitter:title\" content=\"Pueden eventos y convenciones salvar el oto\u00f1o en el Caribe Mexicano - Nitu - Noticias de la Industria Turistica\" \/>\n<meta name=\"twitter:description\" content=\"De acuerdo con lo expertos en el tema de eventos, congresos y bodas en el Caribe Mexicano, los eventos reprogramados a causa de la pandemia mundial por el coronavirus COVID-19, podr\u00edan salvar la temporada de oto\u00f1o una vez que la alerta sanitaria haya sido superada en el orbe. De acuerdo con cifras proporcionadas por Dar\u00edo [&hellip;]\" \/>\n<meta name=\"twitter:image\" content=\"https:\/\/nitu.mx\/wp-content\/uploads\/2017\/03\/turismo-de-reuniones-mexico.jpg\" \/>\n<meta name=\"twitter:creator\" content=\"@Arturo_Medina_G\" \/>\n<meta name=\"twitter:site\" content=\"@Arturo_Medina_G\" \/>\n<meta name=\"twitter:label1\" content=\"Escrito por\" \/>\n\t<meta name=\"twitter:data1\" content=\"Arturo Medina\" \/>\n\t<meta name=\"twitter:label2\" content=\"Tiempo de lectura\" \/>\n\t<meta name=\"twitter:data2\" content=\"1 minuto\" \/>\n<script type=\"application\/ld+json\" class=\"yoast-schema-graph\">{\"@context\":\"https:\/\/schema.org\",\"@graph\":[{\"@type\":\"Article\",\"@id\":\"https:\/\/nitu.mx\/index.php\/2020\/04\/03\/pueden-eventos-y-convenciones-salvar-el-otono-en-el-caribe-mexicano\/#article\",\"isPartOf\":{\"@id\":\"https:\/\/nitu.mx\/index.php\/2020\/04\/03\/pueden-eventos-y-convenciones-salvar-el-otono-en-el-caribe-mexicano\/\"},\"author\":{\"name\":\"Arturo Medina\",\"@id\":\"https:\/\/nitu.mx\/#\/schema\/person\/ae7a53426417292d3dd07b45a33e01bc\"},\"headline\":\"Pueden eventos y convenciones salvar el oto\u00f1o en el Caribe Mexicano\",\"datePublished\":\"2020-04-03T06:01:50+00:00\",\"dateModified\":\"2020-04-03T18:45:40+00:00\",\"mainEntityOfPage\":{\"@id\":\"https:\/\/nitu.mx\/index.php\/2020\/04\/03\/pueden-eventos-y-convenciones-salvar-el-otono-en-el-caribe-mexicano\/\"},\"wordCount\":252,\"commentCount\":0,\"publisher\":{\"@id\":\"https:\/\/nitu.mx\/#\/schema\/person\/ae7a53426417292d3dd07b45a33e01bc\"},\"image\":{\"@id\":\"https:\/\/nitu.mx\/index.php\/2020\/04\/03\/pueden-eventos-y-convenciones-salvar-el-otono-en-el-caribe-mexicano\/#primaryimage\"},\"thumbnailUrl\":\"https:\/\/nitu.mx\/wp-content\/uploads\/2017\/03\/turismo-de-reuniones-mexico.jpg\",\"keywords\":[\"Canc\u00fan\",\"Caribe mexicano\",\"CPTQ\",\"Quintana Roo\",\"Riviera Maya\",\"Turismo de reuniones\"],\"articleSection\":[\"Caribe Mexicano\"],\"inLanguage\":\"es-MX\",\"potentialAction\":[{\"@type\":\"CommentAction\",\"name\":\"Comment\",\"target\":[\"https:\/\/nitu.mx\/index.php\/2020\/04\/03\/pueden-eventos-y-convenciones-salvar-el-otono-en-el-caribe-mexicano\/#respond\"]}]},{\"@type\":\"WebPage\",\"@id\":\"https:\/\/nitu.mx\/index.php\/2020\/04\/03\/pueden-eventos-y-convenciones-salvar-el-otono-en-el-caribe-mexicano\/\",\"url\":\"https:\/\/nitu.mx\/index.php\/2020\/04\/03\/pueden-eventos-y-convenciones-salvar-el-otono-en-el-caribe-mexicano\/\",\"name\":\"Pueden eventos y convenciones salvar el oto\u00f1o en el Caribe Mexicano - Nitu - Noticias de la Industria Turistica\",\"isPartOf\":{\"@id\":\"https:\/\/nitu.mx\/#website\"},\"primaryImageOfPage\":{\"@id\":\"https:\/\/nitu.mx\/index.php\/2020\/04\/03\/pueden-eventos-y-convenciones-salvar-el-otono-en-el-caribe-mexicano\/#primaryimage\"},\"image\":{\"@id\":\"https:\/\/nitu.mx\/index.php\/2020\/04\/03\/pueden-eventos-y-convenciones-salvar-el-otono-en-el-caribe-mexicano\/#primaryimage\"},\"thumbnailUrl\":\"https:\/\/nitu.mx\/wp-content\/uploads\/2017\/03\/turismo-de-reuniones-mexico.jpg\",\"datePublished\":\"2020-04-03T06:01:50+00:00\",\"dateModified\":\"2020-04-03T18:45:40+00:00\",\"breadcrumb\":{\"@id\":\"https:\/\/nitu.mx\/index.php\/2020\/04\/03\/pueden-eventos-y-convenciones-salvar-el-otono-en-el-caribe-mexicano\/#breadcrumb\"},\"inLanguage\":\"es-MX\",\"potentialAction\":[{\"@type\":\"ReadAction\",\"target\":[\"https:\/\/nitu.mx\/index.php\/2020\/04\/03\/pueden-eventos-y-convenciones-salvar-el-otono-en-el-caribe-mexicano\/\"]}]},{\"@type\":\"ImageObject\",\"inLanguage\":\"es-MX\",\"@id\":\"https:\/\/nitu.mx\/index.php\/2020\/04\/03\/pueden-eventos-y-convenciones-salvar-el-otono-en-el-caribe-mexicano\/#primaryimage\",\"url\":\"https:\/\/nitu.mx\/wp-content\/uploads\/2017\/03\/turismo-de-reuniones-mexico.jpg\",\"contentUrl\":\"https:\/\/nitu.mx\/wp-content\/uploads\/2017\/03\/turismo-de-reuniones-mexico.jpg\",\"width\":850,\"height\":480,\"caption\":\"turismo de reuniones CPTM riviera maya\"},{\"@type\":\"BreadcrumbList\",\"@id\":\"https:\/\/nitu.mx\/index.php\/2020\/04\/03\/pueden-eventos-y-convenciones-salvar-el-otono-en-el-caribe-mexicano\/#breadcrumb\",\"itemListElement\":[{\"@type\":\"ListItem\",\"position\":1,\"name\":\"Inicio\",\"item\":\"https:\/\/nitu.mx\/\"},{\"@type\":\"ListItem\",\"position\":2,\"name\":\"Pueden eventos y convenciones salvar el oto\u00f1o en el Caribe Mexicano\"}]},{\"@type\":\"WebSite\",\"@id\":\"https:\/\/nitu.mx\/#website\",\"url\":\"https:\/\/nitu.mx\/\",\"name\":\"Nitu - Noticias de la Industria Turistica\",\"description\":\"Noticias de la Industria Turistica\",\"publisher\":{\"@id\":\"https:\/\/nitu.mx\/#\/schema\/person\/ae7a53426417292d3dd07b45a33e01bc\"},\"alternateName\":\"Noticias de la Industria Turistica\",\"potentialAction\":[{\"@type\":\"SearchAction\",\"target\":{\"@type\":\"EntryPoint\",\"urlTemplate\":\"https:\/\/nitu.mx\/?s={search_term_string}\"},\"query-input\":\"required name=search_term_string\"}],\"inLanguage\":\"es-MX\"},{\"@type\":[\"Person\",\"Organization\"],\"@id\":\"https:\/\/nitu.mx\/#\/schema\/person\/ae7a53426417292d3dd07b45a33e01bc\",\"name\":\"Arturo Medina\",\"image\":{\"@type\":\"ImageObject\",\"inLanguage\":\"es-MX\",\"@id\":\"https:\/\/nitu.mx\/#\/schema\/person\/image\/\",\"url\":\"https:\/\/nitu.mx\/wp-content\/uploads\/2024\/04\/4A315622-1904-4D5C-B022-878CDC840E04-90x90-1.jpeg\",\"contentUrl\":\"https:\/\/nitu.mx\/wp-content\/uploads\/2024\/04\/4A315622-1904-4D5C-B022-878CDC840E04-90x90-1.jpeg\",\"width\":90,\"height\":90,\"caption\":\"Arturo Medina\"},\"logo\":{\"@id\":\"https:\/\/nitu.mx\/#\/schema\/person\/image\/\"},\"description\":\"Director NITU.mx, Egresado de la Escuela de Periodismo Carlos Septi\u00e9n Garc\u00eda. Periodista y analista especializado en turismo desde hace 35 a\u00f1os, radicado en Canc\u00fan Q.Roo. arturo@nitu.mx\",\"sameAs\":[\"https:\/\/nitu.mx\",\"https:\/\/www.facebook.com\/NITUmx\/\",\"medinacancun\",\"https:\/\/twitter.com\/@Arturo_Medina_G\"],\"url\":\"https:\/\/nitu.mx\/index.php\/author\/arturo-medina\/\"}]}<\/script>\n<!-- \/ Yoast SEO plugin. -->","yoast_head_json":{"title":"Pueden eventos y convenciones salvar el oto\u00f1o en el Caribe Mexicano - Nitu - Noticias de la Industria Turistica","robots":{"index":"index","follow":"follow","max-snippet":"max-snippet:-1","max-image-preview":"max-image-preview:large","max-video-preview":"max-video-preview:-1"},"canonical":"https:\/\/nitu.mx\/index.php\/2020\/04\/03\/pueden-eventos-y-convenciones-salvar-el-otono-en-el-caribe-mexicano\/","twitter_card":"summary_large_image","twitter_title":"Pueden eventos y convenciones salvar el oto\u00f1o en el Caribe Mexicano - Nitu - Noticias de la Industria Turistica","twitter_description":"De acuerdo con lo expertos en el tema de eventos, congresos y bodas en el Caribe Mexicano, los eventos reprogramados a causa de la pandemia mundial por el coronavirus COVID-19, podr\u00edan salvar la temporada de oto\u00f1o una vez que la alerta sanitaria haya sido superada en el orbe. De acuerdo con cifras proporcionadas por Dar\u00edo [&hellip;]","twitter_image":"https:\/\/nitu.mx\/wp-content\/uploads\/2017\/03\/turismo-de-reuniones-mexico.jpg","twitter_creator":"@Arturo_Medina_G","twitter_site":"@Arturo_Medina_G","twitter_misc":{"Escrito por":"Arturo Medina","Tiempo de lectura":"1 minuto"},"schema":{"@context":"https:\/\/schema.org","@graph":[{"@type":"Article","@id":"https:\/\/nitu.mx\/index.php\/2020\/04\/03\/pueden-eventos-y-convenciones-salvar-el-otono-en-el-caribe-mexicano\/#article","isPartOf":{"@id":"https:\/\/nitu.mx\/index.php\/2020\/04\/03\/pueden-eventos-y-convenciones-salvar-el-otono-en-el-caribe-mexicano\/"},"author":{"name":"Arturo Medina","@id":"https:\/\/nitu.mx\/#\/schema\/person\/ae7a53426417292d3dd07b45a33e01bc"},"headline":"Pueden eventos y convenciones salvar el oto\u00f1o en el Caribe Mexicano","datePublished":"2020-04-03T06:01:50+00:00","dateModified":"2020-04-03T18:45:40+00:00","mainEntityOfPage":{"@id":"https:\/\/nitu.mx\/index.php\/2020\/04\/03\/pueden-eventos-y-convenciones-salvar-el-otono-en-el-caribe-mexicano\/"},"wordCount":252,"commentCount":0,"publisher":{"@id":"https:\/\/nitu.mx\/#\/schema\/person\/ae7a53426417292d3dd07b45a33e01bc"},"image":{"@id":"https:\/\/nitu.mx\/index.php\/2020\/04\/03\/pueden-eventos-y-convenciones-salvar-el-otono-en-el-caribe-mexicano\/#primaryimage"},"thumbnailUrl":"https:\/\/nitu.mx\/wp-content\/uploads\/2017\/03\/turismo-de-reuniones-mexico.jpg","keywords":["Canc\u00fan","Caribe mexicano","CPTQ","Quintana Roo","Riviera Maya","Turismo de reuniones"],"articleSection":["Caribe Mexicano"],"inLanguage":"es-MX","potentialAction":[{"@type":"CommentAction","name":"Comment","target":["https:\/\/nitu.mx\/index.php\/2020\/04\/03\/pueden-eventos-y-convenciones-salvar-el-otono-en-el-caribe-mexicano\/#respond"]}]},{"@type":"WebPage","@id":"https:\/\/nitu.mx\/index.php\/2020\/04\/03\/pueden-eventos-y-convenciones-salvar-el-otono-en-el-caribe-mexicano\/","url":"https:\/\/nitu.mx\/index.php\/2020\/04\/03\/pueden-eventos-y-convenciones-salvar-el-otono-en-el-caribe-mexicano\/","name":"Pueden eventos y convenciones salvar el oto\u00f1o en el Caribe Mexicano - Nitu - Noticias de la Industria Turistica","isPartOf":{"@id":"https:\/\/nitu.mx\/#website"},"primaryImageOfPage":{"@id":"https:\/\/nitu.mx\/index.php\/2020\/04\/03\/pueden-eventos-y-convenciones-salvar-el-otono-en-el-caribe-mexicano\/#primaryimage"},"image":{"@id":"https:\/\/nitu.mx\/index.php\/2020\/04\/03\/pueden-eventos-y-convenciones-salvar-el-otono-en-el-caribe-mexicano\/#primaryimage"},"thumbnailUrl":"https:\/\/nitu.mx\/wp-content\/uploads\/2017\/03\/turismo-de-reuniones-mexico.jpg","datePublished":"2020-04-03T06:01:50+00:00","dateModified":"2020-04-03T18:45:40+00:00","breadcrumb":{"@id":"https:\/\/nitu.mx\/index.php\/2020\/04\/03\/pueden-eventos-y-convenciones-salvar-el-otono-en-el-caribe-mexicano\/#breadcrumb"},"inLanguage":"es-MX","potentialAction":[{"@type":"ReadAction","target":["https:\/\/nitu.mx\/index.php\/2020\/04\/03\/pueden-eventos-y-convenciones-salvar-el-otono-en-el-caribe-mexicano\/"]}]},{"@type":"ImageObject","inLanguage":"es-MX","@id":"https:\/\/nitu.mx\/index.php\/2020\/04\/03\/pueden-eventos-y-convenciones-salvar-el-otono-en-el-caribe-mexicano\/#primaryimage","url":"https:\/\/nitu.mx\/wp-content\/uploads\/2017\/03\/turismo-de-reuniones-mexico.jpg","contentUrl":"https:\/\/nitu.mx\/wp-content\/uploads\/2017\/03\/turismo-de-reuniones-mexico.jpg","width":850,"height":480,"caption":"turismo de reuniones CPTM riviera maya"},{"@type":"BreadcrumbList","@id":"https:\/\/nitu.mx\/index.php\/2020\/04\/03\/pueden-eventos-y-convenciones-salvar-el-otono-en-el-caribe-mexicano\/#breadcrumb","itemListElement":[{"@type":"ListItem","position":1,"name":"Inicio","item":"https:\/\/nitu.mx\/"},{"@type":"ListItem","position":2,"name":"Pueden eventos y convenciones salvar el oto\u00f1o en el Caribe Mexicano"}]},{"@type":"WebSite","@id":"https:\/\/nitu.mx\/#website","url":"https:\/\/nitu.mx\/","name":"Nitu - Noticias de la Industria Turistica","description":"Noticias de la Industria Turistica","publisher":{"@id":"https:\/\/nitu.mx\/#\/schema\/person\/ae7a53426417292d3dd07b45a33e01bc"},"alternateName":"Noticias de la Industria Turistica","potentialAction":[{"@type":"SearchAction","target":{"@type":"EntryPoint","urlTemplate":"https:\/\/nitu.mx\/?s={search_term_string}"},"query-input":"required name=search_term_string"}],"inLanguage":"es-MX"},{"@type":["Person","Organization"],"@id":"https:\/\/nitu.mx\/#\/schema\/person\/ae7a53426417292d3dd07b45a33e01bc","name":"Arturo Medina","image":{"@type":"ImageObject","inLanguage":"es-MX","@id":"https:\/\/nitu.mx\/#\/schema\/person\/image\/","url":"https:\/\/nitu.mx\/wp-content\/uploads\/2024\/04\/4A315622-1904-4D5C-B022-878CDC840E04-90x90-1.jpeg","contentUrl":"https:\/\/nitu.mx\/wp-content\/uploads\/2024\/04\/4A315622-1904-4D5C-B022-878CDC840E04-90x90-1.jpeg","width":90,"height":90,"caption":"Arturo Medina"},"logo":{"@id":"https:\/\/nitu.mx\/#\/schema\/person\/image\/"},"description":"Director NITU.mx, Egresado de la Escuela de Periodismo Carlos Septi\u00e9n Garc\u00eda. Periodista y analista especializado en turismo desde hace 35 a\u00f1os, radicado en Canc\u00fan Q.Roo. arturo@nitu.mx","sameAs":["https:\/\/nitu.mx","https:\/\/www.facebook.com\/NITUmx\/","medinacancun","https:\/\/twitter.com\/@Arturo_Medina_G"],"url":"https:\/\/nitu.mx\/index.php\/author\/arturo-medina\/"}]}},"views":278,"_links":{"self":[{"href":"https:\/\/nitu.mx\/index.php\/wp-json\/wp\/v2\/posts\/41579"}],"collection":[{"href":"https:\/\/nitu.mx\/index.php\/wp-json\/wp\/v2\/posts"}],"about":[{"href":"https:\/\/nitu.mx\/index.php\/wp-json\/wp\/v2\/types\/post"}],"author":[{"embeddable":true,"href":"https:\/\/nitu.mx\/index.php\/wp-json\/wp\/v2\/users\/2"}],"replies":[{"embeddable":true,"href":"https:\/\/nitu.mx\/index.php\/wp-json\/wp\/v2\/comments?post=41579"}],"version-history":[{"count":4,"href":"https:\/\/nitu.mx\/index.php\/wp-json\/wp\/v2\/posts\/41579\/revisions"}],"predecessor-version":[{"id":41606,"href":"https:\/\/nitu.mx\/index.php\/wp-json\/wp\/v2\/posts\/41579\/revisions\/41606"}],"wp:featuredmedia":[{"embeddable":true,"href":"https:\/\/nitu.mx\/index.php\/wp-json\/wp\/v2\/media\/7726"}],"wp:attachment":[{"href":"https:\/\/nitu.mx\/index.php\/wp-json\/wp\/v2\/media?parent=41579"}],"wp:term":[{"taxonomy":"category","embeddable":true,"href":"https:\/\/nitu.mx\/index.php\/wp-json\/wp\/v2\/categories?post=41579"},{"taxonomy":"post_tag","embeddable":true,"href":"https:\/\/nitu.mx\/index.php\/wp-json\/wp\/v2\/tags?post=41579"}],"curies":[{"name":"wp","href":"https:\/\/api.w.org\/{rel}","templated":true}]}}