{"id":41570,"date":"2020-04-01T23:35:52","date_gmt":"2020-04-02T04:35:52","guid":{"rendered":"https:\/\/www.dev.nitu.mx\/?p=41570"},"modified":"2020-04-02T01:44:03","modified_gmt":"2020-04-02T06:44:03","slug":"confirma-mara-lezama-que-las-playas-de-cancun-estan-cerradas","status":"publish","type":"post","link":"https:\/\/nitu.mx\/index.php\/2020\/04\/01\/confirma-mara-lezama-que-las-playas-de-cancun-estan-cerradas\/","title":{"rendered":"Confirma Mara Lezama que las playas de Canc\u00fan est\u00e1n cerradas"},"content":{"rendered":"<p>Con el af\u00e1n de extender los esfuerzos por limitar los contagias del COVID-19 en el municipio de Benito Juarez, la presidenta municipal Mara Lezama, confirm\u00f3 que de acuerdo a las instrucciones\u00a0emitidas por el Consejo de Salubridad General a trav\u00e9s del Subsecreterario Hugo Lopez-Gatell, en coordinaci\u00f3n con la Zona Federal Mar\u00edtimo Terrestre, hemos determinado cerrar las playas del Municipio de Benito Juarez \u00a0(Canc\u00fan) hasta nuevo aviso, por lo cual ninguna persona, sin excepci\u00f3n alguna, deber\u00e1, a partir del d\u00eda de hoy, encontrarse en ellas.<\/p>\n<p>Mara Lezama precis\u00f3 que esta medida contribuye a la estrategia nacional para reducir de forma tajante la transmisi\u00f3n del virus, en forma masiva, ayudando a reducir el n\u00famero de contagios en Canc\u00fan.<\/p>\n<p>\u201cLes comparto, que adicional a esta medida oficial, se estar\u00e1n realizando pruebas de temperatura y cuestionarios de forma aleatoria en diferentes puntos de nuestra ciudad\u201d, anunci\u00f3.<\/p>\n<p>Adem\u00e1s, ser\u00e1n instalados filtros de control que permitir\u00e1n detectar oportunamente casos de riesgo, y con ello seguir actuando con efectividad contra el COVID-19. \u201cSeremos estrictos, nadie deber\u00e1 estar en la calle, salvo excepciones de causa de fuerza mayor, pues estas medidas \u00fanicamente responden a la intenci\u00f3n de salvar vidas\u201d. (<a title=\"Cerrados 51 hoteles de la AHC por COVID-19\" href=\"https:\/\/www.dev.nitu.mx\/index.php\/2020\/03\/28\/cerrados-51-hoteles-de-la-ahc-por-cobid-19-e\/\" rel=\"bookmark\">Cerrados 51 hoteles de la AHC por COVID-19<\/a>).<\/p>\n<p>Hugo L\u00f3pez-Gatell explic\u00f3 que la orden ya se dio. Por acuerdo de la Secretar\u00eda de Salud est\u00e1n suspendida la actividad en el espacio p\u00fablico: \u201cNo puede haber m\u00e1s de 50 personas reunidas al mismo tiempo, lo que lleva a que, en el marco de la autoridad estatal y posiblemente municipal, se tomen medidas congruentes y tambi\u00e9n se suspenda la actividad tur\u00edstica en playas, ya sea para el turismo internacional o el turismo nacional o local\u201d.<\/p>\n","protected":false},"excerpt":{"rendered":"<p>Con el af\u00e1n de extender los esfuerzos por limitar los contagias del COVID-19 en el municipio de Benito Juarez, la presidenta municipal Mara Lezama, confirm\u00f3 que de acuerdo a las instrucciones\u00a0emitidas por el Consejo de Salubridad General a trav\u00e9s del Subsecreterario Hugo Lopez-Gatell, en coordinaci\u00f3n con la Zona Federal Mar\u00edtimo Terrestre, hemos determinado cerrar las [&hellip;]<\/p>\n","protected":false},"author":17,"featured_media":41414,"comment_status":"open","ping_status":"open","sticky":false,"template":"","format":"standard","meta":{"footnotes":""},"categories":[18475,5],"tags":[43,83,18906,14028],"yoast_head":"<!-- This site is optimized with the Yoast SEO plugin v22.2 - https:\/\/yoast.com\/wordpress\/plugins\/seo\/ -->\n<title>Confirma Mara Lezama que las playas de Canc\u00fan est\u00e1n cerradas - Nitu - Noticias de la Industria Turistica<\/title>\n<meta name=\"robots\" content=\"index, follow, max-snippet:-1, max-image-preview:large, max-video-preview:-1\" \/>\n<link rel=\"canonical\" href=\"https:\/\/nitu.mx\/index.php\/2020\/04\/01\/confirma-mara-lezama-que-las-playas-de-cancun-estan-cerradas\/\" \/>\n<meta name=\"twitter:card\" content=\"summary_large_image\" \/>\n<meta name=\"twitter:title\" content=\"Confirma Mara Lezama que las playas de Canc\u00fan est\u00e1n cerradas - Nitu - Noticias de la Industria Turistica\" \/>\n<meta name=\"twitter:description\" content=\"Con el af\u00e1n de extender los esfuerzos por limitar los contagias del COVID-19 en el municipio de Benito Juarez, la presidenta municipal Mara Lezama, confirm\u00f3 que de acuerdo a las instrucciones\u00a0emitidas por el Consejo de Salubridad General a trav\u00e9s del Subsecreterario Hugo Lopez-Gatell, en coordinaci\u00f3n con la Zona Federal Mar\u00edtimo Terrestre, hemos determinado cerrar las [&hellip;]\" \/>\n<meta name=\"twitter:image\" content=\"https:\/\/nitu.mx\/wp-content\/uploads\/2020\/03\/industria-tur\u00edstica.jpg\" \/>\n<meta name=\"twitter:creator\" content=\"@NITUmx\" \/>\n<meta name=\"twitter:site\" content=\"@Arturo_Medina_G\" \/>\n<meta name=\"twitter:label1\" content=\"Escrito por\" \/>\n\t<meta name=\"twitter:data1\" content=\"Redacci\u00f3n\" \/>\n\t<meta name=\"twitter:label2\" content=\"Tiempo de lectura\" \/>\n\t<meta name=\"twitter:data2\" content=\"1 minuto\" \/>\n<script type=\"application\/ld+json\" class=\"yoast-schema-graph\">{\"@context\":\"https:\/\/schema.org\",\"@graph\":[{\"@type\":\"Article\",\"@id\":\"https:\/\/nitu.mx\/index.php\/2020\/04\/01\/confirma-mara-lezama-que-las-playas-de-cancun-estan-cerradas\/#article\",\"isPartOf\":{\"@id\":\"https:\/\/nitu.mx\/index.php\/2020\/04\/01\/confirma-mara-lezama-que-las-playas-de-cancun-estan-cerradas\/\"},\"author\":{\"name\":\"Redacci\u00f3n\",\"@id\":\"https:\/\/nitu.mx\/#\/schema\/person\/4a28fe9bd65924f7c90623773daf1b0b\"},\"headline\":\"Confirma Mara Lezama que las playas de Canc\u00fan est\u00e1n cerradas\",\"datePublished\":\"2020-04-02T04:35:52+00:00\",\"dateModified\":\"2020-04-02T06:44:03+00:00\",\"mainEntityOfPage\":{\"@id\":\"https:\/\/nitu.mx\/index.php\/2020\/04\/01\/confirma-mara-lezama-que-las-playas-de-cancun-estan-cerradas\/\"},\"wordCount\":306,\"commentCount\":0,\"publisher\":{\"@id\":\"https:\/\/nitu.mx\/#\/schema\/person\/ae7a53426417292d3dd07b45a33e01bc\"},\"image\":{\"@id\":\"https:\/\/nitu.mx\/index.php\/2020\/04\/01\/confirma-mara-lezama-que-las-playas-de-cancun-estan-cerradas\/#primaryimage\"},\"thumbnailUrl\":\"https:\/\/nitu.mx\/wp-content\/uploads\/2020\/03\/industria-tur\u00edstica.jpg\",\"keywords\":[\"Canc\u00fan\",\"Caribe mexicano\",\"Covid-19\",\"Mara Lezama\"],\"articleSection\":[\"Caribe Mexicano\",\"Destinos\"],\"inLanguage\":\"es-MX\",\"potentialAction\":[{\"@type\":\"CommentAction\",\"name\":\"Comment\",\"target\":[\"https:\/\/nitu.mx\/index.php\/2020\/04\/01\/confirma-mara-lezama-que-las-playas-de-cancun-estan-cerradas\/#respond\"]}]},{\"@type\":\"WebPage\",\"@id\":\"https:\/\/nitu.mx\/index.php\/2020\/04\/01\/confirma-mara-lezama-que-las-playas-de-cancun-estan-cerradas\/\",\"url\":\"https:\/\/nitu.mx\/index.php\/2020\/04\/01\/confirma-mara-lezama-que-las-playas-de-cancun-estan-cerradas\/\",\"name\":\"Confirma Mara Lezama que las playas de Canc\u00fan est\u00e1n cerradas - Nitu - Noticias de la Industria Turistica\",\"isPartOf\":{\"@id\":\"https:\/\/nitu.mx\/#website\"},\"primaryImageOfPage\":{\"@id\":\"https:\/\/nitu.mx\/index.php\/2020\/04\/01\/confirma-mara-lezama-que-las-playas-de-cancun-estan-cerradas\/#primaryimage\"},\"image\":{\"@id\":\"https:\/\/nitu.mx\/index.php\/2020\/04\/01\/confirma-mara-lezama-que-las-playas-de-cancun-estan-cerradas\/#primaryimage\"},\"thumbnailUrl\":\"https:\/\/nitu.mx\/wp-content\/uploads\/2020\/03\/industria-tur\u00edstica.jpg\",\"datePublished\":\"2020-04-02T04:35:52+00:00\",\"dateModified\":\"2020-04-02T06:44:03+00:00\",\"breadcrumb\":{\"@id\":\"https:\/\/nitu.mx\/index.php\/2020\/04\/01\/confirma-mara-lezama-que-las-playas-de-cancun-estan-cerradas\/#breadcrumb\"},\"inLanguage\":\"es-MX\",\"potentialAction\":[{\"@type\":\"ReadAction\",\"target\":[\"https:\/\/nitu.mx\/index.php\/2020\/04\/01\/confirma-mara-lezama-que-las-playas-de-cancun-estan-cerradas\/\"]}]},{\"@type\":\"ImageObject\",\"inLanguage\":\"es-MX\",\"@id\":\"https:\/\/nitu.mx\/index.php\/2020\/04\/01\/confirma-mara-lezama-que-las-playas-de-cancun-estan-cerradas\/#primaryimage\",\"url\":\"https:\/\/nitu.mx\/wp-content\/uploads\/2020\/03\/industria-tur\u00edstica.jpg\",\"contentUrl\":\"https:\/\/nitu.mx\/wp-content\/uploads\/2020\/03\/industria-tur\u00edstica.jpg\",\"width\":850,\"height\":480,\"caption\":\"industria tur\u00edstica playas Concanaco Servytur\"},{\"@type\":\"BreadcrumbList\",\"@id\":\"https:\/\/nitu.mx\/index.php\/2020\/04\/01\/confirma-mara-lezama-que-las-playas-de-cancun-estan-cerradas\/#breadcrumb\",\"itemListElement\":[{\"@type\":\"ListItem\",\"position\":1,\"name\":\"Inicio\",\"item\":\"https:\/\/nitu.mx\/\"},{\"@type\":\"ListItem\",\"position\":2,\"name\":\"Confirma Mara Lezama que las playas de Canc\u00fan est\u00e1n cerradas\"}]},{\"@type\":\"WebSite\",\"@id\":\"https:\/\/nitu.mx\/#website\",\"url\":\"https:\/\/nitu.mx\/\",\"name\":\"Nitu - Noticias de la Industria Turistica\",\"description\":\"Noticias de la Industria Turistica\",\"publisher\":{\"@id\":\"https:\/\/nitu.mx\/#\/schema\/person\/ae7a53426417292d3dd07b45a33e01bc\"},\"alternateName\":\"Noticias de la Industria Turistica\",\"potentialAction\":[{\"@type\":\"SearchAction\",\"target\":{\"@type\":\"EntryPoint\",\"urlTemplate\":\"https:\/\/nitu.mx\/?s={search_term_string}\"},\"query-input\":\"required name=search_term_string\"}],\"inLanguage\":\"es-MX\"},{\"@type\":[\"Person\",\"Organization\"],\"@id\":\"https:\/\/nitu.mx\/#\/schema\/person\/ae7a53426417292d3dd07b45a33e01bc\",\"name\":\"Arturo Medina\",\"image\":{\"@type\":\"ImageObject\",\"inLanguage\":\"es-MX\",\"@id\":\"https:\/\/nitu.mx\/#\/schema\/person\/image\/\",\"url\":\"https:\/\/nitu.mx\/wp-content\/uploads\/2024\/04\/4A315622-1904-4D5C-B022-878CDC840E04-90x90-1.jpeg\",\"contentUrl\":\"https:\/\/nitu.mx\/wp-content\/uploads\/2024\/04\/4A315622-1904-4D5C-B022-878CDC840E04-90x90-1.jpeg\",\"width\":90,\"height\":90,\"caption\":\"Arturo Medina\"},\"logo\":{\"@id\":\"https:\/\/nitu.mx\/#\/schema\/person\/image\/\"},\"description\":\"Director NITU.mx, Egresado de la Escuela de Periodismo Carlos Septi\u00e9n Garc\u00eda. Periodista y analista especializado en turismo desde hace 35 a\u00f1os, radicado en Canc\u00fan Q.Roo. arturo@nitu.mx\",\"sameAs\":[\"https:\/\/nitu.mx\",\"https:\/\/www.facebook.com\/NITUmx\/\",\"medinacancun\",\"https:\/\/twitter.com\/@Arturo_Medina_G\"]},{\"@type\":\"Person\",\"@id\":\"https:\/\/nitu.mx\/#\/schema\/person\/4a28fe9bd65924f7c90623773daf1b0b\",\"name\":\"Redacci\u00f3n\",\"image\":{\"@type\":\"ImageObject\",\"inLanguage\":\"es-MX\",\"@id\":\"https:\/\/nitu.mx\/#\/schema\/person\/image\/\",\"url\":\"https:\/\/secure.gravatar.com\/avatar\/5dd011c8ccfc5cd7e4c81e42252aab38?s=96&d=mm&r=g\",\"contentUrl\":\"https:\/\/secure.gravatar.com\/avatar\/5dd011c8ccfc5cd7e4c81e42252aab38?s=96&d=mm&r=g\",\"caption\":\"Redacci\u00f3n\"},\"url\":\"https:\/\/nitu.mx\/index.php\/author\/redaccion\/\"}]}<\/script>\n<!-- \/ Yoast SEO plugin. -->","yoast_head_json":{"title":"Confirma Mara Lezama que las playas de Canc\u00fan est\u00e1n cerradas - Nitu - Noticias de la Industria Turistica","robots":{"index":"index","follow":"follow","max-snippet":"max-snippet:-1","max-image-preview":"max-image-preview:large","max-video-preview":"max-video-preview:-1"},"canonical":"https:\/\/nitu.mx\/index.php\/2020\/04\/01\/confirma-mara-lezama-que-las-playas-de-cancun-estan-cerradas\/","twitter_card":"summary_large_image","twitter_title":"Confirma Mara Lezama que las playas de Canc\u00fan est\u00e1n cerradas - Nitu - Noticias de la Industria Turistica","twitter_description":"Con el af\u00e1n de extender los esfuerzos por limitar los contagias del COVID-19 en el municipio de Benito Juarez, la presidenta municipal Mara Lezama, confirm\u00f3 que de acuerdo a las instrucciones\u00a0emitidas por el Consejo de Salubridad General a trav\u00e9s del Subsecreterario Hugo Lopez-Gatell, en coordinaci\u00f3n con la Zona Federal Mar\u00edtimo Terrestre, hemos determinado cerrar las [&hellip;]","twitter_image":"https:\/\/nitu.mx\/wp-content\/uploads\/2020\/03\/industria-tur\u00edstica.jpg","twitter_creator":"@NITUmx","twitter_site":"@Arturo_Medina_G","twitter_misc":{"Escrito por":"Redacci\u00f3n","Tiempo de lectura":"1 minuto"},"schema":{"@context":"https:\/\/schema.org","@graph":[{"@type":"Article","@id":"https:\/\/nitu.mx\/index.php\/2020\/04\/01\/confirma-mara-lezama-que-las-playas-de-cancun-estan-cerradas\/#article","isPartOf":{"@id":"https:\/\/nitu.mx\/index.php\/2020\/04\/01\/confirma-mara-lezama-que-las-playas-de-cancun-estan-cerradas\/"},"author":{"name":"Redacci\u00f3n","@id":"https:\/\/nitu.mx\/#\/schema\/person\/4a28fe9bd65924f7c90623773daf1b0b"},"headline":"Confirma Mara Lezama que las playas de Canc\u00fan est\u00e1n cerradas","datePublished":"2020-04-02T04:35:52+00:00","dateModified":"2020-04-02T06:44:03+00:00","mainEntityOfPage":{"@id":"https:\/\/nitu.mx\/index.php\/2020\/04\/01\/confirma-mara-lezama-que-las-playas-de-cancun-estan-cerradas\/"},"wordCount":306,"commentCount":0,"publisher":{"@id":"https:\/\/nitu.mx\/#\/schema\/person\/ae7a53426417292d3dd07b45a33e01bc"},"image":{"@id":"https:\/\/nitu.mx\/index.php\/2020\/04\/01\/confirma-mara-lezama-que-las-playas-de-cancun-estan-cerradas\/#primaryimage"},"thumbnailUrl":"https:\/\/nitu.mx\/wp-content\/uploads\/2020\/03\/industria-tur\u00edstica.jpg","keywords":["Canc\u00fan","Caribe mexicano","Covid-19","Mara Lezama"],"articleSection":["Caribe Mexicano","Destinos"],"inLanguage":"es-MX","potentialAction":[{"@type":"CommentAction","name":"Comment","target":["https:\/\/nitu.mx\/index.php\/2020\/04\/01\/confirma-mara-lezama-que-las-playas-de-cancun-estan-cerradas\/#respond"]}]},{"@type":"WebPage","@id":"https:\/\/nitu.mx\/index.php\/2020\/04\/01\/confirma-mara-lezama-que-las-playas-de-cancun-estan-cerradas\/","url":"https:\/\/nitu.mx\/index.php\/2020\/04\/01\/confirma-mara-lezama-que-las-playas-de-cancun-estan-cerradas\/","name":"Confirma Mara Lezama que las playas de Canc\u00fan est\u00e1n cerradas - Nitu - Noticias de la Industria Turistica","isPartOf":{"@id":"https:\/\/nitu.mx\/#website"},"primaryImageOfPage":{"@id":"https:\/\/nitu.mx\/index.php\/2020\/04\/01\/confirma-mara-lezama-que-las-playas-de-cancun-estan-cerradas\/#primaryimage"},"image":{"@id":"https:\/\/nitu.mx\/index.php\/2020\/04\/01\/confirma-mara-lezama-que-las-playas-de-cancun-estan-cerradas\/#primaryimage"},"thumbnailUrl":"https:\/\/nitu.mx\/wp-content\/uploads\/2020\/03\/industria-tur\u00edstica.jpg","datePublished":"2020-04-02T04:35:52+00:00","dateModified":"2020-04-02T06:44:03+00:00","breadcrumb":{"@id":"https:\/\/nitu.mx\/index.php\/2020\/04\/01\/confirma-mara-lezama-que-las-playas-de-cancun-estan-cerradas\/#breadcrumb"},"inLanguage":"es-MX","potentialAction":[{"@type":"ReadAction","target":["https:\/\/nitu.mx\/index.php\/2020\/04\/01\/confirma-mara-lezama-que-las-playas-de-cancun-estan-cerradas\/"]}]},{"@type":"ImageObject","inLanguage":"es-MX","@id":"https:\/\/nitu.mx\/index.php\/2020\/04\/01\/confirma-mara-lezama-que-las-playas-de-cancun-estan-cerradas\/#primaryimage","url":"https:\/\/nitu.mx\/wp-content\/uploads\/2020\/03\/industria-tur\u00edstica.jpg","contentUrl":"https:\/\/nitu.mx\/wp-content\/uploads\/2020\/03\/industria-tur\u00edstica.jpg","width":850,"height":480,"caption":"industria tur\u00edstica playas Concanaco Servytur"},{"@type":"BreadcrumbList","@id":"https:\/\/nitu.mx\/index.php\/2020\/04\/01\/confirma-mara-lezama-que-las-playas-de-cancun-estan-cerradas\/#breadcrumb","itemListElement":[{"@type":"ListItem","position":1,"name":"Inicio","item":"https:\/\/nitu.mx\/"},{"@type":"ListItem","position":2,"name":"Confirma Mara Lezama que las playas de Canc\u00fan est\u00e1n cerradas"}]},{"@type":"WebSite","@id":"https:\/\/nitu.mx\/#website","url":"https:\/\/nitu.mx\/","name":"Nitu - Noticias de la Industria Turistica","description":"Noticias de la Industria Turistica","publisher":{"@id":"https:\/\/nitu.mx\/#\/schema\/person\/ae7a53426417292d3dd07b45a33e01bc"},"alternateName":"Noticias de la Industria Turistica","potentialAction":[{"@type":"SearchAction","target":{"@type":"EntryPoint","urlTemplate":"https:\/\/nitu.mx\/?s={search_term_string}"},"query-input":"required name=search_term_string"}],"inLanguage":"es-MX"},{"@type":["Person","Organization"],"@id":"https:\/\/nitu.mx\/#\/schema\/person\/ae7a53426417292d3dd07b45a33e01bc","name":"Arturo Medina","image":{"@type":"ImageObject","inLanguage":"es-MX","@id":"https:\/\/nitu.mx\/#\/schema\/person\/image\/","url":"https:\/\/nitu.mx\/wp-content\/uploads\/2024\/04\/4A315622-1904-4D5C-B022-878CDC840E04-90x90-1.jpeg","contentUrl":"https:\/\/nitu.mx\/wp-content\/uploads\/2024\/04\/4A315622-1904-4D5C-B022-878CDC840E04-90x90-1.jpeg","width":90,"height":90,"caption":"Arturo Medina"},"logo":{"@id":"https:\/\/nitu.mx\/#\/schema\/person\/image\/"},"description":"Director NITU.mx, Egresado de la Escuela de Periodismo Carlos Septi\u00e9n Garc\u00eda. Periodista y analista especializado en turismo desde hace 35 a\u00f1os, radicado en Canc\u00fan Q.Roo. arturo@nitu.mx","sameAs":["https:\/\/nitu.mx","https:\/\/www.facebook.com\/NITUmx\/","medinacancun","https:\/\/twitter.com\/@Arturo_Medina_G"]},{"@type":"Person","@id":"https:\/\/nitu.mx\/#\/schema\/person\/4a28fe9bd65924f7c90623773daf1b0b","name":"Redacci\u00f3n","image":{"@type":"ImageObject","inLanguage":"es-MX","@id":"https:\/\/nitu.mx\/#\/schema\/person\/image\/","url":"https:\/\/secure.gravatar.com\/avatar\/5dd011c8ccfc5cd7e4c81e42252aab38?s=96&d=mm&r=g","contentUrl":"https:\/\/secure.gravatar.com\/avatar\/5dd011c8ccfc5cd7e4c81e42252aab38?s=96&d=mm&r=g","caption":"Redacci\u00f3n"},"url":"https:\/\/nitu.mx\/index.php\/author\/redaccion\/"}]}},"views":218,"_links":{"self":[{"href":"https:\/\/nitu.mx\/index.php\/wp-json\/wp\/v2\/posts\/41570"}],"collection":[{"href":"https:\/\/nitu.mx\/index.php\/wp-json\/wp\/v2\/posts"}],"about":[{"href":"https:\/\/nitu.mx\/index.php\/wp-json\/wp\/v2\/types\/post"}],"author":[{"embeddable":true,"href":"https:\/\/nitu.mx\/index.php\/wp-json\/wp\/v2\/users\/17"}],"replies":[{"embeddable":true,"href":"https:\/\/nitu.mx\/index.php\/wp-json\/wp\/v2\/comments?post=41570"}],"version-history":[{"count":3,"href":"https:\/\/nitu.mx\/index.php\/wp-json\/wp\/v2\/posts\/41570\/revisions"}],"predecessor-version":[{"id":41577,"href":"https:\/\/nitu.mx\/index.php\/wp-json\/wp\/v2\/posts\/41570\/revisions\/41577"}],"wp:featuredmedia":[{"embeddable":true,"href":"https:\/\/nitu.mx\/index.php\/wp-json\/wp\/v2\/media\/41414"}],"wp:attachment":[{"href":"https:\/\/nitu.mx\/index.php\/wp-json\/wp\/v2\/media?parent=41570"}],"wp:term":[{"taxonomy":"category","embeddable":true,"href":"https:\/\/nitu.mx\/index.php\/wp-json\/wp\/v2\/categories?post=41570"},{"taxonomy":"post_tag","embeddable":true,"href":"https:\/\/nitu.mx\/index.php\/wp-json\/wp\/v2\/tags?post=41570"}],"curies":[{"name":"wp","href":"https:\/\/api.w.org\/{rel}","templated":true}]}}