{"id":41568,"date":"2020-04-01T23:26:45","date_gmt":"2020-04-02T04:26:45","guid":{"rendered":"https:\/\/www.dev.nitu.mx\/?p=41568"},"modified":"2020-04-02T01:43:55","modified_gmt":"2020-04-02T06:43:55","slug":"a-pesar-de-covid-19-cancun-y-riviera-maya-cierra-marzo-con-50-de-ocupacion","status":"publish","type":"post","link":"https:\/\/nitu.mx\/index.php\/2020\/04\/01\/a-pesar-de-covid-19-cancun-y-riviera-maya-cierra-marzo-con-50-de-ocupacion\/","title":{"rendered":"A pesar de COVID-19 Canc\u00fan y Riviera Maya cierran marzo con 50% de ocupaci\u00f3n"},"content":{"rendered":"<p>El mes de marzo que inicio con altos \u00edndices de ocupaci\u00f3n a pesar de que la pandemia estaba en puerta, ha provocado que Canc\u00fan y Riviera Maya hayan cerrado el tercer mes del a\u00f1o con un promedio cercano al 50% de ocupaci\u00f3n.<\/p>\n<p>Los primeros d\u00edas de marzo incluso hasta mediados del mes, las ocupaciones en los dos destinos tur\u00edsticos m\u00e1s importantes del Caribe Mexicano, se manten\u00edan estables cercanos al 80%, seg\u00fan el reporte de cierre de mes del Consejo de Promoci\u00f3n Tur\u00edstica de Quintana Roo, el 14 de marzo Riviera Maya marco 80.29% mientras que Canc\u00fan 79.80%.<\/p>\n<p>A partir del d\u00eda 15 que marcaba el cierre del fin de semana largo, inicio el descenso, ambos destinos perdieron 7 puntos coloc\u00e1ndose en 73%, 5 d\u00edas despu\u00e9s la ocupaci\u00f3n ya era muy baja respecto a las expectativas de un mes de marzo, la pandemia empezaba a desestimar la idea de viajar e iniciaron las cancelaciones desde los mercados primarios, Canc\u00fan 39% Rivera Maya 32%.<\/p>\n<p>Desde el paso del hurac\u00e1n Wilma no se registraban n\u00fameros tan bajos, pero no estaba todo dicho, la pandemia empieza sembrar p\u00e1nico en Estados Unidos, el departamento de estado pide a sus conciudadanos en el mundo que regresen a su pa\u00eds, lunes 23 de marzo, Canc\u00fan 12% Riviera Maya 14%. (<a title=\"Los n\u00fameros de la crisis Covid-19 en el Caribe Mexicano\" href=\"https:\/\/www.dev.nitu.mx\/index.php\/2020\/03\/31\/los-numeros-de-la-crisis-covid-19-en-el-caribe-mexicano\/\" rel=\"bookmark\">Los n\u00fameros de la crisis Covid-19 en el Caribe Mexicano<\/a>).<\/p>\n<p>La OMS ubica en Estados Unidos el epicentro de la actividad del coronavirus, las l\u00edneas a\u00e9reas llegan con aviones pr\u00e1cticamente vac\u00edos, llev\u00e1ndose a los pocos turistas que aun se alojaban en alguno de los hoteles aun abiertos, 31 de marzo, Canc\u00fan 6% Riviera Maya 7% de ocupaci\u00f3n.<\/p>\n<p>En este rango o menos se mantendr\u00e1 la ocupaci\u00f3n durante el mes de abril, que deber\u00eda ser de festejos por los 50 a\u00f1os de la fundaci\u00f3n de Canc\u00fan, hoy incluso las playas han sido cerradas por la autoridad como medida de prevenci\u00f3n a la transmisi\u00f3n del virus.<\/p>\n","protected":false},"excerpt":{"rendered":"<p>El mes de marzo que inicio con altos \u00edndices de ocupaci\u00f3n a pesar de que la pandemia estaba en puerta, ha provocado que Canc\u00fan y Riviera Maya hayan cerrado el tercer mes del a\u00f1o con un promedio cercano al 50% de ocupaci\u00f3n. Los primeros d\u00edas de marzo incluso hasta mediados del mes, las ocupaciones en [&hellip;]<\/p>\n","protected":false},"author":17,"featured_media":32968,"comment_status":"open","ping_status":"open","sticky":false,"template":"","format":"standard","meta":{"footnotes":""},"categories":[18475],"tags":[43,18906,15384,80],"yoast_head":"<!-- This site is optimized with the Yoast SEO plugin v22.2 - https:\/\/yoast.com\/wordpress\/plugins\/seo\/ -->\n<title>A pesar de COVID-19 Canc\u00fan y Riviera Maya cierran marzo con 50% de ocupaci\u00f3n - Nitu - Noticias de la Industria Turistica<\/title>\n<meta name=\"robots\" content=\"index, follow, max-snippet:-1, max-image-preview:large, max-video-preview:-1\" \/>\n<link rel=\"canonical\" href=\"https:\/\/nitu.mx\/index.php\/2020\/04\/01\/a-pesar-de-covid-19-cancun-y-riviera-maya-cierra-marzo-con-50-de-ocupacion\/\" \/>\n<meta name=\"twitter:card\" content=\"summary_large_image\" \/>\n<meta name=\"twitter:title\" content=\"A pesar de COVID-19 Canc\u00fan y Riviera Maya cierran marzo con 50% de ocupaci\u00f3n - Nitu - Noticias de la Industria Turistica\" \/>\n<meta name=\"twitter:description\" content=\"El mes de marzo que inicio con altos \u00edndices de ocupaci\u00f3n a pesar de que la pandemia estaba en puerta, ha provocado que Canc\u00fan y Riviera Maya hayan cerrado el tercer mes del a\u00f1o con un promedio cercano al 50% de ocupaci\u00f3n. Los primeros d\u00edas de marzo incluso hasta mediados del mes, las ocupaciones en [&hellip;]\" \/>\n<meta name=\"twitter:image\" content=\"https:\/\/nitu.mx\/wp-content\/uploads\/2019\/06\/Cancun.jpg\" \/>\n<meta name=\"twitter:creator\" content=\"@NITUmx\" \/>\n<meta name=\"twitter:site\" content=\"@Arturo_Medina_G\" \/>\n<meta name=\"twitter:label1\" content=\"Escrito por\" \/>\n\t<meta name=\"twitter:data1\" content=\"Redacci\u00f3n\" \/>\n\t<meta name=\"twitter:label2\" content=\"Tiempo de lectura\" \/>\n\t<meta name=\"twitter:data2\" content=\"2 minutos\" \/>\n<script type=\"application\/ld+json\" class=\"yoast-schema-graph\">{\"@context\":\"https:\/\/schema.org\",\"@graph\":[{\"@type\":\"Article\",\"@id\":\"https:\/\/nitu.mx\/index.php\/2020\/04\/01\/a-pesar-de-covid-19-cancun-y-riviera-maya-cierra-marzo-con-50-de-ocupacion\/#article\",\"isPartOf\":{\"@id\":\"https:\/\/nitu.mx\/index.php\/2020\/04\/01\/a-pesar-de-covid-19-cancun-y-riviera-maya-cierra-marzo-con-50-de-ocupacion\/\"},\"author\":{\"name\":\"Redacci\u00f3n\",\"@id\":\"https:\/\/nitu.mx\/#\/schema\/person\/4a28fe9bd65924f7c90623773daf1b0b\"},\"headline\":\"A pesar de COVID-19 Canc\u00fan y Riviera Maya cierran marzo con 50% de ocupaci\u00f3n\",\"datePublished\":\"2020-04-02T04:26:45+00:00\",\"dateModified\":\"2020-04-02T06:43:55+00:00\",\"mainEntityOfPage\":{\"@id\":\"https:\/\/nitu.mx\/index.php\/2020\/04\/01\/a-pesar-de-covid-19-cancun-y-riviera-maya-cierra-marzo-con-50-de-ocupacion\/\"},\"wordCount\":351,\"commentCount\":0,\"publisher\":{\"@id\":\"https:\/\/nitu.mx\/#\/schema\/person\/ae7a53426417292d3dd07b45a33e01bc\"},\"image\":{\"@id\":\"https:\/\/nitu.mx\/index.php\/2020\/04\/01\/a-pesar-de-covid-19-cancun-y-riviera-maya-cierra-marzo-con-50-de-ocupacion\/#primaryimage\"},\"thumbnailUrl\":\"https:\/\/nitu.mx\/wp-content\/uploads\/2019\/06\/Cancun.jpg\",\"keywords\":[\"Canc\u00fan\",\"Covid-19\",\"OMS\",\"Riviera Maya\"],\"articleSection\":[\"Caribe Mexicano\"],\"inLanguage\":\"es-MX\",\"potentialAction\":[{\"@type\":\"CommentAction\",\"name\":\"Comment\",\"target\":[\"https:\/\/nitu.mx\/index.php\/2020\/04\/01\/a-pesar-de-covid-19-cancun-y-riviera-maya-cierra-marzo-con-50-de-ocupacion\/#respond\"]}]},{\"@type\":\"WebPage\",\"@id\":\"https:\/\/nitu.mx\/index.php\/2020\/04\/01\/a-pesar-de-covid-19-cancun-y-riviera-maya-cierra-marzo-con-50-de-ocupacion\/\",\"url\":\"https:\/\/nitu.mx\/index.php\/2020\/04\/01\/a-pesar-de-covid-19-cancun-y-riviera-maya-cierra-marzo-con-50-de-ocupacion\/\",\"name\":\"A pesar de COVID-19 Canc\u00fan y Riviera Maya cierran marzo con 50% de ocupaci\u00f3n - Nitu - Noticias de la Industria Turistica\",\"isPartOf\":{\"@id\":\"https:\/\/nitu.mx\/#website\"},\"primaryImageOfPage\":{\"@id\":\"https:\/\/nitu.mx\/index.php\/2020\/04\/01\/a-pesar-de-covid-19-cancun-y-riviera-maya-cierra-marzo-con-50-de-ocupacion\/#primaryimage\"},\"image\":{\"@id\":\"https:\/\/nitu.mx\/index.php\/2020\/04\/01\/a-pesar-de-covid-19-cancun-y-riviera-maya-cierra-marzo-con-50-de-ocupacion\/#primaryimage\"},\"thumbnailUrl\":\"https:\/\/nitu.mx\/wp-content\/uploads\/2019\/06\/Cancun.jpg\",\"datePublished\":\"2020-04-02T04:26:45+00:00\",\"dateModified\":\"2020-04-02T06:43:55+00:00\",\"breadcrumb\":{\"@id\":\"https:\/\/nitu.mx\/index.php\/2020\/04\/01\/a-pesar-de-covid-19-cancun-y-riviera-maya-cierra-marzo-con-50-de-ocupacion\/#breadcrumb\"},\"inLanguage\":\"es-MX\",\"potentialAction\":[{\"@type\":\"ReadAction\",\"target\":[\"https:\/\/nitu.mx\/index.php\/2020\/04\/01\/a-pesar-de-covid-19-cancun-y-riviera-maya-cierra-marzo-con-50-de-ocupacion\/\"]}]},{\"@type\":\"ImageObject\",\"inLanguage\":\"es-MX\",\"@id\":\"https:\/\/nitu.mx\/index.php\/2020\/04\/01\/a-pesar-de-covid-19-cancun-y-riviera-maya-cierra-marzo-con-50-de-ocupacion\/#primaryimage\",\"url\":\"https:\/\/nitu.mx\/wp-content\/uploads\/2019\/06\/Cancun.jpg\",\"contentUrl\":\"https:\/\/nitu.mx\/wp-content\/uploads\/2019\/06\/Cancun.jpg\",\"width\":850,\"height\":480,\"caption\":\"Cancun AMAV CPTQ ocupaci\u00f3n hotelera d\u00f3lar Quintana Roo Sedetur Expedia Sectur\"},{\"@type\":\"BreadcrumbList\",\"@id\":\"https:\/\/nitu.mx\/index.php\/2020\/04\/01\/a-pesar-de-covid-19-cancun-y-riviera-maya-cierra-marzo-con-50-de-ocupacion\/#breadcrumb\",\"itemListElement\":[{\"@type\":\"ListItem\",\"position\":1,\"name\":\"Inicio\",\"item\":\"https:\/\/nitu.mx\/\"},{\"@type\":\"ListItem\",\"position\":2,\"name\":\"A pesar de COVID-19 Canc\u00fan y Riviera Maya cierran marzo con 50% de ocupaci\u00f3n\"}]},{\"@type\":\"WebSite\",\"@id\":\"https:\/\/nitu.mx\/#website\",\"url\":\"https:\/\/nitu.mx\/\",\"name\":\"Nitu - Noticias de la Industria Turistica\",\"description\":\"Noticias de la Industria Turistica\",\"publisher\":{\"@id\":\"https:\/\/nitu.mx\/#\/schema\/person\/ae7a53426417292d3dd07b45a33e01bc\"},\"alternateName\":\"Noticias de la Industria Turistica\",\"potentialAction\":[{\"@type\":\"SearchAction\",\"target\":{\"@type\":\"EntryPoint\",\"urlTemplate\":\"https:\/\/nitu.mx\/?s={search_term_string}\"},\"query-input\":\"required name=search_term_string\"}],\"inLanguage\":\"es-MX\"},{\"@type\":[\"Person\",\"Organization\"],\"@id\":\"https:\/\/nitu.mx\/#\/schema\/person\/ae7a53426417292d3dd07b45a33e01bc\",\"name\":\"Arturo Medina\",\"image\":{\"@type\":\"ImageObject\",\"inLanguage\":\"es-MX\",\"@id\":\"https:\/\/nitu.mx\/#\/schema\/person\/image\/\",\"url\":\"https:\/\/nitu.mx\/wp-content\/uploads\/2024\/04\/4A315622-1904-4D5C-B022-878CDC840E04-90x90-1.jpeg\",\"contentUrl\":\"https:\/\/nitu.mx\/wp-content\/uploads\/2024\/04\/4A315622-1904-4D5C-B022-878CDC840E04-90x90-1.jpeg\",\"width\":90,\"height\":90,\"caption\":\"Arturo Medina\"},\"logo\":{\"@id\":\"https:\/\/nitu.mx\/#\/schema\/person\/image\/\"},\"description\":\"Director NITU.mx, Egresado de la Escuela de Periodismo Carlos Septi\u00e9n Garc\u00eda. Periodista y analista especializado en turismo desde hace 35 a\u00f1os, radicado en Canc\u00fan Q.Roo. arturo@nitu.mx\",\"sameAs\":[\"https:\/\/nitu.mx\",\"https:\/\/www.facebook.com\/NITUmx\/\",\"medinacancun\",\"https:\/\/twitter.com\/@Arturo_Medina_G\"]},{\"@type\":\"Person\",\"@id\":\"https:\/\/nitu.mx\/#\/schema\/person\/4a28fe9bd65924f7c90623773daf1b0b\",\"name\":\"Redacci\u00f3n\",\"image\":{\"@type\":\"ImageObject\",\"inLanguage\":\"es-MX\",\"@id\":\"https:\/\/nitu.mx\/#\/schema\/person\/image\/\",\"url\":\"https:\/\/secure.gravatar.com\/avatar\/5dd011c8ccfc5cd7e4c81e42252aab38?s=96&d=mm&r=g\",\"contentUrl\":\"https:\/\/secure.gravatar.com\/avatar\/5dd011c8ccfc5cd7e4c81e42252aab38?s=96&d=mm&r=g\",\"caption\":\"Redacci\u00f3n\"},\"url\":\"https:\/\/nitu.mx\/index.php\/author\/redaccion\/\"}]}<\/script>\n<!-- \/ Yoast SEO plugin. -->","yoast_head_json":{"title":"A pesar de COVID-19 Canc\u00fan y Riviera Maya cierran marzo con 50% de ocupaci\u00f3n - Nitu - Noticias de la Industria Turistica","robots":{"index":"index","follow":"follow","max-snippet":"max-snippet:-1","max-image-preview":"max-image-preview:large","max-video-preview":"max-video-preview:-1"},"canonical":"https:\/\/nitu.mx\/index.php\/2020\/04\/01\/a-pesar-de-covid-19-cancun-y-riviera-maya-cierra-marzo-con-50-de-ocupacion\/","twitter_card":"summary_large_image","twitter_title":"A pesar de COVID-19 Canc\u00fan y Riviera Maya cierran marzo con 50% de ocupaci\u00f3n - Nitu - Noticias de la Industria Turistica","twitter_description":"El mes de marzo que inicio con altos \u00edndices de ocupaci\u00f3n a pesar de que la pandemia estaba en puerta, ha provocado que Canc\u00fan y Riviera Maya hayan cerrado el tercer mes del a\u00f1o con un promedio cercano al 50% de ocupaci\u00f3n. Los primeros d\u00edas de marzo incluso hasta mediados del mes, las ocupaciones en [&hellip;]","twitter_image":"https:\/\/nitu.mx\/wp-content\/uploads\/2019\/06\/Cancun.jpg","twitter_creator":"@NITUmx","twitter_site":"@Arturo_Medina_G","twitter_misc":{"Escrito por":"Redacci\u00f3n","Tiempo de lectura":"2 minutos"},"schema":{"@context":"https:\/\/schema.org","@graph":[{"@type":"Article","@id":"https:\/\/nitu.mx\/index.php\/2020\/04\/01\/a-pesar-de-covid-19-cancun-y-riviera-maya-cierra-marzo-con-50-de-ocupacion\/#article","isPartOf":{"@id":"https:\/\/nitu.mx\/index.php\/2020\/04\/01\/a-pesar-de-covid-19-cancun-y-riviera-maya-cierra-marzo-con-50-de-ocupacion\/"},"author":{"name":"Redacci\u00f3n","@id":"https:\/\/nitu.mx\/#\/schema\/person\/4a28fe9bd65924f7c90623773daf1b0b"},"headline":"A pesar de COVID-19 Canc\u00fan y Riviera Maya cierran marzo con 50% de ocupaci\u00f3n","datePublished":"2020-04-02T04:26:45+00:00","dateModified":"2020-04-02T06:43:55+00:00","mainEntityOfPage":{"@id":"https:\/\/nitu.mx\/index.php\/2020\/04\/01\/a-pesar-de-covid-19-cancun-y-riviera-maya-cierra-marzo-con-50-de-ocupacion\/"},"wordCount":351,"commentCount":0,"publisher":{"@id":"https:\/\/nitu.mx\/#\/schema\/person\/ae7a53426417292d3dd07b45a33e01bc"},"image":{"@id":"https:\/\/nitu.mx\/index.php\/2020\/04\/01\/a-pesar-de-covid-19-cancun-y-riviera-maya-cierra-marzo-con-50-de-ocupacion\/#primaryimage"},"thumbnailUrl":"https:\/\/nitu.mx\/wp-content\/uploads\/2019\/06\/Cancun.jpg","keywords":["Canc\u00fan","Covid-19","OMS","Riviera Maya"],"articleSection":["Caribe Mexicano"],"inLanguage":"es-MX","potentialAction":[{"@type":"CommentAction","name":"Comment","target":["https:\/\/nitu.mx\/index.php\/2020\/04\/01\/a-pesar-de-covid-19-cancun-y-riviera-maya-cierra-marzo-con-50-de-ocupacion\/#respond"]}]},{"@type":"WebPage","@id":"https:\/\/nitu.mx\/index.php\/2020\/04\/01\/a-pesar-de-covid-19-cancun-y-riviera-maya-cierra-marzo-con-50-de-ocupacion\/","url":"https:\/\/nitu.mx\/index.php\/2020\/04\/01\/a-pesar-de-covid-19-cancun-y-riviera-maya-cierra-marzo-con-50-de-ocupacion\/","name":"A pesar de COVID-19 Canc\u00fan y Riviera Maya cierran marzo con 50% de ocupaci\u00f3n - Nitu - Noticias de la Industria Turistica","isPartOf":{"@id":"https:\/\/nitu.mx\/#website"},"primaryImageOfPage":{"@id":"https:\/\/nitu.mx\/index.php\/2020\/04\/01\/a-pesar-de-covid-19-cancun-y-riviera-maya-cierra-marzo-con-50-de-ocupacion\/#primaryimage"},"image":{"@id":"https:\/\/nitu.mx\/index.php\/2020\/04\/01\/a-pesar-de-covid-19-cancun-y-riviera-maya-cierra-marzo-con-50-de-ocupacion\/#primaryimage"},"thumbnailUrl":"https:\/\/nitu.mx\/wp-content\/uploads\/2019\/06\/Cancun.jpg","datePublished":"2020-04-02T04:26:45+00:00","dateModified":"2020-04-02T06:43:55+00:00","breadcrumb":{"@id":"https:\/\/nitu.mx\/index.php\/2020\/04\/01\/a-pesar-de-covid-19-cancun-y-riviera-maya-cierra-marzo-con-50-de-ocupacion\/#breadcrumb"},"inLanguage":"es-MX","potentialAction":[{"@type":"ReadAction","target":["https:\/\/nitu.mx\/index.php\/2020\/04\/01\/a-pesar-de-covid-19-cancun-y-riviera-maya-cierra-marzo-con-50-de-ocupacion\/"]}]},{"@type":"ImageObject","inLanguage":"es-MX","@id":"https:\/\/nitu.mx\/index.php\/2020\/04\/01\/a-pesar-de-covid-19-cancun-y-riviera-maya-cierra-marzo-con-50-de-ocupacion\/#primaryimage","url":"https:\/\/nitu.mx\/wp-content\/uploads\/2019\/06\/Cancun.jpg","contentUrl":"https:\/\/nitu.mx\/wp-content\/uploads\/2019\/06\/Cancun.jpg","width":850,"height":480,"caption":"Cancun AMAV CPTQ ocupaci\u00f3n hotelera d\u00f3lar Quintana Roo Sedetur Expedia Sectur"},{"@type":"BreadcrumbList","@id":"https:\/\/nitu.mx\/index.php\/2020\/04\/01\/a-pesar-de-covid-19-cancun-y-riviera-maya-cierra-marzo-con-50-de-ocupacion\/#breadcrumb","itemListElement":[{"@type":"ListItem","position":1,"name":"Inicio","item":"https:\/\/nitu.mx\/"},{"@type":"ListItem","position":2,"name":"A pesar de COVID-19 Canc\u00fan y Riviera Maya cierran marzo con 50% de ocupaci\u00f3n"}]},{"@type":"WebSite","@id":"https:\/\/nitu.mx\/#website","url":"https:\/\/nitu.mx\/","name":"Nitu - Noticias de la Industria Turistica","description":"Noticias de la Industria Turistica","publisher":{"@id":"https:\/\/nitu.mx\/#\/schema\/person\/ae7a53426417292d3dd07b45a33e01bc"},"alternateName":"Noticias de la Industria Turistica","potentialAction":[{"@type":"SearchAction","target":{"@type":"EntryPoint","urlTemplate":"https:\/\/nitu.mx\/?s={search_term_string}"},"query-input":"required name=search_term_string"}],"inLanguage":"es-MX"},{"@type":["Person","Organization"],"@id":"https:\/\/nitu.mx\/#\/schema\/person\/ae7a53426417292d3dd07b45a33e01bc","name":"Arturo Medina","image":{"@type":"ImageObject","inLanguage":"es-MX","@id":"https:\/\/nitu.mx\/#\/schema\/person\/image\/","url":"https:\/\/nitu.mx\/wp-content\/uploads\/2024\/04\/4A315622-1904-4D5C-B022-878CDC840E04-90x90-1.jpeg","contentUrl":"https:\/\/nitu.mx\/wp-content\/uploads\/2024\/04\/4A315622-1904-4D5C-B022-878CDC840E04-90x90-1.jpeg","width":90,"height":90,"caption":"Arturo Medina"},"logo":{"@id":"https:\/\/nitu.mx\/#\/schema\/person\/image\/"},"description":"Director NITU.mx, Egresado de la Escuela de Periodismo Carlos Septi\u00e9n Garc\u00eda. Periodista y analista especializado en turismo desde hace 35 a\u00f1os, radicado en Canc\u00fan Q.Roo. arturo@nitu.mx","sameAs":["https:\/\/nitu.mx","https:\/\/www.facebook.com\/NITUmx\/","medinacancun","https:\/\/twitter.com\/@Arturo_Medina_G"]},{"@type":"Person","@id":"https:\/\/nitu.mx\/#\/schema\/person\/4a28fe9bd65924f7c90623773daf1b0b","name":"Redacci\u00f3n","image":{"@type":"ImageObject","inLanguage":"es-MX","@id":"https:\/\/nitu.mx\/#\/schema\/person\/image\/","url":"https:\/\/secure.gravatar.com\/avatar\/5dd011c8ccfc5cd7e4c81e42252aab38?s=96&d=mm&r=g","contentUrl":"https:\/\/secure.gravatar.com\/avatar\/5dd011c8ccfc5cd7e4c81e42252aab38?s=96&d=mm&r=g","caption":"Redacci\u00f3n"},"url":"https:\/\/nitu.mx\/index.php\/author\/redaccion\/"}]}},"views":209,"_links":{"self":[{"href":"https:\/\/nitu.mx\/index.php\/wp-json\/wp\/v2\/posts\/41568"}],"collection":[{"href":"https:\/\/nitu.mx\/index.php\/wp-json\/wp\/v2\/posts"}],"about":[{"href":"https:\/\/nitu.mx\/index.php\/wp-json\/wp\/v2\/types\/post"}],"author":[{"embeddable":true,"href":"https:\/\/nitu.mx\/index.php\/wp-json\/wp\/v2\/users\/17"}],"replies":[{"embeddable":true,"href":"https:\/\/nitu.mx\/index.php\/wp-json\/wp\/v2\/comments?post=41568"}],"version-history":[{"count":3,"href":"https:\/\/nitu.mx\/index.php\/wp-json\/wp\/v2\/posts\/41568\/revisions"}],"predecessor-version":[{"id":41575,"href":"https:\/\/nitu.mx\/index.php\/wp-json\/wp\/v2\/posts\/41568\/revisions\/41575"}],"wp:featuredmedia":[{"embeddable":true,"href":"https:\/\/nitu.mx\/index.php\/wp-json\/wp\/v2\/media\/32968"}],"wp:attachment":[{"href":"https:\/\/nitu.mx\/index.php\/wp-json\/wp\/v2\/media?parent=41568"}],"wp:term":[{"taxonomy":"category","embeddable":true,"href":"https:\/\/nitu.mx\/index.php\/wp-json\/wp\/v2\/categories?post=41568"},{"taxonomy":"post_tag","embeddable":true,"href":"https:\/\/nitu.mx\/index.php\/wp-json\/wp\/v2\/tags?post=41568"}],"curies":[{"name":"wp","href":"https:\/\/api.w.org\/{rel}","templated":true}]}}