{"id":41394,"date":"2020-03-26T18:57:48","date_gmt":"2020-03-26T23:57:48","guid":{"rendered":"https:\/\/www.dev.nitu.mx\/?p=41394"},"modified":"2020-03-27T01:28:27","modified_gmt":"2020-03-27T06:28:27","slug":"viajes-corporativos-tardaran-de-3-a-6-meses-en-recuperarse-del-coronavirus-gbta","status":"publish","type":"post","link":"https:\/\/nitu.mx\/index.php\/2020\/03\/26\/viajes-corporativos-tardaran-de-3-a-6-meses-en-recuperarse-del-coronavirus-gbta\/","title":{"rendered":"Viajes corporativos tardar\u00e1n de 3 a 6 meses en recuperarse del coronavirus: GBTA"},"content":{"rendered":"<p>El golpe al turismo que dio el brote del coronavirus tambi\u00e9n impacto en los viajes corporativos o de negocios, a los que de acuerdo con Global Business Travel Association (GBTA) les tomar\u00e1 de tres a seis meses reponerse, pasada la pandemia.<\/p>\n<p>GBTA hizo una consulta expr\u00e9s entre el 18 y 21 de marzo a mil 155 compa\u00f1\u00edas afiliadas a la asociaci\u00f3n, para conocer su perspectiva sobre el golpe que representar\u00e1 el COVID-19 en sus negocios.<\/p>\n<p>La encuesta arroj\u00f3 que 40 por ciento de los miembros cree que los viajes corporativos se reanudar\u00e1n en tres meses, mientras que 17 por ciento considerar que le tomar\u00e1 hasta medio a\u00f1o hacerlo.<\/p>\n<p>Sin embargo, para poco m\u00e1s de 40 por ciento de los consultados a\u00fan no es posible definir cu\u00e1ndo se reanudar\u00e1n los viajes corporativos; cuando actualmente esta actividad est\u00e1 pr\u00e1cticamente detenida con 96 por ciento de cancelaciones.<\/p>\n<p>Hasta antes de que la Organizaci\u00f3n Mundial de la Salud (OMS) decretara como pandemia al coronavirus, los viajes corporativos solo hab\u00edan visto 43 por ciento de cancelaciones, pero tras el aviso del organismo, estas se dispararon hasta 89 por ciento.<\/p>\n<p>En cuanto a reuniones y eventos, GBTA dijo que m\u00e1s de 90 por ciento de las compa\u00f1\u00edas pospusieron sus viajes, para cuando pase la contingencia, pero de aqu\u00ed destaca que 31 por ciento decidi\u00f3 cambiar de sede, lo que ya va a representar un golpe a destinos y proveedur\u00eda.<\/p>\n<p>Otro factor que va a influir en los viajes corporativos, es que las empresas durante esta cuarentena recurren a videoconferencias y otras herramientas tecnol\u00f3gicas para sacar adelante su trabajo, lo que pasada la contingencia puede verse reflejado en el n\u00famero de viajes.<\/p>\n<p>Los encuestados por GBTA reportaron que 54 por ciento de las compa\u00f1\u00edas retomar\u00e1n sus viajes corporativos pasada la crisis del brote de coronavirus, pero 23 por ciento no lo har\u00e1, y 22 por ciento a\u00fan no est\u00e1 segura. Lo que s\u00ed es un hecho, es que 70 por ciento hizo ajustes a las pol\u00edticas de viajes corporativos.<\/p>\n<p>En M\u00e9xico, el turismo corporativo representa 17 mil millones de d\u00f3lares y tuvo un crecimiento de seis por ciento en 2018, que seguramente fue mayor en 2019; sin embargo, habr\u00e1 que esperar a ver el impacto que habr\u00e1 al cierre de este a\u00f1o complicado.\u00a0<a title=\"BCD Travel garantiza eficiencia en gesti\u00f3n de viajes corporativos\" href=\"https:\/\/www.dev.nitu.mx\/index.php\/2020\/02\/06\/bcd-travel-garantiza-eficiencia-en-gestion-de-viajes-corporativos\/\" rel=\"bookmark\">(BCD Travel garantiza eficiencia en gesti\u00f3n de viajes corporativos<\/a>).<\/p>\n","protected":false},"excerpt":{"rendered":"<p>El golpe al turismo que dio el brote del coronavirus tambi\u00e9n impacto en los viajes corporativos o de negocios, a los que de acuerdo con Global Business Travel Association (GBTA) les tomar\u00e1 de tres a seis meses reponerse, pasada la pandemia. GBTA hizo una consulta expr\u00e9s entre el 18 y 21 de marzo a mil [&hellip;]<\/p>\n","protected":false},"author":17,"featured_media":13129,"comment_status":"open","ping_status":"open","sticky":false,"template":"","format":"standard","meta":{"footnotes":""},"categories":[3,19057],"tags":[18906,413,710,12586],"yoast_head":"<!-- This site is optimized with the Yoast SEO plugin v22.2 - https:\/\/yoast.com\/wordpress\/plugins\/seo\/ -->\n<title>Viajes corporativos tardar\u00e1n de 3 a 6 meses en recuperarse del coronavirus: GBTA - Nitu - Noticias de la Industria Turistica<\/title>\n<meta name=\"robots\" content=\"index, follow, max-snippet:-1, max-image-preview:large, max-video-preview:-1\" \/>\n<link rel=\"canonical\" href=\"https:\/\/nitu.mx\/index.php\/2020\/03\/26\/viajes-corporativos-tardaran-de-3-a-6-meses-en-recuperarse-del-coronavirus-gbta\/\" \/>\n<meta name=\"twitter:card\" content=\"summary_large_image\" \/>\n<meta name=\"twitter:title\" content=\"Viajes corporativos tardar\u00e1n de 3 a 6 meses en recuperarse del coronavirus: GBTA - Nitu - Noticias de la Industria Turistica\" \/>\n<meta name=\"twitter:description\" content=\"El golpe al turismo que dio el brote del coronavirus tambi\u00e9n impacto en los viajes corporativos o de negocios, a los que de acuerdo con Global Business Travel Association (GBTA) les tomar\u00e1 de tres a seis meses reponerse, pasada la pandemia. GBTA hizo una consulta expr\u00e9s entre el 18 y 21 de marzo a mil [&hellip;]\" \/>\n<meta name=\"twitter:image\" content=\"https:\/\/nitu.mx\/wp-content\/uploads\/2017\/09\/turismo-de-negocios.jpg\" \/>\n<meta name=\"twitter:creator\" content=\"@NITUmx\" \/>\n<meta name=\"twitter:site\" content=\"@Arturo_Medina_G\" \/>\n<meta name=\"twitter:label1\" content=\"Escrito por\" \/>\n\t<meta name=\"twitter:data1\" content=\"Redacci\u00f3n\" \/>\n\t<meta name=\"twitter:label2\" content=\"Tiempo de lectura\" \/>\n\t<meta name=\"twitter:data2\" content=\"2 minutos\" \/>\n<script type=\"application\/ld+json\" class=\"yoast-schema-graph\">{\"@context\":\"https:\/\/schema.org\",\"@graph\":[{\"@type\":\"Article\",\"@id\":\"https:\/\/nitu.mx\/index.php\/2020\/03\/26\/viajes-corporativos-tardaran-de-3-a-6-meses-en-recuperarse-del-coronavirus-gbta\/#article\",\"isPartOf\":{\"@id\":\"https:\/\/nitu.mx\/index.php\/2020\/03\/26\/viajes-corporativos-tardaran-de-3-a-6-meses-en-recuperarse-del-coronavirus-gbta\/\"},\"author\":{\"name\":\"Redacci\u00f3n\",\"@id\":\"https:\/\/nitu.mx\/#\/schema\/person\/4a28fe9bd65924f7c90623773daf1b0b\"},\"headline\":\"Viajes corporativos tardar\u00e1n de 3 a 6 meses en recuperarse del coronavirus: GBTA\",\"datePublished\":\"2020-03-26T23:57:48+00:00\",\"dateModified\":\"2020-03-27T06:28:27+00:00\",\"mainEntityOfPage\":{\"@id\":\"https:\/\/nitu.mx\/index.php\/2020\/03\/26\/viajes-corporativos-tardaran-de-3-a-6-meses-en-recuperarse-del-coronavirus-gbta\/\"},\"wordCount\":405,\"commentCount\":0,\"publisher\":{\"@id\":\"https:\/\/nitu.mx\/#\/schema\/person\/ae7a53426417292d3dd07b45a33e01bc\"},\"image\":{\"@id\":\"https:\/\/nitu.mx\/index.php\/2020\/03\/26\/viajes-corporativos-tardaran-de-3-a-6-meses-en-recuperarse-del-coronavirus-gbta\/#primaryimage\"},\"thumbnailUrl\":\"https:\/\/nitu.mx\/wp-content\/uploads\/2017\/09\/turismo-de-negocios.jpg\",\"keywords\":[\"Covid-19\",\"GBTA\",\"Turismo de reuniones\",\"viajes corporativos\"],\"articleSection\":[\"Agencias de Viajes\",\"COVID-19 CORONAVIRUS\"],\"inLanguage\":\"es-MX\",\"potentialAction\":[{\"@type\":\"CommentAction\",\"name\":\"Comment\",\"target\":[\"https:\/\/nitu.mx\/index.php\/2020\/03\/26\/viajes-corporativos-tardaran-de-3-a-6-meses-en-recuperarse-del-coronavirus-gbta\/#respond\"]}]},{\"@type\":\"WebPage\",\"@id\":\"https:\/\/nitu.mx\/index.php\/2020\/03\/26\/viajes-corporativos-tardaran-de-3-a-6-meses-en-recuperarse-del-coronavirus-gbta\/\",\"url\":\"https:\/\/nitu.mx\/index.php\/2020\/03\/26\/viajes-corporativos-tardaran-de-3-a-6-meses-en-recuperarse-del-coronavirus-gbta\/\",\"name\":\"Viajes corporativos tardar\u00e1n de 3 a 6 meses en recuperarse del coronavirus: GBTA - Nitu - Noticias de la Industria Turistica\",\"isPartOf\":{\"@id\":\"https:\/\/nitu.mx\/#website\"},\"primaryImageOfPage\":{\"@id\":\"https:\/\/nitu.mx\/index.php\/2020\/03\/26\/viajes-corporativos-tardaran-de-3-a-6-meses-en-recuperarse-del-coronavirus-gbta\/#primaryimage\"},\"image\":{\"@id\":\"https:\/\/nitu.mx\/index.php\/2020\/03\/26\/viajes-corporativos-tardaran-de-3-a-6-meses-en-recuperarse-del-coronavirus-gbta\/#primaryimage\"},\"thumbnailUrl\":\"https:\/\/nitu.mx\/wp-content\/uploads\/2017\/09\/turismo-de-negocios.jpg\",\"datePublished\":\"2020-03-26T23:57:48+00:00\",\"dateModified\":\"2020-03-27T06:28:27+00:00\",\"breadcrumb\":{\"@id\":\"https:\/\/nitu.mx\/index.php\/2020\/03\/26\/viajes-corporativos-tardaran-de-3-a-6-meses-en-recuperarse-del-coronavirus-gbta\/#breadcrumb\"},\"inLanguage\":\"es-MX\",\"potentialAction\":[{\"@type\":\"ReadAction\",\"target\":[\"https:\/\/nitu.mx\/index.php\/2020\/03\/26\/viajes-corporativos-tardaran-de-3-a-6-meses-en-recuperarse-del-coronavirus-gbta\/\"]}]},{\"@type\":\"ImageObject\",\"inLanguage\":\"es-MX\",\"@id\":\"https:\/\/nitu.mx\/index.php\/2020\/03\/26\/viajes-corporativos-tardaran-de-3-a-6-meses-en-recuperarse-del-coronavirus-gbta\/#primaryimage\",\"url\":\"https:\/\/nitu.mx\/wp-content\/uploads\/2017\/09\/turismo-de-negocios.jpg\",\"contentUrl\":\"https:\/\/nitu.mx\/wp-content\/uploads\/2017\/09\/turismo-de-negocios.jpg\",\"width\":850,\"height\":480,\"caption\":\"CWT viajes de negocios viajes corporativos\"},{\"@type\":\"BreadcrumbList\",\"@id\":\"https:\/\/nitu.mx\/index.php\/2020\/03\/26\/viajes-corporativos-tardaran-de-3-a-6-meses-en-recuperarse-del-coronavirus-gbta\/#breadcrumb\",\"itemListElement\":[{\"@type\":\"ListItem\",\"position\":1,\"name\":\"Inicio\",\"item\":\"https:\/\/nitu.mx\/\"},{\"@type\":\"ListItem\",\"position\":2,\"name\":\"Viajes corporativos tardar\u00e1n de 3 a 6 meses en recuperarse del coronavirus: GBTA\"}]},{\"@type\":\"WebSite\",\"@id\":\"https:\/\/nitu.mx\/#website\",\"url\":\"https:\/\/nitu.mx\/\",\"name\":\"Nitu - Noticias de la Industria Turistica\",\"description\":\"Noticias de la Industria Turistica\",\"publisher\":{\"@id\":\"https:\/\/nitu.mx\/#\/schema\/person\/ae7a53426417292d3dd07b45a33e01bc\"},\"alternateName\":\"Noticias de la Industria Turistica\",\"potentialAction\":[{\"@type\":\"SearchAction\",\"target\":{\"@type\":\"EntryPoint\",\"urlTemplate\":\"https:\/\/nitu.mx\/?s={search_term_string}\"},\"query-input\":\"required name=search_term_string\"}],\"inLanguage\":\"es-MX\"},{\"@type\":[\"Person\",\"Organization\"],\"@id\":\"https:\/\/nitu.mx\/#\/schema\/person\/ae7a53426417292d3dd07b45a33e01bc\",\"name\":\"Arturo Medina\",\"image\":{\"@type\":\"ImageObject\",\"inLanguage\":\"es-MX\",\"@id\":\"https:\/\/nitu.mx\/#\/schema\/person\/image\/\",\"url\":\"https:\/\/nitu.mx\/wp-content\/uploads\/2024\/04\/4A315622-1904-4D5C-B022-878CDC840E04-90x90-1.jpeg\",\"contentUrl\":\"https:\/\/nitu.mx\/wp-content\/uploads\/2024\/04\/4A315622-1904-4D5C-B022-878CDC840E04-90x90-1.jpeg\",\"width\":90,\"height\":90,\"caption\":\"Arturo Medina\"},\"logo\":{\"@id\":\"https:\/\/nitu.mx\/#\/schema\/person\/image\/\"},\"description\":\"Director NITU.mx, Egresado de la Escuela de Periodismo Carlos Septi\u00e9n Garc\u00eda. Periodista y analista especializado en turismo desde hace 35 a\u00f1os, radicado en Canc\u00fan Q.Roo. arturo@nitu.mx\",\"sameAs\":[\"https:\/\/nitu.mx\",\"https:\/\/www.facebook.com\/NITUmx\/\",\"medinacancun\",\"https:\/\/twitter.com\/@Arturo_Medina_G\"]},{\"@type\":\"Person\",\"@id\":\"https:\/\/nitu.mx\/#\/schema\/person\/4a28fe9bd65924f7c90623773daf1b0b\",\"name\":\"Redacci\u00f3n\",\"image\":{\"@type\":\"ImageObject\",\"inLanguage\":\"es-MX\",\"@id\":\"https:\/\/nitu.mx\/#\/schema\/person\/image\/\",\"url\":\"https:\/\/secure.gravatar.com\/avatar\/5dd011c8ccfc5cd7e4c81e42252aab38?s=96&d=mm&r=g\",\"contentUrl\":\"https:\/\/secure.gravatar.com\/avatar\/5dd011c8ccfc5cd7e4c81e42252aab38?s=96&d=mm&r=g\",\"caption\":\"Redacci\u00f3n\"},\"url\":\"https:\/\/nitu.mx\/index.php\/author\/redaccion\/\"}]}<\/script>\n<!-- \/ Yoast SEO plugin. -->","yoast_head_json":{"title":"Viajes corporativos tardar\u00e1n de 3 a 6 meses en recuperarse del coronavirus: GBTA - Nitu - Noticias de la Industria Turistica","robots":{"index":"index","follow":"follow","max-snippet":"max-snippet:-1","max-image-preview":"max-image-preview:large","max-video-preview":"max-video-preview:-1"},"canonical":"https:\/\/nitu.mx\/index.php\/2020\/03\/26\/viajes-corporativos-tardaran-de-3-a-6-meses-en-recuperarse-del-coronavirus-gbta\/","twitter_card":"summary_large_image","twitter_title":"Viajes corporativos tardar\u00e1n de 3 a 6 meses en recuperarse del coronavirus: GBTA - Nitu - Noticias de la Industria Turistica","twitter_description":"El golpe al turismo que dio el brote del coronavirus tambi\u00e9n impacto en los viajes corporativos o de negocios, a los que de acuerdo con Global Business Travel Association (GBTA) les tomar\u00e1 de tres a seis meses reponerse, pasada la pandemia. GBTA hizo una consulta expr\u00e9s entre el 18 y 21 de marzo a mil [&hellip;]","twitter_image":"https:\/\/nitu.mx\/wp-content\/uploads\/2017\/09\/turismo-de-negocios.jpg","twitter_creator":"@NITUmx","twitter_site":"@Arturo_Medina_G","twitter_misc":{"Escrito por":"Redacci\u00f3n","Tiempo de lectura":"2 minutos"},"schema":{"@context":"https:\/\/schema.org","@graph":[{"@type":"Article","@id":"https:\/\/nitu.mx\/index.php\/2020\/03\/26\/viajes-corporativos-tardaran-de-3-a-6-meses-en-recuperarse-del-coronavirus-gbta\/#article","isPartOf":{"@id":"https:\/\/nitu.mx\/index.php\/2020\/03\/26\/viajes-corporativos-tardaran-de-3-a-6-meses-en-recuperarse-del-coronavirus-gbta\/"},"author":{"name":"Redacci\u00f3n","@id":"https:\/\/nitu.mx\/#\/schema\/person\/4a28fe9bd65924f7c90623773daf1b0b"},"headline":"Viajes corporativos tardar\u00e1n de 3 a 6 meses en recuperarse del coronavirus: GBTA","datePublished":"2020-03-26T23:57:48+00:00","dateModified":"2020-03-27T06:28:27+00:00","mainEntityOfPage":{"@id":"https:\/\/nitu.mx\/index.php\/2020\/03\/26\/viajes-corporativos-tardaran-de-3-a-6-meses-en-recuperarse-del-coronavirus-gbta\/"},"wordCount":405,"commentCount":0,"publisher":{"@id":"https:\/\/nitu.mx\/#\/schema\/person\/ae7a53426417292d3dd07b45a33e01bc"},"image":{"@id":"https:\/\/nitu.mx\/index.php\/2020\/03\/26\/viajes-corporativos-tardaran-de-3-a-6-meses-en-recuperarse-del-coronavirus-gbta\/#primaryimage"},"thumbnailUrl":"https:\/\/nitu.mx\/wp-content\/uploads\/2017\/09\/turismo-de-negocios.jpg","keywords":["Covid-19","GBTA","Turismo de reuniones","viajes corporativos"],"articleSection":["Agencias de Viajes","COVID-19 CORONAVIRUS"],"inLanguage":"es-MX","potentialAction":[{"@type":"CommentAction","name":"Comment","target":["https:\/\/nitu.mx\/index.php\/2020\/03\/26\/viajes-corporativos-tardaran-de-3-a-6-meses-en-recuperarse-del-coronavirus-gbta\/#respond"]}]},{"@type":"WebPage","@id":"https:\/\/nitu.mx\/index.php\/2020\/03\/26\/viajes-corporativos-tardaran-de-3-a-6-meses-en-recuperarse-del-coronavirus-gbta\/","url":"https:\/\/nitu.mx\/index.php\/2020\/03\/26\/viajes-corporativos-tardaran-de-3-a-6-meses-en-recuperarse-del-coronavirus-gbta\/","name":"Viajes corporativos tardar\u00e1n de 3 a 6 meses en recuperarse del coronavirus: GBTA - Nitu - Noticias de la Industria Turistica","isPartOf":{"@id":"https:\/\/nitu.mx\/#website"},"primaryImageOfPage":{"@id":"https:\/\/nitu.mx\/index.php\/2020\/03\/26\/viajes-corporativos-tardaran-de-3-a-6-meses-en-recuperarse-del-coronavirus-gbta\/#primaryimage"},"image":{"@id":"https:\/\/nitu.mx\/index.php\/2020\/03\/26\/viajes-corporativos-tardaran-de-3-a-6-meses-en-recuperarse-del-coronavirus-gbta\/#primaryimage"},"thumbnailUrl":"https:\/\/nitu.mx\/wp-content\/uploads\/2017\/09\/turismo-de-negocios.jpg","datePublished":"2020-03-26T23:57:48+00:00","dateModified":"2020-03-27T06:28:27+00:00","breadcrumb":{"@id":"https:\/\/nitu.mx\/index.php\/2020\/03\/26\/viajes-corporativos-tardaran-de-3-a-6-meses-en-recuperarse-del-coronavirus-gbta\/#breadcrumb"},"inLanguage":"es-MX","potentialAction":[{"@type":"ReadAction","target":["https:\/\/nitu.mx\/index.php\/2020\/03\/26\/viajes-corporativos-tardaran-de-3-a-6-meses-en-recuperarse-del-coronavirus-gbta\/"]}]},{"@type":"ImageObject","inLanguage":"es-MX","@id":"https:\/\/nitu.mx\/index.php\/2020\/03\/26\/viajes-corporativos-tardaran-de-3-a-6-meses-en-recuperarse-del-coronavirus-gbta\/#primaryimage","url":"https:\/\/nitu.mx\/wp-content\/uploads\/2017\/09\/turismo-de-negocios.jpg","contentUrl":"https:\/\/nitu.mx\/wp-content\/uploads\/2017\/09\/turismo-de-negocios.jpg","width":850,"height":480,"caption":"CWT viajes de negocios viajes corporativos"},{"@type":"BreadcrumbList","@id":"https:\/\/nitu.mx\/index.php\/2020\/03\/26\/viajes-corporativos-tardaran-de-3-a-6-meses-en-recuperarse-del-coronavirus-gbta\/#breadcrumb","itemListElement":[{"@type":"ListItem","position":1,"name":"Inicio","item":"https:\/\/nitu.mx\/"},{"@type":"ListItem","position":2,"name":"Viajes corporativos tardar\u00e1n de 3 a 6 meses en recuperarse del coronavirus: GBTA"}]},{"@type":"WebSite","@id":"https:\/\/nitu.mx\/#website","url":"https:\/\/nitu.mx\/","name":"Nitu - Noticias de la Industria Turistica","description":"Noticias de la Industria Turistica","publisher":{"@id":"https:\/\/nitu.mx\/#\/schema\/person\/ae7a53426417292d3dd07b45a33e01bc"},"alternateName":"Noticias de la Industria Turistica","potentialAction":[{"@type":"SearchAction","target":{"@type":"EntryPoint","urlTemplate":"https:\/\/nitu.mx\/?s={search_term_string}"},"query-input":"required name=search_term_string"}],"inLanguage":"es-MX"},{"@type":["Person","Organization"],"@id":"https:\/\/nitu.mx\/#\/schema\/person\/ae7a53426417292d3dd07b45a33e01bc","name":"Arturo Medina","image":{"@type":"ImageObject","inLanguage":"es-MX","@id":"https:\/\/nitu.mx\/#\/schema\/person\/image\/","url":"https:\/\/nitu.mx\/wp-content\/uploads\/2024\/04\/4A315622-1904-4D5C-B022-878CDC840E04-90x90-1.jpeg","contentUrl":"https:\/\/nitu.mx\/wp-content\/uploads\/2024\/04\/4A315622-1904-4D5C-B022-878CDC840E04-90x90-1.jpeg","width":90,"height":90,"caption":"Arturo Medina"},"logo":{"@id":"https:\/\/nitu.mx\/#\/schema\/person\/image\/"},"description":"Director NITU.mx, Egresado de la Escuela de Periodismo Carlos Septi\u00e9n Garc\u00eda. Periodista y analista especializado en turismo desde hace 35 a\u00f1os, radicado en Canc\u00fan Q.Roo. arturo@nitu.mx","sameAs":["https:\/\/nitu.mx","https:\/\/www.facebook.com\/NITUmx\/","medinacancun","https:\/\/twitter.com\/@Arturo_Medina_G"]},{"@type":"Person","@id":"https:\/\/nitu.mx\/#\/schema\/person\/4a28fe9bd65924f7c90623773daf1b0b","name":"Redacci\u00f3n","image":{"@type":"ImageObject","inLanguage":"es-MX","@id":"https:\/\/nitu.mx\/#\/schema\/person\/image\/","url":"https:\/\/secure.gravatar.com\/avatar\/5dd011c8ccfc5cd7e4c81e42252aab38?s=96&d=mm&r=g","contentUrl":"https:\/\/secure.gravatar.com\/avatar\/5dd011c8ccfc5cd7e4c81e42252aab38?s=96&d=mm&r=g","caption":"Redacci\u00f3n"},"url":"https:\/\/nitu.mx\/index.php\/author\/redaccion\/"}]}},"views":347,"_links":{"self":[{"href":"https:\/\/nitu.mx\/index.php\/wp-json\/wp\/v2\/posts\/41394"}],"collection":[{"href":"https:\/\/nitu.mx\/index.php\/wp-json\/wp\/v2\/posts"}],"about":[{"href":"https:\/\/nitu.mx\/index.php\/wp-json\/wp\/v2\/types\/post"}],"author":[{"embeddable":true,"href":"https:\/\/nitu.mx\/index.php\/wp-json\/wp\/v2\/users\/17"}],"replies":[{"embeddable":true,"href":"https:\/\/nitu.mx\/index.php\/wp-json\/wp\/v2\/comments?post=41394"}],"version-history":[{"count":1,"href":"https:\/\/nitu.mx\/index.php\/wp-json\/wp\/v2\/posts\/41394\/revisions"}],"predecessor-version":[{"id":41395,"href":"https:\/\/nitu.mx\/index.php\/wp-json\/wp\/v2\/posts\/41394\/revisions\/41395"}],"wp:featuredmedia":[{"embeddable":true,"href":"https:\/\/nitu.mx\/index.php\/wp-json\/wp\/v2\/media\/13129"}],"wp:attachment":[{"href":"https:\/\/nitu.mx\/index.php\/wp-json\/wp\/v2\/media?parent=41394"}],"wp:term":[{"taxonomy":"category","embeddable":true,"href":"https:\/\/nitu.mx\/index.php\/wp-json\/wp\/v2\/categories?post=41394"},{"taxonomy":"post_tag","embeddable":true,"href":"https:\/\/nitu.mx\/index.php\/wp-json\/wp\/v2\/tags?post=41394"}],"curies":[{"name":"wp","href":"https:\/\/api.w.org\/{rel}","templated":true}]}}