{"id":41353,"date":"2020-03-26T01:28:03","date_gmt":"2020-03-26T06:28:03","guid":{"rendered":"https:\/\/www.dev.nitu.mx\/?p=41353"},"modified":"2020-03-26T01:42:08","modified_gmt":"2020-03-26T06:42:08","slug":"industria-vacacional-asegura-que-el-caribe-mexicano-saldra-mas-fortalecido-de-la-contingencia-sanitaria-por-covid-19","status":"publish","type":"post","link":"https:\/\/nitu.mx\/index.php\/2020\/03\/26\/industria-vacacional-asegura-que-el-caribe-mexicano-saldra-mas-fortalecido-de-la-contingencia-sanitaria-por-covid-19\/","title":{"rendered":"Industria vacacional asegura que el Caribe Mexicano saldr\u00e1 fortalecido de la contingencia por COVID-19"},"content":{"rendered":"<p>La Asociaci\u00f3n de Complejos Vacacionales y Tur\u00edsticos, A.C. (ACOTUR) hizo un llamado para que el sector tur\u00edstico y empresarial se muestre solidario con su plantilla laboral frente a la actual contingencia sanitaria y mostr\u00f3 su confianza en que el Caribe Mexicano saldr\u00e1 m\u00e1s fuerte que nunca de este desaf\u00edo econ\u00f3mico y de salud que enfrenta por el\u00a0 COVID-19.<\/p>\n<p>\u201cLa situaci\u00f3n es complicada, pero el Caribe Mexicano ha enfrentado en forma c\u00edclica situaciones adversas por fen\u00f3menos climatol\u00f3gicos e inclusive por la pandemia de la gripe AH1N1 del 2009, pero siempre ha salido adelante y esta crisis no ser\u00e1 la excepci\u00f3n\u201d, se\u00f1al\u00f3 el Presidente de la agrupaci\u00f3n, Alberto Sol\u00eds Mart\u00ednez luego de que la Secretar\u00eda de Salud anunciara el inicio de la fase 2 con motivo de la dispersi\u00f3n comunitaria del coronavirus en M\u00e9xico.<\/p>\n<p>El dirigente tur\u00edstico se\u00f1al\u00f3 que \u201cser\u00e1 cuesti\u00f3n de apretarnos el cintur\u00f3n por un momento, cuidar nuestra la salud y la de nuestra comunidad y estar listos para cuando sea el momento, salir m\u00e1s fuertes que nunca para mantener el liderazgo tur\u00edstico que siempre ha tenido Canc\u00fan y la Riviera Maya\u201d.<\/p>\n<p>Sol\u00eds Mart\u00ednez, dirigente de la agrupaci\u00f3n tur\u00edstica, que representa a 101 hoteles con m\u00e1s de 38 mil habitaciones, destac\u00f3 el compromiso de sus asociados por mantener hasta donde sea posible las fuentes de empleo y generar certidumbre a sus m\u00e1s de 55 mil colaboradores en este momento de ca\u00edda del turismo\u00a0 generada por la restricci\u00f3n de viajes y el cierre de fronteras anunciada en diversas partes del mundo para evitar mayores contagios de la enfermedad que afecta a m\u00e1s de 400 mil personas en 180 pa\u00edses. (<a title=\"Suman 22 los hoteles cerrados en Caribe Mexicano, con ocupaci\u00f3n del 20.6% al 9.7%\" href=\"https:\/\/www.dev.nitu.mx\/index.php\/2020\/03\/24\/suma-22-los-hoteles-cerrados-temporalmente-en-caribe-mexicano-con-ocupacion-del-20-6-al-09-7\/\" rel=\"bookmark\">Suman 22 los hoteles cerrados en Caribe Mexicano, con ocupaci\u00f3n del 20.6% al 9.7%<\/a>).<\/p>\n<p>\u201cLos clubes vacacionales y la hoteler\u00eda en general resentir\u00e1n especialmente el cierre parcial de la frontera entre Estados Unidos y M\u00e9xico para viajes no esenciales, m\u00e1s aun considerando que los estadounidenses son nuestro mercado m\u00e1s importante al representar m\u00e1s del 70 por ciento de nuestros visitantes\u201d, coment\u00f3 el directivo, quien sin embargo, refiri\u00f3 que cada desarrollo tur\u00edstico est\u00e1 buscando las mejores alternativas para acomodar las reservas actuales evitando cancelaciones y asegurar ocupaci\u00f3n para cuando pase esta situaci\u00f3n, as\u00ed como y m\u00e1s importante, afectar lo menos posible las fuentes de empleo frente a esta crisis sanitaria que ha provocado el cierre temporal de algunas empresas y hoteles.<\/p>\n<p>Cabe destacar que los desarrollos asociados a ACOTUR est\u00e1n aplicando los protocolos para proteger de posibles contagios a su personal as\u00ed como a los hu\u00e9spedes que todav\u00eda se encuentran en sus instalaciones y les est\u00e1n brindando todo el apoyo para retornar a sus lugares de origen.<\/p>\n","protected":false},"excerpt":{"rendered":"<p>La Asociaci\u00f3n de Complejos Vacacionales y Tur\u00edsticos, A.C. (ACOTUR) hizo un llamado para que el sector tur\u00edstico y empresarial se muestre solidario con su plantilla laboral frente a la actual contingencia sanitaria y mostr\u00f3 su confianza en que el Caribe Mexicano saldr\u00e1 m\u00e1s fuerte que nunca de este desaf\u00edo econ\u00f3mico y de salud que enfrenta [&hellip;]<\/p>\n","protected":false},"author":17,"featured_media":24037,"comment_status":"open","ping_status":"open","sticky":false,"template":"","format":"standard","meta":{"footnotes":""},"categories":[18475,19057,2],"tags":[12573,19176,43,8150,19053],"yoast_head":"<!-- This site is optimized with the Yoast SEO plugin v22.2 - https:\/\/yoast.com\/wordpress\/plugins\/seo\/ -->\n<title>Industria vacacional asegura que el Caribe Mexicano saldr\u00e1 fortalecido de la contingencia por COVID-19 - Nitu - Noticias de la Industria Turistica<\/title>\n<meta name=\"robots\" content=\"index, follow, max-snippet:-1, max-image-preview:large, max-video-preview:-1\" \/>\n<link rel=\"canonical\" href=\"https:\/\/nitu.mx\/index.php\/2020\/03\/26\/industria-vacacional-asegura-que-el-caribe-mexicano-saldra-mas-fortalecido-de-la-contingencia-sanitaria-por-covid-19\/\" \/>\n<meta name=\"twitter:card\" content=\"summary_large_image\" \/>\n<meta name=\"twitter:title\" content=\"Industria vacacional asegura que el Caribe Mexicano saldr\u00e1 fortalecido de la contingencia por COVID-19 - Nitu - Noticias de la Industria Turistica\" \/>\n<meta name=\"twitter:description\" content=\"La Asociaci\u00f3n de Complejos Vacacionales y Tur\u00edsticos, A.C. (ACOTUR) hizo un llamado para que el sector tur\u00edstico y empresarial se muestre solidario con su plantilla laboral frente a la actual contingencia sanitaria y mostr\u00f3 su confianza en que el Caribe Mexicano saldr\u00e1 m\u00e1s fuerte que nunca de este desaf\u00edo econ\u00f3mico y de salud que enfrenta [&hellip;]\" \/>\n<meta name=\"twitter:image\" content=\"https:\/\/nitu.mx\/wp-content\/uploads\/2018\/08\/Caribe-mexicano.jpg\" \/>\n<meta name=\"twitter:creator\" content=\"@NITUmx\" \/>\n<meta name=\"twitter:site\" content=\"@Arturo_Medina_G\" \/>\n<meta name=\"twitter:label1\" content=\"Escrito por\" \/>\n\t<meta name=\"twitter:data1\" content=\"Redacci\u00f3n\" \/>\n\t<meta name=\"twitter:label2\" content=\"Tiempo de lectura\" \/>\n\t<meta name=\"twitter:data2\" content=\"2 minutos\" \/>\n<script type=\"application\/ld+json\" class=\"yoast-schema-graph\">{\"@context\":\"https:\/\/schema.org\",\"@graph\":[{\"@type\":\"Article\",\"@id\":\"https:\/\/nitu.mx\/index.php\/2020\/03\/26\/industria-vacacional-asegura-que-el-caribe-mexicano-saldra-mas-fortalecido-de-la-contingencia-sanitaria-por-covid-19\/#article\",\"isPartOf\":{\"@id\":\"https:\/\/nitu.mx\/index.php\/2020\/03\/26\/industria-vacacional-asegura-que-el-caribe-mexicano-saldra-mas-fortalecido-de-la-contingencia-sanitaria-por-covid-19\/\"},\"author\":{\"name\":\"Redacci\u00f3n\",\"@id\":\"https:\/\/nitu.mx\/#\/schema\/person\/4a28fe9bd65924f7c90623773daf1b0b\"},\"headline\":\"Industria vacacional asegura que el Caribe Mexicano saldr\u00e1 fortalecido de la contingencia por COVID-19\",\"datePublished\":\"2020-03-26T06:28:03+00:00\",\"dateModified\":\"2020-03-26T06:42:08+00:00\",\"mainEntityOfPage\":{\"@id\":\"https:\/\/nitu.mx\/index.php\/2020\/03\/26\/industria-vacacional-asegura-que-el-caribe-mexicano-saldra-mas-fortalecido-de-la-contingencia-sanitaria-por-covid-19\/\"},\"wordCount\":489,\"commentCount\":0,\"publisher\":{\"@id\":\"https:\/\/nitu.mx\/#\/schema\/person\/ae7a53426417292d3dd07b45a33e01bc\"},\"image\":{\"@id\":\"https:\/\/nitu.mx\/index.php\/2020\/03\/26\/industria-vacacional-asegura-que-el-caribe-mexicano-saldra-mas-fortalecido-de-la-contingencia-sanitaria-por-covid-19\/#primaryimage\"},\"thumbnailUrl\":\"https:\/\/nitu.mx\/wp-content\/uploads\/2018\/08\/Caribe-mexicano.jpg\",\"keywords\":[\"ACOTUR\",\"Alberto Sol\u00eds Mart\u00ednez ca\u00edda del turismo\",\"Canc\u00fan\",\"Q. Roo\",\"Restricci\u00f3n de viajes\"],\"articleSection\":[\"Caribe Mexicano\",\"COVID-19 CORONAVIRUS\",\"Hoteles\"],\"inLanguage\":\"es-MX\",\"potentialAction\":[{\"@type\":\"CommentAction\",\"name\":\"Comment\",\"target\":[\"https:\/\/nitu.mx\/index.php\/2020\/03\/26\/industria-vacacional-asegura-que-el-caribe-mexicano-saldra-mas-fortalecido-de-la-contingencia-sanitaria-por-covid-19\/#respond\"]}]},{\"@type\":\"WebPage\",\"@id\":\"https:\/\/nitu.mx\/index.php\/2020\/03\/26\/industria-vacacional-asegura-que-el-caribe-mexicano-saldra-mas-fortalecido-de-la-contingencia-sanitaria-por-covid-19\/\",\"url\":\"https:\/\/nitu.mx\/index.php\/2020\/03\/26\/industria-vacacional-asegura-que-el-caribe-mexicano-saldra-mas-fortalecido-de-la-contingencia-sanitaria-por-covid-19\/\",\"name\":\"Industria vacacional asegura que el Caribe Mexicano saldr\u00e1 fortalecido de la contingencia por COVID-19 - Nitu - Noticias de la Industria Turistica\",\"isPartOf\":{\"@id\":\"https:\/\/nitu.mx\/#website\"},\"primaryImageOfPage\":{\"@id\":\"https:\/\/nitu.mx\/index.php\/2020\/03\/26\/industria-vacacional-asegura-que-el-caribe-mexicano-saldra-mas-fortalecido-de-la-contingencia-sanitaria-por-covid-19\/#primaryimage\"},\"image\":{\"@id\":\"https:\/\/nitu.mx\/index.php\/2020\/03\/26\/industria-vacacional-asegura-que-el-caribe-mexicano-saldra-mas-fortalecido-de-la-contingencia-sanitaria-por-covid-19\/#primaryimage\"},\"thumbnailUrl\":\"https:\/\/nitu.mx\/wp-content\/uploads\/2018\/08\/Caribe-mexicano.jpg\",\"datePublished\":\"2020-03-26T06:28:03+00:00\",\"dateModified\":\"2020-03-26T06:42:08+00:00\",\"breadcrumb\":{\"@id\":\"https:\/\/nitu.mx\/index.php\/2020\/03\/26\/industria-vacacional-asegura-que-el-caribe-mexicano-saldra-mas-fortalecido-de-la-contingencia-sanitaria-por-covid-19\/#breadcrumb\"},\"inLanguage\":\"es-MX\",\"potentialAction\":[{\"@type\":\"ReadAction\",\"target\":[\"https:\/\/nitu.mx\/index.php\/2020\/03\/26\/industria-vacacional-asegura-que-el-caribe-mexicano-saldra-mas-fortalecido-de-la-contingencia-sanitaria-por-covid-19\/\"]}]},{\"@type\":\"ImageObject\",\"inLanguage\":\"es-MX\",\"@id\":\"https:\/\/nitu.mx\/index.php\/2020\/03\/26\/industria-vacacional-asegura-que-el-caribe-mexicano-saldra-mas-fortalecido-de-la-contingencia-sanitaria-por-covid-19\/#primaryimage\",\"url\":\"https:\/\/nitu.mx\/wp-content\/uploads\/2018\/08\/Caribe-mexicano.jpg\",\"contentUrl\":\"https:\/\/nitu.mx\/wp-content\/uploads\/2018\/08\/Caribe-mexicano.jpg\",\"width\":850,\"height\":480,\"caption\":\"Caribe mexicano WTM Quintana Roo\"},{\"@type\":\"BreadcrumbList\",\"@id\":\"https:\/\/nitu.mx\/index.php\/2020\/03\/26\/industria-vacacional-asegura-que-el-caribe-mexicano-saldra-mas-fortalecido-de-la-contingencia-sanitaria-por-covid-19\/#breadcrumb\",\"itemListElement\":[{\"@type\":\"ListItem\",\"position\":1,\"name\":\"Inicio\",\"item\":\"https:\/\/nitu.mx\/\"},{\"@type\":\"ListItem\",\"position\":2,\"name\":\"Industria vacacional asegura que el Caribe Mexicano saldr\u00e1 fortalecido de la contingencia por COVID-19\"}]},{\"@type\":\"WebSite\",\"@id\":\"https:\/\/nitu.mx\/#website\",\"url\":\"https:\/\/nitu.mx\/\",\"name\":\"Nitu - Noticias de la Industria Turistica\",\"description\":\"Noticias de la Industria Turistica\",\"publisher\":{\"@id\":\"https:\/\/nitu.mx\/#\/schema\/person\/ae7a53426417292d3dd07b45a33e01bc\"},\"alternateName\":\"Noticias de la Industria Turistica\",\"potentialAction\":[{\"@type\":\"SearchAction\",\"target\":{\"@type\":\"EntryPoint\",\"urlTemplate\":\"https:\/\/nitu.mx\/?s={search_term_string}\"},\"query-input\":\"required name=search_term_string\"}],\"inLanguage\":\"es-MX\"},{\"@type\":[\"Person\",\"Organization\"],\"@id\":\"https:\/\/nitu.mx\/#\/schema\/person\/ae7a53426417292d3dd07b45a33e01bc\",\"name\":\"Arturo Medina\",\"image\":{\"@type\":\"ImageObject\",\"inLanguage\":\"es-MX\",\"@id\":\"https:\/\/nitu.mx\/#\/schema\/person\/image\/\",\"url\":\"https:\/\/nitu.mx\/wp-content\/uploads\/2024\/04\/4A315622-1904-4D5C-B022-878CDC840E04-90x90-1.jpeg\",\"contentUrl\":\"https:\/\/nitu.mx\/wp-content\/uploads\/2024\/04\/4A315622-1904-4D5C-B022-878CDC840E04-90x90-1.jpeg\",\"width\":90,\"height\":90,\"caption\":\"Arturo Medina\"},\"logo\":{\"@id\":\"https:\/\/nitu.mx\/#\/schema\/person\/image\/\"},\"description\":\"Director NITU.mx, Egresado de la Escuela de Periodismo Carlos Septi\u00e9n Garc\u00eda. Periodista y analista especializado en turismo desde hace 35 a\u00f1os, radicado en Canc\u00fan Q.Roo. arturo@nitu.mx\",\"sameAs\":[\"https:\/\/nitu.mx\",\"https:\/\/www.facebook.com\/NITUmx\/\",\"medinacancun\",\"https:\/\/twitter.com\/@Arturo_Medina_G\"]},{\"@type\":\"Person\",\"@id\":\"https:\/\/nitu.mx\/#\/schema\/person\/4a28fe9bd65924f7c90623773daf1b0b\",\"name\":\"Redacci\u00f3n\",\"image\":{\"@type\":\"ImageObject\",\"inLanguage\":\"es-MX\",\"@id\":\"https:\/\/nitu.mx\/#\/schema\/person\/image\/\",\"url\":\"https:\/\/secure.gravatar.com\/avatar\/5dd011c8ccfc5cd7e4c81e42252aab38?s=96&d=mm&r=g\",\"contentUrl\":\"https:\/\/secure.gravatar.com\/avatar\/5dd011c8ccfc5cd7e4c81e42252aab38?s=96&d=mm&r=g\",\"caption\":\"Redacci\u00f3n\"},\"url\":\"https:\/\/nitu.mx\/index.php\/author\/redaccion\/\"}]}<\/script>\n<!-- \/ Yoast SEO plugin. -->","yoast_head_json":{"title":"Industria vacacional asegura que el Caribe Mexicano saldr\u00e1 fortalecido de la contingencia por COVID-19 - Nitu - Noticias de la Industria Turistica","robots":{"index":"index","follow":"follow","max-snippet":"max-snippet:-1","max-image-preview":"max-image-preview:large","max-video-preview":"max-video-preview:-1"},"canonical":"https:\/\/nitu.mx\/index.php\/2020\/03\/26\/industria-vacacional-asegura-que-el-caribe-mexicano-saldra-mas-fortalecido-de-la-contingencia-sanitaria-por-covid-19\/","twitter_card":"summary_large_image","twitter_title":"Industria vacacional asegura que el Caribe Mexicano saldr\u00e1 fortalecido de la contingencia por COVID-19 - Nitu - Noticias de la Industria Turistica","twitter_description":"La Asociaci\u00f3n de Complejos Vacacionales y Tur\u00edsticos, A.C. (ACOTUR) hizo un llamado para que el sector tur\u00edstico y empresarial se muestre solidario con su plantilla laboral frente a la actual contingencia sanitaria y mostr\u00f3 su confianza en que el Caribe Mexicano saldr\u00e1 m\u00e1s fuerte que nunca de este desaf\u00edo econ\u00f3mico y de salud que enfrenta [&hellip;]","twitter_image":"https:\/\/nitu.mx\/wp-content\/uploads\/2018\/08\/Caribe-mexicano.jpg","twitter_creator":"@NITUmx","twitter_site":"@Arturo_Medina_G","twitter_misc":{"Escrito por":"Redacci\u00f3n","Tiempo de lectura":"2 minutos"},"schema":{"@context":"https:\/\/schema.org","@graph":[{"@type":"Article","@id":"https:\/\/nitu.mx\/index.php\/2020\/03\/26\/industria-vacacional-asegura-que-el-caribe-mexicano-saldra-mas-fortalecido-de-la-contingencia-sanitaria-por-covid-19\/#article","isPartOf":{"@id":"https:\/\/nitu.mx\/index.php\/2020\/03\/26\/industria-vacacional-asegura-que-el-caribe-mexicano-saldra-mas-fortalecido-de-la-contingencia-sanitaria-por-covid-19\/"},"author":{"name":"Redacci\u00f3n","@id":"https:\/\/nitu.mx\/#\/schema\/person\/4a28fe9bd65924f7c90623773daf1b0b"},"headline":"Industria vacacional asegura que el Caribe Mexicano saldr\u00e1 fortalecido de la contingencia por COVID-19","datePublished":"2020-03-26T06:28:03+00:00","dateModified":"2020-03-26T06:42:08+00:00","mainEntityOfPage":{"@id":"https:\/\/nitu.mx\/index.php\/2020\/03\/26\/industria-vacacional-asegura-que-el-caribe-mexicano-saldra-mas-fortalecido-de-la-contingencia-sanitaria-por-covid-19\/"},"wordCount":489,"commentCount":0,"publisher":{"@id":"https:\/\/nitu.mx\/#\/schema\/person\/ae7a53426417292d3dd07b45a33e01bc"},"image":{"@id":"https:\/\/nitu.mx\/index.php\/2020\/03\/26\/industria-vacacional-asegura-que-el-caribe-mexicano-saldra-mas-fortalecido-de-la-contingencia-sanitaria-por-covid-19\/#primaryimage"},"thumbnailUrl":"https:\/\/nitu.mx\/wp-content\/uploads\/2018\/08\/Caribe-mexicano.jpg","keywords":["ACOTUR","Alberto Sol\u00eds Mart\u00ednez ca\u00edda del turismo","Canc\u00fan","Q. Roo","Restricci\u00f3n de viajes"],"articleSection":["Caribe Mexicano","COVID-19 CORONAVIRUS","Hoteles"],"inLanguage":"es-MX","potentialAction":[{"@type":"CommentAction","name":"Comment","target":["https:\/\/nitu.mx\/index.php\/2020\/03\/26\/industria-vacacional-asegura-que-el-caribe-mexicano-saldra-mas-fortalecido-de-la-contingencia-sanitaria-por-covid-19\/#respond"]}]},{"@type":"WebPage","@id":"https:\/\/nitu.mx\/index.php\/2020\/03\/26\/industria-vacacional-asegura-que-el-caribe-mexicano-saldra-mas-fortalecido-de-la-contingencia-sanitaria-por-covid-19\/","url":"https:\/\/nitu.mx\/index.php\/2020\/03\/26\/industria-vacacional-asegura-que-el-caribe-mexicano-saldra-mas-fortalecido-de-la-contingencia-sanitaria-por-covid-19\/","name":"Industria vacacional asegura que el Caribe Mexicano saldr\u00e1 fortalecido de la contingencia por COVID-19 - Nitu - Noticias de la Industria Turistica","isPartOf":{"@id":"https:\/\/nitu.mx\/#website"},"primaryImageOfPage":{"@id":"https:\/\/nitu.mx\/index.php\/2020\/03\/26\/industria-vacacional-asegura-que-el-caribe-mexicano-saldra-mas-fortalecido-de-la-contingencia-sanitaria-por-covid-19\/#primaryimage"},"image":{"@id":"https:\/\/nitu.mx\/index.php\/2020\/03\/26\/industria-vacacional-asegura-que-el-caribe-mexicano-saldra-mas-fortalecido-de-la-contingencia-sanitaria-por-covid-19\/#primaryimage"},"thumbnailUrl":"https:\/\/nitu.mx\/wp-content\/uploads\/2018\/08\/Caribe-mexicano.jpg","datePublished":"2020-03-26T06:28:03+00:00","dateModified":"2020-03-26T06:42:08+00:00","breadcrumb":{"@id":"https:\/\/nitu.mx\/index.php\/2020\/03\/26\/industria-vacacional-asegura-que-el-caribe-mexicano-saldra-mas-fortalecido-de-la-contingencia-sanitaria-por-covid-19\/#breadcrumb"},"inLanguage":"es-MX","potentialAction":[{"@type":"ReadAction","target":["https:\/\/nitu.mx\/index.php\/2020\/03\/26\/industria-vacacional-asegura-que-el-caribe-mexicano-saldra-mas-fortalecido-de-la-contingencia-sanitaria-por-covid-19\/"]}]},{"@type":"ImageObject","inLanguage":"es-MX","@id":"https:\/\/nitu.mx\/index.php\/2020\/03\/26\/industria-vacacional-asegura-que-el-caribe-mexicano-saldra-mas-fortalecido-de-la-contingencia-sanitaria-por-covid-19\/#primaryimage","url":"https:\/\/nitu.mx\/wp-content\/uploads\/2018\/08\/Caribe-mexicano.jpg","contentUrl":"https:\/\/nitu.mx\/wp-content\/uploads\/2018\/08\/Caribe-mexicano.jpg","width":850,"height":480,"caption":"Caribe mexicano WTM Quintana Roo"},{"@type":"BreadcrumbList","@id":"https:\/\/nitu.mx\/index.php\/2020\/03\/26\/industria-vacacional-asegura-que-el-caribe-mexicano-saldra-mas-fortalecido-de-la-contingencia-sanitaria-por-covid-19\/#breadcrumb","itemListElement":[{"@type":"ListItem","position":1,"name":"Inicio","item":"https:\/\/nitu.mx\/"},{"@type":"ListItem","position":2,"name":"Industria vacacional asegura que el Caribe Mexicano saldr\u00e1 fortalecido de la contingencia por COVID-19"}]},{"@type":"WebSite","@id":"https:\/\/nitu.mx\/#website","url":"https:\/\/nitu.mx\/","name":"Nitu - Noticias de la Industria Turistica","description":"Noticias de la Industria Turistica","publisher":{"@id":"https:\/\/nitu.mx\/#\/schema\/person\/ae7a53426417292d3dd07b45a33e01bc"},"alternateName":"Noticias de la Industria Turistica","potentialAction":[{"@type":"SearchAction","target":{"@type":"EntryPoint","urlTemplate":"https:\/\/nitu.mx\/?s={search_term_string}"},"query-input":"required name=search_term_string"}],"inLanguage":"es-MX"},{"@type":["Person","Organization"],"@id":"https:\/\/nitu.mx\/#\/schema\/person\/ae7a53426417292d3dd07b45a33e01bc","name":"Arturo Medina","image":{"@type":"ImageObject","inLanguage":"es-MX","@id":"https:\/\/nitu.mx\/#\/schema\/person\/image\/","url":"https:\/\/nitu.mx\/wp-content\/uploads\/2024\/04\/4A315622-1904-4D5C-B022-878CDC840E04-90x90-1.jpeg","contentUrl":"https:\/\/nitu.mx\/wp-content\/uploads\/2024\/04\/4A315622-1904-4D5C-B022-878CDC840E04-90x90-1.jpeg","width":90,"height":90,"caption":"Arturo Medina"},"logo":{"@id":"https:\/\/nitu.mx\/#\/schema\/person\/image\/"},"description":"Director NITU.mx, Egresado de la Escuela de Periodismo Carlos Septi\u00e9n Garc\u00eda. Periodista y analista especializado en turismo desde hace 35 a\u00f1os, radicado en Canc\u00fan Q.Roo. arturo@nitu.mx","sameAs":["https:\/\/nitu.mx","https:\/\/www.facebook.com\/NITUmx\/","medinacancun","https:\/\/twitter.com\/@Arturo_Medina_G"]},{"@type":"Person","@id":"https:\/\/nitu.mx\/#\/schema\/person\/4a28fe9bd65924f7c90623773daf1b0b","name":"Redacci\u00f3n","image":{"@type":"ImageObject","inLanguage":"es-MX","@id":"https:\/\/nitu.mx\/#\/schema\/person\/image\/","url":"https:\/\/secure.gravatar.com\/avatar\/5dd011c8ccfc5cd7e4c81e42252aab38?s=96&d=mm&r=g","contentUrl":"https:\/\/secure.gravatar.com\/avatar\/5dd011c8ccfc5cd7e4c81e42252aab38?s=96&d=mm&r=g","caption":"Redacci\u00f3n"},"url":"https:\/\/nitu.mx\/index.php\/author\/redaccion\/"}]}},"views":260,"_links":{"self":[{"href":"https:\/\/nitu.mx\/index.php\/wp-json\/wp\/v2\/posts\/41353"}],"collection":[{"href":"https:\/\/nitu.mx\/index.php\/wp-json\/wp\/v2\/posts"}],"about":[{"href":"https:\/\/nitu.mx\/index.php\/wp-json\/wp\/v2\/types\/post"}],"author":[{"embeddable":true,"href":"https:\/\/nitu.mx\/index.php\/wp-json\/wp\/v2\/users\/17"}],"replies":[{"embeddable":true,"href":"https:\/\/nitu.mx\/index.php\/wp-json\/wp\/v2\/comments?post=41353"}],"version-history":[{"count":3,"href":"https:\/\/nitu.mx\/index.php\/wp-json\/wp\/v2\/posts\/41353\/revisions"}],"predecessor-version":[{"id":41382,"href":"https:\/\/nitu.mx\/index.php\/wp-json\/wp\/v2\/posts\/41353\/revisions\/41382"}],"wp:featuredmedia":[{"embeddable":true,"href":"https:\/\/nitu.mx\/index.php\/wp-json\/wp\/v2\/media\/24037"}],"wp:attachment":[{"href":"https:\/\/nitu.mx\/index.php\/wp-json\/wp\/v2\/media?parent=41353"}],"wp:term":[{"taxonomy":"category","embeddable":true,"href":"https:\/\/nitu.mx\/index.php\/wp-json\/wp\/v2\/categories?post=41353"},{"taxonomy":"post_tag","embeddable":true,"href":"https:\/\/nitu.mx\/index.php\/wp-json\/wp\/v2\/tags?post=41353"}],"curies":[{"name":"wp","href":"https:\/\/api.w.org\/{rel}","templated":true}]}}