{"id":41306,"date":"2020-03-25T01:26:29","date_gmt":"2020-03-25T06:26:29","guid":{"rendered":"https:\/\/www.dev.nitu.mx\/?p=41306"},"modified":"2020-03-25T02:07:11","modified_gmt":"2020-03-25T07:07:11","slug":"covid-19-podria-causar-perdidas-de-alrededor-de-2400-millones-de-dolares-al-sector-turistico","status":"publish","type":"post","link":"https:\/\/nitu.mx\/index.php\/2020\/03\/25\/covid-19-podria-causar-perdidas-de-alrededor-de-2400-millones-de-dolares-al-sector-turistico\/","title":{"rendered":"Covid-19 podr\u00eda causar p\u00e9rdidas de alrededor de 2,400 millones de d\u00f3lares al sector tur\u00edstico"},"content":{"rendered":"<p>El presidente de la ASETUR, Luis Humberto Araiza L\u00f3pez, dijo que se deben de seguir los protocolos de seguridad establecidos por las autoridades de salud, adem\u00e1s de cuidar las fuentes de empleo.<\/p>\n<p>En un escenario conservador, el Covid-19 impactar\u00eda en 3 puntos porcentuales al sector tur\u00edstico de M\u00e9xico, lo que se traducir\u00eda en p\u00e9rdidas de alrededor de 2,400 millones de d\u00f3lares.<\/p>\n<p>Varios destinos tur\u00edsticos del pa\u00eds han resentido las cancelaciones de los viajeros, lo que se ha reflejado en bajos niveles de ocupaci\u00f3n en hoteles y aviones.<\/p>\n<p>Ante la pandemia del coronavirus que enfrenta M\u00e9xico, la prioridad y el reto est\u00e1 en salir lo mejor librados de la crisis, para lo cual se requiere atenderla con toda seriedad y seguir los protocolos de seguridad establecidos por las autoridades de salud, coment\u00f3 Luis Humberto Araiza L\u00f3pez, presidente de la Asociaci\u00f3n de Secretarios de Turismo de M\u00e9xico (ASETUR).<\/p>\n<p>\u201cLo primero es atender la crisis, siguiendo los protocolos que han dictado las autoridades de salud, homologando las pr\u00e1cticas en todos los estados del pa\u00eds, darles la atenci\u00f3n adecuada a los turistas internacionales que est\u00e1n en M\u00e9xico y desde luego, cuidar las fuentes de empleo\u201d, indic\u00f3 Araiza L\u00f3pez.<\/p>\n<p>Seg\u00fan datos de la Secretar\u00eda de Salud (SSA), hasta ayer, en M\u00e9xico el n\u00famero de personas contagiadas por el coronavirus ascend\u00eda a 367, es decir, 51 m\u00e1s que un d\u00eda antes. Adem\u00e1s, hab\u00eda 826 casos sospechosos o bajo investigaci\u00f3n, mil 885 resultaron negativos y se ten\u00edan 4 decesos.<\/p>\n<p>El presidente de la ASETUR consider\u00f3 que la crisis que enfrenta M\u00e9xico \u2013con la paralizaci\u00f3n de la econom\u00eda\u2013 por la pandem\u00eda del Covid-19 podr\u00eda impactar en 3 puntos porcentuales al PIB tur\u00edstico. (<a title=\"Se pierden un mill\u00f3n de empleos tur\u00edsticos al d\u00eda por coronavirus: WTTC\" href=\"https:\/\/www.dev.nitu.mx\/index.php\/2020\/03\/22\/se-pierden-un-millon-de-empleos-turisticos-al-dia-por-coronavirus-wttc\/\" rel=\"bookmark\">Se pierden un mill\u00f3n de empleos tur\u00edsticos al d\u00eda por coronavirus: WTTC<\/a>).<\/p>\n<p>\u201cSi la afectaci\u00f3n por cada punto porcentual es aproximadamente de 800 millones de d\u00f3lares, el impacto total ser\u00eda de unos 2,400 millones de d\u00f3lares, eso en un escenario conservador\u201d, estim\u00f3 Araiza L\u00f3pez.<\/p>\n<p>La mayor\u00eda de los destinos tur\u00edsticos del pa\u00eds, incluyendo Los Cabos, Acapulco, Canc\u00fan, Puerto Vallarta, Manzanillo, Cozumel y Huatulco, han resentido las cancelaciones de los viajeros, lo que se ha reflejado en bajos niveles de ocupaci\u00f3n en hoteles y aviones.<\/p>\n<p>En este sentido, el tambi\u00e9n Secretario de Turismo de Baja California Sur, recomend\u00f3 a los turistas no cancelar sus viajes, sino posponerlos o reprogramar vacaciones.<\/p>\n<p><a title=\"Moody\u00b4s advierte baja de 75% por coronavirus en la industria tur\u00edstica\" href=\"https:\/\/www.dev.nitu.mx\/index.php\/2020\/03\/25\/moodys-advierte-baja-del-75-por-coronavirus-en-industri-turistica\/\" rel=\"bookmark\">Moody\u00b4s advierte baja de 75% por coronavirus en la industria tur\u00edstica<\/a><\/p>\n<p><a title=\"Turismo nacional fuente de esperanza para Quintana Roo por coronavirus\" href=\"https:\/\/www.dev.nitu.mx\/index.php\/2020\/03\/24\/turismo-nacional-fuente-de-esperanza-para-quintana-roo-por-coronavirus\/\" rel=\"bookmark\">Turismo nacional fuente de esperanza para Quintana Roo por coronavirus<\/a><\/p>\n<p><a title=\"Prev\u00e9n que zonas tur\u00edsticas de Quintana Roo tengan mayor presencia de casos COVID-19\" href=\"https:\/\/www.dev.nitu.mx\/index.php\/2020\/03\/25\/preven-que-zonas-turisticas-de-q-roo-tengan-mayor-presencia-de-casos-covid-19\/\" rel=\"bookmark\">Prev\u00e9n que zonas tur\u00edsticas de Quintana Roo tengan mayor presencia de casos COVID-19<\/a><\/p>\n<p><a title=\"CPTQ informa al mundo de acciones en Quintana Roo por COVID19\u00a0\" href=\"https:\/\/www.dev.nitu.mx\/index.php\/2020\/03\/25\/cptq-informa-al-mundo-de-acciones-en-q-roo-por-covid19\/\" rel=\"bookmark\">CPTQ informa al mundo de acciones en Quintana Roo por COVID19\u00a0<\/a><\/p>\n<p><a title=\"Hoteles de Riviera Maya solicitan acciones puntuales del gobierno federal ante COVID-19\" href=\"https:\/\/www.dev.nitu.mx\/index.php\/2020\/03\/23\/hoteles-de-la-riviera-maya-solicitan-acciones-puntuales-del-gobierno-federal-ante-crisis-por-covid-19\/\" rel=\"bookmark\">Hoteles de Riviera Maya solicitan acciones puntuales del gobierno federal ante COVID-19<\/a><\/p>\n<p><a title=\"Los l\u00edderes de la industria de viajes de EU se re\u00fanen para plan de rescate ante COVID-19\" href=\"https:\/\/www.dev.nitu.mx\/index.php\/2020\/03\/24\/los-lideres-de-la-industria-de-viajes-de-eu-se-reunen-para-plan-de-rescate-ante-covid-19\/\" rel=\"bookmark\">Los l\u00edderes de la industria de viajes de EU se re\u00fanen para plan de rescate ante COVID-19<\/a><\/p>\n<p><a title=\"Por COVID-19 Canc\u00fan ha perdido mas de un mill\u00f3n de asientos a\u00e9reos\" href=\"https:\/\/www.dev.nitu.mx\/index.php\/2020\/03\/23\/por-covid-19-cancun-ha-perdido-mas-de-un-millon-de-asientos-aereos\/\" rel=\"bookmark\">Por COVID-19 Canc\u00fan ha perdido mas de un mill\u00f3n de asientos a\u00e9reos<\/a><\/p>\n","protected":false},"excerpt":{"rendered":"<p>El presidente de la ASETUR, Luis Humberto Araiza L\u00f3pez, dijo que se deben de seguir los protocolos de seguridad establecidos por las autoridades de salud, adem\u00e1s de cuidar las fuentes de empleo. En un escenario conservador, el Covid-19 impactar\u00eda en 3 puntos porcentuales al sector tur\u00edstico de M\u00e9xico, lo que se traducir\u00eda en p\u00e9rdidas de [&hellip;]<\/p>\n","protected":false},"author":17,"featured_media":41325,"comment_status":"open","ping_status":"open","sticky":false,"template":"","format":"standard","meta":{"footnotes":""},"categories":[19057,6],"tags":[1118,18906,19165,5499,19021],"yoast_head":"<!-- This site is optimized with the Yoast SEO plugin v22.2 - https:\/\/yoast.com\/wordpress\/plugins\/seo\/ -->\n<title>Covid-19 podr\u00eda causar p\u00e9rdidas de alrededor de 2,400 millones de d\u00f3lares al sector tur\u00edstico - Nitu - Noticias de la Industria Turistica<\/title>\n<meta name=\"robots\" content=\"index, follow, max-snippet:-1, max-image-preview:large, max-video-preview:-1\" \/>\n<link rel=\"canonical\" href=\"https:\/\/nitu.mx\/index.php\/2020\/03\/25\/covid-19-podria-causar-perdidas-de-alrededor-de-2400-millones-de-dolares-al-sector-turistico\/\" \/>\n<meta name=\"twitter:card\" content=\"summary_large_image\" \/>\n<meta name=\"twitter:title\" content=\"Covid-19 podr\u00eda causar p\u00e9rdidas de alrededor de 2,400 millones de d\u00f3lares al sector tur\u00edstico - Nitu - Noticias de la Industria Turistica\" \/>\n<meta name=\"twitter:description\" content=\"El presidente de la ASETUR, Luis Humberto Araiza L\u00f3pez, dijo que se deben de seguir los protocolos de seguridad establecidos por las autoridades de salud, adem\u00e1s de cuidar las fuentes de empleo. En un escenario conservador, el Covid-19 impactar\u00eda en 3 puntos porcentuales al sector tur\u00edstico de M\u00e9xico, lo que se traducir\u00eda en p\u00e9rdidas de [&hellip;]\" \/>\n<meta name=\"twitter:image\" content=\"https:\/\/nitu.mx\/wp-content\/uploads\/2020\/03\/Turismo-perdidas.jpg\" \/>\n<meta name=\"twitter:creator\" content=\"@NITUmx\" \/>\n<meta name=\"twitter:site\" content=\"@Arturo_Medina_G\" \/>\n<meta name=\"twitter:label1\" content=\"Escrito por\" \/>\n\t<meta name=\"twitter:data1\" content=\"Redacci\u00f3n\" \/>\n\t<meta name=\"twitter:label2\" content=\"Tiempo de lectura\" \/>\n\t<meta name=\"twitter:data2\" content=\"3 minutos\" \/>\n<script type=\"application\/ld+json\" class=\"yoast-schema-graph\">{\"@context\":\"https:\/\/schema.org\",\"@graph\":[{\"@type\":\"Article\",\"@id\":\"https:\/\/nitu.mx\/index.php\/2020\/03\/25\/covid-19-podria-causar-perdidas-de-alrededor-de-2400-millones-de-dolares-al-sector-turistico\/#article\",\"isPartOf\":{\"@id\":\"https:\/\/nitu.mx\/index.php\/2020\/03\/25\/covid-19-podria-causar-perdidas-de-alrededor-de-2400-millones-de-dolares-al-sector-turistico\/\"},\"author\":{\"name\":\"Redacci\u00f3n\",\"@id\":\"https:\/\/nitu.mx\/#\/schema\/person\/4a28fe9bd65924f7c90623773daf1b0b\"},\"headline\":\"Covid-19 podr\u00eda causar p\u00e9rdidas de alrededor de 2,400 millones de d\u00f3lares al sector tur\u00edstico\",\"datePublished\":\"2020-03-25T06:26:29+00:00\",\"dateModified\":\"2020-03-25T07:07:11+00:00\",\"mainEntityOfPage\":{\"@id\":\"https:\/\/nitu.mx\/index.php\/2020\/03\/25\/covid-19-podria-causar-perdidas-de-alrededor-de-2400-millones-de-dolares-al-sector-turistico\/\"},\"wordCount\":536,\"commentCount\":0,\"publisher\":{\"@id\":\"https:\/\/nitu.mx\/#\/schema\/person\/ae7a53426417292d3dd07b45a33e01bc\"},\"image\":{\"@id\":\"https:\/\/nitu.mx\/index.php\/2020\/03\/25\/covid-19-podria-causar-perdidas-de-alrededor-de-2400-millones-de-dolares-al-sector-turistico\/#primaryimage\"},\"thumbnailUrl\":\"https:\/\/nitu.mx\/wp-content\/uploads\/2020\/03\/Turismo-perdidas.jpg\",\"keywords\":[\"Asetur\",\"Covid-19\",\"Humberto Araiza L\u00f3pez\",\"sector tur\u00edstico\",\"SSa\"],\"articleSection\":[\"COVID-19 CORONAVIRUS\",\"M\u00e9xico\"],\"inLanguage\":\"es-MX\",\"potentialAction\":[{\"@type\":\"CommentAction\",\"name\":\"Comment\",\"target\":[\"https:\/\/nitu.mx\/index.php\/2020\/03\/25\/covid-19-podria-causar-perdidas-de-alrededor-de-2400-millones-de-dolares-al-sector-turistico\/#respond\"]}]},{\"@type\":\"WebPage\",\"@id\":\"https:\/\/nitu.mx\/index.php\/2020\/03\/25\/covid-19-podria-causar-perdidas-de-alrededor-de-2400-millones-de-dolares-al-sector-turistico\/\",\"url\":\"https:\/\/nitu.mx\/index.php\/2020\/03\/25\/covid-19-podria-causar-perdidas-de-alrededor-de-2400-millones-de-dolares-al-sector-turistico\/\",\"name\":\"Covid-19 podr\u00eda causar p\u00e9rdidas de alrededor de 2,400 millones de d\u00f3lares al sector tur\u00edstico - Nitu - Noticias de la Industria Turistica\",\"isPartOf\":{\"@id\":\"https:\/\/nitu.mx\/#website\"},\"primaryImageOfPage\":{\"@id\":\"https:\/\/nitu.mx\/index.php\/2020\/03\/25\/covid-19-podria-causar-perdidas-de-alrededor-de-2400-millones-de-dolares-al-sector-turistico\/#primaryimage\"},\"image\":{\"@id\":\"https:\/\/nitu.mx\/index.php\/2020\/03\/25\/covid-19-podria-causar-perdidas-de-alrededor-de-2400-millones-de-dolares-al-sector-turistico\/#primaryimage\"},\"thumbnailUrl\":\"https:\/\/nitu.mx\/wp-content\/uploads\/2020\/03\/Turismo-perdidas.jpg\",\"datePublished\":\"2020-03-25T06:26:29+00:00\",\"dateModified\":\"2020-03-25T07:07:11+00:00\",\"breadcrumb\":{\"@id\":\"https:\/\/nitu.mx\/index.php\/2020\/03\/25\/covid-19-podria-causar-perdidas-de-alrededor-de-2400-millones-de-dolares-al-sector-turistico\/#breadcrumb\"},\"inLanguage\":\"es-MX\",\"potentialAction\":[{\"@type\":\"ReadAction\",\"target\":[\"https:\/\/nitu.mx\/index.php\/2020\/03\/25\/covid-19-podria-causar-perdidas-de-alrededor-de-2400-millones-de-dolares-al-sector-turistico\/\"]}]},{\"@type\":\"ImageObject\",\"inLanguage\":\"es-MX\",\"@id\":\"https:\/\/nitu.mx\/index.php\/2020\/03\/25\/covid-19-podria-causar-perdidas-de-alrededor-de-2400-millones-de-dolares-al-sector-turistico\/#primaryimage\",\"url\":\"https:\/\/nitu.mx\/wp-content\/uploads\/2020\/03\/Turismo-perdidas.jpg\",\"contentUrl\":\"https:\/\/nitu.mx\/wp-content\/uploads\/2020\/03\/Turismo-perdidas.jpg\",\"width\":850,\"height\":480,\"caption\":\"Covid Turismo perdidas\"},{\"@type\":\"BreadcrumbList\",\"@id\":\"https:\/\/nitu.mx\/index.php\/2020\/03\/25\/covid-19-podria-causar-perdidas-de-alrededor-de-2400-millones-de-dolares-al-sector-turistico\/#breadcrumb\",\"itemListElement\":[{\"@type\":\"ListItem\",\"position\":1,\"name\":\"Inicio\",\"item\":\"https:\/\/nitu.mx\/\"},{\"@type\":\"ListItem\",\"position\":2,\"name\":\"Covid-19 podr\u00eda causar p\u00e9rdidas de alrededor de 2,400 millones de d\u00f3lares al sector tur\u00edstico\"}]},{\"@type\":\"WebSite\",\"@id\":\"https:\/\/nitu.mx\/#website\",\"url\":\"https:\/\/nitu.mx\/\",\"name\":\"Nitu - Noticias de la Industria Turistica\",\"description\":\"Noticias de la Industria Turistica\",\"publisher\":{\"@id\":\"https:\/\/nitu.mx\/#\/schema\/person\/ae7a53426417292d3dd07b45a33e01bc\"},\"alternateName\":\"Noticias de la Industria Turistica\",\"potentialAction\":[{\"@type\":\"SearchAction\",\"target\":{\"@type\":\"EntryPoint\",\"urlTemplate\":\"https:\/\/nitu.mx\/?s={search_term_string}\"},\"query-input\":\"required name=search_term_string\"}],\"inLanguage\":\"es-MX\"},{\"@type\":[\"Person\",\"Organization\"],\"@id\":\"https:\/\/nitu.mx\/#\/schema\/person\/ae7a53426417292d3dd07b45a33e01bc\",\"name\":\"Arturo Medina\",\"image\":{\"@type\":\"ImageObject\",\"inLanguage\":\"es-MX\",\"@id\":\"https:\/\/nitu.mx\/#\/schema\/person\/image\/\",\"url\":\"https:\/\/nitu.mx\/wp-content\/uploads\/2024\/04\/4A315622-1904-4D5C-B022-878CDC840E04-90x90-1.jpeg\",\"contentUrl\":\"https:\/\/nitu.mx\/wp-content\/uploads\/2024\/04\/4A315622-1904-4D5C-B022-878CDC840E04-90x90-1.jpeg\",\"width\":90,\"height\":90,\"caption\":\"Arturo Medina\"},\"logo\":{\"@id\":\"https:\/\/nitu.mx\/#\/schema\/person\/image\/\"},\"description\":\"Director NITU.mx, Egresado de la Escuela de Periodismo Carlos Septi\u00e9n Garc\u00eda. Periodista y analista especializado en turismo desde hace 35 a\u00f1os, radicado en Canc\u00fan Q.Roo. arturo@nitu.mx\",\"sameAs\":[\"https:\/\/nitu.mx\",\"https:\/\/www.facebook.com\/NITUmx\/\",\"medinacancun\",\"https:\/\/twitter.com\/@Arturo_Medina_G\"]},{\"@type\":\"Person\",\"@id\":\"https:\/\/nitu.mx\/#\/schema\/person\/4a28fe9bd65924f7c90623773daf1b0b\",\"name\":\"Redacci\u00f3n\",\"image\":{\"@type\":\"ImageObject\",\"inLanguage\":\"es-MX\",\"@id\":\"https:\/\/nitu.mx\/#\/schema\/person\/image\/\",\"url\":\"https:\/\/secure.gravatar.com\/avatar\/5dd011c8ccfc5cd7e4c81e42252aab38?s=96&d=mm&r=g\",\"contentUrl\":\"https:\/\/secure.gravatar.com\/avatar\/5dd011c8ccfc5cd7e4c81e42252aab38?s=96&d=mm&r=g\",\"caption\":\"Redacci\u00f3n\"},\"url\":\"https:\/\/nitu.mx\/index.php\/author\/redaccion\/\"}]}<\/script>\n<!-- \/ Yoast SEO plugin. -->","yoast_head_json":{"title":"Covid-19 podr\u00eda causar p\u00e9rdidas de alrededor de 2,400 millones de d\u00f3lares al sector tur\u00edstico - Nitu - Noticias de la Industria Turistica","robots":{"index":"index","follow":"follow","max-snippet":"max-snippet:-1","max-image-preview":"max-image-preview:large","max-video-preview":"max-video-preview:-1"},"canonical":"https:\/\/nitu.mx\/index.php\/2020\/03\/25\/covid-19-podria-causar-perdidas-de-alrededor-de-2400-millones-de-dolares-al-sector-turistico\/","twitter_card":"summary_large_image","twitter_title":"Covid-19 podr\u00eda causar p\u00e9rdidas de alrededor de 2,400 millones de d\u00f3lares al sector tur\u00edstico - Nitu - Noticias de la Industria Turistica","twitter_description":"El presidente de la ASETUR, Luis Humberto Araiza L\u00f3pez, dijo que se deben de seguir los protocolos de seguridad establecidos por las autoridades de salud, adem\u00e1s de cuidar las fuentes de empleo. En un escenario conservador, el Covid-19 impactar\u00eda en 3 puntos porcentuales al sector tur\u00edstico de M\u00e9xico, lo que se traducir\u00eda en p\u00e9rdidas de [&hellip;]","twitter_image":"https:\/\/nitu.mx\/wp-content\/uploads\/2020\/03\/Turismo-perdidas.jpg","twitter_creator":"@NITUmx","twitter_site":"@Arturo_Medina_G","twitter_misc":{"Escrito por":"Redacci\u00f3n","Tiempo de lectura":"3 minutos"},"schema":{"@context":"https:\/\/schema.org","@graph":[{"@type":"Article","@id":"https:\/\/nitu.mx\/index.php\/2020\/03\/25\/covid-19-podria-causar-perdidas-de-alrededor-de-2400-millones-de-dolares-al-sector-turistico\/#article","isPartOf":{"@id":"https:\/\/nitu.mx\/index.php\/2020\/03\/25\/covid-19-podria-causar-perdidas-de-alrededor-de-2400-millones-de-dolares-al-sector-turistico\/"},"author":{"name":"Redacci\u00f3n","@id":"https:\/\/nitu.mx\/#\/schema\/person\/4a28fe9bd65924f7c90623773daf1b0b"},"headline":"Covid-19 podr\u00eda causar p\u00e9rdidas de alrededor de 2,400 millones de d\u00f3lares al sector tur\u00edstico","datePublished":"2020-03-25T06:26:29+00:00","dateModified":"2020-03-25T07:07:11+00:00","mainEntityOfPage":{"@id":"https:\/\/nitu.mx\/index.php\/2020\/03\/25\/covid-19-podria-causar-perdidas-de-alrededor-de-2400-millones-de-dolares-al-sector-turistico\/"},"wordCount":536,"commentCount":0,"publisher":{"@id":"https:\/\/nitu.mx\/#\/schema\/person\/ae7a53426417292d3dd07b45a33e01bc"},"image":{"@id":"https:\/\/nitu.mx\/index.php\/2020\/03\/25\/covid-19-podria-causar-perdidas-de-alrededor-de-2400-millones-de-dolares-al-sector-turistico\/#primaryimage"},"thumbnailUrl":"https:\/\/nitu.mx\/wp-content\/uploads\/2020\/03\/Turismo-perdidas.jpg","keywords":["Asetur","Covid-19","Humberto Araiza L\u00f3pez","sector tur\u00edstico","SSa"],"articleSection":["COVID-19 CORONAVIRUS","M\u00e9xico"],"inLanguage":"es-MX","potentialAction":[{"@type":"CommentAction","name":"Comment","target":["https:\/\/nitu.mx\/index.php\/2020\/03\/25\/covid-19-podria-causar-perdidas-de-alrededor-de-2400-millones-de-dolares-al-sector-turistico\/#respond"]}]},{"@type":"WebPage","@id":"https:\/\/nitu.mx\/index.php\/2020\/03\/25\/covid-19-podria-causar-perdidas-de-alrededor-de-2400-millones-de-dolares-al-sector-turistico\/","url":"https:\/\/nitu.mx\/index.php\/2020\/03\/25\/covid-19-podria-causar-perdidas-de-alrededor-de-2400-millones-de-dolares-al-sector-turistico\/","name":"Covid-19 podr\u00eda causar p\u00e9rdidas de alrededor de 2,400 millones de d\u00f3lares al sector tur\u00edstico - Nitu - Noticias de la Industria Turistica","isPartOf":{"@id":"https:\/\/nitu.mx\/#website"},"primaryImageOfPage":{"@id":"https:\/\/nitu.mx\/index.php\/2020\/03\/25\/covid-19-podria-causar-perdidas-de-alrededor-de-2400-millones-de-dolares-al-sector-turistico\/#primaryimage"},"image":{"@id":"https:\/\/nitu.mx\/index.php\/2020\/03\/25\/covid-19-podria-causar-perdidas-de-alrededor-de-2400-millones-de-dolares-al-sector-turistico\/#primaryimage"},"thumbnailUrl":"https:\/\/nitu.mx\/wp-content\/uploads\/2020\/03\/Turismo-perdidas.jpg","datePublished":"2020-03-25T06:26:29+00:00","dateModified":"2020-03-25T07:07:11+00:00","breadcrumb":{"@id":"https:\/\/nitu.mx\/index.php\/2020\/03\/25\/covid-19-podria-causar-perdidas-de-alrededor-de-2400-millones-de-dolares-al-sector-turistico\/#breadcrumb"},"inLanguage":"es-MX","potentialAction":[{"@type":"ReadAction","target":["https:\/\/nitu.mx\/index.php\/2020\/03\/25\/covid-19-podria-causar-perdidas-de-alrededor-de-2400-millones-de-dolares-al-sector-turistico\/"]}]},{"@type":"ImageObject","inLanguage":"es-MX","@id":"https:\/\/nitu.mx\/index.php\/2020\/03\/25\/covid-19-podria-causar-perdidas-de-alrededor-de-2400-millones-de-dolares-al-sector-turistico\/#primaryimage","url":"https:\/\/nitu.mx\/wp-content\/uploads\/2020\/03\/Turismo-perdidas.jpg","contentUrl":"https:\/\/nitu.mx\/wp-content\/uploads\/2020\/03\/Turismo-perdidas.jpg","width":850,"height":480,"caption":"Covid Turismo perdidas"},{"@type":"BreadcrumbList","@id":"https:\/\/nitu.mx\/index.php\/2020\/03\/25\/covid-19-podria-causar-perdidas-de-alrededor-de-2400-millones-de-dolares-al-sector-turistico\/#breadcrumb","itemListElement":[{"@type":"ListItem","position":1,"name":"Inicio","item":"https:\/\/nitu.mx\/"},{"@type":"ListItem","position":2,"name":"Covid-19 podr\u00eda causar p\u00e9rdidas de alrededor de 2,400 millones de d\u00f3lares al sector tur\u00edstico"}]},{"@type":"WebSite","@id":"https:\/\/nitu.mx\/#website","url":"https:\/\/nitu.mx\/","name":"Nitu - Noticias de la Industria Turistica","description":"Noticias de la Industria Turistica","publisher":{"@id":"https:\/\/nitu.mx\/#\/schema\/person\/ae7a53426417292d3dd07b45a33e01bc"},"alternateName":"Noticias de la Industria Turistica","potentialAction":[{"@type":"SearchAction","target":{"@type":"EntryPoint","urlTemplate":"https:\/\/nitu.mx\/?s={search_term_string}"},"query-input":"required name=search_term_string"}],"inLanguage":"es-MX"},{"@type":["Person","Organization"],"@id":"https:\/\/nitu.mx\/#\/schema\/person\/ae7a53426417292d3dd07b45a33e01bc","name":"Arturo Medina","image":{"@type":"ImageObject","inLanguage":"es-MX","@id":"https:\/\/nitu.mx\/#\/schema\/person\/image\/","url":"https:\/\/nitu.mx\/wp-content\/uploads\/2024\/04\/4A315622-1904-4D5C-B022-878CDC840E04-90x90-1.jpeg","contentUrl":"https:\/\/nitu.mx\/wp-content\/uploads\/2024\/04\/4A315622-1904-4D5C-B022-878CDC840E04-90x90-1.jpeg","width":90,"height":90,"caption":"Arturo Medina"},"logo":{"@id":"https:\/\/nitu.mx\/#\/schema\/person\/image\/"},"description":"Director NITU.mx, Egresado de la Escuela de Periodismo Carlos Septi\u00e9n Garc\u00eda. Periodista y analista especializado en turismo desde hace 35 a\u00f1os, radicado en Canc\u00fan Q.Roo. arturo@nitu.mx","sameAs":["https:\/\/nitu.mx","https:\/\/www.facebook.com\/NITUmx\/","medinacancun","https:\/\/twitter.com\/@Arturo_Medina_G"]},{"@type":"Person","@id":"https:\/\/nitu.mx\/#\/schema\/person\/4a28fe9bd65924f7c90623773daf1b0b","name":"Redacci\u00f3n","image":{"@type":"ImageObject","inLanguage":"es-MX","@id":"https:\/\/nitu.mx\/#\/schema\/person\/image\/","url":"https:\/\/secure.gravatar.com\/avatar\/5dd011c8ccfc5cd7e4c81e42252aab38?s=96&d=mm&r=g","contentUrl":"https:\/\/secure.gravatar.com\/avatar\/5dd011c8ccfc5cd7e4c81e42252aab38?s=96&d=mm&r=g","caption":"Redacci\u00f3n"},"url":"https:\/\/nitu.mx\/index.php\/author\/redaccion\/"}]}},"views":273,"_links":{"self":[{"href":"https:\/\/nitu.mx\/index.php\/wp-json\/wp\/v2\/posts\/41306"}],"collection":[{"href":"https:\/\/nitu.mx\/index.php\/wp-json\/wp\/v2\/posts"}],"about":[{"href":"https:\/\/nitu.mx\/index.php\/wp-json\/wp\/v2\/types\/post"}],"author":[{"embeddable":true,"href":"https:\/\/nitu.mx\/index.php\/wp-json\/wp\/v2\/users\/17"}],"replies":[{"embeddable":true,"href":"https:\/\/nitu.mx\/index.php\/wp-json\/wp\/v2\/comments?post=41306"}],"version-history":[{"count":3,"href":"https:\/\/nitu.mx\/index.php\/wp-json\/wp\/v2\/posts\/41306\/revisions"}],"predecessor-version":[{"id":41340,"href":"https:\/\/nitu.mx\/index.php\/wp-json\/wp\/v2\/posts\/41306\/revisions\/41340"}],"wp:featuredmedia":[{"embeddable":true,"href":"https:\/\/nitu.mx\/index.php\/wp-json\/wp\/v2\/media\/41325"}],"wp:attachment":[{"href":"https:\/\/nitu.mx\/index.php\/wp-json\/wp\/v2\/media?parent=41306"}],"wp:term":[{"taxonomy":"category","embeddable":true,"href":"https:\/\/nitu.mx\/index.php\/wp-json\/wp\/v2\/categories?post=41306"},{"taxonomy":"post_tag","embeddable":true,"href":"https:\/\/nitu.mx\/index.php\/wp-json\/wp\/v2\/tags?post=41306"}],"curies":[{"name":"wp","href":"https:\/\/api.w.org\/{rel}","templated":true}]}}