{"id":41270,"date":"2020-03-24T01:27:43","date_gmt":"2020-03-24T06:27:43","guid":{"rendered":"https:\/\/www.dev.nitu.mx\/?p=41270"},"modified":"2020-03-24T01:38:48","modified_gmt":"2020-03-24T06:38:48","slug":"aeropuerto-internacional-de-cancun-en-extrema-precaucion-por-turistas-extranjeros","status":"publish","type":"post","link":"https:\/\/nitu.mx\/index.php\/2020\/03\/24\/aeropuerto-internacional-de-cancun-en-extrema-precaucion-por-turistas-extranjeros\/","title":{"rendered":"Aeropuerto Internacional de Canc\u00fan en extrema precauci\u00f3n por turistas extranjeros"},"content":{"rendered":"<p>El Aeropuerto Internacional de Canc\u00fan enfrenta momentos de alta tensi\u00f3n por la situaci\u00f3n de los pasajeros extranjeros que pretenden salir de M\u00e9xico para llegar a sus lugares de origen y evitar los cierres de fronteras que est\u00e1n decretando una gran cantidad de pa\u00edses.<\/p>\n<p>De acuerdo con informaci\u00f3n de Aeropuertos del Sureste (Asur), concesionaria de la terminal y ocho m\u00e1s en la regi\u00f3n, este domingo se programaron 485 operaciones, de las cuales, 333 son internacionales y 152 nacionales.<\/p>\n<p>Se trata de las operaciones que se hab\u00edan programado, pero de acuerdo con los reportes de la misma Asur, lo m\u00e1s probable es que no ocurran en ese n\u00famero por las cancelaciones de vuelos.<\/p>\n<p>Hasta el momento no se tiene un reporte oficial del total del vuelos cancelados por el cierre de fronteras, ni el promedio de ocupaci\u00f3n de los vuelos que llegan ni los que salen, aunque se calcula que los aviones despegan pr\u00e1cticamente llenos y los que aterrizan con muchos asientos vac\u00edos.<\/p>\n<p>En este momento, una gran cantidad de turistas se encuentran varados por la falta de los permisos de salidas y entradas al Aeropuerto Internacional de Canc\u00fan (AIC).<\/p>\n<p>Muchos vuelos han sido cancelados de entrada o salida debido a que los gobiernos de algunos pa\u00edses determinaron cierres parciales e incluso totales ante el peligro que, consideran, representa el Coronavirus Covid-19.<\/p>\n<p>La atenci\u00f3n se concentra en el interior de las Terminales 2, 3 y 4, del Aeropuerto Internacional de Canc\u00fan, por la presencia de cientos de turistas extranjeros, europeos y nacionales en espera de los pases de abordar que les permitan subirse a un avi\u00f3n y salir de la ciudad.<\/p>\n<p>En el caso de las llegadas al interior de las estaciones sigue la operaci\u00f3n de los filtros de seguridad que al pasar los pasajeros que llegan de otras entidades federativas captan la circulaci\u00f3n sangu\u00ednea o el estado de salud, su temperatura y detectar si son portadores del virus Covid-19. (Caribe empresarial)\u00a0<a title=\"Aeropuerto Internacional de Canc\u00fan mantiene actividad a\u00e9rea reforzada con filtros sanitarios\" href=\"https:\/\/www.dev.nitu.mx\/index.php\/2020\/03\/20\/aeropuerto-internacional-de-cancun-mantiene-actividad-aerea-reforzada-con-filtros-sanitarios\/\" rel=\"bookmark\">(Aeropuerto Internacional de Canc\u00fan mantiene actividad a\u00e9rea reforzada con filtros sanitarios<\/a>).<\/p>\n","protected":false},"excerpt":{"rendered":"<p>El Aeropuerto Internacional de Canc\u00fan enfrenta momentos de alta tensi\u00f3n por la situaci\u00f3n de los pasajeros extranjeros que pretenden salir de M\u00e9xico para llegar a sus lugares de origen y evitar los cierres de fronteras que est\u00e1n decretando una gran cantidad de pa\u00edses. De acuerdo con informaci\u00f3n de Aeropuertos del Sureste (Asur), concesionaria de la [&hellip;]<\/p>\n","protected":false},"author":17,"featured_media":40529,"comment_status":"open","ping_status":"open","sticky":false,"template":"","format":"standard","meta":{"footnotes":""},"categories":[18475,19057],"tags":[766,198,43,18906,19148,19147],"yoast_head":"<!-- This site is optimized with the Yoast SEO plugin v22.2 - https:\/\/yoast.com\/wordpress\/plugins\/seo\/ -->\n<title>Aeropuerto Internacional de Canc\u00fan en extrema precauci\u00f3n por turistas extranjeros - Nitu - Noticias de la Industria Turistica<\/title>\n<meta name=\"robots\" content=\"index, follow, max-snippet:-1, max-image-preview:large, max-video-preview:-1\" \/>\n<link rel=\"canonical\" href=\"https:\/\/nitu.mx\/index.php\/2020\/03\/24\/aeropuerto-internacional-de-cancun-en-extrema-precaucion-por-turistas-extranjeros\/\" \/>\n<meta name=\"twitter:card\" content=\"summary_large_image\" \/>\n<meta name=\"twitter:title\" content=\"Aeropuerto Internacional de Canc\u00fan en extrema precauci\u00f3n por turistas extranjeros - Nitu - Noticias de la Industria Turistica\" \/>\n<meta name=\"twitter:description\" content=\"El Aeropuerto Internacional de Canc\u00fan enfrenta momentos de alta tensi\u00f3n por la situaci\u00f3n de los pasajeros extranjeros que pretenden salir de M\u00e9xico para llegar a sus lugares de origen y evitar los cierres de fronteras que est\u00e1n decretando una gran cantidad de pa\u00edses. De acuerdo con informaci\u00f3n de Aeropuertos del Sureste (Asur), concesionaria de la [&hellip;]\" \/>\n<meta name=\"twitter:image\" content=\"https:\/\/nitu.mx\/wp-content\/uploads\/2020\/03\/Aeropuerto-Cancun-Coronavirus.jpg\" \/>\n<meta name=\"twitter:creator\" content=\"@NITUmx\" \/>\n<meta name=\"twitter:site\" content=\"@Arturo_Medina_G\" \/>\n<meta name=\"twitter:label1\" content=\"Escrito por\" \/>\n\t<meta name=\"twitter:data1\" content=\"Redacci\u00f3n\" \/>\n\t<meta name=\"twitter:label2\" content=\"Tiempo de lectura\" \/>\n\t<meta name=\"twitter:data2\" content=\"2 minutos\" \/>\n<script type=\"application\/ld+json\" class=\"yoast-schema-graph\">{\"@context\":\"https:\/\/schema.org\",\"@graph\":[{\"@type\":\"Article\",\"@id\":\"https:\/\/nitu.mx\/index.php\/2020\/03\/24\/aeropuerto-internacional-de-cancun-en-extrema-precaucion-por-turistas-extranjeros\/#article\",\"isPartOf\":{\"@id\":\"https:\/\/nitu.mx\/index.php\/2020\/03\/24\/aeropuerto-internacional-de-cancun-en-extrema-precaucion-por-turistas-extranjeros\/\"},\"author\":{\"name\":\"Redacci\u00f3n\",\"@id\":\"https:\/\/nitu.mx\/#\/schema\/person\/4a28fe9bd65924f7c90623773daf1b0b\"},\"headline\":\"Aeropuerto Internacional de Canc\u00fan en extrema precauci\u00f3n por turistas extranjeros\",\"datePublished\":\"2020-03-24T06:27:43+00:00\",\"dateModified\":\"2020-03-24T06:38:48+00:00\",\"mainEntityOfPage\":{\"@id\":\"https:\/\/nitu.mx\/index.php\/2020\/03\/24\/aeropuerto-internacional-de-cancun-en-extrema-precaucion-por-turistas-extranjeros\/\"},\"wordCount\":362,\"commentCount\":0,\"publisher\":{\"@id\":\"https:\/\/nitu.mx\/#\/schema\/person\/ae7a53426417292d3dd07b45a33e01bc\"},\"image\":{\"@id\":\"https:\/\/nitu.mx\/index.php\/2020\/03\/24\/aeropuerto-internacional-de-cancun-en-extrema-precaucion-por-turistas-extranjeros\/#primaryimage\"},\"thumbnailUrl\":\"https:\/\/nitu.mx\/wp-content\/uploads\/2020\/03\/Aeropuerto-Cancun-Coronavirus.jpg\",\"keywords\":[\"Aeropuerto Internacional de Canc\u00fan\",\"ASUR\",\"Canc\u00fan\",\"Covid-19\",\"Pasajeros extranjeros\",\"turistas extranjeros Aeropuerto\"],\"articleSection\":[\"Caribe Mexicano\",\"COVID-19 CORONAVIRUS\"],\"inLanguage\":\"es-MX\",\"potentialAction\":[{\"@type\":\"CommentAction\",\"name\":\"Comment\",\"target\":[\"https:\/\/nitu.mx\/index.php\/2020\/03\/24\/aeropuerto-internacional-de-cancun-en-extrema-precaucion-por-turistas-extranjeros\/#respond\"]}]},{\"@type\":\"WebPage\",\"@id\":\"https:\/\/nitu.mx\/index.php\/2020\/03\/24\/aeropuerto-internacional-de-cancun-en-extrema-precaucion-por-turistas-extranjeros\/\",\"url\":\"https:\/\/nitu.mx\/index.php\/2020\/03\/24\/aeropuerto-internacional-de-cancun-en-extrema-precaucion-por-turistas-extranjeros\/\",\"name\":\"Aeropuerto Internacional de Canc\u00fan en extrema precauci\u00f3n por turistas extranjeros - Nitu - Noticias de la Industria Turistica\",\"isPartOf\":{\"@id\":\"https:\/\/nitu.mx\/#website\"},\"primaryImageOfPage\":{\"@id\":\"https:\/\/nitu.mx\/index.php\/2020\/03\/24\/aeropuerto-internacional-de-cancun-en-extrema-precaucion-por-turistas-extranjeros\/#primaryimage\"},\"image\":{\"@id\":\"https:\/\/nitu.mx\/index.php\/2020\/03\/24\/aeropuerto-internacional-de-cancun-en-extrema-precaucion-por-turistas-extranjeros\/#primaryimage\"},\"thumbnailUrl\":\"https:\/\/nitu.mx\/wp-content\/uploads\/2020\/03\/Aeropuerto-Cancun-Coronavirus.jpg\",\"datePublished\":\"2020-03-24T06:27:43+00:00\",\"dateModified\":\"2020-03-24T06:38:48+00:00\",\"breadcrumb\":{\"@id\":\"https:\/\/nitu.mx\/index.php\/2020\/03\/24\/aeropuerto-internacional-de-cancun-en-extrema-precaucion-por-turistas-extranjeros\/#breadcrumb\"},\"inLanguage\":\"es-MX\",\"potentialAction\":[{\"@type\":\"ReadAction\",\"target\":[\"https:\/\/nitu.mx\/index.php\/2020\/03\/24\/aeropuerto-internacional-de-cancun-en-extrema-precaucion-por-turistas-extranjeros\/\"]}]},{\"@type\":\"ImageObject\",\"inLanguage\":\"es-MX\",\"@id\":\"https:\/\/nitu.mx\/index.php\/2020\/03\/24\/aeropuerto-internacional-de-cancun-en-extrema-precaucion-por-turistas-extranjeros\/#primaryimage\",\"url\":\"https:\/\/nitu.mx\/wp-content\/uploads\/2020\/03\/Aeropuerto-Cancun-Coronavirus.jpg\",\"contentUrl\":\"https:\/\/nitu.mx\/wp-content\/uploads\/2020\/03\/Aeropuerto-Cancun-Coronavirus.jpg\",\"width\":850,\"height\":480,\"caption\":\"Aeropuerto Internacional de Cancun Coronavirus\"},{\"@type\":\"BreadcrumbList\",\"@id\":\"https:\/\/nitu.mx\/index.php\/2020\/03\/24\/aeropuerto-internacional-de-cancun-en-extrema-precaucion-por-turistas-extranjeros\/#breadcrumb\",\"itemListElement\":[{\"@type\":\"ListItem\",\"position\":1,\"name\":\"Inicio\",\"item\":\"https:\/\/nitu.mx\/\"},{\"@type\":\"ListItem\",\"position\":2,\"name\":\"Aeropuerto Internacional de Canc\u00fan en extrema precauci\u00f3n por turistas extranjeros\"}]},{\"@type\":\"WebSite\",\"@id\":\"https:\/\/nitu.mx\/#website\",\"url\":\"https:\/\/nitu.mx\/\",\"name\":\"Nitu - Noticias de la Industria Turistica\",\"description\":\"Noticias de la Industria Turistica\",\"publisher\":{\"@id\":\"https:\/\/nitu.mx\/#\/schema\/person\/ae7a53426417292d3dd07b45a33e01bc\"},\"alternateName\":\"Noticias de la Industria Turistica\",\"potentialAction\":[{\"@type\":\"SearchAction\",\"target\":{\"@type\":\"EntryPoint\",\"urlTemplate\":\"https:\/\/nitu.mx\/?s={search_term_string}\"},\"query-input\":\"required name=search_term_string\"}],\"inLanguage\":\"es-MX\"},{\"@type\":[\"Person\",\"Organization\"],\"@id\":\"https:\/\/nitu.mx\/#\/schema\/person\/ae7a53426417292d3dd07b45a33e01bc\",\"name\":\"Arturo Medina\",\"image\":{\"@type\":\"ImageObject\",\"inLanguage\":\"es-MX\",\"@id\":\"https:\/\/nitu.mx\/#\/schema\/person\/image\/\",\"url\":\"https:\/\/nitu.mx\/wp-content\/uploads\/2024\/04\/4A315622-1904-4D5C-B022-878CDC840E04-90x90-1.jpeg\",\"contentUrl\":\"https:\/\/nitu.mx\/wp-content\/uploads\/2024\/04\/4A315622-1904-4D5C-B022-878CDC840E04-90x90-1.jpeg\",\"width\":90,\"height\":90,\"caption\":\"Arturo Medina\"},\"logo\":{\"@id\":\"https:\/\/nitu.mx\/#\/schema\/person\/image\/\"},\"description\":\"Director NITU.mx, Egresado de la Escuela de Periodismo Carlos Septi\u00e9n Garc\u00eda. Periodista y analista especializado en turismo desde hace 35 a\u00f1os, radicado en Canc\u00fan Q.Roo. arturo@nitu.mx\",\"sameAs\":[\"https:\/\/nitu.mx\",\"https:\/\/www.facebook.com\/NITUmx\/\",\"medinacancun\",\"https:\/\/twitter.com\/@Arturo_Medina_G\"]},{\"@type\":\"Person\",\"@id\":\"https:\/\/nitu.mx\/#\/schema\/person\/4a28fe9bd65924f7c90623773daf1b0b\",\"name\":\"Redacci\u00f3n\",\"image\":{\"@type\":\"ImageObject\",\"inLanguage\":\"es-MX\",\"@id\":\"https:\/\/nitu.mx\/#\/schema\/person\/image\/\",\"url\":\"https:\/\/secure.gravatar.com\/avatar\/5dd011c8ccfc5cd7e4c81e42252aab38?s=96&d=mm&r=g\",\"contentUrl\":\"https:\/\/secure.gravatar.com\/avatar\/5dd011c8ccfc5cd7e4c81e42252aab38?s=96&d=mm&r=g\",\"caption\":\"Redacci\u00f3n\"},\"url\":\"https:\/\/nitu.mx\/index.php\/author\/redaccion\/\"}]}<\/script>\n<!-- \/ Yoast SEO plugin. -->","yoast_head_json":{"title":"Aeropuerto Internacional de Canc\u00fan en extrema precauci\u00f3n por turistas extranjeros - Nitu - Noticias de la Industria Turistica","robots":{"index":"index","follow":"follow","max-snippet":"max-snippet:-1","max-image-preview":"max-image-preview:large","max-video-preview":"max-video-preview:-1"},"canonical":"https:\/\/nitu.mx\/index.php\/2020\/03\/24\/aeropuerto-internacional-de-cancun-en-extrema-precaucion-por-turistas-extranjeros\/","twitter_card":"summary_large_image","twitter_title":"Aeropuerto Internacional de Canc\u00fan en extrema precauci\u00f3n por turistas extranjeros - Nitu - Noticias de la Industria Turistica","twitter_description":"El Aeropuerto Internacional de Canc\u00fan enfrenta momentos de alta tensi\u00f3n por la situaci\u00f3n de los pasajeros extranjeros que pretenden salir de M\u00e9xico para llegar a sus lugares de origen y evitar los cierres de fronteras que est\u00e1n decretando una gran cantidad de pa\u00edses. De acuerdo con informaci\u00f3n de Aeropuertos del Sureste (Asur), concesionaria de la [&hellip;]","twitter_image":"https:\/\/nitu.mx\/wp-content\/uploads\/2020\/03\/Aeropuerto-Cancun-Coronavirus.jpg","twitter_creator":"@NITUmx","twitter_site":"@Arturo_Medina_G","twitter_misc":{"Escrito por":"Redacci\u00f3n","Tiempo de lectura":"2 minutos"},"schema":{"@context":"https:\/\/schema.org","@graph":[{"@type":"Article","@id":"https:\/\/nitu.mx\/index.php\/2020\/03\/24\/aeropuerto-internacional-de-cancun-en-extrema-precaucion-por-turistas-extranjeros\/#article","isPartOf":{"@id":"https:\/\/nitu.mx\/index.php\/2020\/03\/24\/aeropuerto-internacional-de-cancun-en-extrema-precaucion-por-turistas-extranjeros\/"},"author":{"name":"Redacci\u00f3n","@id":"https:\/\/nitu.mx\/#\/schema\/person\/4a28fe9bd65924f7c90623773daf1b0b"},"headline":"Aeropuerto Internacional de Canc\u00fan en extrema precauci\u00f3n por turistas extranjeros","datePublished":"2020-03-24T06:27:43+00:00","dateModified":"2020-03-24T06:38:48+00:00","mainEntityOfPage":{"@id":"https:\/\/nitu.mx\/index.php\/2020\/03\/24\/aeropuerto-internacional-de-cancun-en-extrema-precaucion-por-turistas-extranjeros\/"},"wordCount":362,"commentCount":0,"publisher":{"@id":"https:\/\/nitu.mx\/#\/schema\/person\/ae7a53426417292d3dd07b45a33e01bc"},"image":{"@id":"https:\/\/nitu.mx\/index.php\/2020\/03\/24\/aeropuerto-internacional-de-cancun-en-extrema-precaucion-por-turistas-extranjeros\/#primaryimage"},"thumbnailUrl":"https:\/\/nitu.mx\/wp-content\/uploads\/2020\/03\/Aeropuerto-Cancun-Coronavirus.jpg","keywords":["Aeropuerto Internacional de Canc\u00fan","ASUR","Canc\u00fan","Covid-19","Pasajeros extranjeros","turistas extranjeros Aeropuerto"],"articleSection":["Caribe Mexicano","COVID-19 CORONAVIRUS"],"inLanguage":"es-MX","potentialAction":[{"@type":"CommentAction","name":"Comment","target":["https:\/\/nitu.mx\/index.php\/2020\/03\/24\/aeropuerto-internacional-de-cancun-en-extrema-precaucion-por-turistas-extranjeros\/#respond"]}]},{"@type":"WebPage","@id":"https:\/\/nitu.mx\/index.php\/2020\/03\/24\/aeropuerto-internacional-de-cancun-en-extrema-precaucion-por-turistas-extranjeros\/","url":"https:\/\/nitu.mx\/index.php\/2020\/03\/24\/aeropuerto-internacional-de-cancun-en-extrema-precaucion-por-turistas-extranjeros\/","name":"Aeropuerto Internacional de Canc\u00fan en extrema precauci\u00f3n por turistas extranjeros - Nitu - Noticias de la Industria Turistica","isPartOf":{"@id":"https:\/\/nitu.mx\/#website"},"primaryImageOfPage":{"@id":"https:\/\/nitu.mx\/index.php\/2020\/03\/24\/aeropuerto-internacional-de-cancun-en-extrema-precaucion-por-turistas-extranjeros\/#primaryimage"},"image":{"@id":"https:\/\/nitu.mx\/index.php\/2020\/03\/24\/aeropuerto-internacional-de-cancun-en-extrema-precaucion-por-turistas-extranjeros\/#primaryimage"},"thumbnailUrl":"https:\/\/nitu.mx\/wp-content\/uploads\/2020\/03\/Aeropuerto-Cancun-Coronavirus.jpg","datePublished":"2020-03-24T06:27:43+00:00","dateModified":"2020-03-24T06:38:48+00:00","breadcrumb":{"@id":"https:\/\/nitu.mx\/index.php\/2020\/03\/24\/aeropuerto-internacional-de-cancun-en-extrema-precaucion-por-turistas-extranjeros\/#breadcrumb"},"inLanguage":"es-MX","potentialAction":[{"@type":"ReadAction","target":["https:\/\/nitu.mx\/index.php\/2020\/03\/24\/aeropuerto-internacional-de-cancun-en-extrema-precaucion-por-turistas-extranjeros\/"]}]},{"@type":"ImageObject","inLanguage":"es-MX","@id":"https:\/\/nitu.mx\/index.php\/2020\/03\/24\/aeropuerto-internacional-de-cancun-en-extrema-precaucion-por-turistas-extranjeros\/#primaryimage","url":"https:\/\/nitu.mx\/wp-content\/uploads\/2020\/03\/Aeropuerto-Cancun-Coronavirus.jpg","contentUrl":"https:\/\/nitu.mx\/wp-content\/uploads\/2020\/03\/Aeropuerto-Cancun-Coronavirus.jpg","width":850,"height":480,"caption":"Aeropuerto Internacional de Cancun Coronavirus"},{"@type":"BreadcrumbList","@id":"https:\/\/nitu.mx\/index.php\/2020\/03\/24\/aeropuerto-internacional-de-cancun-en-extrema-precaucion-por-turistas-extranjeros\/#breadcrumb","itemListElement":[{"@type":"ListItem","position":1,"name":"Inicio","item":"https:\/\/nitu.mx\/"},{"@type":"ListItem","position":2,"name":"Aeropuerto Internacional de Canc\u00fan en extrema precauci\u00f3n por turistas extranjeros"}]},{"@type":"WebSite","@id":"https:\/\/nitu.mx\/#website","url":"https:\/\/nitu.mx\/","name":"Nitu - Noticias de la Industria Turistica","description":"Noticias de la Industria Turistica","publisher":{"@id":"https:\/\/nitu.mx\/#\/schema\/person\/ae7a53426417292d3dd07b45a33e01bc"},"alternateName":"Noticias de la Industria Turistica","potentialAction":[{"@type":"SearchAction","target":{"@type":"EntryPoint","urlTemplate":"https:\/\/nitu.mx\/?s={search_term_string}"},"query-input":"required name=search_term_string"}],"inLanguage":"es-MX"},{"@type":["Person","Organization"],"@id":"https:\/\/nitu.mx\/#\/schema\/person\/ae7a53426417292d3dd07b45a33e01bc","name":"Arturo Medina","image":{"@type":"ImageObject","inLanguage":"es-MX","@id":"https:\/\/nitu.mx\/#\/schema\/person\/image\/","url":"https:\/\/nitu.mx\/wp-content\/uploads\/2024\/04\/4A315622-1904-4D5C-B022-878CDC840E04-90x90-1.jpeg","contentUrl":"https:\/\/nitu.mx\/wp-content\/uploads\/2024\/04\/4A315622-1904-4D5C-B022-878CDC840E04-90x90-1.jpeg","width":90,"height":90,"caption":"Arturo Medina"},"logo":{"@id":"https:\/\/nitu.mx\/#\/schema\/person\/image\/"},"description":"Director NITU.mx, Egresado de la Escuela de Periodismo Carlos Septi\u00e9n Garc\u00eda. Periodista y analista especializado en turismo desde hace 35 a\u00f1os, radicado en Canc\u00fan Q.Roo. arturo@nitu.mx","sameAs":["https:\/\/nitu.mx","https:\/\/www.facebook.com\/NITUmx\/","medinacancun","https:\/\/twitter.com\/@Arturo_Medina_G"]},{"@type":"Person","@id":"https:\/\/nitu.mx\/#\/schema\/person\/4a28fe9bd65924f7c90623773daf1b0b","name":"Redacci\u00f3n","image":{"@type":"ImageObject","inLanguage":"es-MX","@id":"https:\/\/nitu.mx\/#\/schema\/person\/image\/","url":"https:\/\/secure.gravatar.com\/avatar\/5dd011c8ccfc5cd7e4c81e42252aab38?s=96&d=mm&r=g","contentUrl":"https:\/\/secure.gravatar.com\/avatar\/5dd011c8ccfc5cd7e4c81e42252aab38?s=96&d=mm&r=g","caption":"Redacci\u00f3n"},"url":"https:\/\/nitu.mx\/index.php\/author\/redaccion\/"}]}},"views":771,"_links":{"self":[{"href":"https:\/\/nitu.mx\/index.php\/wp-json\/wp\/v2\/posts\/41270"}],"collection":[{"href":"https:\/\/nitu.mx\/index.php\/wp-json\/wp\/v2\/posts"}],"about":[{"href":"https:\/\/nitu.mx\/index.php\/wp-json\/wp\/v2\/types\/post"}],"author":[{"embeddable":true,"href":"https:\/\/nitu.mx\/index.php\/wp-json\/wp\/v2\/users\/17"}],"replies":[{"embeddable":true,"href":"https:\/\/nitu.mx\/index.php\/wp-json\/wp\/v2\/comments?post=41270"}],"version-history":[{"count":2,"href":"https:\/\/nitu.mx\/index.php\/wp-json\/wp\/v2\/posts\/41270\/revisions"}],"predecessor-version":[{"id":41285,"href":"https:\/\/nitu.mx\/index.php\/wp-json\/wp\/v2\/posts\/41270\/revisions\/41285"}],"wp:featuredmedia":[{"embeddable":true,"href":"https:\/\/nitu.mx\/index.php\/wp-json\/wp\/v2\/media\/40529"}],"wp:attachment":[{"href":"https:\/\/nitu.mx\/index.php\/wp-json\/wp\/v2\/media?parent=41270"}],"wp:term":[{"taxonomy":"category","embeddable":true,"href":"https:\/\/nitu.mx\/index.php\/wp-json\/wp\/v2\/categories?post=41270"},{"taxonomy":"post_tag","embeddable":true,"href":"https:\/\/nitu.mx\/index.php\/wp-json\/wp\/v2\/tags?post=41270"}],"curies":[{"name":"wp","href":"https:\/\/api.w.org\/{rel}","templated":true}]}}