{"id":4124,"date":"2016-11-17T23:59:59","date_gmt":"2016-11-18T04:59:59","guid":{"rendered":"http:\/\/www.dev.nitu.mx\/?p=4124"},"modified":"2016-11-18T01:53:17","modified_gmt":"2016-11-18T06:53:17","slug":"united-airlines-recibe-galardon-camara-comercio-mexico-estados-unidos","status":"publish","type":"post","link":"https:\/\/nitu.mx\/index.php\/2016\/11\/17\/united-airlines-recibe-galardon-camara-comercio-mexico-estados-unidos\/","title":{"rendered":"United Airlines recibe galard\u00f3n de C\u00e1mara de Comercio M\u00e9xico-EEUU"},"content":{"rendered":"<p>La C\u00e1mara de Comercio M\u00e9xico-Estados Unidos, en su cap\u00edtulo Mid-Am\u00e9rica, otorg\u00f3 a United Airlines el Reconocimiento Doble \u00c1guila, que reconoce a aquellas empresas que tienen un s\u00f3lido compromiso con el fortalecimiento de las relaciones entre ambos pa\u00edses.<\/p>\n<p>La aerol\u00ednea estadounidense es l\u00edder y pionera en la apertura de rutas internacionales entre los Estados Unidos y M\u00e9xico. En los \u00faltimos 15 a\u00f1os, United Airlines ha mostrado un crecimiento significativo, al pasar de ocho a 25 destinos en nuestro pa\u00eds, a donde vuela actualmente, sin escalas, m\u00e1s que cualquier otra l\u00ednea a\u00e9rea estadounidense.<\/p>\n<p>La l\u00ednea a\u00e9rea llega a ciudades como Aguascalientes, Le\u00f3n, Puebla, Quer\u00e9taro, Tampico, Torre\u00f3n entre otras; y sigue explorando otros destinos en la b\u00fasqueda de nuevos mercados y oportunidades, adem\u00e1s de consolidar las ya existentes.<\/p>\n<p>El galard\u00f3n fue recibido, a nombre de la aerol\u00ednea, por su presidente y director ejecutivo Oscar Munoz, quien destac\u00f3 que la relaci\u00f3n entre ambas naciones debe entenderse desde el nombre \u201cUnidos\u201d, estamos orgullosos del papel de liderazgo que desempe\u00f1amos en el mantenimiento de esta sobresaliente asociaci\u00f3n y en cultivar nuestros lazos culturales, hist\u00f3ricos y comerciales.\u201d coment\u00f3 Munoz\u00a0.<\/p>\n<p>Agreg\u00f3 que \u201cEse legado contin\u00faa hoy, m\u00e1s fuerte que nunca. Nuestro servicio en M\u00e9xico estimula el comercio, el turismo, las visitas culturales, los intercambios educativos y, por supuesto, sabemos lo importante que es mantener las familias conectadas\u201d. Resalt\u00f3 que la compa\u00f1\u00eda que preside, tiene un gran compromiso con M\u00e9xico, integrando su red de rutas y con proyecci\u00f3n a largo plazo.<\/p>\n","protected":false},"excerpt":{"rendered":"<p>La C\u00e1mara de Comercio M\u00e9xico-Estados Unidos, en su cap\u00edtulo Mid-Am\u00e9rica, otorg\u00f3 a United Airlines el Reconocimiento Doble \u00c1guila, que reconoce a aquellas empresas que tienen un s\u00f3lido compromiso con el fortalecimiento de las relaciones entre ambos pa\u00edses. La aerol\u00ednea estadounidense es l\u00edder y pionera en la apertura de rutas internacionales entre los Estados Unidos y [&hellip;]<\/p>\n","protected":false},"author":17,"featured_media":4129,"comment_status":"open","ping_status":"open","sticky":false,"template":"","format":"standard","meta":{"footnotes":""},"categories":[29,7],"tags":[1368,1823,1822,854],"yoast_head":"<!-- This site is optimized with the Yoast SEO plugin v22.2 - https:\/\/yoast.com\/wordpress\/plugins\/seo\/ -->\n<title>United Airlines recibe galard\u00f3n de C\u00e1mara de Comercio M\u00e9xico-EEUU - Nitu - Noticias de la Industria Turistica<\/title>\n<meta name=\"robots\" content=\"index, follow, max-snippet:-1, max-image-preview:large, max-video-preview:-1\" \/>\n<link rel=\"canonical\" href=\"https:\/\/nitu.mx\/index.php\/2016\/11\/17\/united-airlines-recibe-galardon-camara-comercio-mexico-estados-unidos\/\" \/>\n<meta name=\"twitter:card\" content=\"summary_large_image\" \/>\n<meta name=\"twitter:title\" content=\"United Airlines recibe galard\u00f3n de C\u00e1mara de Comercio M\u00e9xico-EEUU - Nitu - Noticias de la Industria Turistica\" \/>\n<meta name=\"twitter:description\" content=\"La C\u00e1mara de Comercio M\u00e9xico-Estados Unidos, en su cap\u00edtulo Mid-Am\u00e9rica, otorg\u00f3 a United Airlines el Reconocimiento Doble \u00c1guila, que reconoce a aquellas empresas que tienen un s\u00f3lido compromiso con el fortalecimiento de las relaciones entre ambos pa\u00edses. La aerol\u00ednea estadounidense es l\u00edder y pionera en la apertura de rutas internacionales entre los Estados Unidos y [&hellip;]\" \/>\n<meta name=\"twitter:image\" content=\"https:\/\/nitu.mx\/wp-content\/uploads\/2016\/11\/oscar-munoz-united.jpg\" \/>\n<meta name=\"twitter:creator\" content=\"@NITUmx\" \/>\n<meta name=\"twitter:site\" content=\"@Arturo_Medina_G\" \/>\n<meta name=\"twitter:label1\" content=\"Escrito por\" \/>\n\t<meta name=\"twitter:data1\" content=\"Redacci\u00f3n\" \/>\n\t<meta name=\"twitter:label2\" content=\"Tiempo de lectura\" \/>\n\t<meta name=\"twitter:data2\" content=\"1 minuto\" \/>\n<script type=\"application\/ld+json\" class=\"yoast-schema-graph\">{\"@context\":\"https:\/\/schema.org\",\"@graph\":[{\"@type\":\"Article\",\"@id\":\"https:\/\/nitu.mx\/index.php\/2016\/11\/17\/united-airlines-recibe-galardon-camara-comercio-mexico-estados-unidos\/#article\",\"isPartOf\":{\"@id\":\"https:\/\/nitu.mx\/index.php\/2016\/11\/17\/united-airlines-recibe-galardon-camara-comercio-mexico-estados-unidos\/\"},\"author\":{\"name\":\"Redacci\u00f3n\",\"@id\":\"https:\/\/nitu.mx\/#\/schema\/person\/4a28fe9bd65924f7c90623773daf1b0b\"},\"headline\":\"United Airlines recibe galard\u00f3n de C\u00e1mara de Comercio M\u00e9xico-EEUU\",\"datePublished\":\"2016-11-18T04:59:59+00:00\",\"dateModified\":\"2016-11-18T06:53:17+00:00\",\"mainEntityOfPage\":{\"@id\":\"https:\/\/nitu.mx\/index.php\/2016\/11\/17\/united-airlines-recibe-galardon-camara-comercio-mexico-estados-unidos\/\"},\"wordCount\":285,\"commentCount\":0,\"publisher\":{\"@id\":\"https:\/\/nitu.mx\/#\/schema\/person\/ae7a53426417292d3dd07b45a33e01bc\"},\"image\":{\"@id\":\"https:\/\/nitu.mx\/index.php\/2016\/11\/17\/united-airlines-recibe-galardon-camara-comercio-mexico-estados-unidos\/#primaryimage\"},\"thumbnailUrl\":\"https:\/\/nitu.mx\/wp-content\/uploads\/2016\/11\/oscar-munoz-united.jpg\",\"keywords\":[\"C\u00e1mara de Comercio\",\"Doble \u00c1guila\",\"Oscar Munoz\",\"United Airlines\"],\"articleSection\":[\"Aerol\u00edneas\",\"Estados Unidos\"],\"inLanguage\":\"es-MX\",\"potentialAction\":[{\"@type\":\"CommentAction\",\"name\":\"Comment\",\"target\":[\"https:\/\/nitu.mx\/index.php\/2016\/11\/17\/united-airlines-recibe-galardon-camara-comercio-mexico-estados-unidos\/#respond\"]}]},{\"@type\":\"WebPage\",\"@id\":\"https:\/\/nitu.mx\/index.php\/2016\/11\/17\/united-airlines-recibe-galardon-camara-comercio-mexico-estados-unidos\/\",\"url\":\"https:\/\/nitu.mx\/index.php\/2016\/11\/17\/united-airlines-recibe-galardon-camara-comercio-mexico-estados-unidos\/\",\"name\":\"United Airlines recibe galard\u00f3n de C\u00e1mara de Comercio M\u00e9xico-EEUU - Nitu - Noticias de la Industria Turistica\",\"isPartOf\":{\"@id\":\"https:\/\/nitu.mx\/#website\"},\"primaryImageOfPage\":{\"@id\":\"https:\/\/nitu.mx\/index.php\/2016\/11\/17\/united-airlines-recibe-galardon-camara-comercio-mexico-estados-unidos\/#primaryimage\"},\"image\":{\"@id\":\"https:\/\/nitu.mx\/index.php\/2016\/11\/17\/united-airlines-recibe-galardon-camara-comercio-mexico-estados-unidos\/#primaryimage\"},\"thumbnailUrl\":\"https:\/\/nitu.mx\/wp-content\/uploads\/2016\/11\/oscar-munoz-united.jpg\",\"datePublished\":\"2016-11-18T04:59:59+00:00\",\"dateModified\":\"2016-11-18T06:53:17+00:00\",\"breadcrumb\":{\"@id\":\"https:\/\/nitu.mx\/index.php\/2016\/11\/17\/united-airlines-recibe-galardon-camara-comercio-mexico-estados-unidos\/#breadcrumb\"},\"inLanguage\":\"es-MX\",\"potentialAction\":[{\"@type\":\"ReadAction\",\"target\":[\"https:\/\/nitu.mx\/index.php\/2016\/11\/17\/united-airlines-recibe-galardon-camara-comercio-mexico-estados-unidos\/\"]}]},{\"@type\":\"ImageObject\",\"inLanguage\":\"es-MX\",\"@id\":\"https:\/\/nitu.mx\/index.php\/2016\/11\/17\/united-airlines-recibe-galardon-camara-comercio-mexico-estados-unidos\/#primaryimage\",\"url\":\"https:\/\/nitu.mx\/wp-content\/uploads\/2016\/11\/oscar-munoz-united.jpg\",\"contentUrl\":\"https:\/\/nitu.mx\/wp-content\/uploads\/2016\/11\/oscar-munoz-united.jpg\",\"width\":1428,\"height\":856,\"caption\":\"oscar munoz united\"},{\"@type\":\"BreadcrumbList\",\"@id\":\"https:\/\/nitu.mx\/index.php\/2016\/11\/17\/united-airlines-recibe-galardon-camara-comercio-mexico-estados-unidos\/#breadcrumb\",\"itemListElement\":[{\"@type\":\"ListItem\",\"position\":1,\"name\":\"Inicio\",\"item\":\"https:\/\/nitu.mx\/\"},{\"@type\":\"ListItem\",\"position\":2,\"name\":\"United Airlines recibe galard\u00f3n de C\u00e1mara de Comercio M\u00e9xico-EEUU\"}]},{\"@type\":\"WebSite\",\"@id\":\"https:\/\/nitu.mx\/#website\",\"url\":\"https:\/\/nitu.mx\/\",\"name\":\"Nitu - Noticias de la Industria Turistica\",\"description\":\"Noticias de la Industria Turistica\",\"publisher\":{\"@id\":\"https:\/\/nitu.mx\/#\/schema\/person\/ae7a53426417292d3dd07b45a33e01bc\"},\"alternateName\":\"Noticias de la Industria Turistica\",\"potentialAction\":[{\"@type\":\"SearchAction\",\"target\":{\"@type\":\"EntryPoint\",\"urlTemplate\":\"https:\/\/nitu.mx\/?s={search_term_string}\"},\"query-input\":\"required name=search_term_string\"}],\"inLanguage\":\"es-MX\"},{\"@type\":[\"Person\",\"Organization\"],\"@id\":\"https:\/\/nitu.mx\/#\/schema\/person\/ae7a53426417292d3dd07b45a33e01bc\",\"name\":\"Arturo Medina\",\"image\":{\"@type\":\"ImageObject\",\"inLanguage\":\"es-MX\",\"@id\":\"https:\/\/nitu.mx\/#\/schema\/person\/image\/\",\"url\":\"https:\/\/nitu.mx\/wp-content\/uploads\/2024\/04\/4A315622-1904-4D5C-B022-878CDC840E04-90x90-1.jpeg\",\"contentUrl\":\"https:\/\/nitu.mx\/wp-content\/uploads\/2024\/04\/4A315622-1904-4D5C-B022-878CDC840E04-90x90-1.jpeg\",\"width\":90,\"height\":90,\"caption\":\"Arturo Medina\"},\"logo\":{\"@id\":\"https:\/\/nitu.mx\/#\/schema\/person\/image\/\"},\"description\":\"Director NITU.mx, Egresado de la Escuela de Periodismo Carlos Septi\u00e9n Garc\u00eda. Periodista y analista especializado en turismo desde hace 35 a\u00f1os, radicado en Canc\u00fan Q.Roo. arturo@nitu.mx\",\"sameAs\":[\"https:\/\/nitu.mx\",\"https:\/\/www.facebook.com\/NITUmx\/\",\"medinacancun\",\"https:\/\/twitter.com\/@Arturo_Medina_G\"]},{\"@type\":\"Person\",\"@id\":\"https:\/\/nitu.mx\/#\/schema\/person\/4a28fe9bd65924f7c90623773daf1b0b\",\"name\":\"Redacci\u00f3n\",\"image\":{\"@type\":\"ImageObject\",\"inLanguage\":\"es-MX\",\"@id\":\"https:\/\/nitu.mx\/#\/schema\/person\/image\/\",\"url\":\"https:\/\/secure.gravatar.com\/avatar\/5dd011c8ccfc5cd7e4c81e42252aab38?s=96&d=mm&r=g\",\"contentUrl\":\"https:\/\/secure.gravatar.com\/avatar\/5dd011c8ccfc5cd7e4c81e42252aab38?s=96&d=mm&r=g\",\"caption\":\"Redacci\u00f3n\"},\"url\":\"https:\/\/nitu.mx\/index.php\/author\/redaccion\/\"}]}<\/script>\n<!-- \/ Yoast SEO plugin. -->","yoast_head_json":{"title":"United Airlines recibe galard\u00f3n de C\u00e1mara de Comercio M\u00e9xico-EEUU - Nitu - Noticias de la Industria Turistica","robots":{"index":"index","follow":"follow","max-snippet":"max-snippet:-1","max-image-preview":"max-image-preview:large","max-video-preview":"max-video-preview:-1"},"canonical":"https:\/\/nitu.mx\/index.php\/2016\/11\/17\/united-airlines-recibe-galardon-camara-comercio-mexico-estados-unidos\/","twitter_card":"summary_large_image","twitter_title":"United Airlines recibe galard\u00f3n de C\u00e1mara de Comercio M\u00e9xico-EEUU - Nitu - Noticias de la Industria Turistica","twitter_description":"La C\u00e1mara de Comercio M\u00e9xico-Estados Unidos, en su cap\u00edtulo Mid-Am\u00e9rica, otorg\u00f3 a United Airlines el Reconocimiento Doble \u00c1guila, que reconoce a aquellas empresas que tienen un s\u00f3lido compromiso con el fortalecimiento de las relaciones entre ambos pa\u00edses. La aerol\u00ednea estadounidense es l\u00edder y pionera en la apertura de rutas internacionales entre los Estados Unidos y [&hellip;]","twitter_image":"https:\/\/nitu.mx\/wp-content\/uploads\/2016\/11\/oscar-munoz-united.jpg","twitter_creator":"@NITUmx","twitter_site":"@Arturo_Medina_G","twitter_misc":{"Escrito por":"Redacci\u00f3n","Tiempo de lectura":"1 minuto"},"schema":{"@context":"https:\/\/schema.org","@graph":[{"@type":"Article","@id":"https:\/\/nitu.mx\/index.php\/2016\/11\/17\/united-airlines-recibe-galardon-camara-comercio-mexico-estados-unidos\/#article","isPartOf":{"@id":"https:\/\/nitu.mx\/index.php\/2016\/11\/17\/united-airlines-recibe-galardon-camara-comercio-mexico-estados-unidos\/"},"author":{"name":"Redacci\u00f3n","@id":"https:\/\/nitu.mx\/#\/schema\/person\/4a28fe9bd65924f7c90623773daf1b0b"},"headline":"United Airlines recibe galard\u00f3n de C\u00e1mara de Comercio M\u00e9xico-EEUU","datePublished":"2016-11-18T04:59:59+00:00","dateModified":"2016-11-18T06:53:17+00:00","mainEntityOfPage":{"@id":"https:\/\/nitu.mx\/index.php\/2016\/11\/17\/united-airlines-recibe-galardon-camara-comercio-mexico-estados-unidos\/"},"wordCount":285,"commentCount":0,"publisher":{"@id":"https:\/\/nitu.mx\/#\/schema\/person\/ae7a53426417292d3dd07b45a33e01bc"},"image":{"@id":"https:\/\/nitu.mx\/index.php\/2016\/11\/17\/united-airlines-recibe-galardon-camara-comercio-mexico-estados-unidos\/#primaryimage"},"thumbnailUrl":"https:\/\/nitu.mx\/wp-content\/uploads\/2016\/11\/oscar-munoz-united.jpg","keywords":["C\u00e1mara de Comercio","Doble \u00c1guila","Oscar Munoz","United Airlines"],"articleSection":["Aerol\u00edneas","Estados Unidos"],"inLanguage":"es-MX","potentialAction":[{"@type":"CommentAction","name":"Comment","target":["https:\/\/nitu.mx\/index.php\/2016\/11\/17\/united-airlines-recibe-galardon-camara-comercio-mexico-estados-unidos\/#respond"]}]},{"@type":"WebPage","@id":"https:\/\/nitu.mx\/index.php\/2016\/11\/17\/united-airlines-recibe-galardon-camara-comercio-mexico-estados-unidos\/","url":"https:\/\/nitu.mx\/index.php\/2016\/11\/17\/united-airlines-recibe-galardon-camara-comercio-mexico-estados-unidos\/","name":"United Airlines recibe galard\u00f3n de C\u00e1mara de Comercio M\u00e9xico-EEUU - Nitu - Noticias de la Industria Turistica","isPartOf":{"@id":"https:\/\/nitu.mx\/#website"},"primaryImageOfPage":{"@id":"https:\/\/nitu.mx\/index.php\/2016\/11\/17\/united-airlines-recibe-galardon-camara-comercio-mexico-estados-unidos\/#primaryimage"},"image":{"@id":"https:\/\/nitu.mx\/index.php\/2016\/11\/17\/united-airlines-recibe-galardon-camara-comercio-mexico-estados-unidos\/#primaryimage"},"thumbnailUrl":"https:\/\/nitu.mx\/wp-content\/uploads\/2016\/11\/oscar-munoz-united.jpg","datePublished":"2016-11-18T04:59:59+00:00","dateModified":"2016-11-18T06:53:17+00:00","breadcrumb":{"@id":"https:\/\/nitu.mx\/index.php\/2016\/11\/17\/united-airlines-recibe-galardon-camara-comercio-mexico-estados-unidos\/#breadcrumb"},"inLanguage":"es-MX","potentialAction":[{"@type":"ReadAction","target":["https:\/\/nitu.mx\/index.php\/2016\/11\/17\/united-airlines-recibe-galardon-camara-comercio-mexico-estados-unidos\/"]}]},{"@type":"ImageObject","inLanguage":"es-MX","@id":"https:\/\/nitu.mx\/index.php\/2016\/11\/17\/united-airlines-recibe-galardon-camara-comercio-mexico-estados-unidos\/#primaryimage","url":"https:\/\/nitu.mx\/wp-content\/uploads\/2016\/11\/oscar-munoz-united.jpg","contentUrl":"https:\/\/nitu.mx\/wp-content\/uploads\/2016\/11\/oscar-munoz-united.jpg","width":1428,"height":856,"caption":"oscar munoz united"},{"@type":"BreadcrumbList","@id":"https:\/\/nitu.mx\/index.php\/2016\/11\/17\/united-airlines-recibe-galardon-camara-comercio-mexico-estados-unidos\/#breadcrumb","itemListElement":[{"@type":"ListItem","position":1,"name":"Inicio","item":"https:\/\/nitu.mx\/"},{"@type":"ListItem","position":2,"name":"United Airlines recibe galard\u00f3n de C\u00e1mara de Comercio M\u00e9xico-EEUU"}]},{"@type":"WebSite","@id":"https:\/\/nitu.mx\/#website","url":"https:\/\/nitu.mx\/","name":"Nitu - Noticias de la Industria Turistica","description":"Noticias de la Industria Turistica","publisher":{"@id":"https:\/\/nitu.mx\/#\/schema\/person\/ae7a53426417292d3dd07b45a33e01bc"},"alternateName":"Noticias de la Industria Turistica","potentialAction":[{"@type":"SearchAction","target":{"@type":"EntryPoint","urlTemplate":"https:\/\/nitu.mx\/?s={search_term_string}"},"query-input":"required name=search_term_string"}],"inLanguage":"es-MX"},{"@type":["Person","Organization"],"@id":"https:\/\/nitu.mx\/#\/schema\/person\/ae7a53426417292d3dd07b45a33e01bc","name":"Arturo Medina","image":{"@type":"ImageObject","inLanguage":"es-MX","@id":"https:\/\/nitu.mx\/#\/schema\/person\/image\/","url":"https:\/\/nitu.mx\/wp-content\/uploads\/2024\/04\/4A315622-1904-4D5C-B022-878CDC840E04-90x90-1.jpeg","contentUrl":"https:\/\/nitu.mx\/wp-content\/uploads\/2024\/04\/4A315622-1904-4D5C-B022-878CDC840E04-90x90-1.jpeg","width":90,"height":90,"caption":"Arturo Medina"},"logo":{"@id":"https:\/\/nitu.mx\/#\/schema\/person\/image\/"},"description":"Director NITU.mx, Egresado de la Escuela de Periodismo Carlos Septi\u00e9n Garc\u00eda. Periodista y analista especializado en turismo desde hace 35 a\u00f1os, radicado en Canc\u00fan Q.Roo. arturo@nitu.mx","sameAs":["https:\/\/nitu.mx","https:\/\/www.facebook.com\/NITUmx\/","medinacancun","https:\/\/twitter.com\/@Arturo_Medina_G"]},{"@type":"Person","@id":"https:\/\/nitu.mx\/#\/schema\/person\/4a28fe9bd65924f7c90623773daf1b0b","name":"Redacci\u00f3n","image":{"@type":"ImageObject","inLanguage":"es-MX","@id":"https:\/\/nitu.mx\/#\/schema\/person\/image\/","url":"https:\/\/secure.gravatar.com\/avatar\/5dd011c8ccfc5cd7e4c81e42252aab38?s=96&d=mm&r=g","contentUrl":"https:\/\/secure.gravatar.com\/avatar\/5dd011c8ccfc5cd7e4c81e42252aab38?s=96&d=mm&r=g","caption":"Redacci\u00f3n"},"url":"https:\/\/nitu.mx\/index.php\/author\/redaccion\/"}]}},"views":499,"_links":{"self":[{"href":"https:\/\/nitu.mx\/index.php\/wp-json\/wp\/v2\/posts\/4124"}],"collection":[{"href":"https:\/\/nitu.mx\/index.php\/wp-json\/wp\/v2\/posts"}],"about":[{"href":"https:\/\/nitu.mx\/index.php\/wp-json\/wp\/v2\/types\/post"}],"author":[{"embeddable":true,"href":"https:\/\/nitu.mx\/index.php\/wp-json\/wp\/v2\/users\/17"}],"replies":[{"embeddable":true,"href":"https:\/\/nitu.mx\/index.php\/wp-json\/wp\/v2\/comments?post=4124"}],"version-history":[{"count":2,"href":"https:\/\/nitu.mx\/index.php\/wp-json\/wp\/v2\/posts\/4124\/revisions"}],"predecessor-version":[{"id":4140,"href":"https:\/\/nitu.mx\/index.php\/wp-json\/wp\/v2\/posts\/4124\/revisions\/4140"}],"wp:featuredmedia":[{"embeddable":true,"href":"https:\/\/nitu.mx\/index.php\/wp-json\/wp\/v2\/media\/4129"}],"wp:attachment":[{"href":"https:\/\/nitu.mx\/index.php\/wp-json\/wp\/v2\/media?parent=4124"}],"wp:term":[{"taxonomy":"category","embeddable":true,"href":"https:\/\/nitu.mx\/index.php\/wp-json\/wp\/v2\/categories?post=4124"},{"taxonomy":"post_tag","embeddable":true,"href":"https:\/\/nitu.mx\/index.php\/wp-json\/wp\/v2\/tags?post=4124"}],"curies":[{"name":"wp","href":"https:\/\/api.w.org\/{rel}","templated":true}]}}