{"id":40917,"date":"2020-03-14T13:52:31","date_gmt":"2020-03-14T18:52:31","guid":{"rendered":"https:\/\/www.dev.nitu.mx\/?p=40917"},"modified":"2020-03-14T21:56:55","modified_gmt":"2020-03-15T02:56:55","slug":"iniciara-en-breve-scaneo-termico-en-llegadas-y-salidas-del-aeropuerto-de-cancun-por-covid-19","status":"publish","type":"post","link":"https:\/\/nitu.mx\/index.php\/2020\/03\/14\/iniciara-en-breve-scaneo-termico-en-llegadas-y-salidas-del-aeropuerto-de-cancun-por-covid-19\/","title":{"rendered":"Iniciar\u00e1 en breve scaneo t\u00e9rmico en llegadas y salidas del aeropuerto de Canc\u00fan por COVID-19"},"content":{"rendered":"<p>En una medida que debe implementarse en fase dos de acuerdo a los protocolos de la OMS por el COVID-19, en el aeropuerto de Canc\u00fan, ASUR alista su equipo de monitoreo t\u00e9rmico una vez que la autoridad sanitaria autorizada ha pedido su estatus para su eventual utilizaci\u00f3n.<\/p>\n<p>Hasta ahora de acuerdo a informaci\u00f3n obtenida por NITU.mx, s\u00f3lo \u00a0se han cancelado 11 vuelos, principalmente de las l\u00edneas a\u00e9reas italianas, (<a title=\"Pega coronavirus a Canc\u00fan, 11 vuelos han sido cancelados\" href=\"https:\/\/www.dev.nitu.mx\/index.php\/2020\/03\/12\/pega-coronavirus-a-cancun-11-vuelos-han-sido-cancelados\/\" rel=\"bookmark\">Pega coronavirus a Canc\u00fan, 11 vuelos han sido cancelados)<\/a>\u00a0para este 14 de marzo en el Aeropuerto Internacional de Canc\u00fan contin\u00faa un tr\u00e1nsito \u00a0pr\u00e1cticamente habitual de pasajeros, est\u00e1n programadas un total de 599 operaciones de las cuales 458 son internacionales.<\/p>\n<p>El gobernador de Quintana Roo, Carlos Joaqu\u00edn instruy\u00f3 a todas las dependencias del gabinete a reforzar las medidas de prevenci\u00f3n y contenci\u00f3n del Coronavirus Covid-19, contingencia que a\u00fan se mantiene en Fase 1 ya que hasta el momento el \u00fanico caso comprobado es importado.<\/p>\n<p>\u201cLe he pedido a la Secretar\u00eda de Salud que mantenga todos los d\u00edas informaci\u00f3n transparente, clara, constante y actualizada de las medidas tomadas y los avances que pueda tener la enfermedad\u201d, apunt\u00f3 el gobernador.<\/p>\n<p>\u201cAdem\u00e1s, he pedido que se instalen term\u00f3metros y c\u00e1maras en todas las terminales de los aeropuertos de Canc\u00fan, Cozumel y Chetumal, en los dos puentes de la frontera sur y en los puertos de Cozumel y Mahahual\u201d.<\/p>\n<p>\u201dSe aplicar\u00e1n cuestionarios de salud en cada uno de esos lugares a los viajeros que lleguen para saber si tienen s\u00edntomas\u201d.<\/p>\n<p><em><strong>COVID-19 Y EL TURISMO\u00a0<\/strong><\/em><\/p>\n<p><a title=\"Pega coronavirus a Canc\u00fan, 11 vuelos han sido cancelados\" href=\"https:\/\/www.dev.nitu.mx\/index.php\/2020\/03\/12\/pega-coronavirus-a-cancun-11-vuelos-han-sido-cancelados\/\" rel=\"bookmark\">Pega coronavirus a Canc\u00fan, 11 vuelos han sido cancelados<\/a><\/p>\n<p><a title=\"Tianguis Tur\u00edstico se pospone hasta septiembre por pandemia de COVID-19\" href=\"https:\/\/www.dev.nitu.mx\/index.php\/2020\/03\/12\/tianguis-turistico-se-pospone-hasta-septiembre-por-pandemia-de-covid-19\/\" rel=\"bookmark\">Tianguis Tur\u00edstico se pospone hasta septiembre por pandemia de COVID-19<\/a><\/p>\n<p><a title=\"La industria tur\u00edstica vive un momento de mucha incertidumbre: La Metro\" href=\"https:\/\/www.dev.nitu.mx\/index.php\/2020\/03\/12\/la-industria-turistica-vive-un-momento-de-mucha-incertidumbre-la-metro\/\" rel=\"bookmark\">La industria tur\u00edstica vive un momento de mucha incertidumbre: La Metro<\/a><\/p>\n<p><a title=\"Princess Cruises cancela viajes de los pr\u00f3ximos 2 meses por coronavirus\" href=\"https:\/\/www.dev.nitu.mx\/index.php\/2020\/03\/13\/princess-cruises-cancela-viajes-de-los-proximos-2-meses-por-coronavirus\/\" rel=\"bookmark\">Princess Cruises cancela viajes de los pr\u00f3ximos 2 meses por coronavirus<\/a><\/p>\n<p><a title=\"Disneyland cerrar\u00e1 parques hasta fin de mes por coronavirus\" href=\"https:\/\/www.dev.nitu.mx\/index.php\/2020\/03\/13\/disneyland-cerrara-parques-hasta-fin-de-mes-por-coronavirus\/\" rel=\"bookmark\">Disneyland cerrar\u00e1 parques hasta fin de mes por coronavirus<\/a><\/p>\n<p><a title=\"WTTC mueve a octubre la Cumbre Mundial en Canc\u00fan\" href=\"https:\/\/www.dev.nitu.mx\/index.php\/2020\/03\/10\/wttc-mueve-a-octubre-la-cumbre-mundial-en-cancun\/\" rel=\"bookmark\">W<\/a><a title=\"WTTC mueve a octubre la Cumbre Mundial en Canc\u00fan\" href=\"https:\/\/www.dev.nitu.mx\/index.php\/2020\/03\/10\/wttc-mueve-a-octubre-la-cumbre-mundial-en-cancun\/\" rel=\"bookmark\">TTC mueve a octubre la Cumbre Mundial en Canc\u00fan<\/a><\/p>\n<p><a title=\"Quintana Roo s\u00ed se ver\u00e1 afectado por coronavirus: Carlos Joaqu\u00edn\" href=\"https:\/\/www.dev.nitu.mx\/index.php\/2020\/03\/13\/quintana-roo-si-se-vera-afectado-por-coronavirus-carlos-joaquin\/\" rel=\"bookmark\">Quintana Roo s\u00ed se ver\u00e1 afectado por coronavirus: Carlos Joaqu\u00edn<\/a><\/p>\n<p><a title=\"El Caribe Mexicano vigilante en cuanto a la situaci\u00f3n actual del COVID-19\" href=\"https:\/\/www.dev.nitu.mx\/index.php\/2020\/03\/11\/el-caribe-mexicano-vigilante-en-cuanto-a-la-situacion-actual-del-covid-19\/\" rel=\"bookmark\">El Caribe Mexicano vigilante en cuanto a la situaci\u00f3n actual del COVID-19<\/a><\/p>\n<p><a title=\"Coronavirus causa afectaciones en turismo en Caribe Mexicano\" href=\"https:\/\/www.dev.nitu.mx\/index.php\/2020\/03\/08\/coronavirus-causa-afectaciones-en-turismo-en-caribe-mexicano\/\" rel=\"bookmark\">Coronavirus causa afectaciones en turismo en Caribe Mexicano<\/a><\/p>\n<p><a title=\"Crucero en San Francisco con 21 infectados por coronavirus, pas\u00f3 por 4 puertos mexicanos\" href=\"https:\/\/www.dev.nitu.mx\/index.php\/2020\/03\/08\/crucero-en-cuarentena-en-california-con-21-infectados-por-coronavirus-paso-por-4-puertos-mexicanos\/\" rel=\"bookmark\">Crucero en San Francisco con 21 infectados por coronavirus, pas\u00f3 por 4 puertos mexicanos<\/a><\/p>\n<p><a title=\"CPTQ refuerza comunicaci\u00f3n positiva del destino ante brote de coronavirus\" href=\"https:\/\/www.dev.nitu.mx\/index.php\/2020\/03\/04\/cptq-refuerza-comunicacion-positiva-del-destino-ante-brote-de-coronavirus\/\" rel=\"bookmark\">CPTQ refuerza comunicaci\u00f3n positiva del destino ante brote de coronavirus<\/a><\/p>\n<p><a title=\"Grupo Lufthansa anuncia ajuste de vuelos a Italia por Coronavirus\" href=\"https:\/\/www.dev.nitu.mx\/index.php\/2020\/03\/03\/grupo-lufthansa-anuncia-ajuste-de-vuelos-a-italia-por-coronavirus\/\" rel=\"bookmark\">Grupo Lufthansa anuncia ajuste de vuelos a Italia por Coronavirus<\/a><\/p>\n<p><a title=\"Crece el impacto del coronavirus en los viajes de y para Estados Unidos\" href=\"https:\/\/www.dev.nitu.mx\/index.php\/2020\/02\/05\/crece-el-impacto-del-coronavirus-en-los-viajes-de-y-para-estados-unidos\/\" rel=\"bookmark\">Crece el impacto del coronavirus en los viajes de y para Estados Unidos<\/a><\/p>\n<p><a title=\"L\u00edneas a\u00e9reas, hoy en crisis, generan seg\u00fan an\u00e1lisis hasta el 3.6% de la econom\u00eda mundial\" href=\"https:\/\/www.dev.nitu.mx\/index.php\/2020\/03\/12\/lineas-aereas-hoy-en-crisis-generan-segun-analisis-hasta-el-3-6-de-la-economia-mundial\/\" rel=\"bookmark\">L\u00edneas a\u00e9reas, hoy en crisis, generan seg\u00fan an\u00e1lisis hasta el 3.6% de la econom\u00eda mundial<\/a><\/p>\n<p><a title=\"Campa\u00f1as tur\u00edsticas en Europa ser\u00e1n aplazadas por Covid-19\" href=\"https:\/\/www.dev.nitu.mx\/index.php\/2020\/03\/12\/campanas-turisticas-en-europa-seran-aplazadas-por-covid-19\/\" rel=\"bookmark\">Campa\u00f1as tur\u00edsticas en Europa ser\u00e1n aplazadas por Covid-19<\/a>)<\/p>\n<p>&nbsp;<\/p>\n","protected":false},"excerpt":{"rendered":"<p>En una medida que debe implementarse en fase dos de acuerdo a los protocolos de la OMS por el COVID-19, en el aeropuerto de Canc\u00fan, ASUR alista su equipo de monitoreo t\u00e9rmico una vez que la autoridad sanitaria autorizada ha pedido su estatus para su eventual utilizaci\u00f3n. Hasta ahora de acuerdo a informaci\u00f3n obtenida por [&hellip;]<\/p>\n","protected":false},"author":2,"featured_media":40529,"comment_status":"open","ping_status":"open","sticky":false,"template":"","format":"standard","meta":{"footnotes":""},"categories":[19057,5],"tags":[18985],"yoast_head":"<!-- This site is optimized with the Yoast SEO plugin v22.2 - https:\/\/yoast.com\/wordpress\/plugins\/seo\/ -->\n<title>Iniciar\u00e1 en breve scaneo t\u00e9rmico en llegadas y salidas del aeropuerto de Canc\u00fan por COVID-19 - Nitu - Noticias de la Industria Turistica<\/title>\n<meta name=\"robots\" content=\"index, follow, max-snippet:-1, max-image-preview:large, max-video-preview:-1\" \/>\n<link rel=\"canonical\" href=\"https:\/\/nitu.mx\/index.php\/2020\/03\/14\/iniciara-en-breve-scaneo-termico-en-llegadas-y-salidas-del-aeropuerto-de-cancun-por-covid-19\/\" \/>\n<meta name=\"twitter:card\" content=\"summary_large_image\" \/>\n<meta name=\"twitter:title\" content=\"Iniciar\u00e1 en breve scaneo t\u00e9rmico en llegadas y salidas del aeropuerto de Canc\u00fan por COVID-19 - Nitu - Noticias de la Industria Turistica\" \/>\n<meta name=\"twitter:description\" content=\"En una medida que debe implementarse en fase dos de acuerdo a los protocolos de la OMS por el COVID-19, en el aeropuerto de Canc\u00fan, ASUR alista su equipo de monitoreo t\u00e9rmico una vez que la autoridad sanitaria autorizada ha pedido su estatus para su eventual utilizaci\u00f3n. Hasta ahora de acuerdo a informaci\u00f3n obtenida por [&hellip;]\" \/>\n<meta name=\"twitter:image\" content=\"https:\/\/nitu.mx\/wp-content\/uploads\/2020\/03\/Aeropuerto-Cancun-Coronavirus.jpg\" \/>\n<meta name=\"twitter:creator\" content=\"@Arturo_Medina_G\" \/>\n<meta name=\"twitter:site\" content=\"@Arturo_Medina_G\" \/>\n<meta name=\"twitter:label1\" content=\"Escrito por\" \/>\n\t<meta name=\"twitter:data1\" content=\"Arturo Medina\" \/>\n\t<meta name=\"twitter:label2\" content=\"Tiempo de lectura\" \/>\n\t<meta name=\"twitter:data2\" content=\"2 minutos\" \/>\n<script type=\"application\/ld+json\" class=\"yoast-schema-graph\">{\"@context\":\"https:\/\/schema.org\",\"@graph\":[{\"@type\":\"Article\",\"@id\":\"https:\/\/nitu.mx\/index.php\/2020\/03\/14\/iniciara-en-breve-scaneo-termico-en-llegadas-y-salidas-del-aeropuerto-de-cancun-por-covid-19\/#article\",\"isPartOf\":{\"@id\":\"https:\/\/nitu.mx\/index.php\/2020\/03\/14\/iniciara-en-breve-scaneo-termico-en-llegadas-y-salidas-del-aeropuerto-de-cancun-por-covid-19\/\"},\"author\":{\"name\":\"Arturo Medina\",\"@id\":\"https:\/\/nitu.mx\/#\/schema\/person\/ae7a53426417292d3dd07b45a33e01bc\"},\"headline\":\"Iniciar\u00e1 en breve scaneo t\u00e9rmico en llegadas y salidas del aeropuerto de Canc\u00fan por COVID-19\",\"datePublished\":\"2020-03-14T18:52:31+00:00\",\"dateModified\":\"2020-03-15T02:56:55+00:00\",\"mainEntityOfPage\":{\"@id\":\"https:\/\/nitu.mx\/index.php\/2020\/03\/14\/iniciara-en-breve-scaneo-termico-en-llegadas-y-salidas-del-aeropuerto-de-cancun-por-covid-19\/\"},\"wordCount\":458,\"commentCount\":0,\"publisher\":{\"@id\":\"https:\/\/nitu.mx\/#\/schema\/person\/ae7a53426417292d3dd07b45a33e01bc\"},\"image\":{\"@id\":\"https:\/\/nitu.mx\/index.php\/2020\/03\/14\/iniciara-en-breve-scaneo-termico-en-llegadas-y-salidas-del-aeropuerto-de-cancun-por-covid-19\/#primaryimage\"},\"thumbnailUrl\":\"https:\/\/nitu.mx\/wp-content\/uploads\/2020\/03\/Aeropuerto-Cancun-Coronavirus.jpg\",\"keywords\":[\"coronavirus (Covid-19)\"],\"articleSection\":[\"COVID-19 CORONAVIRUS\",\"Destinos\"],\"inLanguage\":\"es-MX\",\"potentialAction\":[{\"@type\":\"CommentAction\",\"name\":\"Comment\",\"target\":[\"https:\/\/nitu.mx\/index.php\/2020\/03\/14\/iniciara-en-breve-scaneo-termico-en-llegadas-y-salidas-del-aeropuerto-de-cancun-por-covid-19\/#respond\"]}]},{\"@type\":\"WebPage\",\"@id\":\"https:\/\/nitu.mx\/index.php\/2020\/03\/14\/iniciara-en-breve-scaneo-termico-en-llegadas-y-salidas-del-aeropuerto-de-cancun-por-covid-19\/\",\"url\":\"https:\/\/nitu.mx\/index.php\/2020\/03\/14\/iniciara-en-breve-scaneo-termico-en-llegadas-y-salidas-del-aeropuerto-de-cancun-por-covid-19\/\",\"name\":\"Iniciar\u00e1 en breve scaneo t\u00e9rmico en llegadas y salidas del aeropuerto de Canc\u00fan por COVID-19 - Nitu - Noticias de la Industria Turistica\",\"isPartOf\":{\"@id\":\"https:\/\/nitu.mx\/#website\"},\"primaryImageOfPage\":{\"@id\":\"https:\/\/nitu.mx\/index.php\/2020\/03\/14\/iniciara-en-breve-scaneo-termico-en-llegadas-y-salidas-del-aeropuerto-de-cancun-por-covid-19\/#primaryimage\"},\"image\":{\"@id\":\"https:\/\/nitu.mx\/index.php\/2020\/03\/14\/iniciara-en-breve-scaneo-termico-en-llegadas-y-salidas-del-aeropuerto-de-cancun-por-covid-19\/#primaryimage\"},\"thumbnailUrl\":\"https:\/\/nitu.mx\/wp-content\/uploads\/2020\/03\/Aeropuerto-Cancun-Coronavirus.jpg\",\"datePublished\":\"2020-03-14T18:52:31+00:00\",\"dateModified\":\"2020-03-15T02:56:55+00:00\",\"breadcrumb\":{\"@id\":\"https:\/\/nitu.mx\/index.php\/2020\/03\/14\/iniciara-en-breve-scaneo-termico-en-llegadas-y-salidas-del-aeropuerto-de-cancun-por-covid-19\/#breadcrumb\"},\"inLanguage\":\"es-MX\",\"potentialAction\":[{\"@type\":\"ReadAction\",\"target\":[\"https:\/\/nitu.mx\/index.php\/2020\/03\/14\/iniciara-en-breve-scaneo-termico-en-llegadas-y-salidas-del-aeropuerto-de-cancun-por-covid-19\/\"]}]},{\"@type\":\"ImageObject\",\"inLanguage\":\"es-MX\",\"@id\":\"https:\/\/nitu.mx\/index.php\/2020\/03\/14\/iniciara-en-breve-scaneo-termico-en-llegadas-y-salidas-del-aeropuerto-de-cancun-por-covid-19\/#primaryimage\",\"url\":\"https:\/\/nitu.mx\/wp-content\/uploads\/2020\/03\/Aeropuerto-Cancun-Coronavirus.jpg\",\"contentUrl\":\"https:\/\/nitu.mx\/wp-content\/uploads\/2020\/03\/Aeropuerto-Cancun-Coronavirus.jpg\",\"width\":850,\"height\":480,\"caption\":\"Aeropuerto Internacional de Cancun Coronavirus\"},{\"@type\":\"BreadcrumbList\",\"@id\":\"https:\/\/nitu.mx\/index.php\/2020\/03\/14\/iniciara-en-breve-scaneo-termico-en-llegadas-y-salidas-del-aeropuerto-de-cancun-por-covid-19\/#breadcrumb\",\"itemListElement\":[{\"@type\":\"ListItem\",\"position\":1,\"name\":\"Inicio\",\"item\":\"https:\/\/nitu.mx\/\"},{\"@type\":\"ListItem\",\"position\":2,\"name\":\"Iniciar\u00e1 en breve scaneo t\u00e9rmico en llegadas y salidas del aeropuerto de Canc\u00fan por COVID-19\"}]},{\"@type\":\"WebSite\",\"@id\":\"https:\/\/nitu.mx\/#website\",\"url\":\"https:\/\/nitu.mx\/\",\"name\":\"Nitu - Noticias de la Industria Turistica\",\"description\":\"Noticias de la Industria Turistica\",\"publisher\":{\"@id\":\"https:\/\/nitu.mx\/#\/schema\/person\/ae7a53426417292d3dd07b45a33e01bc\"},\"alternateName\":\"Noticias de la Industria Turistica\",\"potentialAction\":[{\"@type\":\"SearchAction\",\"target\":{\"@type\":\"EntryPoint\",\"urlTemplate\":\"https:\/\/nitu.mx\/?s={search_term_string}\"},\"query-input\":\"required name=search_term_string\"}],\"inLanguage\":\"es-MX\"},{\"@type\":[\"Person\",\"Organization\"],\"@id\":\"https:\/\/nitu.mx\/#\/schema\/person\/ae7a53426417292d3dd07b45a33e01bc\",\"name\":\"Arturo Medina\",\"image\":{\"@type\":\"ImageObject\",\"inLanguage\":\"es-MX\",\"@id\":\"https:\/\/nitu.mx\/#\/schema\/person\/image\/\",\"url\":\"https:\/\/nitu.mx\/wp-content\/uploads\/2024\/04\/4A315622-1904-4D5C-B022-878CDC840E04-90x90-1.jpeg\",\"contentUrl\":\"https:\/\/nitu.mx\/wp-content\/uploads\/2024\/04\/4A315622-1904-4D5C-B022-878CDC840E04-90x90-1.jpeg\",\"width\":90,\"height\":90,\"caption\":\"Arturo Medina\"},\"logo\":{\"@id\":\"https:\/\/nitu.mx\/#\/schema\/person\/image\/\"},\"description\":\"Director NITU.mx, Egresado de la Escuela de Periodismo Carlos Septi\u00e9n Garc\u00eda. Periodista y analista especializado en turismo desde hace 35 a\u00f1os, radicado en Canc\u00fan Q.Roo. arturo@nitu.mx\",\"sameAs\":[\"https:\/\/nitu.mx\",\"https:\/\/www.facebook.com\/NITUmx\/\",\"medinacancun\",\"https:\/\/twitter.com\/@Arturo_Medina_G\"],\"url\":\"https:\/\/nitu.mx\/index.php\/author\/arturo-medina\/\"}]}<\/script>\n<!-- \/ Yoast SEO plugin. -->","yoast_head_json":{"title":"Iniciar\u00e1 en breve scaneo t\u00e9rmico en llegadas y salidas del aeropuerto de Canc\u00fan por COVID-19 - Nitu - Noticias de la Industria Turistica","robots":{"index":"index","follow":"follow","max-snippet":"max-snippet:-1","max-image-preview":"max-image-preview:large","max-video-preview":"max-video-preview:-1"},"canonical":"https:\/\/nitu.mx\/index.php\/2020\/03\/14\/iniciara-en-breve-scaneo-termico-en-llegadas-y-salidas-del-aeropuerto-de-cancun-por-covid-19\/","twitter_card":"summary_large_image","twitter_title":"Iniciar\u00e1 en breve scaneo t\u00e9rmico en llegadas y salidas del aeropuerto de Canc\u00fan por COVID-19 - Nitu - Noticias de la Industria Turistica","twitter_description":"En una medida que debe implementarse en fase dos de acuerdo a los protocolos de la OMS por el COVID-19, en el aeropuerto de Canc\u00fan, ASUR alista su equipo de monitoreo t\u00e9rmico una vez que la autoridad sanitaria autorizada ha pedido su estatus para su eventual utilizaci\u00f3n. Hasta ahora de acuerdo a informaci\u00f3n obtenida por [&hellip;]","twitter_image":"https:\/\/nitu.mx\/wp-content\/uploads\/2020\/03\/Aeropuerto-Cancun-Coronavirus.jpg","twitter_creator":"@Arturo_Medina_G","twitter_site":"@Arturo_Medina_G","twitter_misc":{"Escrito por":"Arturo Medina","Tiempo de lectura":"2 minutos"},"schema":{"@context":"https:\/\/schema.org","@graph":[{"@type":"Article","@id":"https:\/\/nitu.mx\/index.php\/2020\/03\/14\/iniciara-en-breve-scaneo-termico-en-llegadas-y-salidas-del-aeropuerto-de-cancun-por-covid-19\/#article","isPartOf":{"@id":"https:\/\/nitu.mx\/index.php\/2020\/03\/14\/iniciara-en-breve-scaneo-termico-en-llegadas-y-salidas-del-aeropuerto-de-cancun-por-covid-19\/"},"author":{"name":"Arturo Medina","@id":"https:\/\/nitu.mx\/#\/schema\/person\/ae7a53426417292d3dd07b45a33e01bc"},"headline":"Iniciar\u00e1 en breve scaneo t\u00e9rmico en llegadas y salidas del aeropuerto de Canc\u00fan por COVID-19","datePublished":"2020-03-14T18:52:31+00:00","dateModified":"2020-03-15T02:56:55+00:00","mainEntityOfPage":{"@id":"https:\/\/nitu.mx\/index.php\/2020\/03\/14\/iniciara-en-breve-scaneo-termico-en-llegadas-y-salidas-del-aeropuerto-de-cancun-por-covid-19\/"},"wordCount":458,"commentCount":0,"publisher":{"@id":"https:\/\/nitu.mx\/#\/schema\/person\/ae7a53426417292d3dd07b45a33e01bc"},"image":{"@id":"https:\/\/nitu.mx\/index.php\/2020\/03\/14\/iniciara-en-breve-scaneo-termico-en-llegadas-y-salidas-del-aeropuerto-de-cancun-por-covid-19\/#primaryimage"},"thumbnailUrl":"https:\/\/nitu.mx\/wp-content\/uploads\/2020\/03\/Aeropuerto-Cancun-Coronavirus.jpg","keywords":["coronavirus (Covid-19)"],"articleSection":["COVID-19 CORONAVIRUS","Destinos"],"inLanguage":"es-MX","potentialAction":[{"@type":"CommentAction","name":"Comment","target":["https:\/\/nitu.mx\/index.php\/2020\/03\/14\/iniciara-en-breve-scaneo-termico-en-llegadas-y-salidas-del-aeropuerto-de-cancun-por-covid-19\/#respond"]}]},{"@type":"WebPage","@id":"https:\/\/nitu.mx\/index.php\/2020\/03\/14\/iniciara-en-breve-scaneo-termico-en-llegadas-y-salidas-del-aeropuerto-de-cancun-por-covid-19\/","url":"https:\/\/nitu.mx\/index.php\/2020\/03\/14\/iniciara-en-breve-scaneo-termico-en-llegadas-y-salidas-del-aeropuerto-de-cancun-por-covid-19\/","name":"Iniciar\u00e1 en breve scaneo t\u00e9rmico en llegadas y salidas del aeropuerto de Canc\u00fan por COVID-19 - Nitu - Noticias de la Industria Turistica","isPartOf":{"@id":"https:\/\/nitu.mx\/#website"},"primaryImageOfPage":{"@id":"https:\/\/nitu.mx\/index.php\/2020\/03\/14\/iniciara-en-breve-scaneo-termico-en-llegadas-y-salidas-del-aeropuerto-de-cancun-por-covid-19\/#primaryimage"},"image":{"@id":"https:\/\/nitu.mx\/index.php\/2020\/03\/14\/iniciara-en-breve-scaneo-termico-en-llegadas-y-salidas-del-aeropuerto-de-cancun-por-covid-19\/#primaryimage"},"thumbnailUrl":"https:\/\/nitu.mx\/wp-content\/uploads\/2020\/03\/Aeropuerto-Cancun-Coronavirus.jpg","datePublished":"2020-03-14T18:52:31+00:00","dateModified":"2020-03-15T02:56:55+00:00","breadcrumb":{"@id":"https:\/\/nitu.mx\/index.php\/2020\/03\/14\/iniciara-en-breve-scaneo-termico-en-llegadas-y-salidas-del-aeropuerto-de-cancun-por-covid-19\/#breadcrumb"},"inLanguage":"es-MX","potentialAction":[{"@type":"ReadAction","target":["https:\/\/nitu.mx\/index.php\/2020\/03\/14\/iniciara-en-breve-scaneo-termico-en-llegadas-y-salidas-del-aeropuerto-de-cancun-por-covid-19\/"]}]},{"@type":"ImageObject","inLanguage":"es-MX","@id":"https:\/\/nitu.mx\/index.php\/2020\/03\/14\/iniciara-en-breve-scaneo-termico-en-llegadas-y-salidas-del-aeropuerto-de-cancun-por-covid-19\/#primaryimage","url":"https:\/\/nitu.mx\/wp-content\/uploads\/2020\/03\/Aeropuerto-Cancun-Coronavirus.jpg","contentUrl":"https:\/\/nitu.mx\/wp-content\/uploads\/2020\/03\/Aeropuerto-Cancun-Coronavirus.jpg","width":850,"height":480,"caption":"Aeropuerto Internacional de Cancun Coronavirus"},{"@type":"BreadcrumbList","@id":"https:\/\/nitu.mx\/index.php\/2020\/03\/14\/iniciara-en-breve-scaneo-termico-en-llegadas-y-salidas-del-aeropuerto-de-cancun-por-covid-19\/#breadcrumb","itemListElement":[{"@type":"ListItem","position":1,"name":"Inicio","item":"https:\/\/nitu.mx\/"},{"@type":"ListItem","position":2,"name":"Iniciar\u00e1 en breve scaneo t\u00e9rmico en llegadas y salidas del aeropuerto de Canc\u00fan por COVID-19"}]},{"@type":"WebSite","@id":"https:\/\/nitu.mx\/#website","url":"https:\/\/nitu.mx\/","name":"Nitu - Noticias de la Industria Turistica","description":"Noticias de la Industria Turistica","publisher":{"@id":"https:\/\/nitu.mx\/#\/schema\/person\/ae7a53426417292d3dd07b45a33e01bc"},"alternateName":"Noticias de la Industria Turistica","potentialAction":[{"@type":"SearchAction","target":{"@type":"EntryPoint","urlTemplate":"https:\/\/nitu.mx\/?s={search_term_string}"},"query-input":"required name=search_term_string"}],"inLanguage":"es-MX"},{"@type":["Person","Organization"],"@id":"https:\/\/nitu.mx\/#\/schema\/person\/ae7a53426417292d3dd07b45a33e01bc","name":"Arturo Medina","image":{"@type":"ImageObject","inLanguage":"es-MX","@id":"https:\/\/nitu.mx\/#\/schema\/person\/image\/","url":"https:\/\/nitu.mx\/wp-content\/uploads\/2024\/04\/4A315622-1904-4D5C-B022-878CDC840E04-90x90-1.jpeg","contentUrl":"https:\/\/nitu.mx\/wp-content\/uploads\/2024\/04\/4A315622-1904-4D5C-B022-878CDC840E04-90x90-1.jpeg","width":90,"height":90,"caption":"Arturo Medina"},"logo":{"@id":"https:\/\/nitu.mx\/#\/schema\/person\/image\/"},"description":"Director NITU.mx, Egresado de la Escuela de Periodismo Carlos Septi\u00e9n Garc\u00eda. Periodista y analista especializado en turismo desde hace 35 a\u00f1os, radicado en Canc\u00fan Q.Roo. arturo@nitu.mx","sameAs":["https:\/\/nitu.mx","https:\/\/www.facebook.com\/NITUmx\/","medinacancun","https:\/\/twitter.com\/@Arturo_Medina_G"],"url":"https:\/\/nitu.mx\/index.php\/author\/arturo-medina\/"}]}},"views":399,"_links":{"self":[{"href":"https:\/\/nitu.mx\/index.php\/wp-json\/wp\/v2\/posts\/40917"}],"collection":[{"href":"https:\/\/nitu.mx\/index.php\/wp-json\/wp\/v2\/posts"}],"about":[{"href":"https:\/\/nitu.mx\/index.php\/wp-json\/wp\/v2\/types\/post"}],"author":[{"embeddable":true,"href":"https:\/\/nitu.mx\/index.php\/wp-json\/wp\/v2\/users\/2"}],"replies":[{"embeddable":true,"href":"https:\/\/nitu.mx\/index.php\/wp-json\/wp\/v2\/comments?post=40917"}],"version-history":[{"count":5,"href":"https:\/\/nitu.mx\/index.php\/wp-json\/wp\/v2\/posts\/40917\/revisions"}],"predecessor-version":[{"id":40923,"href":"https:\/\/nitu.mx\/index.php\/wp-json\/wp\/v2\/posts\/40917\/revisions\/40923"}],"wp:featuredmedia":[{"embeddable":true,"href":"https:\/\/nitu.mx\/index.php\/wp-json\/wp\/v2\/media\/40529"}],"wp:attachment":[{"href":"https:\/\/nitu.mx\/index.php\/wp-json\/wp\/v2\/media?parent=40917"}],"wp:term":[{"taxonomy":"category","embeddable":true,"href":"https:\/\/nitu.mx\/index.php\/wp-json\/wp\/v2\/categories?post=40917"},{"taxonomy":"post_tag","embeddable":true,"href":"https:\/\/nitu.mx\/index.php\/wp-json\/wp\/v2\/tags?post=40917"}],"curies":[{"name":"wp","href":"https:\/\/api.w.org\/{rel}","templated":true}]}}