{"id":40705,"date":"2020-03-09T00:05:08","date_gmt":"2020-03-09T05:05:08","guid":{"rendered":"https:\/\/www.dev.nitu.mx\/?p=40705"},"modified":"2020-03-26T00:38:40","modified_gmt":"2020-03-26T05:38:40","slug":"tren-maya-si-saldra-de-cancun-hacia-merida","status":"publish","type":"post","link":"https:\/\/nitu.mx\/index.php\/2020\/03\/09\/tren-maya-si-saldra-de-cancun-hacia-merida\/","title":{"rendered":"Tren Maya s\u00ed saldr\u00e1 de Canc\u00fan hacia M\u00e9rida"},"content":{"rendered":"<p>Luego de varias negociaciones el Tren Maya si saldr\u00e1 de Canc\u00fan hacia M\u00e9rida, esta importante noticia se confirm\u00f3 luego de reuniones sostenidas con representantes del Fomento Nacional de Turismo (Fonatur) inform\u00f3 la Presidente Municipal, Mara Lezama esta ma\u00f1ana luego de la inauguraci\u00f3n de un evento deportivo.<\/p>\n<p>La edil celebr\u00f3 que se ha confirmado las fechas de inicio de las obras en la ciudad que ser\u00e1 a partir el pr\u00f3ximo mes, pues se abrir\u00e1n cinco frentes de manera simult\u00e1nea; inform\u00f3 que actualmente se est\u00e1 trabajando el tema de la estaci\u00f3n que va a generar un gran desarrollo positivo en el \u00e1mbito local, en materia de desarrollo econ\u00f3mico.<\/p>\n<p>Sin embargo, no dieron a conocer la cantidad directa de empleos, pero s\u00ed que hay muchos apoyos a empresas locales para hacer la obra, por lo que habr\u00e1 muchas contrataciones para la gente local y muchos trabajos en los cinco frentes diferentes puntos. (<a title=\"Suspensi\u00f3n provisional del Tren Maya es impugnada por el Congreso\" href=\"https:\/\/www.dev.nitu.mx\/index.php\/2020\/02\/27\/suspension-provisional-del-tren-maya-es-impugnada-por-el-congreso\/\" rel=\"bookmark\">Suspensi\u00f3n provisional del Tren Maya es impugnada por el Congreso<\/a>).<\/p>\n<p>Cabe recordar que el d\u00eda de ayer integrantes del Consejo Coordinador Empresarial de la Riviera Maya (CCERM) sostuvieron una reuni\u00f3n con el delegado del Fondo Nacional de Fomento al Turismo (Fonatur) Ra\u00fal Berm\u00fadez Arreola, donde se dio a conocer una importante obra que traer\u00e1 beneficios desde la zona hotelera de Canc\u00fan hasta el municipio de Tulum. (Mega News)<\/p>\n","protected":false},"excerpt":{"rendered":"<p>Luego de varias negociaciones el Tren Maya si saldr\u00e1 de Canc\u00fan hacia M\u00e9rida, esta importante noticia se confirm\u00f3 luego de reuniones sostenidas con representantes del Fomento Nacional de Turismo (Fonatur) inform\u00f3 la Presidente Municipal, Mara Lezama esta ma\u00f1ana luego de la inauguraci\u00f3n de un evento deportivo. La edil celebr\u00f3 que se ha confirmado las fechas [&hellip;]<\/p>\n","protected":false},"author":17,"featured_media":26641,"comment_status":"open","ping_status":"open","sticky":false,"template":"","format":"standard","meta":{"footnotes":""},"categories":[18475,6],"tags":[43,17347,889,14028,13994,11427],"yoast_head":"<!-- This site is optimized with the Yoast SEO plugin v22.2 - https:\/\/yoast.com\/wordpress\/plugins\/seo\/ -->\n<title>Tren Maya s\u00ed saldr\u00e1 de Canc\u00fan hacia M\u00e9rida - Nitu - Noticias de la Industria Turistica<\/title>\n<meta name=\"robots\" content=\"index, follow, max-snippet:-1, max-image-preview:large, max-video-preview:-1\" \/>\n<link rel=\"canonical\" href=\"https:\/\/nitu.mx\/index.php\/2020\/03\/09\/tren-maya-si-saldra-de-cancun-hacia-merida\/\" \/>\n<meta name=\"twitter:card\" content=\"summary_large_image\" \/>\n<meta name=\"twitter:title\" content=\"Tren Maya s\u00ed saldr\u00e1 de Canc\u00fan hacia M\u00e9rida - Nitu - Noticias de la Industria Turistica\" \/>\n<meta name=\"twitter:description\" content=\"Luego de varias negociaciones el Tren Maya si saldr\u00e1 de Canc\u00fan hacia M\u00e9rida, esta importante noticia se confirm\u00f3 luego de reuniones sostenidas con representantes del Fomento Nacional de Turismo (Fonatur) inform\u00f3 la Presidente Municipal, Mara Lezama esta ma\u00f1ana luego de la inauguraci\u00f3n de un evento deportivo. La edil celebr\u00f3 que se ha confirmado las fechas [&hellip;]\" \/>\n<meta name=\"twitter:image\" content=\"https:\/\/nitu.mx\/wp-content\/uploads\/2018\/11\/tren_maya-1-1.jpg\" \/>\n<meta name=\"twitter:creator\" content=\"@NITUmx\" \/>\n<meta name=\"twitter:site\" content=\"@Arturo_Medina_G\" \/>\n<meta name=\"twitter:label1\" content=\"Escrito por\" \/>\n\t<meta name=\"twitter:data1\" content=\"Redacci\u00f3n\" \/>\n\t<meta name=\"twitter:label2\" content=\"Tiempo de lectura\" \/>\n\t<meta name=\"twitter:data2\" content=\"1 minuto\" \/>\n<script type=\"application\/ld+json\" class=\"yoast-schema-graph\">{\"@context\":\"https:\/\/schema.org\",\"@graph\":[{\"@type\":\"Article\",\"@id\":\"https:\/\/nitu.mx\/index.php\/2020\/03\/09\/tren-maya-si-saldra-de-cancun-hacia-merida\/#article\",\"isPartOf\":{\"@id\":\"https:\/\/nitu.mx\/index.php\/2020\/03\/09\/tren-maya-si-saldra-de-cancun-hacia-merida\/\"},\"author\":{\"name\":\"Redacci\u00f3n\",\"@id\":\"https:\/\/nitu.mx\/#\/schema\/person\/4a28fe9bd65924f7c90623773daf1b0b\"},\"headline\":\"Tren Maya s\u00ed saldr\u00e1 de Canc\u00fan hacia M\u00e9rida\",\"datePublished\":\"2020-03-09T05:05:08+00:00\",\"dateModified\":\"2020-03-26T05:38:40+00:00\",\"mainEntityOfPage\":{\"@id\":\"https:\/\/nitu.mx\/index.php\/2020\/03\/09\/tren-maya-si-saldra-de-cancun-hacia-merida\/\"},\"wordCount\":242,\"commentCount\":0,\"publisher\":{\"@id\":\"https:\/\/nitu.mx\/#\/schema\/person\/ae7a53426417292d3dd07b45a33e01bc\"},\"image\":{\"@id\":\"https:\/\/nitu.mx\/index.php\/2020\/03\/09\/tren-maya-si-saldra-de-cancun-hacia-merida\/#primaryimage\"},\"thumbnailUrl\":\"https:\/\/nitu.mx\/wp-content\/uploads\/2018\/11\/tren_maya-1-1.jpg\",\"keywords\":[\"Canc\u00fan\",\"CCERM\",\"Fonatur\",\"Mara Lezama\",\"Ra\u00fal Berm\u00fadez\",\"Tren Maya\"],\"articleSection\":[\"Caribe Mexicano\",\"M\u00e9xico\"],\"inLanguage\":\"es-MX\",\"potentialAction\":[{\"@type\":\"CommentAction\",\"name\":\"Comment\",\"target\":[\"https:\/\/nitu.mx\/index.php\/2020\/03\/09\/tren-maya-si-saldra-de-cancun-hacia-merida\/#respond\"]}]},{\"@type\":\"WebPage\",\"@id\":\"https:\/\/nitu.mx\/index.php\/2020\/03\/09\/tren-maya-si-saldra-de-cancun-hacia-merida\/\",\"url\":\"https:\/\/nitu.mx\/index.php\/2020\/03\/09\/tren-maya-si-saldra-de-cancun-hacia-merida\/\",\"name\":\"Tren Maya s\u00ed saldr\u00e1 de Canc\u00fan hacia M\u00e9rida - Nitu - Noticias de la Industria Turistica\",\"isPartOf\":{\"@id\":\"https:\/\/nitu.mx\/#website\"},\"primaryImageOfPage\":{\"@id\":\"https:\/\/nitu.mx\/index.php\/2020\/03\/09\/tren-maya-si-saldra-de-cancun-hacia-merida\/#primaryimage\"},\"image\":{\"@id\":\"https:\/\/nitu.mx\/index.php\/2020\/03\/09\/tren-maya-si-saldra-de-cancun-hacia-merida\/#primaryimage\"},\"thumbnailUrl\":\"https:\/\/nitu.mx\/wp-content\/uploads\/2018\/11\/tren_maya-1-1.jpg\",\"datePublished\":\"2020-03-09T05:05:08+00:00\",\"dateModified\":\"2020-03-26T05:38:40+00:00\",\"breadcrumb\":{\"@id\":\"https:\/\/nitu.mx\/index.php\/2020\/03\/09\/tren-maya-si-saldra-de-cancun-hacia-merida\/#breadcrumb\"},\"inLanguage\":\"es-MX\",\"potentialAction\":[{\"@type\":\"ReadAction\",\"target\":[\"https:\/\/nitu.mx\/index.php\/2020\/03\/09\/tren-maya-si-saldra-de-cancun-hacia-merida\/\"]}]},{\"@type\":\"ImageObject\",\"inLanguage\":\"es-MX\",\"@id\":\"https:\/\/nitu.mx\/index.php\/2020\/03\/09\/tren-maya-si-saldra-de-cancun-hacia-merida\/#primaryimage\",\"url\":\"https:\/\/nitu.mx\/wp-content\/uploads\/2018\/11\/tren_maya-1-1.jpg\",\"contentUrl\":\"https:\/\/nitu.mx\/wp-content\/uploads\/2018\/11\/tren_maya-1-1.jpg\",\"width\":850,\"height\":480,\"caption\":\"tren maya\"},{\"@type\":\"BreadcrumbList\",\"@id\":\"https:\/\/nitu.mx\/index.php\/2020\/03\/09\/tren-maya-si-saldra-de-cancun-hacia-merida\/#breadcrumb\",\"itemListElement\":[{\"@type\":\"ListItem\",\"position\":1,\"name\":\"Inicio\",\"item\":\"https:\/\/nitu.mx\/\"},{\"@type\":\"ListItem\",\"position\":2,\"name\":\"Tren Maya s\u00ed saldr\u00e1 de Canc\u00fan hacia M\u00e9rida\"}]},{\"@type\":\"WebSite\",\"@id\":\"https:\/\/nitu.mx\/#website\",\"url\":\"https:\/\/nitu.mx\/\",\"name\":\"Nitu - Noticias de la Industria Turistica\",\"description\":\"Noticias de la Industria Turistica\",\"publisher\":{\"@id\":\"https:\/\/nitu.mx\/#\/schema\/person\/ae7a53426417292d3dd07b45a33e01bc\"},\"alternateName\":\"Noticias de la Industria Turistica\",\"potentialAction\":[{\"@type\":\"SearchAction\",\"target\":{\"@type\":\"EntryPoint\",\"urlTemplate\":\"https:\/\/nitu.mx\/?s={search_term_string}\"},\"query-input\":\"required name=search_term_string\"}],\"inLanguage\":\"es-MX\"},{\"@type\":[\"Person\",\"Organization\"],\"@id\":\"https:\/\/nitu.mx\/#\/schema\/person\/ae7a53426417292d3dd07b45a33e01bc\",\"name\":\"Arturo Medina\",\"image\":{\"@type\":\"ImageObject\",\"inLanguage\":\"es-MX\",\"@id\":\"https:\/\/nitu.mx\/#\/schema\/person\/image\/\",\"url\":\"https:\/\/nitu.mx\/wp-content\/uploads\/2024\/04\/4A315622-1904-4D5C-B022-878CDC840E04-90x90-1.jpeg\",\"contentUrl\":\"https:\/\/nitu.mx\/wp-content\/uploads\/2024\/04\/4A315622-1904-4D5C-B022-878CDC840E04-90x90-1.jpeg\",\"width\":90,\"height\":90,\"caption\":\"Arturo Medina\"},\"logo\":{\"@id\":\"https:\/\/nitu.mx\/#\/schema\/person\/image\/\"},\"description\":\"Director NITU.mx, Egresado de la Escuela de Periodismo Carlos Septi\u00e9n Garc\u00eda. Periodista y analista especializado en turismo desde hace 35 a\u00f1os, radicado en Canc\u00fan Q.Roo. arturo@nitu.mx\",\"sameAs\":[\"https:\/\/nitu.mx\",\"https:\/\/www.facebook.com\/NITUmx\/\",\"medinacancun\",\"https:\/\/twitter.com\/@Arturo_Medina_G\"]},{\"@type\":\"Person\",\"@id\":\"https:\/\/nitu.mx\/#\/schema\/person\/4a28fe9bd65924f7c90623773daf1b0b\",\"name\":\"Redacci\u00f3n\",\"image\":{\"@type\":\"ImageObject\",\"inLanguage\":\"es-MX\",\"@id\":\"https:\/\/nitu.mx\/#\/schema\/person\/image\/\",\"url\":\"https:\/\/secure.gravatar.com\/avatar\/5dd011c8ccfc5cd7e4c81e42252aab38?s=96&d=mm&r=g\",\"contentUrl\":\"https:\/\/secure.gravatar.com\/avatar\/5dd011c8ccfc5cd7e4c81e42252aab38?s=96&d=mm&r=g\",\"caption\":\"Redacci\u00f3n\"},\"url\":\"https:\/\/nitu.mx\/index.php\/author\/redaccion\/\"}]}<\/script>\n<!-- \/ Yoast SEO plugin. -->","yoast_head_json":{"title":"Tren Maya s\u00ed saldr\u00e1 de Canc\u00fan hacia M\u00e9rida - Nitu - Noticias de la Industria Turistica","robots":{"index":"index","follow":"follow","max-snippet":"max-snippet:-1","max-image-preview":"max-image-preview:large","max-video-preview":"max-video-preview:-1"},"canonical":"https:\/\/nitu.mx\/index.php\/2020\/03\/09\/tren-maya-si-saldra-de-cancun-hacia-merida\/","twitter_card":"summary_large_image","twitter_title":"Tren Maya s\u00ed saldr\u00e1 de Canc\u00fan hacia M\u00e9rida - Nitu - Noticias de la Industria Turistica","twitter_description":"Luego de varias negociaciones el Tren Maya si saldr\u00e1 de Canc\u00fan hacia M\u00e9rida, esta importante noticia se confirm\u00f3 luego de reuniones sostenidas con representantes del Fomento Nacional de Turismo (Fonatur) inform\u00f3 la Presidente Municipal, Mara Lezama esta ma\u00f1ana luego de la inauguraci\u00f3n de un evento deportivo. La edil celebr\u00f3 que se ha confirmado las fechas [&hellip;]","twitter_image":"https:\/\/nitu.mx\/wp-content\/uploads\/2018\/11\/tren_maya-1-1.jpg","twitter_creator":"@NITUmx","twitter_site":"@Arturo_Medina_G","twitter_misc":{"Escrito por":"Redacci\u00f3n","Tiempo de lectura":"1 minuto"},"schema":{"@context":"https:\/\/schema.org","@graph":[{"@type":"Article","@id":"https:\/\/nitu.mx\/index.php\/2020\/03\/09\/tren-maya-si-saldra-de-cancun-hacia-merida\/#article","isPartOf":{"@id":"https:\/\/nitu.mx\/index.php\/2020\/03\/09\/tren-maya-si-saldra-de-cancun-hacia-merida\/"},"author":{"name":"Redacci\u00f3n","@id":"https:\/\/nitu.mx\/#\/schema\/person\/4a28fe9bd65924f7c90623773daf1b0b"},"headline":"Tren Maya s\u00ed saldr\u00e1 de Canc\u00fan hacia M\u00e9rida","datePublished":"2020-03-09T05:05:08+00:00","dateModified":"2020-03-26T05:38:40+00:00","mainEntityOfPage":{"@id":"https:\/\/nitu.mx\/index.php\/2020\/03\/09\/tren-maya-si-saldra-de-cancun-hacia-merida\/"},"wordCount":242,"commentCount":0,"publisher":{"@id":"https:\/\/nitu.mx\/#\/schema\/person\/ae7a53426417292d3dd07b45a33e01bc"},"image":{"@id":"https:\/\/nitu.mx\/index.php\/2020\/03\/09\/tren-maya-si-saldra-de-cancun-hacia-merida\/#primaryimage"},"thumbnailUrl":"https:\/\/nitu.mx\/wp-content\/uploads\/2018\/11\/tren_maya-1-1.jpg","keywords":["Canc\u00fan","CCERM","Fonatur","Mara Lezama","Ra\u00fal Berm\u00fadez","Tren Maya"],"articleSection":["Caribe Mexicano","M\u00e9xico"],"inLanguage":"es-MX","potentialAction":[{"@type":"CommentAction","name":"Comment","target":["https:\/\/nitu.mx\/index.php\/2020\/03\/09\/tren-maya-si-saldra-de-cancun-hacia-merida\/#respond"]}]},{"@type":"WebPage","@id":"https:\/\/nitu.mx\/index.php\/2020\/03\/09\/tren-maya-si-saldra-de-cancun-hacia-merida\/","url":"https:\/\/nitu.mx\/index.php\/2020\/03\/09\/tren-maya-si-saldra-de-cancun-hacia-merida\/","name":"Tren Maya s\u00ed saldr\u00e1 de Canc\u00fan hacia M\u00e9rida - Nitu - Noticias de la Industria Turistica","isPartOf":{"@id":"https:\/\/nitu.mx\/#website"},"primaryImageOfPage":{"@id":"https:\/\/nitu.mx\/index.php\/2020\/03\/09\/tren-maya-si-saldra-de-cancun-hacia-merida\/#primaryimage"},"image":{"@id":"https:\/\/nitu.mx\/index.php\/2020\/03\/09\/tren-maya-si-saldra-de-cancun-hacia-merida\/#primaryimage"},"thumbnailUrl":"https:\/\/nitu.mx\/wp-content\/uploads\/2018\/11\/tren_maya-1-1.jpg","datePublished":"2020-03-09T05:05:08+00:00","dateModified":"2020-03-26T05:38:40+00:00","breadcrumb":{"@id":"https:\/\/nitu.mx\/index.php\/2020\/03\/09\/tren-maya-si-saldra-de-cancun-hacia-merida\/#breadcrumb"},"inLanguage":"es-MX","potentialAction":[{"@type":"ReadAction","target":["https:\/\/nitu.mx\/index.php\/2020\/03\/09\/tren-maya-si-saldra-de-cancun-hacia-merida\/"]}]},{"@type":"ImageObject","inLanguage":"es-MX","@id":"https:\/\/nitu.mx\/index.php\/2020\/03\/09\/tren-maya-si-saldra-de-cancun-hacia-merida\/#primaryimage","url":"https:\/\/nitu.mx\/wp-content\/uploads\/2018\/11\/tren_maya-1-1.jpg","contentUrl":"https:\/\/nitu.mx\/wp-content\/uploads\/2018\/11\/tren_maya-1-1.jpg","width":850,"height":480,"caption":"tren maya"},{"@type":"BreadcrumbList","@id":"https:\/\/nitu.mx\/index.php\/2020\/03\/09\/tren-maya-si-saldra-de-cancun-hacia-merida\/#breadcrumb","itemListElement":[{"@type":"ListItem","position":1,"name":"Inicio","item":"https:\/\/nitu.mx\/"},{"@type":"ListItem","position":2,"name":"Tren Maya s\u00ed saldr\u00e1 de Canc\u00fan hacia M\u00e9rida"}]},{"@type":"WebSite","@id":"https:\/\/nitu.mx\/#website","url":"https:\/\/nitu.mx\/","name":"Nitu - Noticias de la Industria Turistica","description":"Noticias de la Industria Turistica","publisher":{"@id":"https:\/\/nitu.mx\/#\/schema\/person\/ae7a53426417292d3dd07b45a33e01bc"},"alternateName":"Noticias de la Industria Turistica","potentialAction":[{"@type":"SearchAction","target":{"@type":"EntryPoint","urlTemplate":"https:\/\/nitu.mx\/?s={search_term_string}"},"query-input":"required name=search_term_string"}],"inLanguage":"es-MX"},{"@type":["Person","Organization"],"@id":"https:\/\/nitu.mx\/#\/schema\/person\/ae7a53426417292d3dd07b45a33e01bc","name":"Arturo Medina","image":{"@type":"ImageObject","inLanguage":"es-MX","@id":"https:\/\/nitu.mx\/#\/schema\/person\/image\/","url":"https:\/\/nitu.mx\/wp-content\/uploads\/2024\/04\/4A315622-1904-4D5C-B022-878CDC840E04-90x90-1.jpeg","contentUrl":"https:\/\/nitu.mx\/wp-content\/uploads\/2024\/04\/4A315622-1904-4D5C-B022-878CDC840E04-90x90-1.jpeg","width":90,"height":90,"caption":"Arturo Medina"},"logo":{"@id":"https:\/\/nitu.mx\/#\/schema\/person\/image\/"},"description":"Director NITU.mx, Egresado de la Escuela de Periodismo Carlos Septi\u00e9n Garc\u00eda. Periodista y analista especializado en turismo desde hace 35 a\u00f1os, radicado en Canc\u00fan Q.Roo. arturo@nitu.mx","sameAs":["https:\/\/nitu.mx","https:\/\/www.facebook.com\/NITUmx\/","medinacancun","https:\/\/twitter.com\/@Arturo_Medina_G"]},{"@type":"Person","@id":"https:\/\/nitu.mx\/#\/schema\/person\/4a28fe9bd65924f7c90623773daf1b0b","name":"Redacci\u00f3n","image":{"@type":"ImageObject","inLanguage":"es-MX","@id":"https:\/\/nitu.mx\/#\/schema\/person\/image\/","url":"https:\/\/secure.gravatar.com\/avatar\/5dd011c8ccfc5cd7e4c81e42252aab38?s=96&d=mm&r=g","contentUrl":"https:\/\/secure.gravatar.com\/avatar\/5dd011c8ccfc5cd7e4c81e42252aab38?s=96&d=mm&r=g","caption":"Redacci\u00f3n"},"url":"https:\/\/nitu.mx\/index.php\/author\/redaccion\/"}]}},"views":531,"_links":{"self":[{"href":"https:\/\/nitu.mx\/index.php\/wp-json\/wp\/v2\/posts\/40705"}],"collection":[{"href":"https:\/\/nitu.mx\/index.php\/wp-json\/wp\/v2\/posts"}],"about":[{"href":"https:\/\/nitu.mx\/index.php\/wp-json\/wp\/v2\/types\/post"}],"author":[{"embeddable":true,"href":"https:\/\/nitu.mx\/index.php\/wp-json\/wp\/v2\/users\/17"}],"replies":[{"embeddable":true,"href":"https:\/\/nitu.mx\/index.php\/wp-json\/wp\/v2\/comments?post=40705"}],"version-history":[{"count":3,"href":"https:\/\/nitu.mx\/index.php\/wp-json\/wp\/v2\/posts\/40705\/revisions"}],"predecessor-version":[{"id":41373,"href":"https:\/\/nitu.mx\/index.php\/wp-json\/wp\/v2\/posts\/40705\/revisions\/41373"}],"wp:featuredmedia":[{"embeddable":true,"href":"https:\/\/nitu.mx\/index.php\/wp-json\/wp\/v2\/media\/26641"}],"wp:attachment":[{"href":"https:\/\/nitu.mx\/index.php\/wp-json\/wp\/v2\/media?parent=40705"}],"wp:term":[{"taxonomy":"category","embeddable":true,"href":"https:\/\/nitu.mx\/index.php\/wp-json\/wp\/v2\/categories?post=40705"},{"taxonomy":"post_tag","embeddable":true,"href":"https:\/\/nitu.mx\/index.php\/wp-json\/wp\/v2\/tags?post=40705"}],"curies":[{"name":"wp","href":"https:\/\/api.w.org\/{rel}","templated":true}]}}